{"id":8386,"date":"2023-10-09T22:10:38","date_gmt":"2023-10-10T01:10:38","guid":{"rendered":"https:\/\/www.reportedeprensa.utalca.cl\/?p=8386"},"modified":"2023-10-09T22:14:51","modified_gmt":"2023-10-10T01:14:51","slug":"06-de-octubre-de-2023","status":"publish","type":"post","link":"https:\/\/www.reportedeprensa.utalca.cl\/?p=8386","title":{"rendered":"06 de octubre de 2023"},"content":{"rendered":"\t\t<div data-elementor-type=\"wp-post\" data-elementor-id=\"8386\" class=\"elementor elementor-8386\" data-elementor-settings=\"[]\">\n\t\t\t\t\t\t\t<div class=\"elementor-section-wrap\">\n\t\t\t\t\t\t\t<section class=\"elementor-section elementor-top-section elementor-element elementor-element-bcea1a8 elementor-section-boxed elementor-section-height-default elementor-section-height-default\" data-id=\"bcea1a8\" data-element_type=\"section\">\n\t\t\t\t\t\t<div class=\"elementor-container elementor-column-gap-default\">\n\t\t\t\t\t<div class=\"elementor-column elementor-col-100 elementor-top-column elementor-element elementor-element-e7183bf\" data-id=\"e7183bf\" data-element_type=\"column\">\n\t\t\t<div class=\"elementor-widget-wrap elementor-element-populated\">\n\t\t\t\t\t\t\t\t<div class=\"elementor-element elementor-element-5ffbb87 elementor-widget elementor-widget-text-editor\" data-id=\"5ffbb87\" data-element_type=\"widget\" data-widget_type=\"text-editor.default\">\n\t\t\t\t<div class=\"elementor-widget-container\">\n\t\t\t\t\t\t\t\t<p><strong>ELTIP\u00d3GRAFO.CL<\/strong><\/p><p><a href=\"https:\/\/eltipografo.cl\/2023\/10\/frutillas-chilenas-estudio-busca-mejorar-la-calidad-de-las-variedades-comerciales\">Frutillas chilenas: Estudio busca mejorar la calidad de las variedades comerciales. Se refiere Alejandra Moya Le\u00f3n, acad\u00e9mica del Instituto de Ciencias Biol\u00f3gicas.<\/a><\/p><p>\u00a0<\/p><p><strong>MEDIABANCO<\/strong><\/p><p><a href=\"https:\/\/www.mediabanco.com\/estudio-busca-mejorar-la-calidad-de-la-frutilla-comercial-en-chile\/\">Estudio busca mejorar la calidad de la frutilla comercial en Chile. Se refiere Alejandra Moya Le\u00f3n, acad\u00e9mica del Instituto de Ciencias Biol\u00f3gicas; Carlos Figueroa director del programa de doctorado en Ciencias con Menci\u00f3n en Biolog\u00eda Vegetal y Biotecnolog\u00eda; y Roberto Jara, director de Investigaci\u00f3n.<\/a><\/p><p>\u00a0<\/p><p><strong>ADPRENSA<\/strong><\/p><p><a href=\"https:\/\/www.adprensa.cl\/cronica\/estudio-busca-mejorar-la-calidad-de-la-frutilla-comercial-en-chile\/\">Estudio busca mejorar la calidad de la frutilla comercial en Chile. Se refiere Alejandra Moya Le\u00f3n, acad\u00e9mica del Instituto de Ciencias Biol\u00f3gicas; Carlos Figueroa director del programa de doctorado en Ciencias con Menci\u00f3n en Biolog\u00eda Vegetal y Biotecnolog\u00eda; y Roberto Jara, director de Investigaci\u00f3n.<\/a><\/p><p>\u00a0<\/p><p><strong>LA PRENSA DE CURIC\u00d3<\/strong><\/p><p><a href=\"https:\/\/www.litoralpress.cl\/paginaconsultas\/Servicios_NClipSitio\/Get_Imagen_Nota.aspx?LPKey=6D66QFLKNX4XXU5QRTNQVPNWKGDCOTZKSC2XTO2DUBPGWDKSGVXD7C6FJL55VGNR6PZMQVWM4T2UC\">Estudio busca mejorar la calidad de la frutilla. Se refiere Alejandra Moya Le\u00f3n, acad\u00e9mica del Instituto de Ciencias Biol\u00f3gicas.<\/a><\/p><p>\u00a0<\/p><p><strong>DIARIOELCENTRO.CL<\/strong><\/p><p><a href=\"https:\/\/www.diarioelcentro.cl\/2023\/10\/05\/estudio-busca-mejorar-la-calidad-de-la-frutilla-comercialen-chile\/\">Estudio busca mejorar la calidad de la frutilla comercial en Chile. Se refiere Alejandra Moya Le\u00f3n, acad\u00e9mica del Instituto de Ciencias Biol\u00f3gicas; Carlos Figueroa director del programa de doctorado en Ciencias con Menci\u00f3n en Biolog\u00eda Vegetal y Biotecnolog\u00eda; y Roberto Jara, director de Investigaci\u00f3n.<\/a><\/p><p>\u00a0<\/p><p><strong>CAUQUENESNET.CL<\/strong><\/p><p><a href=\"https:\/\/cauquenesnet.cl\/2023\/10\/04\/estudio-busca-mejorar-la-calidad-de-la-frutilla-comercial-en-chile\/\">Estudio busca mejorar la calidad de la frutilla comercial en Chile. Se refiere Alejandra Moya Le\u00f3n, acad\u00e9mica del Instituto de Ciencias Biol\u00f3gicas; Carlos Figueroa director del programa de doctorado en Ciencias con Menci\u00f3n en Biolog\u00eda Vegetal y Biotecnolog\u00eda; y Roberto Jara, director de Investigaci\u00f3n.<\/a><\/p><p>\u00a0<\/p><p><strong>LATERCERA.COM<\/strong><\/p><p><a href=\"https:\/\/www.latercera.com\/que-pasa\/noticia\/hipertermia-sequia-e-incendios-asi-se-prepara-chile-para-un-verano-con-temperaturas-sobre-los-43c\/NLL6K7GDDVH7TNU74E4GVMA2EQ\/\">Hipertermia, sequ\u00eda e incendios: as\u00ed se prepara Chile para un verano con temperaturas sobre los 43\u00b0C. Se menciona a Patricio Gonz\u00e1lez Colville, acad\u00e9mico del\u00a0Centro de Investigaci\u00f3n y Transferencia en Riego y Agroclimatolog\u00eda\u00a0(CITRA).<\/a><\/p><p>\u00a0<\/p><p><strong>DIARIOELCENTRO.CL<\/strong><\/p><p><a href=\"https:\/\/www.diarioelcentro.cl\/2023\/10\/05\/talca-fiesta-de-las-ciencias-se-tomara-la-alameda\/\">Talca: fiesta de las ciencias se tomar\u00e1 la alameda. Se menciona a la Universidad de Talca.<\/a><\/p><p>\u00a0<\/p><p><strong>ELMAULEINFORMA.CL<\/strong><\/p><p><a href=\"https:\/\/elmauleinforma.cl\/gran-fiesta-de-las-ciencias-este-fin-de-semana-en-la-alameda-de-talca\/\">Gran Fiesta de las Ciencias este fin de semana en la Alameda de Talca. Se refiere Karin Saavedra Redlich, directora general de Vinculaci\u00f3n con el Medio.<\/a><\/p><p>\u00a0<\/p><p><strong>ADPRENSA<\/strong><\/p><p><a href=\"https:\/\/www.adprensa.cl\/actividades-academicas\/alzas-de-desempleo-reflejan-el-momento-economico-que-atraviesa-el-pais\/\">Alzas de desempleo reflejan el momento econ\u00f3mico que atraviesa el pa\u00eds. Se refiere Rodrigo Saens, acad\u00e9mico de la Facultad de Econom\u00eda y Negocios.<\/a><\/p><p>\u00a0<\/p><p><strong>RADIO AMIGA<\/strong><\/p><p><a href=\"https:\/\/www.litoralpress.cl\/sitio\/RadioTV_Detalles.cshtml?LPKey=COIF4P2IEAGMP4PXVAQMCNA55SS32NMBSMVMP3OKPOI7XAFTPMKBCVTZOCZZNY4JPG24LCGU6JSYG\">Tasa de desocupaci\u00f3n alcanz\u00f3 el 9,4 por ciento. Se refiere Rodrigo Saens, acad\u00e9mico de la Facultad de Econom\u00eda y Negocios.<\/a><\/p><p>\u00a0<\/p><p><strong>RADIO AMIGA<\/strong><\/p><p><a href=\"https:\/\/www.litoralpress.cl\/sitio\/RadioTV_Detalles.cshtml?LPKey=3JDAU3JDLXLUY5GKC4RQTTGUQBL7ZXQDZOZU2PO2W4W5YRAGNLMX2HVGJEPYJIBVRJL6SAIQRGWT2\">El funcionamiento del sistema inmunitario puede verse afectada por la carencia de vitaminas y minerales entre los afectados por las rinitis. Se refiere Jos\u00e9 Gregorio Ledezma, acad\u00e9mico de la Escuela de Medicina.<\/a><\/p><p>\u00a0<\/p><p><strong>DIARIO CONCEPCI\u00d3N<\/strong><\/p><p><a href=\"https:\/\/www.litoralpress.cl\/sitio\/Prensa_Detalles.cshtml?LPKey=MFTFJQLGVP4TPUAR4KPOMXSEAPN2KEFFQQY23VHFTEHD2I526QDA\">P\u00e9rdida y desperdicio de alimentos, un desaf\u00edo humanitario y ambiental. Se menciona a la Universidad de Talca.<\/a><\/p><p>\u00a0<\/p><p><strong>LA SEGUNDA<\/strong><\/p><p><a href=\"https:\/\/www.litoralpress.cl\/paginaconsultas\/Servicios_NClipSitio\/Get_Imagen_Nota.aspx?LPKey=3C2B3ASIAWG5MRPRQ73KAVTPR5NUGZ3QHG24VF5NHBWTEBTQYYXZKOBWXQED6DIZQSL4DOGCALUSU\">&#8220;Verg\u00fcenza&#8221;, &#8220;humillaci\u00f3n&#8221;, &#8220;bochorno diplom\u00e1tico&#8221;. Se refiere Mauricio Morales, director del Centro de An\u00e1lisis Politico (CAP).<\/a><\/p><p>\u00a0<\/p><p><strong>RADIO INFINITA<\/strong><\/p><p><a href=\"https:\/\/www.litoralpress.cl\/sitio\/RadioTV_Detalles.cshtml?LPKey=C573DT2JUGWEFULPONX7SYFGETF7CP3CAKISTLOZ2E3WZ5MBAYKWXAXFN6SNAYZSA6TW2YCVRRAA6\">An\u00e1lisis politico de Mauricio Morales, director del Centro de An\u00e1lisis Politico (CAP).<\/a><\/p>\t\t\t\t\t\t<\/div>\n\t\t\t\t<\/div>\n\t\t\t\t\t<\/div>\n\t\t<\/div>\n\t\t\t\t\t\t\t<\/div>\n\t\t<\/section>\n\t\t\t\t\t\t<\/div>\n\t\t\t\t\t<\/div>\n\t\t","protected":false},"excerpt":{"rendered":"<p>ELTIP\u00d3GRAFO.CL Frutillas chilenas: Estudio busca mejorar la calidad de las variedades comerciales. Se refiere Alejandra Moya Le\u00f3n, acad\u00e9mica del Instituto de Ciencias Biol\u00f3gicas. \u00a0 MEDIABANCO Estudio busca mejorar la calidad de la frutilla comercial en Chile. Se refiere Alejandra Moya Le\u00f3n, acad\u00e9mica del Instituto de Ciencias Biol\u00f3gicas; Carlos Figueroa director del programa de doctorado en &hellip;<\/p>\n<p class=\"read-more\"> <a class=\"\" href=\"https:\/\/www.reportedeprensa.utalca.cl\/?p=8386\"> <span class=\"screen-reader-text\">06 de octubre de 2023<\/span> Read More &raquo;<\/a><\/p>\n","protected":false},"author":1,"featured_media":0,"comment_status":"closed","ping_status":"open","sticky":false,"template":"","format":"standard","meta":{"_monsterinsights_skip_tracking":false,"_monsterinsights_sitenote_active":false,"_monsterinsights_sitenote_note":"","_monsterinsights_sitenote_category":0},"categories":[41],"tags":[],"_links":{"self":[{"href":"https:\/\/www.reportedeprensa.utalca.cl\/index.php?rest_route=\/wp\/v2\/posts\/8386"}],"collection":[{"href":"https:\/\/www.reportedeprensa.utalca.cl\/index.php?rest_route=\/wp\/v2\/posts"}],"about":[{"href":"https:\/\/www.reportedeprensa.utalca.cl\/index.php?rest_route=\/wp\/v2\/types\/post"}],"author":[{"embeddable":true,"href":"https:\/\/www.reportedeprensa.utalca.cl\/index.php?rest_route=\/wp\/v2\/users\/1"}],"replies":[{"embeddable":true,"href":"https:\/\/www.reportedeprensa.utalca.cl\/index.php?rest_route=%2Fwp%2Fv2%2Fcomments&post=8386"}],"version-history":[{"count":4,"href":"https:\/\/www.reportedeprensa.utalca.cl\/index.php?rest_route=\/wp\/v2\/posts\/8386\/revisions"}],"predecessor-version":[{"id":8390,"href":"https:\/\/www.reportedeprensa.utalca.cl\/index.php?rest_route=\/wp\/v2\/posts\/8386\/revisions\/8390"}],"wp:attachment":[{"href":"https:\/\/www.reportedeprensa.utalca.cl\/index.php?rest_route=%2Fwp%2Fv2%2Fmedia&parent=8386"}],"wp:term":[{"taxonomy":"category","embeddable":true,"href":"https:\/\/www.reportedeprensa.utalca.cl\/index.php?rest_route=%2Fwp%2Fv2%2Fcategories&post=8386"},{"taxonomy":"post_tag","embeddable":true,"href":"https:\/\/www.reportedeprensa.utalca.cl\/index.php?rest_route=%2Fwp%2Fv2%2Ftags&post=8386"}],"curies":[{"name":"wp","href":"https:\/\/api.w.org\/{rel}","templated":true}]}}