{"id":8397,"date":"2023-10-10T11:39:59","date_gmt":"2023-10-10T14:39:59","guid":{"rendered":"https:\/\/www.reportedeprensa.utalca.cl\/?p=8397"},"modified":"2023-10-11T13:02:25","modified_gmt":"2023-10-11T16:02:25","slug":"07-de-octubre-de-2023","status":"publish","type":"post","link":"https:\/\/www.reportedeprensa.utalca.cl\/?p=8397","title":{"rendered":"10 de octubre de 2023"},"content":{"rendered":"\t\t<div data-elementor-type=\"wp-post\" data-elementor-id=\"8397\" class=\"elementor elementor-8397\" data-elementor-settings=\"[]\">\n\t\t\t\t\t\t\t<div class=\"elementor-section-wrap\">\n\t\t\t\t\t\t\t<section class=\"elementor-section elementor-top-section elementor-element elementor-element-bcea1a8 elementor-section-boxed elementor-section-height-default elementor-section-height-default\" data-id=\"bcea1a8\" data-element_type=\"section\">\n\t\t\t\t\t\t<div class=\"elementor-container elementor-column-gap-default\">\n\t\t\t\t\t<div class=\"elementor-column elementor-col-100 elementor-top-column elementor-element elementor-element-e7183bf\" data-id=\"e7183bf\" data-element_type=\"column\">\n\t\t\t<div class=\"elementor-widget-wrap elementor-element-populated\">\n\t\t\t\t\t\t\t\t<div class=\"elementor-element elementor-element-5ffbb87 elementor-widget elementor-widget-text-editor\" data-id=\"5ffbb87\" data-element_type=\"widget\" data-widget_type=\"text-editor.default\">\n\t\t\t\t<div class=\"elementor-widget-container\">\n\t\t\t\t\t\t\t\t<p><strong>ADPRENSA<\/strong><\/p><p><a href=\"https:\/\/www.adprensa.cl\/cronica\/universidad-de-talca-suma-19-admisiones-especiales-para-estudiantes-interesados\/\">Universidad de Talca suma 19 admisiones especiales para estudiantes interesados. Se refieren Tania Mascar\u00f3 Espinoza, coordinadora de la Unidad de Admisi\u00f3n y Acceso; Cristian Santos Santana director del programa de Vida Saludable; y el responsable del \u00e1rea de Admisi\u00f3n, Carlos Contreras Gajardo.<\/a><\/p><p>\u00a0<\/p><p><strong>MEDIABANCO<\/strong><\/p><p><a href=\"https:\/\/www.mediabanco.com\/universidad-de-talca-suma-19-admisiones-especialespara-estudiantes-interesados\/\">Universidad de Talca suma 19 admisiones especiales para estudiantes interesados. Se refieren Tania Mascar\u00f3 Espinoza, coordinadora de la Unidad de Admisi\u00f3n y Acceso; Cristian Santos Santana director del programa de Vida Saludable; y el responsable del \u00e1rea de Admisi\u00f3n, Carlos Contreras Gajardo.<\/a><\/p><p>\u00a0<\/p><p><strong>PUBLIMETRO<\/strong><\/p><p><a href=\"https:\/\/publimicro.cl\/universidad-de-talca-ofrece-19-admisiones-especiales-para-2024-una-de-ellas-esta-destinada-a-los-talentos-deportivos\/\">Universidad de Talca ofrece 19 admisiones especiales para 2024. Una de ellas, est\u00e1 destinada a los \u201ctalentos deportivos\u201d. Se menciona a la Universidad de Talca.<\/a><\/p><p>\u00a0<\/p><p><strong>MEDIABANCO<\/strong><\/p><p><a href=\"https:\/\/www.mediabanco.com\/academico-de-la-utalca-es-reconocido-por-sus-aportes-contra-el-covid-19\/\">Acad\u00e9mico de la UTalca es reconocido por sus aportes contra el COVID \u2013 19. Se refiere Marcelo Alarc\u00f3n, acad\u00e9mico de la Facultad de Ciencias de la Salud. <\/a><\/p><p>\u00a0<\/p><p><strong>ELDIARIODEMAULE.CL<\/strong><\/p><p><a href=\"https:\/\/eldiariodemaule.cl\/academico-de-la-utalca-es-reconocido-por-sus-aportes-contra-el-covid-19\/\">Acad\u00e9mico de la UTalca es reconocido por sus aportes contra el COVID \u2013 19. Se refiere Marcelo Alarc\u00f3n, acad\u00e9mico de la Facultad de Ciencias de la Salud.<\/a><\/p><p>\u00a0<\/p><p><strong>LA TERCERA<\/strong><\/p><p><a href=\"https:\/\/www.litoralpress.cl\/paginaconsultas\/Servicios_NClipSitio\/Get_Imagen_Nota.aspx?LPKey=JOO3WHQW2QXMLYMIU46QPNKXWY33F2SOCRGVVHDTOIFB7KUU45GINTSVKW7UAGGYASY7S2BIHJ6PO\">Hiperterm\u00eda, sequ\u00eda e incendios: se acerca un verano con temperaturas sobre los 43\u00baC. Se refiere Patricio Gonz\u00e1lez Colville, investigador del Centro de Investigaci\u00f3n en Transferencia en Riego y Agroclimatolog\u00eda (CITRA). <\/a><\/p><p><strong>\u00a0<\/strong><\/p><p><strong>ELTIPOGRAFO.CL<\/strong><\/p><p><a href=\"https:\/\/eltipografo.cl\/2023\/10\/frutillas-chilenas-estudio-busca-mejorar-la-calidad-de-las-variedades-comerciales\">Frutillas chilenas: Estudio busca mejorar la calidad de las variedades comerciales. Se refiere Alejandra Moya Le\u00f3n, acad\u00e9mica del Instituto de Ciencias Biol\u00f3gicas.<\/a><\/p><p><strong>\u00a0<\/strong><\/p><p><strong>PORTALAGROCHILE.CL<\/strong><\/p><p><a href=\"https:\/\/www.portalagrochile.cl\/2023\/10\/09\/estudio-busca-mejorar-la-calidad-de-la-frutilla-comercial-en-chile\/\"><span style=\"font-style: inherit;\">Estudio busca mejorar la calidad de la frutilla comercial en Chile<\/span>. Se refiere Alejandra Moya Le\u00f3n, acad\u00e9mica del Instituto de Ciencias Biol\u00f3gicas.<\/a><\/p><p>\u00a0<\/p><p><strong>G5NOTICIAS.CL<\/strong><\/p><p><a href=\"https:\/\/g5noticias.cl\/2023\/10\/08\/estudio-busca-mejorar-la-calidad-de-la-frutilla-comercial-en-chile\/\">Estudio busca mejorar la calidad de la frutilla comercial en Chile. Se refiere Alejandra Moya Le\u00f3n, acad\u00e9mica del Instituto de Ciencias Biol\u00f3gicas; Carlos Figueroa, director del Doctorado en Ciencias con Menci\u00f3n en Biolog\u00eda Vegetal y Biotecnolog\u00eda; y Roberto Jara, director de Investigaci\u00f3n.<\/a><\/p><p><strong>\u00a0<\/strong><\/p><p><strong>LA DISCUSI\u00d3N<\/strong><\/p><p><a href=\"https:\/\/www.litoralpress.cl\/paginaconsultas\/Servicios_NClipSitio\/Get_Imagen_Nota.aspx?LPKey=CFD4JVK22YGZGXECW5GN2JATTW5H56HOPYLRLHXVCLRLWEH7QBUD7JVGIB4AABP5EDNMS5WHVUVEE\"><span style=\"font-style: inherit;\">Un 44% de las licitaciones p\u00fablicas en \u00d1uble se han declarado desiertas en 2023. Se refiere Armando Dur\u00e1n, acad\u00e9mico de la Facultad de Ingenier\u00eda. <\/span><\/a><\/p><p>\u00a0<\/p><p><strong>LADISCUSION.CL<\/strong><\/p><p><a href=\"https:\/\/www.ladiscusion.cl\/un-44-de-las-licitaciones-publicas-en-nuble-se-han-declarado-desiertas-en-2023\/\">Un 44% de las licitaciones p\u00fablicas en \u00d1uble se han declarado desiertas en 2023. Se refiere Armando Dur\u00e1n, acad\u00e9mico de la Facultad de Ingenier\u00eda.<\/a><\/p><p>\u00a0<\/p><p><strong>MEDIABANCO<\/strong><\/p><p><a href=\"https:\/\/www.mediabanco.com\/encuentro-abordo-actualizacion-de-la-politica-de-ciencia-tecnologia-conocimiento-e-innovacion\/\">Encuentro abord\u00f3 actualizaci\u00f3n de la pol\u00edtica de Ciencia, Tecnolog\u00eda, Conocimiento e Innovaci\u00f3n. Se refiere Cristian Rojas Barahona, vicerrector Acad\u00e9mico.<\/a><\/p><p>\u00a0<\/p><p><strong>ELHERALDO.CL<\/strong><\/p><p><a href=\"https:\/\/www.diarioelheraldo.cl\/noticia\/encuentro-abordo-actualizacion-de-la-politica-de-ciencia-tecnologia-conocimiento-e-innovacion-\">Encuentro abord\u00f3 actualizaci\u00f3n de la pol\u00edtica de Ciencia, Tecnolog\u00eda, Conocimiento e Innovaci\u00f3n. Se refiere Cristian Rojas Barahona, vicerrector Acad\u00e9mico.<\/a><\/p><p>\u00a0<\/p><p><strong>ADPRENSA<\/strong><\/p><p><a href=\"https:\/\/www.adprensa.cl\/cronica\/analizan-nocivos-efectos-de-los-microplasticos-en-especies-marinas\/\">Analizan nocivos efectos de los micropl\u00e1sticos en especies marinas. Se refiere Mauricio Quiroz, acad\u00e9mico del Instituto de Ciencias Biol\u00f3gicas.<\/a><\/p><p>\u00a0<\/p><p><strong>DIARIOELCENTRO.CL<\/strong><\/p><p><a href=\"https:\/\/www.diarioelcentro.cl\/2023\/10\/07\/analizan-nocivos-efectos-de-los-microplasticos-en-especies-marinas\/\">Analizan nocivos efectos de los micropl\u00e1sticos en especies marinas. Se refiere Mauricio Quiroz, acad\u00e9mico del Instituto de Ciencias Biol\u00f3gicas. <\/a><\/p><p><strong>\u00a0<\/strong><\/p><p><strong>G5NOTICIAS.CL<\/strong><\/p><p><a href=\"https:\/\/g5noticias.cl\/2023\/10\/08\/analizan-nocivos-efectos-de-los-microplasticos-en-especies-marinas\/\">Analizan nocivos efectos de los micropl\u00e1sticos en especies marinas. Se refiere Mauricio Quiroz, acad\u00e9mico del Instituto de Ciencias Biol\u00f3gicas.<\/a><\/p><p><strong>\u00a0<\/strong><\/p><p><strong>EL LECTOR<\/strong><\/p><p><a href=\"https:\/\/www.litoralpress.cl\/paginaconsultas\/Servicios_NClipSitio\/Get_Imagen_Nota.aspx?LPKey=AVCAU72Q7WJVZ62KDRVSHABN4RIGJVNYCF7IPSQLHUJQ233YBRYNTDDS6F4YTX5NIOALRT5S5CFO2\">UTalca ofrecer\u00e1 servicio gratuito para tr\u00e1mites tributarios. Se refiere Guisela Osses, acad\u00e9mica de la Facultad de Econom\u00eda y Negocios<\/a><\/p><p>\u00a0<\/p><p><strong>ELMAULEINFORMA.CL<\/strong><\/p><p><a href=\"https:\/\/elmauleinforma.cl\/utalca-ofrece-servicio-gratuito-para-tramites-tributarios\/\">UTalca ofrecer\u00e1 servicio gratuito para tr\u00e1mites tributarios. Se refiere Guisela Osses, acad\u00e9mica de la Facultad de Econom\u00eda y Negocios. <\/a><\/p><p><strong>\u00a0<\/strong><\/p><p><strong>CAUQUENESNET.CL<\/strong><\/p><p><a href=\"https:\/\/cauquenesnet.cl\/2023\/10\/08\/utalca-ofrecera-servicio-gratuito-para-tramites-tributarios\/\">UTalca ofrecer\u00e1 servicio gratuito para tr\u00e1mites tributarios. Se refiere Guisela Osses, acad\u00e9mica de la Facultad de Econom\u00eda y Negocios<\/a><\/p><p><strong>\u00a0<\/strong><\/p><p><strong>CANAL TV5 LINARES<\/strong><\/p><p><a href=\"https:\/\/www.litoralpress.cl\/sitio\/RadioTV_Detalles.cshtml?LPKey=XRTRSJ65IP77KJURIN54E5EXIQWDVFUGPSBEOTXGWO7CPELPK5DEWHDQ6JSDTRBX5HANZMQPU6TAA\">INE muestra incremento de la ocupaci\u00f3n informal. Se refiere Rodrigo Saens, acad\u00e9mico de la Facultad de Econom\u00eda y Negocios.<\/a><\/p><p>\u00a0<\/p><p><strong>LA PRENSA DE CURIC\u00d3<\/strong><\/p><p><a href=\"https:\/\/www.litoralpress.cl\/paginaconsultas\/Servicios_NClipSitio\/Get_Imagen_Nota.aspx?LPKey=TH7JQ32EPNJ7UIRIMAA3CPBEGIGIQ5TEQ2YTKRPZFP5O3EAY7Z6222T7U7ILZQNCFGTAF64AQ7NGY\">Relacionan alzas en el desempleo con el momento econ\u00f3mico. Se refiere Rodrigo Saens, acad\u00e9mico de la Facultad de Econom\u00eda y Negocios. <\/a><\/p><p>\u00a0<\/p><p><strong>CAUQUENESNET.CL<\/strong><\/p><p><a href=\"https:\/\/cauquenesnet.cl\/2023\/10\/06\/alzas-de-desempleo-reflejan-el-momento-economico-que-atraviesa-el-pais\/\">Alzas de desempleo reflejan el momento econ\u00f3mico que atraviesa el\u00a0pa\u00eds. Se refiere C\u00e9sar Retamal, acad\u00e9mico de la Facultad de Ingenier\u00eda y director del Trucklab.<\/a><\/p><p>\u00a0<\/p><p><strong>ESTAPASANDO.CL<\/strong><\/p><p><a href=\"https:\/\/estapasando.cl\/alergico-a-la-primavera-entrevista-con-el-doctor-ledezma\/\">\u00bfAl\u00e9rgico a la primavera? Esta entrevista con el Doctor Ledezma lo orientar\u00e1. Se refiere Jos\u00e9 Gregorio Ledezma, acad\u00e9mico de la Escuela de Medicina.<\/a><\/p><p>\u00a0<\/p><p><strong>DIARIOTALCA.CL<\/strong><\/p><p><a href=\"https:\/\/diariotalca.cl\/le-interesa-la-ciencia-utalca-organizo-gran-fiesta-en-la-alameda-de-talca\/\">\u00bfLe interesa la ciencia? UTalca organiz\u00f3 gran fiesta en la Alameda de Talca. Se refiere Karin Saavedra Redlich, directora general de Vinculaci\u00f3n con el Medio.<\/a><\/p><p>\u00a0<\/p><p><strong>RADIO FUTURA<\/strong><\/p><p><a href=\"https:\/\/www.litoralpress.cl\/sitio\/RadioTV_Detalles.cshtml?LPKey=QOFNCTOVOY2UGSEE2MFS2LVN7ZUCZND6JXVDJFVX5IC5HCJGOOOOAWZ4HFBXLZR2IAEYBBY3UXNKW\">Festival de las Ciencias 2023. Se refiere C\u00e9sar Retamal, acad\u00e9mico de la Facultad de Ingenier\u00eda y director del Trucklab.<\/a><\/p><p>\u00a0<\/p><p><strong>ELMAULEINFORMA.CL<\/strong><\/p><p><a href=\"https:\/\/elmauleinforma.cl\/gran-fiesta-de-las-ciencias-este-fin-de-semana-en-la-alameda-de-talca\/\">Gran fiesta de las ciencias en la Alameda de Talca. Se refiere Karin Saavedra Redlich, directora general de Vinculaci\u00f3n con el Medio.<\/a><\/p><p>\u00a0<\/p><p><strong>EL LECTOR<\/strong><\/p><p><a href=\"https:\/\/www.litoralpress.cl\/paginaconsultas\/Servicios_NClipSitio\/Get_Imagen_Nota.aspx?LPKey=ENCQQBQB7AJMZRM6QJDYZDB6EKOM36HZIH6OCW2UO5I6CYSCISXY73IFYCCRUZ5EOEQUW6NCJT3K2\">Gran fiesta de las ciencias en la Alameda de Talca. Se refiere Karin Saavedra Redlich, directora general de Vinculaci\u00f3n con el Medio.<\/a><\/p><p>\u00a0<\/p><p><strong>DIARIOELCENTRO.CL<\/strong><\/p><p><a href=\"https:\/\/www.diarioelcentro.cl\/2023\/10\/05\/talca-fiesta-de-las-ciencias-se-tomara-la-alameda\/\">Talca: Fiesta de las ciencias se tomar\u00e1 la Alameda. Se menciona a la Universidad de Talca.<\/a><\/p><p>\u00a0<\/p><p><strong>CNN CHILE<\/strong><\/p><p><a href=\"https:\/\/www.litoralpress.cl\/sitio\/RadioTV_Detalles.cshtml?LPKey=SXH2RZMFBSGFC7QRTTT6R7QSZQ3C6VJBDAKCRC2DL6EJMPLTOZBATKA7JHDCV4HBSS2XCKEUKYEA6\"><span style=\"font-style: inherit;\">Comisi\u00f3n experta sigue trabajando en el texto que entreg\u00f3 el consejo constitucional. <\/span>Se refiere Mauricio Morales, director del Centro de An\u00e1lisis Pol\u00edtico (CAP).<\/a><\/p><p>\u00a0<\/p><p><strong>EMOL<\/strong><\/p><p><a href=\"https:\/\/www.emol.com\/noticias\/Nacional\/2023\/10\/06\/1109243\/encuesta-black--white.html\">\u00bfA Favor al alza?: Consejeros constitucionales y expertos electorales analizan los resultados de la encuesta Black&amp;White. Se refiere Mauricio Morales, director del Centro de An\u00e1lisis Pol\u00edtico (CAP).<\/a><\/p><p>\u00a0<\/p><p><strong>BIOBIOCHILE.CL<\/strong><\/p><p><a href=\"https:\/\/www.biobiochile.cl\/especial\/nuevo-proceso-constituyente\/noticias\/2023\/10\/06\/sesgo-o-reconocimiento-de-los-contenidos-la-exposiva-alza-del-a-favor-en-encuesta-blackwhite.shtml\">\u00bfSesgo o reconocimiento de los contenidos? La explosiva alza del &#8220;a favor&#8221; en encuesta Black &amp; White. Se refiere Mauricio Morales, director del Centro de An\u00e1lisis Pol\u00edtico (CAP).<\/a><\/p><p>\u00a0<\/p><p><strong>EMOL<\/strong><\/p><p><a href=\"https:\/\/www.emol.com\/noticias\/Nacional\/2023\/10\/07\/1109208\/republicanos-plebiscito-constitucional.html\">Kast embarcado en el A\u00a0Favor: El complejo desaf\u00edo de los republicanos para &#8220;dar vuelta&#8221; el Plebiscito. Se refiere Mauricio Morales, director del Centro de An\u00e1lisis Pol\u00edtico (CAP).<\/a><\/p><p>\u00a0<\/p><p><strong>EMOL<\/strong><\/p><p><a href=\"https:\/\/www.emol.com\/noticias\/Nacional\/2023\/10\/09\/1109464\/proceso-constitucional-encuestas-analisis.html\">\u00bfCambio de tendencia? El an\u00e1lisis de expertos al incipiente aumento del A Favor en las \u00faltimas encuestas. Se refiere Mario Herrera, acad\u00e9mico e investigador del Centro de An\u00e1lisis Pol\u00edtico (CAP).<\/a><\/p><p>\u00a0<\/p><p><strong>PUBLIMICRO<\/strong><\/p><p><a href=\"https:\/\/publimicro.cl\/descentralizando-la-cultura-se-realiza-con-exito-el-festival-internacional-entrecuerdas-2023-en-la-region-del-maule\/\">Descentralizando la cultura: se realiza con \u00e9xito el Festival Internacional Entrecuerdas 2023 en la Regi\u00f3n del Maule. Se menciona a la Universidad de Talca.<\/a><\/p><p>\u00a0<\/p><p><strong>CANAL TVN RED MAULE<\/strong><\/p><p><a href=\"https:\/\/www.litoralpress.cl\/sitio\/RadioTV_Detalles.cshtml?LPKey=L4LPM7UW2DKAHV2OYL5MFNZVCDM4HIU7JLC6BJH4TZ5LCE5PYOF5IG2U7LKLPIVSPP64EXRVMENYI\">Talleres en galer\u00eda de Arte Nuga. Se menciona a la Universidad de Talca.<\/a><\/p>\t\t\t\t\t\t<\/div>\n\t\t\t\t<\/div>\n\t\t\t\t\t<\/div>\n\t\t<\/div>\n\t\t\t\t\t\t\t<\/div>\n\t\t<\/section>\n\t\t\t\t\t\t<\/div>\n\t\t\t\t\t<\/div>\n\t\t","protected":false},"excerpt":{"rendered":"<p>ADPRENSA Universidad de Talca suma 19 admisiones especiales para estudiantes interesados. Se refieren Tania Mascar\u00f3 Espinoza, coordinadora de la Unidad de Admisi\u00f3n y Acceso; Cristian Santos Santana director del programa de Vida Saludable; y el responsable del \u00e1rea de Admisi\u00f3n, Carlos Contreras Gajardo. \u00a0 MEDIABANCO Universidad de Talca suma 19 admisiones especiales para estudiantes interesados. &hellip;<\/p>\n<p class=\"read-more\"> <a class=\"\" href=\"https:\/\/www.reportedeprensa.utalca.cl\/?p=8397\"> <span class=\"screen-reader-text\">10 de octubre de 2023<\/span> Read More &raquo;<\/a><\/p>\n","protected":false},"author":1,"featured_media":0,"comment_status":"closed","ping_status":"open","sticky":false,"template":"","format":"standard","meta":{"_monsterinsights_skip_tracking":false,"_monsterinsights_sitenote_active":false,"_monsterinsights_sitenote_note":"","_monsterinsights_sitenote_category":0},"categories":[41],"tags":[],"_links":{"self":[{"href":"https:\/\/www.reportedeprensa.utalca.cl\/index.php?rest_route=\/wp\/v2\/posts\/8397"}],"collection":[{"href":"https:\/\/www.reportedeprensa.utalca.cl\/index.php?rest_route=\/wp\/v2\/posts"}],"about":[{"href":"https:\/\/www.reportedeprensa.utalca.cl\/index.php?rest_route=\/wp\/v2\/types\/post"}],"author":[{"embeddable":true,"href":"https:\/\/www.reportedeprensa.utalca.cl\/index.php?rest_route=\/wp\/v2\/users\/1"}],"replies":[{"embeddable":true,"href":"https:\/\/www.reportedeprensa.utalca.cl\/index.php?rest_route=%2Fwp%2Fv2%2Fcomments&post=8397"}],"version-history":[{"count":5,"href":"https:\/\/www.reportedeprensa.utalca.cl\/index.php?rest_route=\/wp\/v2\/posts\/8397\/revisions"}],"predecessor-version":[{"id":8411,"href":"https:\/\/www.reportedeprensa.utalca.cl\/index.php?rest_route=\/wp\/v2\/posts\/8397\/revisions\/8411"}],"wp:attachment":[{"href":"https:\/\/www.reportedeprensa.utalca.cl\/index.php?rest_route=%2Fwp%2Fv2%2Fmedia&parent=8397"}],"wp:term":[{"taxonomy":"category","embeddable":true,"href":"https:\/\/www.reportedeprensa.utalca.cl\/index.php?rest_route=%2Fwp%2Fv2%2Fcategories&post=8397"},{"taxonomy":"post_tag","embeddable":true,"href":"https:\/\/www.reportedeprensa.utalca.cl\/index.php?rest_route=%2Fwp%2Fv2%2Ftags&post=8397"}],"curies":[{"name":"wp","href":"https:\/\/api.w.org\/{rel}","templated":true}]}}