{"id":8405,"date":"2023-10-11T12:58:46","date_gmt":"2023-10-11T15:58:46","guid":{"rendered":"https:\/\/www.reportedeprensa.utalca.cl\/?p=8405"},"modified":"2023-10-11T13:02:16","modified_gmt":"2023-10-11T16:02:16","slug":"08-de-octubre-de-2023","status":"publish","type":"post","link":"https:\/\/www.reportedeprensa.utalca.cl\/?p=8405","title":{"rendered":"11 de octubre de 2023"},"content":{"rendered":"\t\t<div data-elementor-type=\"wp-post\" data-elementor-id=\"8405\" class=\"elementor elementor-8405\" data-elementor-settings=\"[]\">\n\t\t\t\t\t\t\t<div class=\"elementor-section-wrap\">\n\t\t\t\t\t\t\t<section class=\"elementor-section elementor-top-section elementor-element elementor-element-bcea1a8 elementor-section-boxed elementor-section-height-default elementor-section-height-default\" data-id=\"bcea1a8\" data-element_type=\"section\">\n\t\t\t\t\t\t<div class=\"elementor-container elementor-column-gap-default\">\n\t\t\t\t\t<div class=\"elementor-column elementor-col-100 elementor-top-column elementor-element elementor-element-e7183bf\" data-id=\"e7183bf\" data-element_type=\"column\">\n\t\t\t<div class=\"elementor-widget-wrap elementor-element-populated\">\n\t\t\t\t\t\t\t\t<div class=\"elementor-element elementor-element-5ffbb87 elementor-widget elementor-widget-text-editor\" data-id=\"5ffbb87\" data-element_type=\"widget\" data-widget_type=\"text-editor.default\">\n\t\t\t\t<div class=\"elementor-widget-container\">\n\t\t\t\t\t\t\t\t<p style=\"font-weight: 400;\"><strong><span style=\"font-style: inherit; font-weight: inherit;\">REVISTAECONOMIA.COM (PER\u00da)\u00a0<\/span><\/strong><\/p><p style=\"font-weight: 400;\"><a href=\"https:\/\/www.revistaeconomia.com\/en-100-aumentaron-las-licitaciones-desiertas-en-el-rubro-de-la-construccion\/\"><span style=\"font-style: inherit;\">En 100% aumentaron las licitaciones desiertas en el rubro de la construcci\u00f3n. Se refiere Armando Dur\u00e1n, acad\u00e9mico de la Facultad de Ingenier\u00eda.\u00a0<\/span><span style=\"font-style: inherit;\">\u00a0<\/span><\/a><\/p><p style=\"font-weight: 400;\"><span style=\"font-style: inherit; font-weight: inherit;\">\u00a0<\/span><\/p><p style=\"font-weight: 400;\"><strong><span style=\"font-style: inherit;\">INFRAESTRUCTURAPUBLICA.CL\u00a0<\/span><\/strong><\/p><p style=\"font-weight: 400;\"><a href=\"https:\/\/www.infraestructurapublica.cl\/un-44-de-las-licitaciones-publicas-en-nuble-se-han-declarado-desiertas-en-2023\/\"><span style=\"font-style: inherit; font-weight: inherit;\">Un 44% de las licitaciones p\u00fablicas en \u00d1uble se han declarado desiertas en 2023. Se refiere Armando Dur\u00e1n, acad\u00e9mico de la Facultad de Ingenier\u00eda.\u00a0<\/span><span style=\"font-style: inherit; font-weight: inherit;\">\u00a0<\/span><\/a><\/p><p style=\"font-weight: 400;\"><strong><span style=\"font-style: inherit; font-weight: inherit;\">\u00a0<\/span><\/strong><\/p><p style=\"font-weight: 400;\"><strong><span style=\"font-style: inherit; font-weight: inherit;\">PORTALAGROCHILE.CL\u00a0<\/span><\/strong><\/p><p style=\"font-weight: 400;\"><a href=\"https:\/\/www.portalagrochile.cl\/2023\/10\/09\/estudio-busca-mejorar-la-calidad-de-la-frutilla-comercial-en-chile\/\"><span style=\"font-style: inherit;\">Estudio busca mejorar la calidad de la frutilla comercial en Chile.\u00a0<\/span><span style=\"font-style: inherit;\">Se refiere Alejandra Moya Le\u00f3n, acad\u00e9mica del Instituto de Ciencias Biol\u00f3gicas.<\/span><span style=\"font-style: inherit;\">\u00a0<\/span><\/a><\/p><p style=\"font-weight: 400;\"><span style=\"font-style: inherit; font-weight: inherit;\">\u00a0<\/span><\/p><p style=\"font-weight: 400;\"><strong><span style=\"font-style: inherit; font-weight: inherit;\">EL MOSTRADOR\u00a0<\/span><\/strong><\/p><p style=\"font-weight: 400;\"><a href=\"https:\/\/www.elmostrador.cl\/agenda-pais\/agenda-sustentable\/2023\/10\/10\/analizan-nocivos-efectos-de-los-microplasticos-en-especies-marinas\/\">Analizan nocivos efectos de los micropl\u00e1sticos en especies marinas.\u00a0Se refiere Mauricio Quiroz, acad\u00e9mico del Instituto de Ciencias Biol\u00f3gicas.\u00a0<\/a><\/p><p style=\"font-weight: 400;\"><span style=\"font-style: inherit; font-weight: inherit;\">\u00a0<\/span><\/p><p style=\"font-weight: 400;\"><strong>ADPRENSA<br \/><\/strong><a href=\"https:\/\/www.adprensa.cl\/cronica\/presentan-desafios-de-la-inteligencia-artificial-en-el-mundo-del-diseno\/\">Presentan desaf\u00edos de la Inteligencia Artificial en el mundo del Dise\u00f1o. Se refiere Raimundo Hamilton, acad\u00e9mico de la Escuela de Dise\u00f1o.\u00a0<\/a><\/p><p style=\"font-weight: 400;\"><span style=\"font-style: inherit; font-weight: inherit;\">\u00a0<\/span><\/p><p style=\"font-weight: 400;\"><strong><span style=\"font-style: inherit; font-weight: inherit;\">LATERCERA.COM\u00a0<\/span><\/strong><\/p><p style=\"font-weight: 400;\"><a href=\"https:\/\/www.latercera.com\/pulso\/noticia\/claudia-goldin-quien-es-la-tercera-mujer-en-ganar-el-nobel-de-economia-por-sus-estudios-en-brechas-de-genero-en-el-trabajo\/E62YIPHXTFFYXPP5FZMC3HN63I\/\"><span style=\"font-style: inherit;\">Claudia Goldin: qui\u00e9n es la tercera mujer en ganar el Nobel de Econom\u00eda por sus estudios en brechas de g\u00e9nero en el trabajo. Se refiere Andrea Betancor, acad\u00e9mica de la Facultad de Econom\u00eda y Negocios.\u00a0<\/span><\/a><\/p><p style=\"font-weight: 400;\"><span style=\"font-style: inherit; font-weight: inherit;\">\u00a0<\/span><\/p><p style=\"font-weight: 400;\"><strong>LA PRENSA DE CURIC\u00d3\u00a0<\/strong><\/p><p style=\"font-weight: 400;\"><a href=\"https:\/\/www.litoralpress.cl\/paginaconsultas\/Servicios_NClipSitio\/Get_Imagen_Nota.aspx?LPKey=D6NXBB654PHMMQNSBGC4CM7T4KZR3JHQ6CTLG6NNLLGT2HMMBIALBWBEZXX54YCC7AYVNG5BMBBYU\">Abordan actualizaci\u00f3n de pol\u00edtica de Ciencia, Tecnolog\u00eda, Conocimiento e Innovaci\u00f3n.\u00a0Se refiere Cristian Rojas Barahona, vicerrector Acad\u00e9mico.\u00a0<\/a><\/p><p style=\"font-weight: 400;\">\u00a0<\/p><p style=\"font-weight: 400;\"><strong>EL HERALDO\u00a0<\/strong><\/p><p style=\"font-weight: 400;\"><a href=\"https:\/\/www.litoralpress.cl\/paginaconsultas\/Servicios_NClipSitio\/Get_Imagen_Nota.aspx?LPKey=ZKZZXBFGADZFFAMUTCHBGYO44I4BZXOZXBQU6DWT3N3LQG6ISGOFODB52AUVVDHYSYS35TFM3I4SI\">Encuentro abord\u00f3 actualizaci\u00f3n de la pol\u00edtica de Ciencia, Tecnolog\u00eda, Conocimiento e Innovaci\u00f3n. Se refiere Cristian Rojas Barahona, vicerrector Acad\u00e9mico.\u00a0\u00a0<\/a><\/p><p style=\"font-weight: 400;\">\u00a0<\/p><p style=\"font-weight: 400;\"><strong>DIARIO TALCA\u00a0<\/strong><\/p><p style=\"font-weight: 400;\"><a href=\"https:\/\/diariotalca.cl\/necesita-ayuda-para-tramites-tributarios-aqui-conozca-donde-acudir\/\">\u00bfNecesita ayuda para tr\u00e1mites tributarios? Aqu\u00ed conozca d\u00f3nde acudir. Se refiere Gu\u00edsela Osses, acad\u00e9mica de la Facultad de Econom\u00eda y Negocios\u00a0<\/a><\/p><p style=\"font-weight: 400;\"><strong>\u00a0<\/strong><\/p><p style=\"font-weight: 400;\"><strong>RADIO VLN\u00a0<\/strong><\/p><p style=\"font-weight: 400;\"><a href=\"https:\/\/www.litoralpress.cl\/sitio\/RadioTV_Detalles.cshtml?LPKey=GJL7CBC2JH72QKPDMZHMTPSLO3SB4JUSPK33PD2QZFS3YDY37LT7XTHA2MEL4HJYUMZDEHTA4Y63G\">Dise\u00f1o de las rutas y carreteras de Chile y accidentes de tr\u00e1nsito. Se refiere Miguel Arriagada, director de la Escuela de Ingenier\u00eda Civil en Obras Civiles.\u00a0\u00a0<\/a><\/p><p style=\"font-weight: 400;\">\u00a0<\/p><p style=\"font-weight: 400;\"><strong>RADIO INFINITA\u00a0\u00a0<\/strong><\/p><p style=\"font-weight: 400;\"><a href=\"https:\/\/www.litoralpress.cl\/sitio\/RadioTV_Detalles.cshtml?LPKey=QWXMIBULIPTDC7UMAHXPNH224JIX4OETONLN6SHDFKCKDBJCQO27DKYXEI6MYDBFETK6W4JTVR37K\">An\u00e1lisis pol\u00edtico de Mauricio Morales, director del Centro de An\u00e1lisis Pol\u00edtico (CAP).<\/a>\u00a0<\/p><p style=\"font-weight: 400;\">\u00a0<\/p><p style=\"font-weight: 400;\"><strong><span style=\"font-style: inherit; font-weight: inherit;\">EMOL\u00a0<\/span><\/strong><\/p><p style=\"font-weight: 400;\"><a href=\"https:\/\/www.emol.com\/noticias\/Nacional\/2023\/10\/06\/1109243\/encuesta-black--white.html\" target=\"_blank\" rel=\"noopener\">\u00bfA Favor al alza?: Consejeros constitucionales y expertos electorales analizan los resultados de la encuesta Black&amp;White. Se refiere Mauricio Morales, director del Centro de An\u00e1lisis Pol\u00edtico (CAP).<\/a><strong><br \/><\/strong><\/p><p style=\"font-weight: 400;\">\u00a0<\/p><p style=\"font-weight: 400;\"><strong>PUBLIMETRO\u00a0<\/strong><\/p><p style=\"font-weight: 400;\"><a href=\"https:\/\/www.litoralpress.cl\/paginaconsultas\/Servicios_NClipSitio\/Get_Imagen_Nota.aspx?LPKey=ULZ66OLCFJUZ2GMCX5QWO3OVDKD7Q45PERE7QMIMTWFIBDY3P5RLTUCQ6XAUWM3Y2T7V2XKCOSDCG\">Los efectos internos de la visita del Presidente a China.\u00a0Se refiere Mario Herrera, acad\u00e9mico e investigador del Centro de An\u00e1lisis Pol\u00edtico (CAP).\u00a0<\/a><\/p><p style=\"font-weight: 400;\">\u00a0<\/p><p style=\"font-weight: 400;\"><strong>PUBLIMETRO.CL\u00a0<\/strong><\/p><p style=\"font-weight: 400;\"><a href=\"https:\/\/www.publimetro.cl\/noticias\/2023\/10\/10\/los-efectos-internos-que-tendra-la-proxima-visita-del-presidente-a-china\/\">Los efectos internos de la visita del Presidente a China.\u00a0Se refiere Mario Herrera, acad\u00e9mico e investigador del Centro de An\u00e1lisis Pol\u00edtico (CAP).\u00a0<\/a><\/p>\t\t\t\t\t\t<\/div>\n\t\t\t\t<\/div>\n\t\t\t\t\t<\/div>\n\t\t<\/div>\n\t\t\t\t\t\t\t<\/div>\n\t\t<\/section>\n\t\t\t\t\t\t<\/div>\n\t\t\t\t\t<\/div>\n\t\t","protected":false},"excerpt":{"rendered":"<p>REVISTAECONOMIA.COM (PER\u00da)\u00a0 En 100% aumentaron las licitaciones desiertas en el rubro de la construcci\u00f3n. Se refiere Armando Dur\u00e1n, acad\u00e9mico de la Facultad de Ingenier\u00eda.\u00a0\u00a0 \u00a0 INFRAESTRUCTURAPUBLICA.CL\u00a0 Un 44% de las licitaciones p\u00fablicas en \u00d1uble se han declarado desiertas en 2023. Se refiere Armando Dur\u00e1n, acad\u00e9mico de la Facultad de Ingenier\u00eda.\u00a0\u00a0 \u00a0 PORTALAGROCHILE.CL\u00a0 Estudio busca mejorar &hellip;<\/p>\n<p class=\"read-more\"> <a class=\"\" href=\"https:\/\/www.reportedeprensa.utalca.cl\/?p=8405\"> <span class=\"screen-reader-text\">11 de octubre de 2023<\/span> Read More &raquo;<\/a><\/p>\n","protected":false},"author":1,"featured_media":0,"comment_status":"closed","ping_status":"open","sticky":false,"template":"","format":"standard","meta":{"_monsterinsights_skip_tracking":false,"_monsterinsights_sitenote_active":false,"_monsterinsights_sitenote_note":"","_monsterinsights_sitenote_category":0},"categories":[41],"tags":[],"_links":{"self":[{"href":"https:\/\/www.reportedeprensa.utalca.cl\/index.php?rest_route=\/wp\/v2\/posts\/8405"}],"collection":[{"href":"https:\/\/www.reportedeprensa.utalca.cl\/index.php?rest_route=\/wp\/v2\/posts"}],"about":[{"href":"https:\/\/www.reportedeprensa.utalca.cl\/index.php?rest_route=\/wp\/v2\/types\/post"}],"author":[{"embeddable":true,"href":"https:\/\/www.reportedeprensa.utalca.cl\/index.php?rest_route=\/wp\/v2\/users\/1"}],"replies":[{"embeddable":true,"href":"https:\/\/www.reportedeprensa.utalca.cl\/index.php?rest_route=%2Fwp%2Fv2%2Fcomments&post=8405"}],"version-history":[{"count":5,"href":"https:\/\/www.reportedeprensa.utalca.cl\/index.php?rest_route=\/wp\/v2\/posts\/8405\/revisions"}],"predecessor-version":[{"id":8410,"href":"https:\/\/www.reportedeprensa.utalca.cl\/index.php?rest_route=\/wp\/v2\/posts\/8405\/revisions\/8410"}],"wp:attachment":[{"href":"https:\/\/www.reportedeprensa.utalca.cl\/index.php?rest_route=%2Fwp%2Fv2%2Fmedia&parent=8405"}],"wp:term":[{"taxonomy":"category","embeddable":true,"href":"https:\/\/www.reportedeprensa.utalca.cl\/index.php?rest_route=%2Fwp%2Fv2%2Fcategories&post=8405"},{"taxonomy":"post_tag","embeddable":true,"href":"https:\/\/www.reportedeprensa.utalca.cl\/index.php?rest_route=%2Fwp%2Fv2%2Ftags&post=8405"}],"curies":[{"name":"wp","href":"https:\/\/api.w.org\/{rel}","templated":true}]}}