{"id":8418,"date":"2023-10-12T13:03:10","date_gmt":"2023-10-12T16:03:10","guid":{"rendered":"https:\/\/www.reportedeprensa.utalca.cl\/?p=8418"},"modified":"2023-10-12T13:06:33","modified_gmt":"2023-10-12T16:06:33","slug":"12-de-octubre-de-2023","status":"publish","type":"post","link":"https:\/\/www.reportedeprensa.utalca.cl\/?p=8418","title":{"rendered":"12 de octubre de 2023"},"content":{"rendered":"\t\t<div data-elementor-type=\"wp-post\" data-elementor-id=\"8418\" class=\"elementor elementor-8418\" data-elementor-settings=\"[]\">\n\t\t\t\t\t\t\t<div class=\"elementor-section-wrap\">\n\t\t\t\t\t\t\t<section class=\"elementor-section elementor-top-section elementor-element elementor-element-bcea1a8 elementor-section-boxed elementor-section-height-default elementor-section-height-default\" data-id=\"bcea1a8\" data-element_type=\"section\">\n\t\t\t\t\t\t<div class=\"elementor-container elementor-column-gap-default\">\n\t\t\t\t\t<div class=\"elementor-column elementor-col-100 elementor-top-column elementor-element elementor-element-e7183bf\" data-id=\"e7183bf\" data-element_type=\"column\">\n\t\t\t<div class=\"elementor-widget-wrap elementor-element-populated\">\n\t\t\t\t\t\t\t\t<div class=\"elementor-element elementor-element-5ffbb87 elementor-widget elementor-widget-text-editor\" data-id=\"5ffbb87\" data-element_type=\"widget\" data-widget_type=\"text-editor.default\">\n\t\t\t\t<div class=\"elementor-widget-container\">\n\t\t\t\t\t\t\t\t<p style=\"font-weight: 400;\"><strong>CANAL TVN RED MAULE\u00a0<\/strong><\/p><p style=\"font-weight: 400;\"><a href=\"https:\/\/www.litoralpress.cl\/sitio\/RadioTV_Detalles.cshtml?LPKey=ETFT4CYSWNOCQFT5273PRGJTPNL7CB6O2EINVUIOIYIAIFXY4FRR6CRSUWIWYVQI2AZ5IA52DURSS\">El Festival de las ciencias 2023 cerr\u00f3 en Talca. Se refiere Carlos Torres Fuchslocher, rector\u00a0<\/a><\/p><p style=\"font-weight: 400;\"><strong>\u00a0<\/strong><\/p><p style=\"font-weight: 400;\"><strong>EL MOSTRADOR\u00a0<\/strong><\/p><p style=\"font-weight: 400;\"><a href=\"https:\/\/www.elmostrador.cl\/cultura\/ciencia-cultura\/2023\/10\/11\/termina-festival-de-las-ciencias-con-actividades-en-todo-chile\/\">Termina Festival de las Ciencias con actividades en todo Chile. Se menciona a la Universidad de Talca.\u00a0<\/a><\/p><p style=\"font-weight: 400;\"><strong><span style=\"font-style: inherit; font-weight: inherit;\"><br \/><\/span><span style=\"font-style: inherit;\">REVISTAECOCIENCIAS.CL\u00a0<\/span><\/strong><\/p><p style=\"font-weight: 400;\"><a href=\"https:\/\/revistaecociencias.cl\/2023\/10\/11\/feci-2023-llevando-la-ciencia-a-todos-los-rincones-de-chile\/\"><span style=\"font-style: inherit; font-weight: inherit;\">FECI 2023: Llevar la ciencia a todos los rincones de Chile. Se menciona a la Universidad de Talca.\u00a0<\/span><\/a><\/p><p style=\"font-weight: 400;\">\u00a0<\/p><p style=\"font-weight: 400;\"><strong>EL HERALDO\u00a0<\/strong><\/p><p style=\"font-weight: 400;\"><a href=\"https:\/\/www.litoralpress.cl\/paginaconsultas\/Servicios_NClipSitio\/Get_Imagen_Nota.aspx?LPKey=ZKZZXBFGADZFFAMUTCHBGYO44I4BZXOZXBQU6DWT3N3LQG6ISGOFODB52AUVVDHYSYS35TFM3I4SI\">Encuentro abord\u00f3 actualizaci\u00f3n de la pol\u00edtica de Ciencia, Tecnolog\u00eda, Conocimiento e Innovaci\u00f3n. Se refiere Cristian Rojas Barahona, vicerrector Acad\u00e9mico.\u00a0\u00a0<\/a><\/p><p style=\"font-weight: 400;\">\u00a0<\/p><p style=\"font-weight: 400;\"><strong>LA PRENSA DE CURIC\u00d3\u00a0<\/strong><\/p><p style=\"font-weight: 400;\"><a href=\"https:\/\/www.litoralpress.cl\/paginaconsultas\/Servicios_NClipSitio\/Get_Imagen_Nota.aspx?LPKey=FLNUDWMGCQIAUMBXMS2EI2NQSCKL4QSWBCMQII4WKPJZBHWGSALUA45L4FO2VLF3VDJHHXBXZSLEI\">Los desaf\u00edos de la Inteligencia Artificial en las diversas culturas. Se refiere Raimundo Hamilton, acad\u00e9mico de la Escuela de Dise\u00f1o.<\/a><\/p><p style=\"font-weight: 400;\">\u00a0<\/p><p style=\"font-weight: 400;\"><strong>LA PRENSA DE CURIC\u00d3\u00a0<\/strong><\/p><p style=\"font-weight: 400;\"><a href=\"https:\/\/www.litoralpress.cl\/paginaconsultas\/Servicios_NClipSitio\/Get_Imagen_Nota.aspx?LPKey=VMFQ4BA56K2NO3GJ5TYD7EMT7LF7OAO55AOL36D46ZWX4HTV3HMGLCXTQN2Z26BZPFRW425PODVSO\">Reconocen a acad\u00e9mico por aporte en pandemia. Se refiere Marcelo Alarc\u00f3n, acad\u00e9mico de la Facultad de Ciencias de la Salud.\u00a0<\/a><\/p><p style=\"font-weight: 400;\">\u00a0<\/p><p style=\"font-weight: 400;\"><strong>PUBLIMICRO\u00a0<\/strong><\/p><p style=\"font-weight: 400;\"><a href=\"https:\/\/publimicro.cl\/investigador-academico-de-la-universidad-de-talca-recibe-galardon-alma-del-tecnologo-medico-por-deteccion-temprana-del-covid-19-en-hospitales-del-maule\/\">Investigador acad\u00e9mico de la Universidad de Talca recibe galard\u00f3n \u201cAlma del Tecn\u00f3logo M\u00e9dico\u201d por detecci\u00f3n temprana del Covid-19 en Hospitales del Maule. Se refiere Marcelo Alarc\u00f3n, acad\u00e9mico de la Facultad de Ciencias de la Salud.\u00a0<\/a><\/p><p style=\"font-weight: 400;\">\u00a0<\/p><p style=\"font-weight: 400;\"><strong>EL LECTOR\u00a0\u00a0\u00a0\u00a0\u00a0\u00a0\u00a0\u00a0\u00a0\u00a0\u00a0\u00a0\u00a0\u00a0<\/strong><\/p><p style=\"font-weight: 400;\"><a href=\"https:\/\/www.litoralpress.cl\/paginaconsultas\/Servicios_NClipSitio\/Get_Imagen_Nota.aspx?LPKey=CALJTYPW735M7TSFPFZLWYJ3XZI5AMJPR6H3GPAQLD2WMD2BE2MCFK7R23L6IDXFVV6SYS6N3Q5N6\">UTalca ofrecer\u00e1 servicio gratuito para tr\u00e1mites tributarios. Se refiere Gu\u00edsela Osses, acad\u00e9mica de la Facultad de Econom\u00eda y Negocios.\u00a0<\/a><\/p><p style=\"font-weight: 400;\">\u00a0<\/p><p style=\"font-weight: 400;\"><strong><span style=\"font-style: inherit; font-weight: inherit;\">INFRAESTRUCTURAPUBLICA.CL\u00a0<\/span><\/strong><\/p><p style=\"font-weight: 400;\"><a href=\"https:\/\/www.infraestructurapublica.cl\/un-44-de-las-licitaciones-publicas-en-nuble-se-han-declarado-desiertas-en-2023\/\"><span style=\"font-style: inherit;\">Un 44% de las licitaciones p\u00fablicas en \u00d1uble se han declarado desiertas en 2023. Se refiere Armando Dur\u00e1n, acad\u00e9mico de la Facultad de Ingenier\u00eda.\u00a0<\/span><span style=\"font-style: inherit;\">\u00a0<\/span><\/a><\/p><p style=\"font-weight: 400;\">\u00a0<\/p><p style=\"font-weight: 400;\"><strong>CANAL TVN RED MAULE\u00a0<\/strong><\/p><p style=\"font-weight: 400;\"><a href=\"https:\/\/www.litoralpress.cl\/sitio\/RadioTV_Detalles.cshtml?LPKey=MDLYMT5MOH2NMWVMNT4EZJP4VYGGKTSGUPWE7KMQWPCWAM7K5PQVIKXTHRUME2RXRQQI6LXXFTO52\">Positivo balance sobre ley de entrevistas videograbadas a ni\u00f1os que han vivido violencia. Se refiere Isaac Ravetllat, acad\u00e9mico de la Facultad de Ciencias Jur\u00eddicas y Sociales.\u00a0<\/a><\/p><p style=\"font-weight: 400;\"><span style=\"font-style: inherit; font-weight: inherit;\">\u00a0<\/span><\/p><p style=\"font-weight: 400;\"><strong>CANAL VTV\u00a0<\/strong><\/p><p style=\"font-weight: 400;\"><a href=\"https:\/\/www.litoralpress.cl\/sitio\/RadioTV_Detalles.cshtml?LPKey=RR7LMZ4QHBZRRR4JI7C2L3S2H4L5GHZEBHSGJLM56Y6EZ2MPZL4JA6IIXIKBEYVHMLGVHNNKKYZDA\">Comisi\u00f3n experta pasar\u00e1 a votar las observaciones del anteproyecto de la Nueva Constituci\u00f3n. Se refiere Mauricio Morales, director del Centro de An\u00e1lisis Pol\u00edtico (CAP).\u00a0<\/a><\/p><p style=\"font-weight: 400;\"><strong>\u00a0\u00a0\u00a0\u00a0\u00a0\u00a0\u00a0\u00a0\u00a0\u00a0\u00a0\u00a0\u00a0<\/strong><\/p><p style=\"font-weight: 400;\"><strong>EL MOSTRADOR\u00a0<\/strong><\/p><p style=\"font-weight: 400;\"><a href=\"https:\/\/www.elmostrador.cl\/noticias\/pais\/2023\/10\/11\/cambiante-clima-politico-genera-incertidumbre-sobre-resultados-del-proceso-constitucional\/\">Cambiante clima pol\u00edtico genera incertidumbre sobre resultados del proceso constitucional.\u00a0Se refiere Mario Herrera, acad\u00e9mico e investigador del Centro de An\u00e1lisis Pol\u00edtico (CAP).\u00a0<\/a><\/p><p style=\"font-weight: 400;\">\u00a0<\/p><p style=\"font-weight: 400;\"><strong>ADPRENSA\u00a0<\/strong><\/p><p style=\"font-weight: 400;\"><a href=\"https:\/\/www.adprensa.cl\/politica\/cambiante-clima-politico-genera-incertidumbre-sobre-resultados-del-proceso-constitucional\/\">Cambiante clima pol\u00edtico genera incertidumbre sobre resultados del proceso constitucional.\u00a0Se refiere Mario Herrera, acad\u00e9mico e investigador del Centro de An\u00e1lisis Pol\u00edtico (CAP).\u00a0<\/a><\/p><p style=\"font-weight: 400;\">\u00a0<\/p><p style=\"font-weight: 400;\"><strong>MEDIABANCO\u00a0<\/strong><\/p><p style=\"font-weight: 400;\"><a href=\"https:\/\/www.mediabanco.com\/cambiante-clima-politico-genera-incertidumbre-sobre-resultados-del-proceso-constitucional\/\">Cambiante clima pol\u00edtico genera incertidumbre sobre resultados del proceso constitucional.\u00a0Se refiere Mario Herrera, acad\u00e9mico e investigador del Centro de An\u00e1lisis Pol\u00edtico (CAP).\u00a0<\/a><\/p><p style=\"font-weight: 400;\">\u00a0<\/p><p style=\"font-weight: 400;\"><strong>G5NOTICIAS.CL\u00a0\u00a0\u00a0\u00a0\u00a0\u00a0\u00a0\u00a0\u00a0\u00a0\u00a0\u00a0\u00a0<\/strong><\/p><p style=\"font-weight: 400;\"><a href=\"https:\/\/g5noticias.cl\/2023\/10\/11\/cambiante-clima-politico-genera-incertidumbre-sobre-resultados-del-proceso-constitucional\/\">Cambiante clima pol\u00edtico genera incertidumbre sobre resultados del proceso constitucional.\u00a0Se refiere Mario Herrera, acad\u00e9mico e investigador del Centro de An\u00e1lisis Pol\u00edtico (CAP).\u00a0<\/a><\/p><p style=\"font-weight: 400;\">\u00a0<\/p><p style=\"font-weight: 400;\"><strong>ELDIARIODESANTIAGO.CL\u00a0<\/strong><\/p><p style=\"font-weight: 400;\"><a href=\"https:\/\/eldiariosantiago.cl\/cambiante-clima-politico-genera-incertidumbre-sobre-resultados-del-proceso-constitucional\/\">Cambiante clima pol\u00edtico genera incertidumbre sobre resultados del proceso constitucional.\u00a0Se refiere Mario Herrera, acad\u00e9mico e investigador del Centro de An\u00e1lisis Pol\u00edtico (CAP).\u00a0<\/a><\/p><p style=\"font-weight: 400;\">\u00a0<\/p><p style=\"font-weight: 400;\"><strong>LAVOZENLINEA.CL\u00a0<\/strong><\/p><p style=\"font-weight: 400;\"><a href=\"https:\/\/lavozenlinea.cl\/2023\/10\/11\/cambiante-clima-politico-genera-incertidumbre-sobre-resultados-del-proceso-constitucional\/\">Cambiante clima pol\u00edtico genera incertidumbre sobre resultados del proceso constitucional.\u00a0Se refiere Mario Herrera, acad\u00e9mico e investigador del Centro de An\u00e1lisis Pol\u00edtico (CAP).\u00a0<\/a><\/p><p style=\"font-weight: 400;\">\u00a0<\/p><p style=\"font-weight: 400;\"><strong>ESTAPASANDO.CL\u00a0<\/strong><\/p><p style=\"font-weight: 400;\"><a href=\"https:\/\/estapasando.cl\/una-nueva-etapa-en-el-proceso-constitucional-con-la-entrega-del-anteproyecto-a-la-comision-experta\/\">Una nueva etapa en el proceso constitucional con la entrega del anteproyecto a la Comisi\u00f3n Experta.\u00a0Mario Herrera, acad\u00e9mico e investigador del Centro de An\u00e1lisis Pol\u00edtico (CAP).\u00a0<\/a><\/p>\t\t\t\t\t\t<\/div>\n\t\t\t\t<\/div>\n\t\t\t\t\t<\/div>\n\t\t<\/div>\n\t\t\t\t\t\t\t<\/div>\n\t\t<\/section>\n\t\t\t\t\t\t<\/div>\n\t\t\t\t\t<\/div>\n\t\t","protected":false},"excerpt":{"rendered":"<p>CANAL TVN RED MAULE\u00a0 El Festival de las ciencias 2023 cerr\u00f3 en Talca. Se refiere Carlos Torres Fuchslocher, rector\u00a0 \u00a0 EL MOSTRADOR\u00a0 Termina Festival de las Ciencias con actividades en todo Chile. Se menciona a la Universidad de Talca.\u00a0 REVISTAECOCIENCIAS.CL\u00a0 FECI 2023: Llevar la ciencia a todos los rincones de Chile. Se menciona a la &hellip;<\/p>\n<p class=\"read-more\"> <a class=\"\" href=\"https:\/\/www.reportedeprensa.utalca.cl\/?p=8418\"> <span class=\"screen-reader-text\">12 de octubre de 2023<\/span> Read More &raquo;<\/a><\/p>\n","protected":false},"author":1,"featured_media":0,"comment_status":"closed","ping_status":"open","sticky":false,"template":"","format":"standard","meta":{"_monsterinsights_skip_tracking":false,"_monsterinsights_sitenote_active":false,"_monsterinsights_sitenote_note":"","_monsterinsights_sitenote_category":0},"categories":[41],"tags":[],"_links":{"self":[{"href":"https:\/\/www.reportedeprensa.utalca.cl\/index.php?rest_route=\/wp\/v2\/posts\/8418"}],"collection":[{"href":"https:\/\/www.reportedeprensa.utalca.cl\/index.php?rest_route=\/wp\/v2\/posts"}],"about":[{"href":"https:\/\/www.reportedeprensa.utalca.cl\/index.php?rest_route=\/wp\/v2\/types\/post"}],"author":[{"embeddable":true,"href":"https:\/\/www.reportedeprensa.utalca.cl\/index.php?rest_route=\/wp\/v2\/users\/1"}],"replies":[{"embeddable":true,"href":"https:\/\/www.reportedeprensa.utalca.cl\/index.php?rest_route=%2Fwp%2Fv2%2Fcomments&post=8418"}],"version-history":[{"count":4,"href":"https:\/\/www.reportedeprensa.utalca.cl\/index.php?rest_route=\/wp\/v2\/posts\/8418\/revisions"}],"predecessor-version":[{"id":8422,"href":"https:\/\/www.reportedeprensa.utalca.cl\/index.php?rest_route=\/wp\/v2\/posts\/8418\/revisions\/8422"}],"wp:attachment":[{"href":"https:\/\/www.reportedeprensa.utalca.cl\/index.php?rest_route=%2Fwp%2Fv2%2Fmedia&parent=8418"}],"wp:term":[{"taxonomy":"category","embeddable":true,"href":"https:\/\/www.reportedeprensa.utalca.cl\/index.php?rest_route=%2Fwp%2Fv2%2Fcategories&post=8418"},{"taxonomy":"post_tag","embeddable":true,"href":"https:\/\/www.reportedeprensa.utalca.cl\/index.php?rest_route=%2Fwp%2Fv2%2Ftags&post=8418"}],"curies":[{"name":"wp","href":"https:\/\/api.w.org\/{rel}","templated":true}]}}