{"id":8426,"date":"2023-10-13T17:31:11","date_gmt":"2023-10-13T20:31:11","guid":{"rendered":"https:\/\/www.reportedeprensa.utalca.cl\/?p=8426"},"modified":"2023-10-13T17:35:05","modified_gmt":"2023-10-13T20:35:05","slug":"13-de-octubre-de-2023","status":"publish","type":"post","link":"https:\/\/www.reportedeprensa.utalca.cl\/?p=8426","title":{"rendered":"13 de octubre de 2023"},"content":{"rendered":"\t\t<div data-elementor-type=\"wp-post\" data-elementor-id=\"8426\" class=\"elementor elementor-8426\" data-elementor-settings=\"[]\">\n\t\t\t\t\t\t\t<div class=\"elementor-section-wrap\">\n\t\t\t\t\t\t\t<section class=\"elementor-section elementor-top-section elementor-element elementor-element-bcea1a8 elementor-section-boxed elementor-section-height-default elementor-section-height-default\" data-id=\"bcea1a8\" data-element_type=\"section\">\n\t\t\t\t\t\t<div class=\"elementor-container elementor-column-gap-default\">\n\t\t\t\t\t<div class=\"elementor-column elementor-col-100 elementor-top-column elementor-element elementor-element-e7183bf\" data-id=\"e7183bf\" data-element_type=\"column\">\n\t\t\t<div class=\"elementor-widget-wrap elementor-element-populated\">\n\t\t\t\t\t\t\t\t<div class=\"elementor-element elementor-element-5ffbb87 elementor-widget elementor-widget-text-editor\" data-id=\"5ffbb87\" data-element_type=\"widget\" data-widget_type=\"text-editor.default\">\n\t\t\t\t<div class=\"elementor-widget-container\">\n\t\t\t\t\t\t\t\t<p><strong>MEDIABANCO<\/strong><\/p><p><a href=\"https:\/\/www.mediabanco.com\/festival-de-las-ciencias-2023-conto-con-masiva-participacion-en-la-region-del-maule\/\">Festival de las Ciencias 2023 cont\u00f3 con masiva participaci\u00f3n en la Regi\u00f3n del Maule. Se refiere Se refiere Carlos Torres Fuchslocher, rector; y Karin Saavedra Redlich, directora general de Vinculaci\u00f3n con el Medio.<\/a><\/p><p>\u00a0<\/p><p><strong>G5NOTICIAS.CL<\/strong><\/p><p><a href=\"https:\/\/g5noticias.cl\/2023\/10\/12\/festival-de-las-ciencias-2023-conto-con-masiva-participacion-en-la-region-del-maule\/\">Festival de las Ciencias 2023 cont\u00f3 con masiva participaci\u00f3n en la Regi\u00f3n del Maule. Se refiere Se refiere Carlos Torres Fuchslocher, rector; y Karin Saavedra Redlich, directora general de Vinculaci\u00f3n con el Medio.<\/a><\/p><p>\u00a0<\/p><p><strong>EL MERCURIO<\/strong><\/p><p><a href=\"https:\/\/www.litoralpress.cl\/sitio\/Prensa_Detalles.cshtml?LPKey=DCROVULHRZ5ZS5GMCWDDLFKKR5HBYMPQEVWRWTZDNM4OD3JI6Q3Q\">El legado insolente de Lily Garafulic. Se refiere Marcela Albornoz Dachelet, directora de Extensi\u00f3n Cultural \u2013 Art\u00edstica.<\/a><\/p><p>\u00a0<\/p><p><strong>EL MOSTRADOR<\/strong><\/p><p><a href=\"https:\/\/www.elmostrador.cl\/revista-jengibre\/gastronomia\/2023\/10\/12\/estudio-busca-mejorar-la-calidad-de-la-frutilla-comercial-en-chile\/\">Estudio busca mejorar la calidad de la frutilla comercial. Se refiere Alejandra Moya Le\u00f3n, acad\u00e9mica del Instituto de Ciencias Biol\u00f3gicas; Carlos Figueroa, director del Doctorado en Ciencias con Menci\u00f3n en Biolog\u00eda Vegetal y Biotecnolog\u00eda; y Roberto Jara, director de Investigaci\u00f3n.<\/a><\/p><p>\u00a0<\/p><p><strong>PERUCONSTRUYE.NET (PER\u00da)<\/strong><\/p><p><a href=\"https:\/\/peruconstruye.net\/2023\/10\/12\/chile-aumentaron-las-licitaciones-desiertas-en-el-rubro-de-la-construccion\/\"><span style=\"font-style: inherit;\">Chile: En 100% aumentaron las licitaciones desiertas en el rubro de la construcci\u00f3n<\/span>. Se refiere Armando Dur\u00e1n, acad\u00e9mico de la Facultad de Ingenier\u00eda.<\/a><\/p><p>\u00a0<\/p><p><strong>MEGAMETROPOLI.COM<\/strong><\/p><p><a href=\"https:\/\/www.litoralpress.cl\/sitio\/Prensa_Detalles.cshtml?LPKey=SJBTZUQTTXAR4OZ77Z6JPP6GQUN6YXZJTRU4NYQOOZAKPLYMXHKQ\">Chile: En 100% aumentaron las licitaciones desiertas en el rubro de la construcci\u00f3n. Se refiere Armando Dur\u00e1n, acad\u00e9mico de la Facultad de Ingenier\u00eda.<\/a><\/p><p>\u00a0<\/p><p><strong>RADIO AMIGA<\/strong><\/p><p><a href=\"https:\/\/www.litoralpress.cl\/sitio\/RadioTV_Detalles.cshtml?LPKey=ZS5HLBTD5FW7J2EW634YWOTR6SJLKA2ZHUHKUQ2YPF5I7DPHNL6EXTUTPCRGIP3UMVA52F5VKKZLC\">La\u00a0Universidad de Talca\u00a0desarrolla una investigaci\u00f3n cient\u00edfica que busca utilizar los genes de la frutilla chilena.\u00a0Se refiere Alejandra Moya, acad\u00e9mica del Instituto de Ciencias Biol\u00f3gicas\u00a0<\/a><\/p><p>\u00a0<\/p><p><strong>LATERCERA.COM<\/strong><\/p><p><a href=\"https:\/\/www.latercera.com\/piensa-digital\/noticia\/las-tecnologias-que-permiten-producir-el-supertrigo-chileno\/7KQXUNEWPZFBXABRWU54D7BINU\/\">Las tecnolog\u00edas que permiten producir el \u201csupertrigo\u201d chileno. Se menciona a Alejandro Pozo, acad\u00e9mico de la Facultad de Ciencias Agrarias.<\/a><\/p><p>\u00a0<\/p><p><strong>LATERCERA.COM<\/strong><\/p><p><a href=\"https:\/\/www.latercera.com\/servicios\/noticia\/vuelve-el-calor-con-hasta-32c-revisa-las-regiones-que-tendran-altas-temperaturas\/EHFMO5FSVRH5TDRN7VCKOZGJSU\/\">Vuelve el calor con hasta 32\u00b0C: revisa las regiones que tendr\u00e1n altas temperaturas. Se refiere Patricio Gonz\u00e1lez Colville, investigador del Centro de Investigaci\u00f3n y Transferencia en Riego y Agroclimatolog\u00eda (CITRA)<\/a><\/p><p>\u00a0<\/p><p><strong>G5NOTICIAS.CL<\/strong><\/p><p><a href=\"https:\/\/g5noticias.cl\/2023\/10\/12\/presentan-desafios-de-la-inteligencia-artificial-en-el-mundo-del-diseno\/\">Presentan desaf\u00edos de la Inteligencia Artificial en el mundo del Dise\u00f1o. Se refiere Raimundo Hamilton, acad\u00e9mico de la Escuela de Dise\u00f1o.<\/a><\/p><p>\u00a0<\/p><p><strong>ELDIARIODESANTIAGO.CL<\/strong><\/p><p><a href=\"https:\/\/eldiariosantiago.cl\/ministerio-de-ciencia-cierra-exitosa-convocatoria-del-festival-de-las-ciencias-con-actividades-en-todo-el-pais\/\">Ministerio de Ciencia cierra exitosa convocatoria del Festival de las Ciencias con actividades en todo el pa\u00eds. Se menciona a la Universidad de Talca.<\/a><\/p><p>\u00a0<\/p><p><strong>ELDIARIODELAARAUCANIA.CL<\/strong><\/p><p><a href=\"https:\/\/eldiariodelaaraucania.cl\/2023\/10\/12\/ministerio-de-ciencia-cierra-exitosa-convocatoria-del-festival-de-las-ciencias-con-actividades-en-todo-el-pais\/\">Ministerio de Ciencia cierra exitosa convocatoria del Festival de las Ciencias con actividades en todo el pa\u00eds. Se menciona a la Universidad de Talca.<\/a><\/p><p>\u00a0<\/p><p><strong>RADIONUEVOMUNDO.CL<\/strong><\/p><p><a href=\"https:\/\/radionuevomundo.cl\/2023\/10\/12\/culmina-festival-de-las-ciencias-con-exitosa-convocatoria-en-todo-el-pais\/\">Culmina Festival de las Ciencias con exitosa convocatoria en todo el pa\u00eds. Se menciona a la Universidad de Talca.<\/a><\/p><p>\u00a0<\/p><p><strong>LA SEGUNDA<\/strong><\/p><p><a href=\"https:\/\/www.litoralpress.cl\/paginaconsultas\/Servicios_NClipSitio\/Get_Imagen_Nota.aspx?LPKey=JXOU5JFUU6C77GDYJLMQJMFZB76QGDTHSBGRMACPAUOC3ZZEYKREOH4YJ4VWKJBHUDN7DP3X7K3H4\">El arengazo de Miguel Crispi, en medio de sus d\u00edas m\u00e1s complicados. Se refiere Mauricio Morales, director del Centro de An\u00e1lisis Pol\u00edtico (CAP).<\/a><\/p><p>\u00a0<\/p><p><strong>RADIO INFINITA<\/strong><\/p><p><a href=\"https:\/\/www.litoralpress.cl\/sitio\/RadioTV_Detalles.cshtml?LPKey=BWPMQOGEOX7B6XSAPWTCDNBUDMVPCZLEKDPQ7L37TK3KVKWFIT54HDS4KO5CM5BWIAEMR6H2KILTE\">An\u00e1lisis pol\u00edtico de Mauricio Morales, director del Centro de An\u00e1lisis Pol\u00edtico (CAP).<\/a><\/p><p>\u00a0<\/p><p><strong>RADIOAGRICULTURA.CL<\/strong><\/p><p><a href=\"https:\/\/www.radioagricultura.cl\/politica\/2023\/10\/12\/academico-de-la-u-de-talca-analizo-el-actual-proceso-constitucional\/\"><span style=\"font-style: inherit;\">Proceso constitucional: Acad\u00e9mico de la U de Talca analiz\u00f3 el actual clima pol\u00edtico<\/span>. Se refiere Mario Herrera, acad\u00e9mico e investigador del Centro de An\u00e1lisis Pol\u00edtico (CAP).<\/a><\/p><p>\u00a0<\/p><p><strong>G5NOTICIAS.CL<\/strong><\/p><p><a href=\"https:\/\/g5noticias.cl\/2023\/10\/12\/cambiante-clima-politico-genera-incertidumbre-sobre-resultados-del-proceso-constitucional-2\/\">Cambiante clima pol\u00edtico genera incertidumbre sobre resultados del proceso constitucional. Se refiere Mario Herrera, acad\u00e9mico e investigador del Centro de An\u00e1lisis Pol\u00edtico (CAP).<\/a><\/p><p>\u00a0<\/p><p><strong>CAUQUENESNET.CL<\/strong><\/p><p><a href=\"https:\/\/cauquenesnet.cl\/2023\/10\/12\/cambiante-clima-politico-genera-incertidumbre-sobre-resultados-del-proceso-constitucional\/\">Cambiante clima pol\u00edtico genera incertidumbre sobre resultados del proceso constitucional. Se refiere Mario Herrera, acad\u00e9mico e investigador del Centro de An\u00e1lisis Pol\u00edtico (CAP).<\/a><\/p><p>\u00a0<\/p><p><strong>PUBLIMICRO\u00a0\u00a0\u00a0\u00a0\u00a0\u00a0\u00a0\u00a0<\/strong><\/p><p><a href=\"https:\/\/publimicro.cl\/inestable-clima-politico-genera-incertidumbre-sobre-resultados-del-proceso-constitucional-asegura-academico-de-la-universidad-de-talca\/\">\u201cInestable clima pol\u00edtico, genera incertidumbre sobre resultados del proceso constitucional\u201d, asegura acad\u00e9mico de la Universidad de Talca. Se refiere Mario Herrera, acad\u00e9mico e investigador del Centro de An\u00e1lisis Pol\u00edtico (CAP).<\/a><\/p>\t\t\t\t\t\t<\/div>\n\t\t\t\t<\/div>\n\t\t\t\t\t<\/div>\n\t\t<\/div>\n\t\t\t\t\t\t\t<\/div>\n\t\t<\/section>\n\t\t\t\t\t\t<\/div>\n\t\t\t\t\t<\/div>\n\t\t","protected":false},"excerpt":{"rendered":"<p>MEDIABANCO Festival de las Ciencias 2023 cont\u00f3 con masiva participaci\u00f3n en la Regi\u00f3n del Maule. Se refiere Se refiere Carlos Torres Fuchslocher, rector; y Karin Saavedra Redlich, directora general de Vinculaci\u00f3n con el Medio. \u00a0 G5NOTICIAS.CL Festival de las Ciencias 2023 cont\u00f3 con masiva participaci\u00f3n en la Regi\u00f3n del Maule. Se refiere Se refiere Carlos &hellip;<\/p>\n<p class=\"read-more\"> <a class=\"\" href=\"https:\/\/www.reportedeprensa.utalca.cl\/?p=8426\"> <span class=\"screen-reader-text\">13 de octubre de 2023<\/span> Read More &raquo;<\/a><\/p>\n","protected":false},"author":1,"featured_media":0,"comment_status":"closed","ping_status":"open","sticky":false,"template":"","format":"standard","meta":{"_monsterinsights_skip_tracking":false,"_monsterinsights_sitenote_active":false,"_monsterinsights_sitenote_note":"","_monsterinsights_sitenote_category":0},"categories":[41],"tags":[],"_links":{"self":[{"href":"https:\/\/www.reportedeprensa.utalca.cl\/index.php?rest_route=\/wp\/v2\/posts\/8426"}],"collection":[{"href":"https:\/\/www.reportedeprensa.utalca.cl\/index.php?rest_route=\/wp\/v2\/posts"}],"about":[{"href":"https:\/\/www.reportedeprensa.utalca.cl\/index.php?rest_route=\/wp\/v2\/types\/post"}],"author":[{"embeddable":true,"href":"https:\/\/www.reportedeprensa.utalca.cl\/index.php?rest_route=\/wp\/v2\/users\/1"}],"replies":[{"embeddable":true,"href":"https:\/\/www.reportedeprensa.utalca.cl\/index.php?rest_route=%2Fwp%2Fv2%2Fcomments&post=8426"}],"version-history":[{"count":4,"href":"https:\/\/www.reportedeprensa.utalca.cl\/index.php?rest_route=\/wp\/v2\/posts\/8426\/revisions"}],"predecessor-version":[{"id":8430,"href":"https:\/\/www.reportedeprensa.utalca.cl\/index.php?rest_route=\/wp\/v2\/posts\/8426\/revisions\/8430"}],"wp:attachment":[{"href":"https:\/\/www.reportedeprensa.utalca.cl\/index.php?rest_route=%2Fwp%2Fv2%2Fmedia&parent=8426"}],"wp:term":[{"taxonomy":"category","embeddable":true,"href":"https:\/\/www.reportedeprensa.utalca.cl\/index.php?rest_route=%2Fwp%2Fv2%2Fcategories&post=8426"},{"taxonomy":"post_tag","embeddable":true,"href":"https:\/\/www.reportedeprensa.utalca.cl\/index.php?rest_route=%2Fwp%2Fv2%2Ftags&post=8426"}],"curies":[{"name":"wp","href":"https:\/\/api.w.org\/{rel}","templated":true}]}}