{"id":8435,"date":"2023-10-17T12:13:48","date_gmt":"2023-10-17T15:13:48","guid":{"rendered":"https:\/\/www.reportedeprensa.utalca.cl\/?p=8435"},"modified":"2023-10-17T12:18:08","modified_gmt":"2023-10-17T15:18:08","slug":"17-de-octubre-de-2023","status":"publish","type":"post","link":"https:\/\/www.reportedeprensa.utalca.cl\/?p=8435","title":{"rendered":"17 de octubre de 2023"},"content":{"rendered":"\t\t<div data-elementor-type=\"wp-post\" data-elementor-id=\"8435\" class=\"elementor elementor-8435\" data-elementor-settings=\"[]\">\n\t\t\t\t\t\t\t<div class=\"elementor-section-wrap\">\n\t\t\t\t\t\t\t<section class=\"elementor-section elementor-top-section elementor-element elementor-element-bcea1a8 elementor-section-boxed elementor-section-height-default elementor-section-height-default\" data-id=\"bcea1a8\" data-element_type=\"section\">\n\t\t\t\t\t\t<div class=\"elementor-container elementor-column-gap-default\">\n\t\t\t\t\t<div class=\"elementor-column elementor-col-100 elementor-top-column elementor-element elementor-element-e7183bf\" data-id=\"e7183bf\" data-element_type=\"column\">\n\t\t\t<div class=\"elementor-widget-wrap elementor-element-populated\">\n\t\t\t\t\t\t\t\t<div class=\"elementor-element elementor-element-5ffbb87 elementor-widget elementor-widget-text-editor\" data-id=\"5ffbb87\" data-element_type=\"widget\" data-widget_type=\"text-editor.default\">\n\t\t\t\t<div class=\"elementor-widget-container\">\n\t\t\t\t\t\t\t\t<p><strong>EL MERCURIO\u00a0<\/strong><\/p><p><a href=\"https:\/\/www.litoralpress.cl\/sitio\/Prensa_Detalles.cshtml?LPKey=DCROVULHRZ5ZS5GMCWDDLFKKR5HBYMPQEVWRWTZDNM4OD3JI6Q3Q\">El legado insolente de Lily Garafulic. Se refiere Marcela Albornoz Dachelet, directora de Extensi\u00f3n Cultural \u2013 Art\u00edstica.<\/a><\/p><p>\u00a0<\/p><p><strong>EL MERCURIO<\/strong><\/p><p><a href=\"https:\/\/www.litoralpress.cl\/paginaconsultas\/Servicios_NClipSitio\/Get_Imagen_Nota.aspx?LPKey=NMNLBAN6ZGYWDPEN26CIAWDEFRW3JMVJUPVJUZUNUNM7RDUGDKQ2BPTAQFWILA4MTRDGLMS2G3AJA\">Vinagre de manzana emerge como regulador del az\u00facar y la saciedad. Se refiere Alonso Hern\u00e1ndez, acad\u00e9mico de la Escuela de Nutrici\u00f3n y Diet\u00e9tica. <\/a><\/p><p>\u00a0<\/p><p><strong>CANAL MEGA<\/strong><\/p><p><a href=\"https:\/\/www.litoralpress.cl\/sitio\/RadioTV_Detalles.cshtml?LPKey=JWC74BMC6QAYEYHPO4TNG3VMSKHGNA2YPLHD4NTBLJXJZC573AVNX2UPFFSZTRWX7SXBXNIPXXMRI\">80% de chilenos acepta homosexualidad seg\u00fan \u00faltima Encuesta Nacional de Salud, Sexualidad y G\u00e9nero. Se refiere Giselle Davis, antrop\u00f3loga y acad\u00e9mica del Departamento de Salud P\u00fablica.<\/a><strong><br \/><\/strong><\/p><p>\u00a0<\/p><p><strong>COOPERATIVA.CL<\/strong><\/p><p><a href=\"https:\/\/www.cooperativa.cl\/noticias\/pais\/poblacion\/inmigrantes\/migrantes-en-chile-51-7-vive-en-riesgo-de-exclusion-financiera\/2023-10-17\/004847.html\">Migrantes en Chile: 51,7% vive en riesgo de exclusi\u00f3n financiera. Se refiere el director del Centro Nacional de Estudios Migratorios, Medardo Aguirre.<\/a><\/p><p>\u00a0<\/p><p><strong>BIOBIOCHILE.CL<\/strong><\/p><p><a href=\"https:\/\/www.biobiochile.cl\/noticias\/economia\/actualidad-economica\/2023\/10\/16\/la-mitad-de-los-migrantes-en-chile-tienen-dificultades-para-cubrir-sus-gastos-esenciales-segun-estudio.shtml\">La mitad de los migrantes en Chile tienen dificultades para cubrir sus gastos esenciales seg\u00fan estudio. Se refiere el director del Centro Nacional de Estudios Migratorios, Medardo Aguirre.<\/a><\/p><p>\u00a0<\/p><p><strong>RADIOAGRICULTURA.CL<\/strong><\/p><p><a href=\"https:\/\/www.radioagricultura.cl\/dato-practico\/2023\/10\/16\/estudio-sobre-migrantes-y-refugiados-el-517-no-puede-cubrir-gastos-mensuales-en-caso-de-perder-el-trabajo\/\">Estudio sobre migrantes y refugiados: El 51,7% no puede cubrir gastos mensuales en caso de perder el trabajo. Se refiere el director del Centro Nacional de Estudios Migratorios, Medardo Aguirre.<\/a><\/p><p><strong>\u00a0<\/strong><\/p><p><strong>G5NOTICIAS.CL <\/strong><\/p><p><a href=\"https:\/\/g5noticias.cl\/2023\/10\/16\/estudio-sobre-migrantes-y-refugiados-el-517-no-puede-cubrir-gastos-mensuales-en-caso-de-perder-el-trabajo\/\">Migrantes en Chile: 51,7% vive en riesgo de exclusi\u00f3n financiera. Se refiere el director del Centro Nacional de Estudios Migratorios, Medardo Aguirre.<\/a><\/p><p><strong>\u00a0<\/strong><\/p><p><strong>ELDIARIODESANTIAGO.CL<\/strong><\/p><p><a href=\"https:\/\/eldiariosantiago.cl\/estudio-sobre-migrantes-y-refugiados-el-517-no-puede-cubrir-gastos-mensuales-en-caso-de-perder-el-trabajo\/\">Migrantes en Chile: 51,7% vive en riesgo de exclusi\u00f3n financiera. Se refiere el director del Centro Nacional de Estudios Migratorios, Medardo Aguirre.<\/a><\/p><p>\u00a0<\/p><p><strong>EL MOSTRADOR\u00a0<\/strong><\/p><p><a href=\"https:\/\/www.elmostrador.cl\/revista-jengibre\/gastronomia\/2023\/10\/12\/estudio-busca-mejorar-la-calidad-de-la-frutilla-comercial-en-chile\/\">Estudio busca mejorar la calidad de la frutilla comercial.\u00a0Se refiere Alejandra Moya Le\u00f3n, acad\u00e9mica del Instituto de Ciencias Biol\u00f3gicas; Carlos Figueroa, director del Doctorado en Ciencias con Menci\u00f3n en Biolog\u00eda Vegetal y Biotecnolog\u00eda; y Roberto Jara, director de Investigaci\u00f3n.<\/a><\/p><p>\u00a0<\/p><p><strong>RADIO BIOBIO<\/strong><\/p><p><a href=\"https:\/\/www.litoralpress.cl\/sitio\/RadioTV_Detalles.cshtml?LPKey=IDD5JGIRJI5ANCYUE3DV32SZZHMPZC27KSOGEXZOXXL2M6RHHO3JFRGJBFKGFMUJWYO23BGAMGV6U\">Aumento de v\u00edctimas en accidentes de tr\u00e1nsito. Se refiere Emilio Moyano, experto en Tr\u00e1nsito y acad\u00e9mico de la Facultad de Psicolog\u00eda. <\/a><\/p><p><strong>\u00a0<\/strong><\/p><p><strong>T13.CL<\/strong><\/p><p><a href=\"https:\/\/www.t13.cl\/noticia\/ex-ante\/politica\/costo-promedio-mantener-casi-55-mil-reos-us-55-6-millones-al-mes-15-10-2023\">Costo promedio de mantener a los casi 55 mil reos es de US$ 55,6 millones al mes. Se refiere Rodrigo Saens, acad\u00e9mico de la Facultad de Econom\u00eda y Negocios.<\/a><\/p><p><strong>\u00a0<\/strong><\/p><p><strong>EX-ANTE.CL<\/strong><\/p><p><a href=\"https:\/\/www.ex-ante.cl\/costo-promedio-de-mantener-a-los-casi-55-mil-reos-es-de-us-556-millones-al-mes\/\">Costo promedio de mantener a los casi 55 mil reos es de US$ 55,6 millones al mes. Se refiere Rodrigo Saens, acad\u00e9mico de la Facultad de Econom\u00eda y Negocios.<\/a><\/p><p>\u00a0<\/p><p><strong>LATERCERA.COM\u00a0\u00a0\u00a0\u00a0\u00a0\u00a0 <\/strong><\/p><p><a href=\"https:\/\/www.latercera.com\/laboratoriodecontenidos\/mirada-educativa\/cuales-son-las-16-universidades-chilenas-calificadas-en-nivel-de-excelencia\/\">\u00bfCu\u00e1les son las 16 universidades chilenas calificadas en nivel de excelencia? Se menciona a la Universidad de Talca.<\/a><\/p><p>\u00a0<\/p><p><strong>ELHERALDO.CL<\/strong><\/p><p><a href=\"https:\/\/www.diarioelheraldo.cl\/noticia\/mas-de-80-personas-mayores-asistiran-a-la-universidad-a-traves-de-cursos-organizados-por-el-cies\">M\u00e1s de 80 personas mayores asistir\u00e1n a la universidad, a trav\u00e9s de cursos organizados por el CIES. Se refieren Iv\u00e1n Palomo, acad\u00e9mico de la Facultad de Ciencias de la Salud y director del Centro Interuniversitario en Envejecimiento Saludable (CIES); y Marcelo Alarc\u00f3n acad\u00e9mico de la Facultad de Ciencias de la Salud y miembro del CIES.<\/a><\/p><p><strong>\u00a0<\/strong><\/p><p><strong>CAUQUENESNET.CL<\/strong><\/p><p><a href=\"https:\/\/cauquenesnet.cl\/2023\/10\/16\/mas-de-80-personas-mayores-del-maule-asistiran-a-la-universidad-a-traves-de-cursos-organizados-por-el-cies\/\">M\u00e1s de 80 personas mayores asistir\u00e1n a la universidad, a trav\u00e9s de cursos organizados por el CIES. Se refieren Iv\u00e1n Palomo, acad\u00e9mico de la Facultad de Ciencias de la Salud y director del Centro Interuniversitario en Envejecimiento Saludable (CIES); y Marcelo Alarc\u00f3n acad\u00e9mico de la Facultad de Ciencias de la Salud y miembro del CIES.<\/a><\/p><p><strong>\u00a0<\/strong><\/p><p><strong>RADIO LAUTARO<\/strong><\/p><p><a href=\"https:\/\/www.litoralpress.cl\/sitio\/RadioTV_Detalles.cshtml?LPKey=WUCFLWYNKRXQNEQ5MWUSU5SVIG4MWPZUT6MVEKBRYSSTCOCDCMX3DNBEUG63RCS46KIJEFC3D5S24\">Entrevista sobre las novedades del canal de televisi\u00f3n de la Universidad de Talca. Se refiere Renato Sep\u00falveda, productor ejecutivo del canal.<\/a><\/p><p>\u00a0<\/p><p><strong>MEDIABANCO<\/strong><\/p><p><a href=\"https:\/\/www.mediabanco.com\/academia-chilena-de-bellas-artes-reune-a-destacados-artistas-en-la-utalca\/\">Academia Chilena de Bellas Artes re\u00fane a destacados artistas en la UTalca. Se refiere Marcela Albornoz Dachelet, directora de Extensi\u00f3n Cultural \u2013 Art\u00edstica.<\/a><\/p><p>\u00a0<\/p><p><strong>MEGANOTICIAS.CL<\/strong><\/p><p><a href=\"https:\/\/www.meganoticias.cl\/nacional\/428358-columna-mauricio-morales-encuesta-cadem-constitucion-nuevo-proceso-constitucion-de-pinochet-plebiscito-15-10-2023.html\">Columna \u00danica, grande y nuestra. Se refiere Mauricio Morales, director del Centro de An\u00e1lisis Pol\u00edtico (CAP).<\/a><\/p><p>\u00a0<\/p><p><strong>RADIO INFINITA<\/strong><\/p><p><a href=\"https:\/\/www.litoralpress.cl\/sitio\/RadioTV_Detalles.cshtml?LPKey=NUUMGFZY6ZZPCGRG5JBBAP6ODZYLDLV6K5CPQZMPQEBZ7F4LQ4BYAKH3SKPYPMPAUEFPUZK45LCTG\">An\u00e1lisis pol\u00edtico de Mauricio Morales, director del Centro de An\u00e1lisis Pol\u00edtico (CAP).<\/a><\/p><p>\u00a0<\/p><p><strong>RADIOAGRICULTURA.CL\u00a0<\/strong><\/p><p><a href=\"https:\/\/www.radioagricultura.cl\/politica\/2023\/10\/12\/academico-de-la-u-de-talca-analizo-el-actual-proceso-constitucional\/\">Proceso constitucional: Acad\u00e9mico de la U de Talca analiz\u00f3 el actual clima pol\u00edtico.\u00a0Se refiere Mario Herrera, acad\u00e9mico e investigador del Centro de An\u00e1lisis Pol\u00edtico (CAP).<\/a><\/p>\t\t\t\t\t\t<\/div>\n\t\t\t\t<\/div>\n\t\t\t\t\t<\/div>\n\t\t<\/div>\n\t\t\t\t\t\t\t<\/div>\n\t\t<\/section>\n\t\t\t\t\t\t<\/div>\n\t\t\t\t\t<\/div>\n\t\t","protected":false},"excerpt":{"rendered":"<p>EL MERCURIO\u00a0 El legado insolente de Lily Garafulic. Se refiere Marcela Albornoz Dachelet, directora de Extensi\u00f3n Cultural \u2013 Art\u00edstica. \u00a0 EL MERCURIO Vinagre de manzana emerge como regulador del az\u00facar y la saciedad. Se refiere Alonso Hern\u00e1ndez, acad\u00e9mico de la Escuela de Nutrici\u00f3n y Diet\u00e9tica. \u00a0 CANAL MEGA 80% de chilenos acepta homosexualidad seg\u00fan \u00faltima &hellip;<\/p>\n<p class=\"read-more\"> <a class=\"\" href=\"https:\/\/www.reportedeprensa.utalca.cl\/?p=8435\"> <span class=\"screen-reader-text\">17 de octubre de 2023<\/span> Read More &raquo;<\/a><\/p>\n","protected":false},"author":1,"featured_media":0,"comment_status":"closed","ping_status":"open","sticky":false,"template":"","format":"standard","meta":{"_monsterinsights_skip_tracking":false,"_monsterinsights_sitenote_active":false,"_monsterinsights_sitenote_note":"","_monsterinsights_sitenote_category":0},"categories":[41],"tags":[],"_links":{"self":[{"href":"https:\/\/www.reportedeprensa.utalca.cl\/index.php?rest_route=\/wp\/v2\/posts\/8435"}],"collection":[{"href":"https:\/\/www.reportedeprensa.utalca.cl\/index.php?rest_route=\/wp\/v2\/posts"}],"about":[{"href":"https:\/\/www.reportedeprensa.utalca.cl\/index.php?rest_route=\/wp\/v2\/types\/post"}],"author":[{"embeddable":true,"href":"https:\/\/www.reportedeprensa.utalca.cl\/index.php?rest_route=\/wp\/v2\/users\/1"}],"replies":[{"embeddable":true,"href":"https:\/\/www.reportedeprensa.utalca.cl\/index.php?rest_route=%2Fwp%2Fv2%2Fcomments&post=8435"}],"version-history":[{"count":4,"href":"https:\/\/www.reportedeprensa.utalca.cl\/index.php?rest_route=\/wp\/v2\/posts\/8435\/revisions"}],"predecessor-version":[{"id":8439,"href":"https:\/\/www.reportedeprensa.utalca.cl\/index.php?rest_route=\/wp\/v2\/posts\/8435\/revisions\/8439"}],"wp:attachment":[{"href":"https:\/\/www.reportedeprensa.utalca.cl\/index.php?rest_route=%2Fwp%2Fv2%2Fmedia&parent=8435"}],"wp:term":[{"taxonomy":"category","embeddable":true,"href":"https:\/\/www.reportedeprensa.utalca.cl\/index.php?rest_route=%2Fwp%2Fv2%2Fcategories&post=8435"},{"taxonomy":"post_tag","embeddable":true,"href":"https:\/\/www.reportedeprensa.utalca.cl\/index.php?rest_route=%2Fwp%2Fv2%2Ftags&post=8435"}],"curies":[{"name":"wp","href":"https:\/\/api.w.org\/{rel}","templated":true}]}}