{"id":8447,"date":"2023-10-18T14:59:17","date_gmt":"2023-10-18T17:59:17","guid":{"rendered":"https:\/\/www.reportedeprensa.utalca.cl\/?p=8447"},"modified":"2023-10-18T15:06:26","modified_gmt":"2023-10-18T18:06:26","slug":"18-de-octubre-de-2023","status":"publish","type":"post","link":"https:\/\/www.reportedeprensa.utalca.cl\/?p=8447","title":{"rendered":"18 de octubre de 2023"},"content":{"rendered":"\t\t<div data-elementor-type=\"wp-post\" data-elementor-id=\"8447\" class=\"elementor elementor-8447\" data-elementor-settings=\"[]\">\n\t\t\t\t\t\t\t<div class=\"elementor-section-wrap\">\n\t\t\t\t\t\t\t<section class=\"elementor-section elementor-top-section elementor-element elementor-element-bcea1a8 elementor-section-boxed elementor-section-height-default elementor-section-height-default\" data-id=\"bcea1a8\" data-element_type=\"section\">\n\t\t\t\t\t\t<div class=\"elementor-container elementor-column-gap-default\">\n\t\t\t\t\t<div class=\"elementor-column elementor-col-100 elementor-top-column elementor-element elementor-element-e7183bf\" data-id=\"e7183bf\" data-element_type=\"column\">\n\t\t\t<div class=\"elementor-widget-wrap elementor-element-populated\">\n\t\t\t\t\t\t\t\t<div class=\"elementor-element elementor-element-5ffbb87 elementor-widget elementor-widget-text-editor\" data-id=\"5ffbb87\" data-element_type=\"widget\" data-widget_type=\"text-editor.default\">\n\t\t\t\t<div class=\"elementor-widget-container\">\n\t\t\t\t\t\t\t\t<p><strong>EL MOSTRADOR<\/strong><\/p><p><a href=\"https:\/\/www.elmostrador.cl\/agenda-pais\/2023\/10\/17\/estudiantes-buscan-conocer-oferta-academica-para-decidir-su-futuro\/\">Estudiantes secundarios buscan conocer oferta acad\u00e9mica para decidir su futuro. Se refieren Paula Manr\u00edquez Novoa, vicerrectora de Pregrado; Paola Morales Norambuena, directora de Ciclo de Vida Estudiantil; y Cristian Santos Santana, director del Programa de Vida Saludable.<\/a><\/p><p>\u00a0<\/p><p><strong>EL MERCURIO<\/strong><\/p><p><a href=\"https:\/\/www.litoralpress.cl\/paginaconsultas\/Servicios_NClipSitio\/Get_Imagen_Nota.aspx?LPKey=QN6M4YFWSADFZPMCS6PZALQL7MOLSWUGRMBYADMY4XO5WTVSSTHS2ORCQZIEIJPYF4XUFN57BNUXK\">Empresas destinan flotas para devoluciones. Se refiere Yerko Cort\u00e9s, acad\u00e9mico de la Facultad de Econom\u00eda y Negocios.<\/a><\/p><p>\u00a0<\/p><p><strong>RADIOAGRICULTURA.CL<\/strong><\/p><p><a href=\"https:\/\/www.radioagricultura.cl\/dato-practico\/2023\/10\/16\/estudio-sobre-migrantes-y-refugiados-el-517-no-puede-cubrir-gastos-mensuales-en-caso-de-perder-el-trabajo\/\">Estudio sobre migrantes y refugiados: El 51,7% no puede cubrir gastos mensuales en caso de perder el trabajo. Se refiere el director del Centro Nacional de Estudios Migratorios, Medardo Aguirre.<\/a><\/p><p>\u00a0<\/p><p><strong>RADIOCOOPERATIVA.CL<\/strong><\/p><p><a href=\"https:\/\/www.cooperativa.cl\/noticias\/pais\/poblacion\/inmigrantes\/migrantes-en-chile-51-7-vive-en-riesgo-de-exclusion-financiera\/2023-10-17\/004847.html\">Migrantes en Chile: 51,7% vive en riesgo de exclusi\u00f3n financiera. Se refiere el director del Centro Nacional de Estudios Migratorios, Medardo Aguirre.<\/a><\/p><p>\u00a0<\/p><p><strong>ELDESCONCIERTO.CL<\/strong><\/p><p><a href=\"https:\/\/www.eldesconcierto.cl\/nacional\/2023\/10\/16\/el-517-de-los-migrantes-en-chile-vive-en-riesgo-de-exclusion-financiera-segun-estudio.html\">Estudio sobre migrantes y refugiados: El 51,7% no puede cubrir gastos mensuales en caso de perder el trabajo. Se refiere el director del Centro Nacional de Estudios Migratorios, Medardo Aguirre.<\/a><\/p><p>\u00a0<\/p><p><strong>REPORTEDIARIO.CL<\/strong><\/p><p><a href=\"https:\/\/reportediario.cl\/2023\/10\/16\/estudio-revela-la-dificil-situacion-economica-de-migrantes-y-refugiados-en-chile\/\">Estudio revela la dif\u00edcil situaci\u00f3n econ\u00f3mica de migrantes y refugiados en Chile. Se refiere el director del Centro Nacional de Estudios Migratorios, Medardo Aguirre.<\/a><\/p><p>\u00a0<\/p><p><strong>EL LECTOR<\/strong><\/p><p><a href=\"https:\/\/www.litoralpress.cl\/paginaconsultas\/Servicios_NClipSitio\/Get_Imagen_Nota.aspx?LPKey=AXZHFOTP42XPUYLKSW4NTP4ZXTR3JUAETEZS6WZSWYWFHWIYYKHUYVWGLR74WNL5M2BGBACCHBFI6\">Estudio sobre migrantes y refugiados: El 51,7% no puede cubrir gastos mensuales en caso de perder el trabajo. Se refiere el director del Centro Nacional de Estudios Migratorios, Medardo Aguirre.<\/a><\/p><p>\u00a0<\/p><p><strong>PUBLIMICRO<\/strong><\/p><p><a href=\"https:\/\/publimicro.cl\/estudio-utalca-sobre-migrantes-y-refugiados-el-517-no-puede-cubrir-sus-gastos-mensuales-en-caso-de-perder-el-trabajo\/\">Estudio Utalca sobre migrantes y refugiados: El 51,7% no puede cubrir sus gastos mensuales en caso de perder el trabajo. Se refiere el director del Centro Nacional de Estudios Migratorios, Medardo Aguirre.<\/a><\/p><p>\u00a0<\/p><p><strong>SEPTIMAPAGINANOTICIAS.CL<\/strong><\/p><p><a href=\"https:\/\/www.septimapaginanoticias.cl\/estudio-sobre-migrantes-y-refugiados-el-517-por-ciento-no-puede-cubrir-gastos-mensuales-en-caso-de-perder-el-trabajo\">Estudio sobre migrantes y refugiados: El 51,7 por ciento no puede cubrir gastos mensuales en caso de perder el trabajo. Se refiere el director del Centro Nacional de Estudios Migratorios, Medardo Aguirre.<\/a><\/p><p>\u00a0<\/p><p><strong>RADIO UNAP<\/strong><\/p><p><a href=\"https:\/\/www.litoralpress.cl\/sitio\/RadioTV_Detalles.cshtml?LPKey=HWN3DHODYFIVEM75MDDAM25F6RY6WDHUY2DP2ELA4XRPCY4HPU343AQ32IQBLBLI2GM2UGVBYKK3M\">51% de inmigrantes residentes en Chile tiene problemas econ\u00f3micos. Se menciona a la Universidad de Talca.<\/a><\/p><p>\u00a0<\/p><p><strong>MEDIABANCO<\/strong><\/p><p><a href=\"https:\/\/www.mediabanco.com\/personas-mayores-mejoran-su-calidad-de-vida-con-cursos-en-la-utalca\/\">Personas mayores mejoran su calidad de vida con cursos en la UTalca. Se refieren Iv\u00e1n Palomo, acad\u00e9mico de la Facultad de Ciencias de la Salud y director del Centro Interuniversitario en Envejecimiento Saludable (CIES); y Marcelo Alarc\u00f3n acad\u00e9mico de la Facultad de Ciencias de la Salud y miembro del CIES.<\/a><\/p><p>\u00a0<\/p><p><strong>ADPRENSA<\/strong><\/p><p><a href=\"https:\/\/www.adprensa.cl\/cronica\/personas-mayores-mejoran-su-calidad-de-vida-con-cursos-en-la-utalca\/\">Personas mayores mejoran su calidad de vida con cursos en la UTalca. Se refieren Iv\u00e1n Palomo, acad\u00e9mico de la Facultad de Ciencias de la Salud y director del Centro Interuniversitario en Envejecimiento Saludable (CIES); y Marcelo Alarc\u00f3n acad\u00e9mico de la Facultad de Ciencias de la Salud y miembro del CIES.<\/a><\/p><p>\u00a0<\/p><p><strong>EL LECTOR<\/strong><\/p><p><a href=\"https:\/\/www.litoralpress.cl\/paginaconsultas\/Servicios_NClipSitio\/Get_Imagen_Nota.aspx?LPKey=S6NAVNE2RAFUCKPDEXZGWX5LDSR47UAQXKOJ7E623NS2JZR4TDLWETFEYIQZX366DNUS6TDJRE4OK\">M\u00e1s de 80 personas mayores asistir\u00e1n a la universidad, a trav\u00e9s de cursos organizados por el CIES. Se refieren Iv\u00e1n Palomo, acad\u00e9mico de la Facultad de Ciencias de la Salud y director del Centro Interuniversitario en Envejecimiento Saludable (CIES); y Marcelo Alarc\u00f3n acad\u00e9mico de la Facultad de Ciencias de la Salud y miembro del CIES.<\/a><\/p><p>\u00a0<\/p><p><strong>DIARIOHERALDO.CL<\/strong><\/p><p><a href=\"https:\/\/www.diarioelheraldo.cl\/noticia\/mas-de-80-personas-mayores-asistiran-a-la-universidad-a-traves-de-cursos-organizados-por-el-cies\">M\u00e1s de 80 personas mayores asistir\u00e1n a la universidad, a trav\u00e9s de cursos organizados por el CIES. Se refieren Iv\u00e1n Palomo, acad\u00e9mico de la Facultad de Ciencias de la Salud y director del Centro Interuniversitario en Envejecimiento Saludable (CIES); y Marcelo Alarc\u00f3n acad\u00e9mico de la Facultad de Ciencias de la Salud y miembro del CIES.<\/a><\/p><p>\u00a0<\/p><p><strong>CAUQUENESNET.CL<\/strong><\/p><p><a href=\"https:\/\/cauquenesnet.cl\/2023\/10\/16\/mas-de-80-personas-mayores-del-maule-asistiran-a-la-universidad-a-traves-de-cursos-organizados-por-el-cies\/\">M\u00e1s de 80 personas mayores asistir\u00e1n a la universidad, a trav\u00e9s de cursos organizados por el CIES. Se refieren Iv\u00e1n Palomo, acad\u00e9mico de la Facultad de Ciencias de la Salud y director del Centro Interuniversitario en Envejecimiento Saludable (CIES); y Marcelo Alarc\u00f3n acad\u00e9mico de la Facultad de Ciencias de la Salud y miembro del CIES.<\/a><\/p><p>\u00a0<\/p><p><strong>LA PRENSA DE CURIC\u00d3<\/strong><\/p><p><a href=\"https:\/\/www.litoralpress.cl\/paginaconsultas\/Servicios_NClipSitio\/Get_Imagen_Nota.aspx?LPKey=DHR4CKWOF27X2WXFWRMTDYAHNKAUHW3F2YDZEVJWXBLNMJ7H5M4WSX33VUO7EXH3POFDH6OYGKAJM\">Desaf\u00edos para un envejecimiento saludable. Se menciona a la Universidad de Talca.<\/a><\/p><p>\u00a0<\/p><p><strong>LA PRENSA DE CURIC\u00d3<\/strong><\/p><p><a href=\"https:\/\/www.litoralpress.cl\/paginaconsultas\/Servicios_NClipSitio\/Get_Imagen_Nota.aspx?LPKey=NHKDQDKKADKVEZLEOUHDICG6AG67EWUPUNJKF7BTD57HBMZTU2TBQT4WUGPR4QCRW6X4ALE4FQ52E\">Agroclimat\u00f3logo aborda el escenario que traer\u00e1 el fen\u00f3meno de El Ni\u00f1o. Se refiere Patricio Gonz\u00e1lez Colville, agroclimat\u00f3logo del Centro de Investigaci\u00f3n y Transferencia en Riego y Agroclimatolog\u00eda. <\/a><\/p><p><strong>\u00a0<\/strong><\/p><p><strong>ADPRENSA<\/strong><\/p><p><a href=\"https:\/\/www.adprensa.cl\/cronica\/concurso-cientifico-de-la-universidad-de-talca-se-realiza-por-primera-vez-en-la-region-metropolitana\/\">Concurso cient\u00edfico de la Universidad de Talca se realiza por primera vez en la Regi\u00f3n Metropolitana. Se refiere Cesar Retamal. Director del concurso y acad\u00e9mico de la Facultad de Ingenier\u00eda.<\/a><\/p><p>\u00a0<\/p><p><strong>MEDIABANCO<\/strong><\/p><p><a href=\"https:\/\/www.mediabanco.com\/concurso-cientifico-de-la-universidad-de-talca-se-realiza-por-primera-vez-en-la-region-metropolitana\/\">Concurso cient\u00edfico de la Universidad de Talca se realiza por primera vez en la Regi\u00f3n Metropolitana. Se refiere Cesar Retamal. Director del concurso y acad\u00e9mico de la Facultad de Ingenier\u00eda.<\/a><\/p><p>\u00a0<\/p><p><strong>DIARIOELHERALDO.CL<\/strong><\/p><p><a href=\"https:\/\/www.diarioelheraldo.cl\/noticia\/concurso-cientifico-de-la-universidad-de-talca-se-realiza-por-primera-vez-en-la-region-metropolitana\">Concurso cient\u00edfico de la Universidad de Talca se realiza por primera vez en la Regi\u00f3n Metropolitana. Se refiere Cesar Retamal. Director del concurso y acad\u00e9mico de la Facultad de Ingenier\u00eda. <\/a><\/p><p>\u00a0<\/p><p><strong>CANAL TVN RED MAULE<\/strong><\/p><p><a href=\"https:\/\/www.litoralpress.cl\/sitio\/RadioTV_Detalles.cshtml?LPKey=CM7DEGJY7UULCHW3BKFJ4QMUII42QZJFOBGZNP2RQ327CQ44ZOIVS6DNUYQKNC6MMDNT4VXMTYLGQ\">La antorcha panamericana recorri\u00f3 las calles de Talca. Se refiere \u00d3scar Jorquera, acad\u00e9mico del Programa de Deportes.<\/a><\/p><p>\u00a0<\/p><p><strong>EL MOSTRADOR<\/strong><\/p><p><a href=\"https:\/\/www.elmostrador.cl\/noticias\/opinion\/2023\/10\/17\/desafios-para-la-economia-chilena-en-las-proximas-decadas\/\">Desaf\u00edos para la econom\u00eda chilena en las pr\u00f3ximas d\u00e9cadas. Se refiere Rodrigo Herrera Leiva, decano de la Facultad de Econom\u00eda y Negocios. <\/a><\/p><p>\u00a0<\/p><p><strong>DIARIO TALCA<\/strong><\/p><p><a href=\"https:\/\/diariotalca.cl\/edadismo-por-rodrigo-biel-melgarejo\/\">Edadismo. Se refiere Rodrigo Biel Melgarejo, acad\u00e9mico de la Facultad de Ciencias Jur\u00eddicas y Sociales.<\/a><\/p><p>\u00a0<\/p><p><strong>EMOL<\/strong><\/p><p><a href=\"https:\/\/www.emol.com\/noticias\/Nacional\/2023\/10\/16\/1110169\/riesgos-diferencias-plebiscitar-reforma-pensiones.html\">Los riesgos de plebiscitar la reforma y las diferencias que abri\u00f3 en el oficialismo la jugada de Jara. Se refiere Mauricio Morales, director del Centro de An\u00e1lisis Pol\u00edtico (CAP).<\/a><\/p><p>\u00a0<\/p><p><strong>RADIO INFINITA<\/strong><\/p><p><a href=\"https:\/\/www.litoralpress.cl\/sitio\/RadioTV_Detalles.cshtml?LPKey=U4RDEA4Z2NGTKGT64CXNA3VTISXYP526WYCADXGGYDECHYK57FB6Y462KM4EPK7TX5EY2CPLSH64S\">An\u00e1lisis pol\u00edtico de Mauricio Morales, director del Centro de An\u00e1lisis Pol\u00edtico (CAP).<\/a><\/p><p>\u00a0<\/p><p><strong>EL LECTOR<\/strong><\/p><p><a href=\"https:\/\/litoralpress.cl\/paginaconsultas\/Servicios_NClipSitio\/Get_Imagen_Nota.aspx?LPKey=JW2RNFLMLSM56GHKPMJNFY4JXD74DWFFGAWCCSURRROY2LSQIUEVURXCWGULP6S7EZCRPHLNRMXPI\">Academia Chilena de Bellas Artes re\u00fane a destacados artistas en la UTalca. Se refiere Marcela Albornoz Dachelet, directora de Extensi\u00f3n Cultural \u2013 Art\u00edstica.<\/a><\/p>\t\t\t\t\t\t<\/div>\n\t\t\t\t<\/div>\n\t\t\t\t\t<\/div>\n\t\t<\/div>\n\t\t\t\t\t\t\t<\/div>\n\t\t<\/section>\n\t\t\t\t\t\t<\/div>\n\t\t\t\t\t<\/div>\n\t\t","protected":false},"excerpt":{"rendered":"<p>EL MOSTRADOR Estudiantes secundarios buscan conocer oferta acad\u00e9mica para decidir su futuro. Se refieren Paula Manr\u00edquez Novoa, vicerrectora de Pregrado; Paola Morales Norambuena, directora de Ciclo de Vida Estudiantil; y Cristian Santos Santana, director del Programa de Vida Saludable. \u00a0 EL MERCURIO Empresas destinan flotas para devoluciones. Se refiere Yerko Cort\u00e9s, acad\u00e9mico de la Facultad &hellip;<\/p>\n<p class=\"read-more\"> <a class=\"\" href=\"https:\/\/www.reportedeprensa.utalca.cl\/?p=8447\"> <span class=\"screen-reader-text\">18 de octubre de 2023<\/span> Read More &raquo;<\/a><\/p>\n","protected":false},"author":1,"featured_media":0,"comment_status":"closed","ping_status":"open","sticky":false,"template":"","format":"standard","meta":{"_monsterinsights_skip_tracking":false,"_monsterinsights_sitenote_active":false,"_monsterinsights_sitenote_note":"","_monsterinsights_sitenote_category":0},"categories":[41],"tags":[],"_links":{"self":[{"href":"https:\/\/www.reportedeprensa.utalca.cl\/index.php?rest_route=\/wp\/v2\/posts\/8447"}],"collection":[{"href":"https:\/\/www.reportedeprensa.utalca.cl\/index.php?rest_route=\/wp\/v2\/posts"}],"about":[{"href":"https:\/\/www.reportedeprensa.utalca.cl\/index.php?rest_route=\/wp\/v2\/types\/post"}],"author":[{"embeddable":true,"href":"https:\/\/www.reportedeprensa.utalca.cl\/index.php?rest_route=\/wp\/v2\/users\/1"}],"replies":[{"embeddable":true,"href":"https:\/\/www.reportedeprensa.utalca.cl\/index.php?rest_route=%2Fwp%2Fv2%2Fcomments&post=8447"}],"version-history":[{"count":7,"href":"https:\/\/www.reportedeprensa.utalca.cl\/index.php?rest_route=\/wp\/v2\/posts\/8447\/revisions"}],"predecessor-version":[{"id":8454,"href":"https:\/\/www.reportedeprensa.utalca.cl\/index.php?rest_route=\/wp\/v2\/posts\/8447\/revisions\/8454"}],"wp:attachment":[{"href":"https:\/\/www.reportedeprensa.utalca.cl\/index.php?rest_route=%2Fwp%2Fv2%2Fmedia&parent=8447"}],"wp:term":[{"taxonomy":"category","embeddable":true,"href":"https:\/\/www.reportedeprensa.utalca.cl\/index.php?rest_route=%2Fwp%2Fv2%2Fcategories&post=8447"},{"taxonomy":"post_tag","embeddable":true,"href":"https:\/\/www.reportedeprensa.utalca.cl\/index.php?rest_route=%2Fwp%2Fv2%2Ftags&post=8447"}],"curies":[{"name":"wp","href":"https:\/\/api.w.org\/{rel}","templated":true}]}}