{"id":8458,"date":"2023-10-19T13:19:10","date_gmt":"2023-10-19T16:19:10","guid":{"rendered":"https:\/\/www.reportedeprensa.utalca.cl\/?p=8458"},"modified":"2023-10-19T13:24:52","modified_gmt":"2023-10-19T16:24:52","slug":"19-de-octubre-de-2023","status":"publish","type":"post","link":"https:\/\/www.reportedeprensa.utalca.cl\/?p=8458","title":{"rendered":"19 de octubre de 2023"},"content":{"rendered":"\t\t<div data-elementor-type=\"wp-post\" data-elementor-id=\"8458\" class=\"elementor elementor-8458\" data-elementor-settings=\"[]\">\n\t\t\t\t\t\t\t<div class=\"elementor-section-wrap\">\n\t\t\t\t\t\t\t<section class=\"elementor-section elementor-top-section elementor-element elementor-element-bcea1a8 elementor-section-boxed elementor-section-height-default elementor-section-height-default\" data-id=\"bcea1a8\" data-element_type=\"section\">\n\t\t\t\t\t\t<div class=\"elementor-container elementor-column-gap-default\">\n\t\t\t\t\t<div class=\"elementor-column elementor-col-100 elementor-top-column elementor-element elementor-element-e7183bf\" data-id=\"e7183bf\" data-element_type=\"column\">\n\t\t\t<div class=\"elementor-widget-wrap elementor-element-populated\">\n\t\t\t\t\t\t\t\t<div class=\"elementor-element elementor-element-5ffbb87 elementor-widget elementor-widget-text-editor\" data-id=\"5ffbb87\" data-element_type=\"widget\" data-widget_type=\"text-editor.default\">\n\t\t\t\t<div class=\"elementor-widget-container\">\n\t\t\t\t\t\t\t\t<div class=\"x_elementToProof\"><p class=\"x_MsoNormal\"><b><span class=\"x_ContentPasted0\" lang=\"ES-TRAD\">PUBLIMETRO<\/span><\/b><b><span lang=\"ES-TRAD\">\u00a0<\/span><\/b><\/p><p class=\"x_MsoNormal\"><a href=\"https:\/\/www.litoralpress.cl\/paginaconsultas\/Servicios_NClipSitio\/Get_Imagen_Nota.aspx?LPKey=B4QHKSH47EW7SUTSI3XOPLDQCIX6CXXMDYU7VCSCIEIM5XOQOPPK6E43WFA4NU6TX2SHEXBAB6OKK\"><span class=\"x_ContentPasted0\" lang=\"ES-TRAD\">Balance de la gira a China: bien en lo econ\u00f3mico y avances en lo diplom\u00e1tico. Se refiere Jorge Navarrete Bustos, acad\u00e9mico de la Facultad de Econom\u00eda y Negocios.\u00a0<\/span><span lang=\"ES-TRAD\">\u00a0<\/span><\/a><\/p><p class=\"x_MsoNormal\"><span lang=\"ES-TRAD\">\u00a0<\/span><\/p><p class=\"x_MsoNormal\"><strong><span class=\"x_ContentPasted0\" lang=\"ES-TRAD\">PUBLIMETRO.CL\u00a0<\/span><\/strong><\/p><p class=\"x_MsoNormal x_ContentPasted0\"><a href=\"https:\/\/www.publimetro.cl\/noticias\/2023\/10\/19\/boric-la-gira-a-china-abrio-puertas\/\">Boric: \u201cLa gira a China abri\u00f3 puertas\u201d.\u00a0<span class=\"x_ContentPasted0\" lang=\"ES-TRAD\">Se refiere Jorge Navarrete Bustos, acad\u00e9mico de la Facultad de Econom\u00eda y Negocios.<\/span>\u00a0<\/a><span lang=\"ES-TRAD\"><br aria-hidden=\"true\" \/><\/span><\/p><p>\u00a0<\/p><p class=\"x_MsoNormal\"><b><span class=\"x_ContentPasted0\" lang=\"ES-TRAD\">DIARIO EL HERALDO<span class=\"x_ContentPasted0\">\u00a0\u00a0\u00a0\u00a0\u00a0\u00a0<\/span>\u00a0<\/span><\/b><\/p><p class=\"x_MsoNormal\"><a href=\"https:\/\/www.litoralpress.cl\/paginaconsultas\/Servicios_NClipSitio\/Get_Imagen_Nota.aspx?LPKey=BHGMO6DPW52FKQX65XX7IT53PE4LULFJ4KZKCAKVQD4Y5N23FXE76LYAPP4PO3P7FJUTET4XEF2TW\"><span class=\"x_ContentPasted0\" lang=\"ES-TRAD\">Migrantes en Chile: 51,7% vive en riesgo de exclusi\u00f3n financiera.\u00a0<\/span><span class=\"x_ContentPasted0\" lang=\"ES-TRAD\">Se refiere el director del Centro Nacional de Estudios Migratorios, Medardo Aguirre.\u00a0<\/span><\/a><\/p><p class=\"x_MsoNormal\"><span lang=\"ES-TRAD\">\u00a0<\/span><\/p><p class=\"x_MsoNormal\"><strong><span class=\"x_ContentPasted0\" lang=\"ES-TRAD\">ENL\u00cdNEAMAULE.CL\u00a0<\/span><\/strong><\/p><p class=\"x_MsoNormal\"><a href=\"https:\/\/enlineamaule.cl\/archivo\/53646\"><span class=\"x_ContentPasted0\" lang=\"ES-TRAD\">Estudio de migrantes en Chile reflej\u00f3 que el 51,7% no tiene reservas econ\u00f3micas en caso de perder el empleo. Se refiere el director del Centro Nacional de Estudios Migratorios, Medardo Aguirre.\u00a0<\/span><\/a><\/p><p class=\"x_MsoNormal\"><span lang=\"ES-TRAD\">\u00a0<\/span><\/p><p class=\"x_MsoNormal\"><b><span class=\"x_ContentPasted0\" lang=\"ES-TRAD\">CANAL TVN RED MAULE\u00a0<\/span><\/b><\/p><p class=\"x_MsoNormal\"><a href=\"https:\/\/www.litoralpress.cl\/sitio\/RadioTV_Detalles.cshtml?LPKey=C2NXMYPYMUL32LWJJ44EWUI53WUKW3JZD5OXVZWD5GX6LQIL5TGOOWSK3PTZSJ3BTTOQDG63AN54C\">Sala de arte Nuga en la\u00a0Universidad de Talca\u00a0acerca la cultura. Se refiere Mercedes Pugliese\u00a0Perazzi mediadora cultural de la Direcci\u00f3n de Extensi\u00f3n Cultural-Art\u00edstica.\u00a0<\/a><\/p><p class=\"x_MsoNormal\"><span class=\"x_ContentPasted0\" lang=\"ES-TRAD\">\u00a0<\/span><\/p><p class=\"x_MsoNormal\"><b><span class=\"x_ContentPasted0\" lang=\"ES-TRAD\">LA PRENSA DE CURIC\u00d3\u00a0<\/span><\/b><\/p><p class=\"x_MsoNormal\"><a href=\"https:\/\/www.litoralpress.cl\/paginaconsultas\/Servicios_NClipSitio\/Get_Imagen_Nota.aspx?LPKey=NHKDQDKKADKVEZLEOUHDICG6AG67EWUPUNJKF7BTD57HBMZTU2TBQT4WUGPR4QCRW6X4ALE4FQ52E\"><span class=\"x_ContentPasted0\" lang=\"ES-TRAD\">Agroclimat\u00f3logo aborda el escenario que traer\u00e1 el fen\u00f3meno de El Ni\u00f1o.\u00a0<\/span><span class=\"x_ContentPasted0\" lang=\"ES-TRAD\">Se refiere Patricio Gonz\u00e1lez Colville, agroclimat\u00f3logo del Centro de Investigaci\u00f3n y Transferencia en Riego y Agroclimatolog\u00eda.<\/span><span lang=\"ES-TRAD\">\u00a0<\/span><\/a><\/p><p class=\"x_MsoNormal\"><span lang=\"ES-TRAD\">\u00a0<\/span><\/p><p class=\"x_MsoNormal\"><b><span class=\"x_ContentPasted0\" lang=\"ES-TRAD\">ELREPORTERODEIQUIQUE.COM\u00a0<\/span><\/b><\/p><p class=\"x_MsoNormal\"><a href=\"https:\/\/elreporterodeiquique.com\/costo-promedio-de-mantener-a-los-casi-55-mil-reos-es-de-us-556-millones-al-mes\/\"><span class=\"x_ContentPasted0\" lang=\"ES-TRAD\">Costo promedio de mantener a los casi 55 mil reos es de US$ 55,6 millones al mes. Se menciona a Rodrigo Saens, acad\u00e9mico de la Facultad de Econom\u00eda y Negocios. \u00a0<\/span><\/a><\/p><p class=\"x_MsoNormal\">\u00a0<\/p><p class=\"x_MsoNormal\"><strong><span class=\"x_ContentPasted0\" lang=\"ES-TRAD\">RADIO AMIGA\u00a0<\/span><\/strong><\/p><p class=\"x_MsoNormal\"><a href=\"https:\/\/www.litoralpress.cl\/sitio\/RadioTV_Detalles.cshtml?LPKey=2K7IBT3CJQOBWZDDB77RR6SJ57JDRNENBIAHFJMEO6RI53EDDIB5L6XQ6SK7QVA6UCQV3TGRKZ6M2\"><span class=\"x_ContentPasted0\" lang=\"ES-TRAD\">Situaci\u00f3n financiera de los inmigrantes en Chile. Se refiere el director del Centro Nacional de Estudios Migratorios, Medardo Aguirre.\u00a0<\/span><\/a><\/p><p class=\"x_MsoNormal\"><strong><span lang=\"ES-TRAD\">\u00a0<\/span><\/strong><\/p><p class=\"x_MsoNormal\"><strong><span class=\"x_ContentPasted0\" lang=\"ES-TRAD\">MEDIABANCO\u00a0<\/span><\/strong><\/p><p class=\"x_MsoNormal\"><a href=\"https:\/\/www.mediabanco.com\/concurso-cientifico-de-la-universidad-de-talca-se-realiza-por-primera-vez-en-la-region-metropolitana\/\"><span class=\"x_ContentPasted0\" lang=\"ES-TRAD\">Concurso cient\u00edfico de la Universidad de Talca se realiza por primera vez en la Regi\u00f3n Metropolitana. Se refiere Cesar Retamal. Director del concurso y acad\u00e9mico de la Facultad de Ingenier\u00eda. \u00a0<\/span><\/a><\/p><p class=\"x_MsoNormal\"><span lang=\"ES-TRAD\">\u00a0<\/span><\/p><p class=\"x_MsoNormal\"><b><span class=\"x_ContentPasted0\" lang=\"ES-TRAD\">PUBLIMICRO<span class=\"x_ContentPasted0\">\u00a0\u00a0\u00a0\u00a0\u00a0<\/span>\u00a0<\/span><\/b><\/p><p class=\"x_MsoNormal\"><a href=\"https:\/\/publimicro.cl\/exitoso-concurso-cientifico-de-la-universidad-de-talca-se-realiza-por-primera-vez-en-la-region-metropolitana\/\"><span class=\"x_ContentPasted0\" lang=\"ES-TRAD\">Exitoso concurso cient\u00edfico de la Universidad de Talca, se realiza por primera vez en la Regi\u00f3n Metropolitana. Se refiere Cesar Retamal. Director del concurso y acad\u00e9mico de la Facultad de Ingenier\u00eda.\u00a0<\/span><\/a><\/p><p class=\"x_MsoNormal\" align=\"center\"><span lang=\"ES-TRAD\">\u00a0<\/span><\/p><p class=\"x_MsoNormal\"><strong><span class=\"x_ContentPasted0\" lang=\"ES-TRAD\">EL HERALDO\u00a0<\/span><\/strong><\/p><p class=\"x_MsoNormal\"><a href=\"https:\/\/www.litoralpress.cl\/paginaconsultas\/Servicios_NClipSitio\/Get_Imagen_Nota.aspx?LPKey=7WWNMLNUFPK26IUDLXZU255GYSA57X3UEP5PFVOMNV3Y7GUZKXIIUTATHDG53DG3EXQKRKZBF7QLQ\"><span class=\"x_ContentPasted0\" lang=\"ES-TRAD\">Concurso cient\u00edfico de la Universidad de Talca se realiza por primera vez en la Regi\u00f3n Metropolitana. Se refiere Cesar Retamal. Director del concurso y acad\u00e9mico de la Facultad de Ingenier\u00eda. \u00a0<\/span><\/a><\/p><p class=\"x_MsoNormal\"><span lang=\"ES-TRAD\">\u00a0<\/span><\/p><p class=\"x_MsoNormal\"><b><span class=\"x_ContentPasted0\" lang=\"ES-TRAD\">CANAL TVN RED MAULE\u00a0<\/span><\/b><\/p><p class=\"x_MsoNormal\"><a href=\"https:\/\/www.litoralpress.cl\/sitio\/RadioTV_Detalles.cshtml?LPKey=LNF6E65TPXASNVKV6N6WNV6IXIZJEM2HAMLOHSEME7IEUBJ4FY7R6DJKBH3MO4WNDT54Z6RZIJLXU\"><span class=\"x_ContentPasted0\" lang=\"ES-TRAD\">En Upeo hay una persona que desde 1981 figura como fallecido \u00bfQu\u00e9 pasa con sus derechos sociales? Se refiere \u00d3scar Guzm\u00e1n, director de la Escuela de Derecho \u2013 Talca. \u00a0<\/span><\/a><\/p><p class=\"x_MsoNormal\"><span lang=\"ES-TRAD\">\u00a0<\/span><\/p><p class=\"x_MsoNormal\"><b><span class=\"x_ContentPasted0\" lang=\"ES-TRAD\">RADIOSREGIONALES.CL\u00a0<\/span><\/b><\/p><p class=\"x_MsoNormal\"><a href=\"https:\/\/radiosregionales.cl\/regionales\/region-del-maule\/finanzas-primeros-auxilios-y-ejercicio-lanzan-cursos-para-personas\"><span class=\"x_ContentPasted0\" lang=\"ES-TRAD\">Finanzas, primeros auxilios y ejercicio: Lanzan cursos para personas mayores en el Maule. Se refiere Iv\u00e1n Palomo, director del Centro Interuniversitario de Envejecimiento Saludable y acad\u00e9mico de la Facultad de Ciencias de la Salud. \u00a0<\/span><\/a><\/p><p class=\"x_MsoNormal\"><span lang=\"ES-TRAD\">\u00a0<\/span><\/p><p class=\"x_MsoNormal\"><strong><span class=\"x_ContentPasted0\" lang=\"ES-TRAD\">RADIO INFINITA\u00a0<\/span><\/strong><\/p><p class=\"x_xmsonormal\"><a href=\"https:\/\/www.litoralpress.cl\/sitio\/RadioTV_Detalles.cshtml?LPKey=B2H3MWVFO4R2FM6EFPYEKGLM4BCW4VIGKEFBJ2RCLWTUAJHC7PMJRMFQGTXNN6BE3II7Q3PTRFT7I\"><span class=\"x_ContentPasted0\" lang=\"ES-TRAD\">An\u00e1lisis pol\u00edtico de Mauricio Morales, director\u00a0<\/span><span class=\"x_ContentPasted0\" lang=\"ES-TRAD\">del Centro de An\u00e1lisis Pol\u00edtico (CAP).\u00a0<\/span><\/a><\/p><p class=\"x_MsoNormal\"><span lang=\"ES-TRAD\">\u00a0<\/span><\/p><p class=\"x_MsoNormal\"><b><span class=\"x_ContentPasted0\" lang=\"ES-TRAD\">CANAL 24 HORAS<\/span><\/b><b><span lang=\"ES-TRAD\">\u00a0<\/span><\/b><\/p><p class=\"x_MsoNormal\"><a href=\"https:\/\/www.litoralpress.cl\/sitio\/RadioTV_Detalles.cshtml?LPKey=TAFQOCRHJTU6GBYDZTHSFBMTOWJAI36MBINCWG6K7BG2FECXZUSB4HKPSRL2GJ4LQMPNKKTEGC4YU\"><span class=\"x_ContentPasted0\" lang=\"ES-TRAD\">\u00bfHay un antes y un despu\u00e9s con la pol\u00edtica chilena a partir del 18 de octubre?\u00a0\u00a0<\/span><span class=\"x_ContentPasted0\" lang=\"ES-TRAD\">Se refiere\u00a0<\/span><span class=\"x_ContentPasted0\" lang=\"ES-TRAD\">Mario Herrera, acad\u00e9mico e investigador del Centro de An\u00e1lisis Pol\u00edtico (CAP).<\/span><span lang=\"ES-TRAD\">\u00a0<\/span><\/a><\/p><p class=\"x_MsoNormal\"><b><span lang=\"ES-TRAD\">\u00a0<\/span><\/b><\/p><p class=\"x_MsoNormal\"><strong><span class=\"x_ContentPasted0\" lang=\"ES-TRAD\">LA PRENSA DE CURIC\u00d3\u00a0<\/span><\/strong><\/p><p class=\"x_MsoNormal\"><a href=\"https:\/\/www.litoralpress.cl\/paginaconsultas\/Servicios_NClipSitio\/Get_Imagen_Nota.aspx?LPKey=LYCSBUBC5RDUWY7T5CES2IQYT2NCC44GZM5DREGUZLZUSRVEZ5AJV7CKJPK5XUZCVKDNEU5M5IQXQ\"><span class=\"x_ContentPasted0\" lang=\"ES-TRAD\">Analista pol\u00edtico por estallido social: \u201cNo gener\u00f3 ese cambio institucional, pol\u00edtico y en la opini\u00f3n p\u00fablica\u201d. Se refiere\u00a0<\/span><span class=\"x_ContentPasted0\" lang=\"ES-TRAD\">Mario Herrera, acad\u00e9mico e investigador del Centro de An\u00e1lisis Pol\u00edtico (CAP).\u00a0<\/span><\/a><\/p><p class=\"x_MsoNormal\"><span lang=\"ES-TRAD\">\u00a0<\/span><\/p><p class=\"x_MsoNormal\"><b><span class=\"x_ContentPasted0\" lang=\"ES-TRAD\">DIARIOELCENTRO.CL\u00a0<\/span><\/b><\/p><p class=\"x_MsoNormal\"><a href=\"https:\/\/www.diarioelcentro.cl\/2023\/10\/18\/ineficiencia-de-la-clase-politica-y-subdesarrollo\/\">Ineficiencia de la clase pol\u00edtica y subdesarrollo. Se refiere Emilio Moyano D\u00edaz, acad\u00e9mico de la Facultad de Psicolog\u00eda. \u00a0<\/a><\/p><p class=\"x_MsoNormal\"><span lang=\"ES-TRAD\">\u00a0<\/span><\/p><p class=\"x_MsoNormal\"><strong><span class=\"x_ContentPasted0\" lang=\"ES-TRAD\">EL LECTOR\u00a0<\/span><\/strong><\/p><p class=\"x_MsoNormal\"><a href=\"https:\/\/www.litoralpress.cl\/paginaconsultas\/Servicios_NClipSitio\/Get_Imagen_Nota.aspx?LPKey=BE4GTDAYNCIXZGHHWLMCJG4ONQQRRMYZQJ3UYMUPEX327NQBUID7TVGJ37OLTZL4NODEZP3QY3OKM\"><span class=\"x_ContentPasted0\" lang=\"ES-TRAD\">Asume nuevo director regional de Sercotec en el Maule. Se menciona a la Universidad de Talca. \u00a0<\/span><\/a><\/p><p class=\"x_MsoNormal\"><span lang=\"ES-TRAD\">\u00a0<\/span><\/p><p class=\"x_MsoNormal\"><strong><span class=\"x_ContentPasted0\" lang=\"ES-TRAD\">EL HERALDO\u00a0<\/span><\/strong><\/p><p class=\"x_MsoNormal\"><a href=\"https:\/\/www.litoralpress.cl\/paginaconsultas\/Servicios_NClipSitio\/Get_Imagen_Nota.aspx?LPKey=ENFCAS2FURUBNJTSRTSR562BLNJKN3P4NSJZVGWVT63QDR3RO3Q4LR7IIIATYDLJ7SCHPBDYO2KM4\"><span class=\"x_ContentPasted0\" lang=\"ES-TRAD\">Asume nuevo director regional de Sercotec en el Maule. Se menciona a la Universidad de Talca. \u00a0<\/span><\/a><\/p><p class=\"x_MsoNormal\"><strong><span lang=\"ES-TRAD\">\u00a0<\/span><\/strong><\/p><p class=\"x_MsoNormal\"><strong><span class=\"x_ContentPasted0\" lang=\"ES-TRAD\">LA PRENSA DE CURIC\u00d3\u00a0<\/span><\/strong><\/p><p class=\"x_MsoNormal\"><span class=\"x_ContentPasted0\" lang=\"ES-TRAD\"><a href=\"https:\/\/www.litoralpress.cl\/paginaconsultas\/Servicios_NClipSitio\/Get_Imagen_Nota.aspx?LPKey=U4UZULWRN3LWRGUSBHN6B2FIHMQOT5PHPKWHI54XD2QSYTQJDTU33KQ3BDQVTKI2RZ3KPXC5GKSZ2\">Asume nuevo director regional de Sercotec. Se menciona a la Universidad de Talca.<\/a> \u00a0<\/span><\/p><p>\u00a0<\/p><p class=\"x_MsoNormal\"><strong><span class=\"x_ContentPasted0\" lang=\"ES-TRAD\">RADIOANCOA.CL\u00a0<\/span><\/strong><\/p><p class=\"x_MsoNormal\"><span class=\"x_ContentPasted0\" lang=\"ES-TRAD\"><a href=\"https:\/\/www.radioancoa.cl\/categoria\/regional\/asume-director-regional-sercotec-maule#\">Asume nuevo director regional de Sercotec. Se menciona a la Universidad de Talca.<\/a> \u00a0<\/span><\/p><p class=\"x_MsoNormal\"><span lang=\"ES-TRAD\">\u00a0<\/span><\/p><p class=\"x_MsoNormal\"><strong><span class=\"x_ContentPasted0\" lang=\"ES-TRAD\">CNNCHILE.COM\u00a0<\/span><\/strong><\/p><p class=\"x_MsoNormal\"><a href=\"https:\/\/www.cnnchile.com\/opinion\/columna-ignacio-achurra-participacion-ciudadana_20231018\/\"><span class=\"x_ContentPasted0\" lang=\"ES-TRAD\">Columna de Ignacio Achurra: Participaci\u00f3n ciudadana como ant\u00eddoto a la desafecci\u00f3n. Se menciona a la Universidad de Talca.\u00a0<\/span><\/a><\/p><\/div>\t\t\t\t\t\t<\/div>\n\t\t\t\t<\/div>\n\t\t\t\t\t<\/div>\n\t\t<\/div>\n\t\t\t\t\t\t\t<\/div>\n\t\t<\/section>\n\t\t\t\t\t\t<\/div>\n\t\t\t\t\t<\/div>\n\t\t","protected":false},"excerpt":{"rendered":"<p>PUBLIMETRO\u00a0 Balance de la gira a China: bien en lo econ\u00f3mico y avances en lo diplom\u00e1tico. Se refiere Jorge Navarrete Bustos, acad\u00e9mico de la Facultad de Econom\u00eda y Negocios.\u00a0\u00a0 \u00a0 PUBLIMETRO.CL\u00a0 Boric: \u201cLa gira a China abri\u00f3 puertas\u201d.\u00a0Se refiere Jorge Navarrete Bustos, acad\u00e9mico de la Facultad de Econom\u00eda y Negocios.\u00a0 \u00a0 DIARIO EL HERALDO\u00a0\u00a0\u00a0\u00a0\u00a0\u00a0\u00a0 Migrantes &hellip;<\/p>\n<p class=\"read-more\"> <a class=\"\" href=\"https:\/\/www.reportedeprensa.utalca.cl\/?p=8458\"> <span class=\"screen-reader-text\">19 de octubre de 2023<\/span> Read More &raquo;<\/a><\/p>\n","protected":false},"author":1,"featured_media":0,"comment_status":"closed","ping_status":"open","sticky":false,"template":"","format":"standard","meta":{"_monsterinsights_skip_tracking":false,"_monsterinsights_sitenote_active":false,"_monsterinsights_sitenote_note":"","_monsterinsights_sitenote_category":0},"categories":[41],"tags":[],"_links":{"self":[{"href":"https:\/\/www.reportedeprensa.utalca.cl\/index.php?rest_route=\/wp\/v2\/posts\/8458"}],"collection":[{"href":"https:\/\/www.reportedeprensa.utalca.cl\/index.php?rest_route=\/wp\/v2\/posts"}],"about":[{"href":"https:\/\/www.reportedeprensa.utalca.cl\/index.php?rest_route=\/wp\/v2\/types\/post"}],"author":[{"embeddable":true,"href":"https:\/\/www.reportedeprensa.utalca.cl\/index.php?rest_route=\/wp\/v2\/users\/1"}],"replies":[{"embeddable":true,"href":"https:\/\/www.reportedeprensa.utalca.cl\/index.php?rest_route=%2Fwp%2Fv2%2Fcomments&post=8458"}],"version-history":[{"count":4,"href":"https:\/\/www.reportedeprensa.utalca.cl\/index.php?rest_route=\/wp\/v2\/posts\/8458\/revisions"}],"predecessor-version":[{"id":8462,"href":"https:\/\/www.reportedeprensa.utalca.cl\/index.php?rest_route=\/wp\/v2\/posts\/8458\/revisions\/8462"}],"wp:attachment":[{"href":"https:\/\/www.reportedeprensa.utalca.cl\/index.php?rest_route=%2Fwp%2Fv2%2Fmedia&parent=8458"}],"wp:term":[{"taxonomy":"category","embeddable":true,"href":"https:\/\/www.reportedeprensa.utalca.cl\/index.php?rest_route=%2Fwp%2Fv2%2Fcategories&post=8458"},{"taxonomy":"post_tag","embeddable":true,"href":"https:\/\/www.reportedeprensa.utalca.cl\/index.php?rest_route=%2Fwp%2Fv2%2Ftags&post=8458"}],"curies":[{"name":"wp","href":"https:\/\/api.w.org\/{rel}","templated":true}]}}