{"id":846,"date":"2021-04-28T09:24:27","date_gmt":"2021-04-28T12:24:27","guid":{"rendered":"https:\/\/www.reportedeprensa.utalca.cl\/?p=846"},"modified":"2021-04-28T09:46:57","modified_gmt":"2021-04-28T12:46:57","slug":"28-de-abril-de-2021","status":"publish","type":"post","link":"https:\/\/www.reportedeprensa.utalca.cl\/?p=846","title":{"rendered":"28 de abril de 2021"},"content":{"rendered":"\t\t<div data-elementor-type=\"wp-post\" data-elementor-id=\"846\" class=\"elementor elementor-846\" data-elementor-settings=\"[]\">\n\t\t\t\t\t\t\t<div class=\"elementor-section-wrap\">\n\t\t\t\t\t\t\t<section class=\"elementor-section elementor-top-section elementor-element elementor-element-a06ca45 elementor-section-boxed elementor-section-height-default elementor-section-height-default\" data-id=\"a06ca45\" data-element_type=\"section\">\n\t\t\t\t\t\t<div class=\"elementor-container elementor-column-gap-default\">\n\t\t\t\t\t<div class=\"elementor-column elementor-col-100 elementor-top-column elementor-element elementor-element-1486c35\" data-id=\"1486c35\" data-element_type=\"column\">\n\t\t\t<div class=\"elementor-widget-wrap elementor-element-populated\">\n\t\t\t\t\t\t\t\t<div class=\"elementor-element elementor-element-42b145e elementor-widget elementor-widget-text-editor\" data-id=\"42b145e\" data-element_type=\"widget\" data-widget_type=\"text-editor.default\">\n\t\t\t\t<div class=\"elementor-widget-container\">\n\t\t\t\t\t\t\t\t<p><b>LA PRENSA<\/b><\/p><p><a style=\"font-style: inherit; font-weight: inherit; background-color: #ffffff; font-family: -apple-system, BlinkMacSystemFont,;\" href=\"https:\/\/www.litoralpress.cl\/paginaconsultas\/Servicios_NClip\/Get_Imagen_Nota.aspx?LPKey=.Z.Q.A3.E\/fa2s.Mx.R.Uvbridkf.Mw.Db.W.%C3%9C.Q9ka.Php.Lg49.C6p9rd.H\/7.L.V7oz.Y.C.Tatv.Uridw.J\" target=\"_blank\" rel=\"noopener\">UTalca logra nueva certificaci\u00f3n en sustentabilidad.<\/a><\/p>\t\t\t\t\t\t<\/div>\n\t\t\t\t<\/div>\n\t\t\t\t<div class=\"elementor-element elementor-element-a52011c elementor-widget elementor-widget-text-editor\" data-id=\"a52011c\" data-element_type=\"widget\" data-widget_type=\"text-editor.default\">\n\t\t\t\t<div class=\"elementor-widget-container\">\n\t\t\t\t\t\t\t\t<p><b>24HORAS.CL<\/b><\/p><p><a style=\"font-style: inherit; font-weight: inherit; background-color: #ffffff; font-family: -apple-system, BlinkMacSystemFont,;\" href=\"https:\/\/www.24horas.cl\/nacional\/pronostico-lluvia-y-nieve-fin-de-semana-santiago-region-metropolitana-4754686\" target=\"_blank\" rel=\"noopener\">Experto de AccuWeather pronostica lluvia y nieve este fin de semana en la zona central. Se refiere Patricio Gonz\u00e1lez, acad\u00e9mico del Centro de Investigaci\u00f3n y Transferencia en Riego y Agroclimatolog\u00eda (CITRA) de la UTalca.<\/a><\/p>\t\t\t\t\t\t<\/div>\n\t\t\t\t<\/div>\n\t\t\t\t<div class=\"elementor-element elementor-element-f894ee3 elementor-widget elementor-widget-text-editor\" data-id=\"f894ee3\" data-element_type=\"widget\" data-widget_type=\"text-editor.default\">\n\t\t\t\t<div class=\"elementor-widget-container\">\n\t\t\t\t\t\t\t\t<p><b>ADNRADIO.CL<\/b><\/p><p><a style=\"font-style: inherit; font-weight: inherit; background-color: #ffffff; font-family: -apple-system, BlinkMacSystemFont,;\" href=\"https:\/\/www.adnradio.cl\/nacional\/2021\/04\/27\/cuatro-sistemas-frontales-traeran-lluvia-a-la-zona-central-este-fin-de-semana.html\" target=\"_blank\" rel=\"noopener\">Cuatro sistemas frontales traer\u00e1n lluvia a la zona central este fin de semana. Se refiere Patricio Gonz\u00e1lez, acad\u00e9mico del Centro de Investigaci\u00f3n y Transferencia en Riego y Agroclimatolog\u00eda (CITRA) de la UTalca.<\/a><\/p>\t\t\t\t\t\t<\/div>\n\t\t\t\t<\/div>\n\t\t\t\t<div class=\"elementor-element elementor-element-e554c90 elementor-widget elementor-widget-text-editor\" data-id=\"e554c90\" data-element_type=\"widget\" data-widget_type=\"text-editor.default\">\n\t\t\t\t<div class=\"elementor-widget-container\">\n\t\t\t\t\t\t\t\t<p><b>PAGINA7.CL<\/b><\/p><p><a style=\"font-style: inherit; font-weight: inherit; background-color: #ffffff; font-family: -apple-system, BlinkMacSystemFont,;\" href=\"https:\/\/www.pagina7.cl\/notas\/actualidad\/2021\/04\/27\/cuatro-sistemas-frontales-traeran-lluvias-a-santiago-y-la-zona-central-de-chile-este-fin-de-semana.shtml\" target=\"_blank\" rel=\"noopener\">Cuatro sistemas frontales traer\u00e1n lluvias a Santiago y la zona central de Chile este fin de semana. Se refiere Patricio Gonz\u00e1lez, acad\u00e9mico del Centro de Investigaci\u00f3n y Transferencia en Riego y Agroclimatolog\u00eda (CITRA) de la UTalca.<\/a><\/p>\t\t\t\t\t\t<\/div>\n\t\t\t\t<\/div>\n\t\t\t\t<div class=\"elementor-element elementor-element-3397d24 elementor-widget elementor-widget-text-editor\" data-id=\"3397d24\" data-element_type=\"widget\" data-widget_type=\"text-editor.default\">\n\t\t\t\t<div class=\"elementor-widget-container\">\n\t\t\t\t\t\t\t\t<p><b>MARAY.CL<\/b><\/p><p><a style=\"font-style: inherit; font-weight: inherit; background-color: #ffffff; font-family: -apple-system, BlinkMacSystemFont,;\" href=\"https:\/\/www.maray.cl\/2021\/04\/27\/experto-de-accuweather-pronostica-lluvia-y-nieve-este-fin-de-semana-en-la-zona-central\/\" target=\"_blank\" rel=\"noopener\">Experto de AccuWeather pronostica lluvia y nieve este fin de semana en la zona central. Se refiere Patricio Gonz\u00e1lez, acad\u00e9mico del Centro de Investigaci\u00f3n y Transferencia en Riego y Agroclimatolog\u00eda\u00a0 (CITRA) de la UTalca.<\/a><\/p>\t\t\t\t\t\t<\/div>\n\t\t\t\t<\/div>\n\t\t\t\t<div class=\"elementor-element elementor-element-374ef36 elementor-widget elementor-widget-text-editor\" data-id=\"374ef36\" data-element_type=\"widget\" data-widget_type=\"text-editor.default\">\n\t\t\t\t<div class=\"elementor-widget-container\">\n\t\t\t\t\t\t\t\t<p><b>EMOL.COM<\/b><\/p><p><a style=\"font-style: inherit; font-weight: inherit; background-color: #ffffff; font-family: -apple-system, BlinkMacSystemFont,;\" href=\"https:\/\/www.emol.com\/noticias\/Espectaculos\/2021\/04\/28\/1019221\/Netflix-Headspace-guia-buen-dormir.html\" target=\"_blank\" rel=\"noopener\">Llega serie animada que promete educar sobre el sue\u00f1o y ayudar a dormir mejor. Se menciona investigaci\u00f3n sobre el sue\u00f1o realizada por acad\u00e9micos de la Facultad de Psicolog\u00eda de la UTalca.<\/a><\/p>\t\t\t\t\t\t<\/div>\n\t\t\t\t<\/div>\n\t\t\t\t<div class=\"elementor-element elementor-element-97c137b elementor-widget elementor-widget-text-editor\" data-id=\"97c137b\" data-element_type=\"widget\" data-widget_type=\"text-editor.default\">\n\t\t\t\t<div class=\"elementor-widget-container\">\n\t\t\t\t\t\t\t\t<p><b>ENLINEAMAULE.CL<\/b><\/p><p><a style=\"font-style: inherit; font-weight: inherit; background-color: #ffffff; font-family: -apple-system, BlinkMacSystemFont,;\" href=\"https:\/\/enlineamaule.cl\/archivo\/43238\" target=\"_blank\" rel=\"noopener\">Vacuna COVID-19: \u00bfPor qu\u00e9 ser\u00eda importante la aplicaci\u00f3n de una tercera dosis, cu\u00e1l es su efecto? Expertos analizan su comportamiento. Se refiere Sergio Wehinger, director del Mag\u00edster en Ciencias Biom\u00e9dicas y Marcelo Alarc\u00f3n, acad\u00e9mico del Departamento de Bioqu\u00edmica Cl\u00ednica e inmunohematolog\u00eda de la UTalca.<\/a><\/p>\t\t\t\t\t\t<\/div>\n\t\t\t\t<\/div>\n\t\t\t\t<div class=\"elementor-element elementor-element-5853668 elementor-widget elementor-widget-text-editor\" data-id=\"5853668\" data-element_type=\"widget\" data-widget_type=\"text-editor.default\">\n\t\t\t\t<div class=\"elementor-widget-container\">\n\t\t\t\t\t\t\t\t<p><b>CIEPLAN.ORG<\/b><\/p><p><a style=\"font-style: inherit; font-weight: inherit; background-color: #ffffff; font-family: -apple-system, BlinkMacSystemFont,;\" href=\"https:\/\/www.cieplan.org\/christian-larrain-ex-vicepresidente-cmf-sobre-sistema-de-pensiones-se-requiere-una-reforma-estructural-profunda-con-dos-componente-un-sistema-publico-y-al-componente-afp\/\" target=\"_blank\" rel=\"noopener\">Christian Larra\u00edn, ex vicepresidente CMF sobre sistema de pensiones: \u201cse requiere una reforma estructural profunda con dos componentes, un sistema p\u00fablico y el componente AFP\u201d. Se refiere Manuel Marf\u00e1n, director del Programa de Investigaci\u00f3n Social Cieplan-UTalca.<\/a><\/p>\t\t\t\t\t\t<\/div>\n\t\t\t\t<\/div>\n\t\t\t\t<div class=\"elementor-element elementor-element-43357b1 elementor-widget elementor-widget-text-editor\" data-id=\"43357b1\" data-element_type=\"widget\" data-widget_type=\"text-editor.default\">\n\t\t\t\t<div class=\"elementor-widget-container\">\n\t\t\t\t\t\t\t\t<p><b>LA SEGUNDA<\/b><\/p><p><a style=\"font-style: inherit; font-weight: inherit; background-color: #ffffff; font-family: -apple-system, BlinkMacSystemFont,;\" href=\"https:\/\/www.litoralpress.cl\/sitio\/Prensa_PaginaCompleta.cshtml?LPKey=x.E506v4ws5h.Ty8s.Q.G6jcoxbm.X.Al.Wy.Xp.Ws.Z\/.B.W.Nv.X.N.%C3%9C.I.%C3%96\" target=\"_blank\" rel=\"noopener\">La f\u00f3rmula de Yasna Provoste para articular a la oposici\u00f3n: \u201cNo me arranco por la libre\u201d. Se refiere Mauricio Morales, director del Centro de An\u00e1lisis Pol\u00edtico (CAP) de la UTalca.<\/a><\/p>\t\t\t\t\t\t<\/div>\n\t\t\t\t<\/div>\n\t\t\t\t<div class=\"elementor-element elementor-element-922d785 elementor-widget elementor-widget-text-editor\" data-id=\"922d785\" data-element_type=\"widget\" data-widget_type=\"text-editor.default\">\n\t\t\t\t<div class=\"elementor-widget-container\">\n\t\t\t\t\t\t\t\t<p><b>VTTE.UTEM.CL<\/b><\/p><p><a style=\"font-style: inherit; font-weight: inherit; background-color: #ffffff; font-family: -apple-system, BlinkMacSystemFont,;\" href=\"https:\/\/vtte.utem.cl\/2021\/04\/27\/universidades-invitan-a-foro-sobre-medio-ambiente-en-america-latina-el-caribe-y-chile\/\" target=\"_blank\" rel=\"noopener\">Universidades invitan a Foro sobre medio ambiente en Am\u00e9rica Latina, el Caribe y Chile. Se menciona a la UTalca.<\/a><\/p>\t\t\t\t\t\t<\/div>\n\t\t\t\t<\/div>\n\t\t\t\t\t<\/div>\n\t\t<\/div>\n\t\t\t\t\t\t\t<\/div>\n\t\t<\/section>\n\t\t\t\t\t\t<\/div>\n\t\t\t\t\t<\/div>\n\t\t","protected":false},"excerpt":{"rendered":"<p>LA PRENSA UTalca logra nueva certificaci\u00f3n en sustentabilidad. 24HORAS.CL Experto de AccuWeather pronostica lluvia y nieve este fin de semana en la zona central. Se refiere Patricio Gonz\u00e1lez, acad\u00e9mico del Centro de Investigaci\u00f3n y Transferencia en Riego y Agroclimatolog\u00eda (CITRA) de la UTalca. ADNRADIO.CL Cuatro sistemas frontales traer\u00e1n lluvia a la zona central este fin &hellip;<\/p>\n<p class=\"read-more\"> <a class=\"\" href=\"https:\/\/www.reportedeprensa.utalca.cl\/?p=846\"> <span class=\"screen-reader-text\">28 de abril de 2021<\/span> Read More &raquo;<\/a><\/p>\n","protected":false},"author":1,"featured_media":0,"comment_status":"closed","ping_status":"open","sticky":false,"template":"elementor_theme","format":"standard","meta":{"_monsterinsights_skip_tracking":false,"_monsterinsights_sitenote_active":false,"_monsterinsights_sitenote_note":"","_monsterinsights_sitenote_category":0},"categories":[7],"tags":[],"_links":{"self":[{"href":"https:\/\/www.reportedeprensa.utalca.cl\/index.php?rest_route=\/wp\/v2\/posts\/846"}],"collection":[{"href":"https:\/\/www.reportedeprensa.utalca.cl\/index.php?rest_route=\/wp\/v2\/posts"}],"about":[{"href":"https:\/\/www.reportedeprensa.utalca.cl\/index.php?rest_route=\/wp\/v2\/types\/post"}],"author":[{"embeddable":true,"href":"https:\/\/www.reportedeprensa.utalca.cl\/index.php?rest_route=\/wp\/v2\/users\/1"}],"replies":[{"embeddable":true,"href":"https:\/\/www.reportedeprensa.utalca.cl\/index.php?rest_route=%2Fwp%2Fv2%2Fcomments&post=846"}],"version-history":[{"count":4,"href":"https:\/\/www.reportedeprensa.utalca.cl\/index.php?rest_route=\/wp\/v2\/posts\/846\/revisions"}],"predecessor-version":[{"id":850,"href":"https:\/\/www.reportedeprensa.utalca.cl\/index.php?rest_route=\/wp\/v2\/posts\/846\/revisions\/850"}],"wp:attachment":[{"href":"https:\/\/www.reportedeprensa.utalca.cl\/index.php?rest_route=%2Fwp%2Fv2%2Fmedia&parent=846"}],"wp:term":[{"taxonomy":"category","embeddable":true,"href":"https:\/\/www.reportedeprensa.utalca.cl\/index.php?rest_route=%2Fwp%2Fv2%2Fcategories&post=846"},{"taxonomy":"post_tag","embeddable":true,"href":"https:\/\/www.reportedeprensa.utalca.cl\/index.php?rest_route=%2Fwp%2Fv2%2Ftags&post=846"}],"curies":[{"name":"wp","href":"https:\/\/api.w.org\/{rel}","templated":true}]}}