{"id":8466,"date":"2023-10-20T17:18:55","date_gmt":"2023-10-20T20:18:55","guid":{"rendered":"https:\/\/www.reportedeprensa.utalca.cl\/?p=8466"},"modified":"2023-10-20T17:21:49","modified_gmt":"2023-10-20T20:21:49","slug":"20-de-octubre-de-2023","status":"publish","type":"post","link":"https:\/\/www.reportedeprensa.utalca.cl\/?p=8466","title":{"rendered":"20 de octubre de 2023"},"content":{"rendered":"\t\t<div data-elementor-type=\"wp-post\" data-elementor-id=\"8466\" class=\"elementor elementor-8466\" data-elementor-settings=\"[]\">\n\t\t\t\t\t\t\t<div class=\"elementor-section-wrap\">\n\t\t\t\t\t\t\t<section class=\"elementor-section elementor-top-section elementor-element elementor-element-bcea1a8 elementor-section-boxed elementor-section-height-default elementor-section-height-default\" data-id=\"bcea1a8\" data-element_type=\"section\">\n\t\t\t\t\t\t<div class=\"elementor-container elementor-column-gap-default\">\n\t\t\t\t\t<div class=\"elementor-column elementor-col-100 elementor-top-column elementor-element elementor-element-e7183bf\" data-id=\"e7183bf\" data-element_type=\"column\">\n\t\t\t<div class=\"elementor-widget-wrap elementor-element-populated\">\n\t\t\t\t\t\t\t\t<div class=\"elementor-element elementor-element-5ffbb87 elementor-widget elementor-widget-text-editor\" data-id=\"5ffbb87\" data-element_type=\"widget\" data-widget_type=\"text-editor.default\">\n\t\t\t\t<div class=\"elementor-widget-container\">\n\t\t\t\t\t\t\t\t<div class=\"x_elementToProof\"><p><strong>PUBLIMETRO<\/strong><\/p><p><a href=\"https:\/\/www.publimetro.cl\/noticias\/2023\/10\/19\/boric-la-gira-a-china-abrio-puertas\/\">Boric: \u201cLa gira a China abri\u00f3 puertas\u201d. Se refiere Jorge Navarrete Bustos, acad\u00e9mico de la Facultad de Econom\u00eda y Negocios.<\/a><\/p><p>\u00a0<\/p><p><strong>ADPRENSA<\/strong><\/p><p><a href=\"https:\/\/www.adprensa.cl\/cronica\/controles-periodicos-y-autoexamen-las-claves-para-afrontar-el-cancer-de-mama\/\">Controles peri\u00f3dicos y autoexamen: las claves para afrontar el c\u00e1ncer de mama. Se refiere Pilar Garc\u00eda Moya, acad\u00e9mica de la Escuela de Obstetricia y Puericultura.<\/a><\/p><p>\u00a0<\/p><p><strong>CAUQUENESNET.CL<\/strong><\/p><p><a href=\"https:\/\/cauquenesnet.cl\/2023\/10\/19\/controles-periodicos-y-autoexamen-las-claves-para-afrontar-el-cancer-de-mama\/\">Controles peri\u00f3dicos y autoexamen: las claves para afrontar el c\u00e1ncer de mama. Se refiere Pilar Garc\u00eda Moya, acad\u00e9mica de la Escuela de Obstetricia y Puericultura.<\/a><\/p><p>\u00a0<\/p><p><strong>MEDIBANCO<\/strong><\/p><p><a href=\"https:\/\/www.mediabanco.com\/controles-periodicos-y-autoexamen-las-claves-para-afrontar-el-cancer-de-mama\/\">Controles peri\u00f3dicos y autoexamen: las claves para afrontar el c\u00e1ncer de mama. Se refiere Pilar Garc\u00eda Moya, acad\u00e9mica de la Escuela de Obstetricia y Puericultura.<\/a><\/p><p>\u00a0<\/p><p><strong>MEDIABANCO<\/strong><\/p><p><a href=\"https:\/\/www.mediabanco.com\/academicos-capacitan-a-profesionales-de-salud-sobre-deteccion-de-problemas-de-oidos\/\">Acad\u00e9micos capacitan a profesionales de salud\u00a0sobre detecci\u00f3n de problemas de o\u00eddos. Se refiere Jos\u00e9 Gregorio Ledezma, acad\u00e9mico de la Escuela de Medicina.<\/a><\/p><p>\u00a0<\/p><p><strong>ADPRENSA<\/strong><\/p><p><a href=\"https:\/\/www.adprensa.cl\/cronica\/academicos-capacitan-a-profesionales-de-salud-sobre-deteccion-de-problemas-de-oidos\/\">Acad\u00e9micos capacitan a profesionales de salud\u00a0sobre detecci\u00f3n de problemas de o\u00eddos. Se refiere Jos\u00e9 Gregorio Ledezma, acad\u00e9mico de la Escuela de Medicina.<\/a><\/p><p>\u00a0<\/p><p><strong>PUBLIMICRO.CL<\/strong><\/p><p><a href=\"https:\/\/publimicro.cl\/universidad-de-talca-imparte-cursos-para-adultos-mayores-con-la-ayuda-con-el-cies-y-el-senama\/\">Universidad de Talca imparte cursos para adultos mayores, con la ayuda con el CIES y el SENAMA. Se refiere Iv\u00e1n Palomo, acad\u00e9mico de la Facultad de Ciencias de la Salud y director del CIES.<\/a><\/p><p>\u00a0<\/p><p><strong>ANALIZAMAULE.CL<\/strong><\/p><p><a href=\"https:\/\/analizamaule.cl\/especialista-destaco-la-importancia-que-tiene-elautocuidado-en-los-cuidadores-de-personas-mayores\/\">Especialista destac\u00f3 la importancia que tiene el autocuidado en los cuidadores de personas mayores. Se menciona a la Universidad de Talca.<\/a><\/p><p>\u00a0<\/p><p><strong>G5NOTICIAS.CL<\/strong><\/p><p><a href=\"https:\/\/g5noticias.cl\/2023\/10\/19\/concurso-cientifico-de-la-universidad-de-talca-se-realiza-por-primera-vez-en-la-region-metropolitana\/\">Concurso cient\u00edfico de la Universidad de Talca se realiza por primera vez en la Regi\u00f3n Metropolitana. Se refiere Cesar Retamal. Director del concurso y acad\u00e9mico de la Facultad de Ingenier\u00eda.<\/a><\/p><p>\u00a0<\/p><p><strong>CANAL 13<\/strong><\/p><p><a href=\"https:\/\/www.litoralpress.cl\/sitio\/RadioTV_Detalles.cshtml?LPKey=ABBRJH6LYHI23UU7KFXZW3OUU4PYTJFB3O6RBWEO6O2H7EU4GVYLGIOJFXJ27GA73O3IL2Z3EWDMM\">El concepto de s\u00f3lida mujer y fomento al emprendimiento. &#8211; Proyectos enfocados en el apoyo a mujeres &#8211; Roperos solidarios para la\u00a0Universidad de Talca. Se menciona a la Universidad de Talca.<\/a><\/p><p>\u00a0<\/p><p><strong>EL LECTOR<\/strong><\/p><p><a href=\"https:\/\/www.litoralpress.cl\/paginaconsultas\/Servicios_NClipSitio\/Get_Imagen_Nota.aspx?LPKey=QGWU3K77KNJHQ2TMMBT7SPVFZI7CVTLWBXTRIQ727H32Z5XKM7BDLWL4QR6YMLN5IVLMVGN6GVLK4\">Salud mental en Chile: Los desaf\u00edos de vivir con trastornos invisibles para la sociedad. Se refiere Carla Mendoza N\u00fa\u00f1ez, coordinadora cl\u00ednica del Centro de Psicolog\u00eda Aplicada (CEPA).<\/a><\/p><p>\u00a0<\/p><p><strong>SEPTIMAPAGINANOTICIAS.CL<\/strong><\/p><p><a href=\"https:\/\/www.septimapaginanoticias.cl\/salud-mental-en-chile-los-desafios-de-vivir-con-trastornos-invisibles-para-la-sociedad\">Salud mental en Chile: Los desaf\u00edos de vivir con trastornos invisibles para la sociedad. Se refiere Carla Mendoza N\u00fa\u00f1ez, coordinadora cl\u00ednica del Centro de Psicolog\u00eda Aplicada (CEPA).<\/a><\/p><p>\u00a0<\/p><p><strong>RADIO INFINITA<\/strong><\/p><p><a href=\"https:\/\/www.24horas.cl\/programas\/via-publica\/academico-por-cuarto-aniversario-del-estallido-social-el-cambio-se-va-diluyendo\">An\u00e1lisis pol\u00edtico de Mauricio Morales, director del Centro de An\u00e1lisis Pol\u00edtico (CAP).<\/a><\/p><p>\u00a0<\/p><p><strong>24HORAS.CL<\/strong><\/p><p><a href=\"https:\/\/www.24horas.cl\/programas\/via-publica\/academico-por-cuarto-aniversario-del-estallido-social-el-cambio-se-va-diluyendo\">Acad\u00e9mico por cuarto aniversario del estallido social: &#8220;El cambio se va diluyendo&#8221;. Se refiere Mario Herrera, acad\u00e9mico e investigador del Centro de An\u00e1lisis Pol\u00edtico (CAP).<\/a><\/p><\/div>\t\t\t\t\t\t<\/div>\n\t\t\t\t<\/div>\n\t\t\t\t\t<\/div>\n\t\t<\/div>\n\t\t\t\t\t\t\t<\/div>\n\t\t<\/section>\n\t\t\t\t\t\t<\/div>\n\t\t\t\t\t<\/div>\n\t\t","protected":false},"excerpt":{"rendered":"<p>PUBLIMETRO Boric: \u201cLa gira a China abri\u00f3 puertas\u201d. Se refiere Jorge Navarrete Bustos, acad\u00e9mico de la Facultad de Econom\u00eda y Negocios. \u00a0 ADPRENSA Controles peri\u00f3dicos y autoexamen: las claves para afrontar el c\u00e1ncer de mama. Se refiere Pilar Garc\u00eda Moya, acad\u00e9mica de la Escuela de Obstetricia y Puericultura. \u00a0 CAUQUENESNET.CL Controles peri\u00f3dicos y autoexamen: las &hellip;<\/p>\n<p class=\"read-more\"> <a class=\"\" href=\"https:\/\/www.reportedeprensa.utalca.cl\/?p=8466\"> <span class=\"screen-reader-text\">20 de octubre de 2023<\/span> Read More &raquo;<\/a><\/p>\n","protected":false},"author":1,"featured_media":0,"comment_status":"closed","ping_status":"open","sticky":false,"template":"","format":"standard","meta":{"_monsterinsights_skip_tracking":false,"_monsterinsights_sitenote_active":false,"_monsterinsights_sitenote_note":"","_monsterinsights_sitenote_category":0},"categories":[41],"tags":[],"_links":{"self":[{"href":"https:\/\/www.reportedeprensa.utalca.cl\/index.php?rest_route=\/wp\/v2\/posts\/8466"}],"collection":[{"href":"https:\/\/www.reportedeprensa.utalca.cl\/index.php?rest_route=\/wp\/v2\/posts"}],"about":[{"href":"https:\/\/www.reportedeprensa.utalca.cl\/index.php?rest_route=\/wp\/v2\/types\/post"}],"author":[{"embeddable":true,"href":"https:\/\/www.reportedeprensa.utalca.cl\/index.php?rest_route=\/wp\/v2\/users\/1"}],"replies":[{"embeddable":true,"href":"https:\/\/www.reportedeprensa.utalca.cl\/index.php?rest_route=%2Fwp%2Fv2%2Fcomments&post=8466"}],"version-history":[{"count":4,"href":"https:\/\/www.reportedeprensa.utalca.cl\/index.php?rest_route=\/wp\/v2\/posts\/8466\/revisions"}],"predecessor-version":[{"id":8470,"href":"https:\/\/www.reportedeprensa.utalca.cl\/index.php?rest_route=\/wp\/v2\/posts\/8466\/revisions\/8470"}],"wp:attachment":[{"href":"https:\/\/www.reportedeprensa.utalca.cl\/index.php?rest_route=%2Fwp%2Fv2%2Fmedia&parent=8466"}],"wp:term":[{"taxonomy":"category","embeddable":true,"href":"https:\/\/www.reportedeprensa.utalca.cl\/index.php?rest_route=%2Fwp%2Fv2%2Fcategories&post=8466"},{"taxonomy":"post_tag","embeddable":true,"href":"https:\/\/www.reportedeprensa.utalca.cl\/index.php?rest_route=%2Fwp%2Fv2%2Ftags&post=8466"}],"curies":[{"name":"wp","href":"https:\/\/api.w.org\/{rel}","templated":true}]}}