{"id":8475,"date":"2023-10-23T10:06:07","date_gmt":"2023-10-23T13:06:07","guid":{"rendered":"https:\/\/www.reportedeprensa.utalca.cl\/?p=8475"},"modified":"2023-10-23T10:10:57","modified_gmt":"2023-10-23T13:10:57","slug":"23-de-octubre-de-2023","status":"publish","type":"post","link":"https:\/\/www.reportedeprensa.utalca.cl\/?p=8475","title":{"rendered":"23 de octubre de 2023"},"content":{"rendered":"\t\t<div data-elementor-type=\"wp-post\" data-elementor-id=\"8475\" class=\"elementor elementor-8475\" data-elementor-settings=\"[]\">\n\t\t\t\t\t\t\t<div class=\"elementor-section-wrap\">\n\t\t\t\t\t\t\t<section class=\"elementor-section elementor-top-section elementor-element elementor-element-bcea1a8 elementor-section-boxed elementor-section-height-default elementor-section-height-default\" data-id=\"bcea1a8\" data-element_type=\"section\">\n\t\t\t\t\t\t<div class=\"elementor-container elementor-column-gap-default\">\n\t\t\t\t\t<div class=\"elementor-column elementor-col-100 elementor-top-column elementor-element elementor-element-e7183bf\" data-id=\"e7183bf\" data-element_type=\"column\">\n\t\t\t<div class=\"elementor-widget-wrap elementor-element-populated\">\n\t\t\t\t\t\t\t\t<div class=\"elementor-element elementor-element-5ffbb87 elementor-widget elementor-widget-text-editor\" data-id=\"5ffbb87\" data-element_type=\"widget\" data-widget_type=\"text-editor.default\">\n\t\t\t\t<div class=\"elementor-widget-container\">\n\t\t\t\t\t\t\t\t<div class=\"x_elementToProof\"><p class=\"x_xmsonormal\"><span class=\"x_xcontentpasted0\"><b><span class=\"x_ContentPasted0\" lang=\"ES-TRAD\">24HORAS.CL\u00a0<\/span><\/b><\/span><b><span lang=\"ES-TRAD\">\u00a0<\/span><\/b><\/p><p class=\"x_xmsonormal\"><a href=\"https:\/\/www.24horas.cl\/regiones\/zona-centro\/maule\/universidad-de-talca-reabre-su-jardin-botanico\"><span class=\"x_xcontentpasted0\"><span class=\"x_ContentPasted0\" lang=\"ES-TRAD\">Reabre sus puertas el Jard\u00edn Bot\u00e1nico de la\u00a0U. de Talca. Se refiere Karin Saavedra Redlich, directora general de Vinculaci\u00f3n con el Medio.\u00a0<\/span><\/span><span lang=\"ES-TRAD\">\u00a0<\/span><\/a><\/p><p class=\"x_xmsonormal\"><span lang=\"ES-TRAD\">\u00a0<\/span><\/p><p class=\"x_xmsonormal\"><strong><span class=\"x_xcontentpasted0\"><span class=\"x_ContentPasted0\" lang=\"ES-TRAD\">CANAL TVN RED MAULE\u00a0<\/span><\/span><span lang=\"ES-TRAD\">\u00a0<\/span><\/strong><\/p><p class=\"x_xmsonormal\"><a href=\"https:\/\/www.litoralpress.cl\/sitio\/RadioTV_Detalles.cshtml?LPKey=ECPYG46W6DQFYLW4I6JOB5HQ5QZN7GGENYDTMU2G7GM7S6XGMWD7XXSOJK4DR2WB75WCZWC2SSMWO\"><span class=\"x_xcontentpasted0\"><span class=\"x_ContentPasted0\" lang=\"ES-TRAD\">Reabre sus puertas el Jard\u00edn Bot\u00e1nico de la\u00a0U. de Talca. Se refiere Karin Saavedra Redlich, directora\u00a0general de Vinculaci\u00f3n con el Medio.\u00a0<\/span><\/span><span lang=\"ES-TRAD\">\u00a0<\/span><\/a><\/p><p class=\"x_xmsonormal\"><span class=\"x_ContentPasted0\" lang=\"ES-TRAD\">\u00a0<\/span><span lang=\"ES-TRAD\">\u00a0<\/span><\/p><p class=\"x_xmsonormal\"><strong><span class=\"x_xcontentpasted0\"><span class=\"x_ContentPasted0\" lang=\"ES-TRAD\">MEDIABANCO\u00a0<\/span><\/span><span lang=\"ES-TRAD\">\u00a0<\/span><\/strong><\/p><p class=\"x_xmsonormal\"><a href=\"https:\/\/www.mediabanco.com\/jardin-botanico-de-la-universidad-de-talca-reabre-con-novedades-para-sus-visitantes\/\"><span class=\"x_xcontentpasted0\"><span class=\"x_ContentPasted0\" lang=\"ES-TRAD\">Jard\u00edn Bot\u00e1nico de la Universidad de Talca reabre con novedades para sus visitantes. Se refiere Karin Saavedra Redlich, directora general de Vinculaci\u00f3n con el Medio. \u00a0<\/span><\/span><span lang=\"ES-TRAD\">\u00a0<\/span><\/a><\/p><p class=\"x_xmsonormal\"><span class=\"x_ContentPasted0\" lang=\"ES-TRAD\">\u00a0<\/span><span lang=\"ES-TRAD\">\u00a0<\/span><\/p><p class=\"x_xmsonormal\"><span class=\"x_xcontentpasted0\"><b><span class=\"x_ContentPasted0\" lang=\"ES-TRAD\">DIARIOS EN RED\u00a0<\/span><\/b><\/span><b><span lang=\"ES-TRAD\">\u00a0<\/span><\/b><\/p><p class=\"x_xmsonormal\"><a href=\"https:\/\/diariosenred.com\/regional\/jardin-botanico-abre-sus-puertas-con-novedades-para-la-comunidad\"><span class=\"x_xcontentpasted0\"><span class=\"x_ContentPasted0\" lang=\"ES-TRAD\">Jard\u00edn Bot\u00e1nico de la Universidad de Talca abre sus puertas con novedades para sus visitantes. Se refiere Karin Saavedra Redlich, directora general de Vinculaci\u00f3n con el Medio.\u00a0<\/span><\/span><span lang=\"ES-TRAD\">\u00a0<\/span><\/a><\/p><p class=\"x_xmsonormal\"><span lang=\"ES-TRAD\">\u00a0<\/span><\/p><p class=\"x_xmsonormal\"><strong><span class=\"x_xcontentpasted0\"><span class=\"x_ContentPasted0\" lang=\"ES-TRAD\">RED MAULE\u00a0<\/span><\/span><span lang=\"ES-TRAD\">\u00a0<\/span><\/strong><\/p><p class=\"x_xmsonormal\"><a href=\"https:\/\/redmaule.com\/regional\/jardin-botanico-abre-sus-puertas-con-novedades-para-la-comunidad\"><span class=\"x_xcontentpasted0\"><span class=\"x_ContentPasted0\" lang=\"ES-TRAD\">Jard\u00edn Bot\u00e1nico de la Universidad de Talca abre sus puertas con novedades para sus visitantes. Se refiere Karin Saavedra Redlich, directora general de Vinculaci\u00f3n con el Medio.\u00a0<\/span><\/span><span lang=\"ES-TRAD\">\u00a0<\/span><\/a><\/p><p class=\"x_xmsonormal\"><span lang=\"ES-TRAD\">\u00a0<\/span><\/p><p class=\"x_xmsonormal\"><strong><span class=\"x_xcontentpasted0\"><span class=\"x_ContentPasted0\" lang=\"ES-TRAD\">RED BIOBIO\u00a0<\/span><\/span><span lang=\"ES-TRAD\">\u00a0<\/span><\/strong><\/p><p class=\"x_xmsonormal\"><a href=\"https:\/\/redbiobio.com\/regional\/jardin-botanico-abre-sus-puertas-con-novedades-para-la-comunidad\"><span class=\"x_xcontentpasted0\"><span class=\"x_ContentPasted0\" lang=\"ES-TRAD\">Jard\u00edn Bot\u00e1nico de la Universidad de Talca abre sus puertas con novedades para sus visitantes. Se refiere Karin Saavedra Redlich, directora general de Vinculaci\u00f3n con el Medio.\u00a0<\/span><\/span><span lang=\"ES-TRAD\">\u00a0<\/span><\/a><\/p><p class=\"x_xmsonormal\"><span lang=\"ES-TRAD\">\u00a0<\/span><\/p><p class=\"x_xmsonormal\"><strong><span class=\"x_xcontentpasted0\"><span class=\"x_ContentPasted0\" lang=\"ES-TRAD\">RED O\u00b4HIGGINS\u00a0<\/span><\/span><span lang=\"ES-TRAD\">\u00a0<\/span><\/strong><\/p><p class=\"x_xmsonormal\"><a href=\"https:\/\/redohiggins.com\/regional\/jardin-botanico-abre-sus-puertas-con-novedades-para-la-comunidad\"><span class=\"x_xcontentpasted0\"><span class=\"x_ContentPasted0\" lang=\"ES-TRAD\">Jard\u00edn Bot\u00e1nico de la Universidad de Talca abre sus puertas con novedades para sus visitantes. Se refiere Karin Saavedra Redlich, directora general de Vinculaci\u00f3n con el Medio.\u00a0<\/span><\/span><span lang=\"ES-TRAD\">\u00a0<\/span><\/a><\/p><p class=\"x_xmsonormal\"><span class=\"x_ContentPasted0\" lang=\"ES-TRAD\">\u00a0<\/span><span lang=\"ES-TRAD\">\u00a0<\/span><\/p><p class=\"x_xmsonormal\"><strong><span class=\"x_xcontentpasted0\"><span class=\"x_ContentPasted0\" lang=\"ES-TRAD\">ELMAULEINFORMA.CL\u00a0<\/span><\/span><span lang=\"ES-TRAD\">\u00a0<\/span><\/strong><\/p><p class=\"x_xmsonormal\"><a href=\"https:\/\/elmauleinforma.cl\/jardin-botanico-de-la-universidad-de-talca-reabre-con-novedades-para-sus-visitantes\/\"><span class=\"x_xcontentpasted0\"><span class=\"x_ContentPasted0\" lang=\"ES-TRAD\">Jard\u00edn Bot\u00e1nico de la Universidad de Talca reabre con novedades para sus visitantes. Se refiere Karin Saavedra Redlich, directora general de Vinculaci\u00f3n con el Medio. \u00a0<\/span><\/span><span lang=\"ES-TRAD\">\u00a0<\/span><\/a><\/p><p class=\"x_xmsonormal\"><span class=\"x_xcontentpasted0\"><span lang=\"ES-TRAD\">\u00a0<\/span><\/span><\/p><p class=\"x_xmsonormal\"><b><span class=\"x_xcontentpasted0\"><span class=\"x_ContentPasted0\" lang=\"ES-TRAD\">DIARIOELCENTRO.CL\u00a0<\/span><\/span><span lang=\"ES-TRAD\">\u00a0<\/span><\/b><\/p><p class=\"x_xmsonormal\"><a href=\"https:\/\/www.diarioelcentro.cl\/2023\/10\/20\/jardin-botanico-de-talca-sorprende-a-sus-visitantes-con-novedades-en-su-reapertura\/\"><span class=\"x_xcontentpasted0\"><span class=\"x_ContentPasted0\" lang=\"ES-TRAD\">Jard\u00edn bot\u00e1nico de Talca sorprende a sus visitantes con novedades en su reapertura. Se refiere Karin Saavedra Redlich, directora general de Vinculaci\u00f3n con el Medio. \u00a0<\/span><\/span><span lang=\"ES-TRAD\">\u00a0<\/span><\/a><\/p><p class=\"x_xmsonormal\"><span lang=\"ES-TRAD\">\u00a0<\/span><\/p><p class=\"x_xmsonormal\"><span class=\"x_xcontentpasted0\"><b><span class=\"x_ContentPasted0\" lang=\"ES-TRAD\">EL MOSTRADOR\u00a0<\/span><\/b><\/span><b><span lang=\"ES-TRAD\">\u00a0<\/span><\/b><\/p><p class=\"x_xmsonormal\"><a href=\"https:\/\/www.elmostrador.cl\/braga\/2023\/10\/20\/controles-periodicos-y-autoexamen-las-claves-para-afrontar-el-cancer-de-mama\/\"><span class=\"x_xcontentpasted0\"><span class=\"x_ContentPasted0\" lang=\"ES-TRAD\">Controles peri\u00f3dicos y autoexamen: Las claves para afrontar el c\u00e1ncer de mama. Se refiere Pilar Garc\u00eda Moya, acad\u00e9mica de la Escuela de Obstetricia y Puericultura.\u00a0<\/span><\/span><span lang=\"ES-TRAD\">\u00a0<\/span><\/a><\/p><p class=\"x_xmsonormal\"><b><span lang=\"ES-TRAD\">\u00a0<\/span><\/b><\/p><p class=\"x_xmsonormal\"><b><span class=\"x_ContentPasted0\" lang=\"ES-TRAD\">DIARIOELPULSO.CL\u00a0<\/span><\/b><\/p><p class=\"x_MsoNormal\"><a href=\"https:\/\/www.diarioelpulso.cl\/2023\/10\/21\/en-100-aumentaron-las-licitaciones-desiertas-en-el-rubro-de-la-construccion\/\">En 100% aumentaron las licitaciones desiertas en el rubro de la construcci\u00f3n. Se refiere Armando Dur\u00e1n, acad\u00e9mico de la Facultad de Ingenier\u00eda. \u00a0<\/a><\/p><p class=\"x_xmsonormal\"><span lang=\"ES-TRAD\">\u00a0<\/span><\/p><p class=\"x_MsoNormal\"><b><span class=\"x_ContentPasted0\">COOPERATIVACIENCIA.CL<\/span><\/b><b>\u00a0<\/b><\/p><p class=\"x_MsoNormal\"><a href=\"https:\/\/www.cooperativaciencia.cl\/salud\/2023\/10\/22\/como-se-vive-con-trastornos-mentales-invisibles\/\"><span class=\"x_ContentPasted0\">\u00bfC\u00f3mo se vive con trastornos mentales invisibles?\u00a0<\/span><span class=\"x_xcontentpasted0\"><span class=\"x_ContentPasted0\" lang=\"ES-TRAD\">Se refiere Carla Mendoza, coordinadora cl\u00ednica del Centro de Psicolog\u00eda Aplicada (CEPA).\u00a0<\/span><\/span>\u00a0<\/a><\/p><p class=\"x_MsoNormal\">\u00a0<\/p><p class=\"x_MsoNormal\"><strong><span class=\"x_ContentPasted0\">G5NOTICIAS.CL\u00a0<\/span><\/strong><\/p><p class=\"x_MsoNormal x_ContentPasted0\"><a href=\"https:\/\/g5noticias.cl\/2023\/10\/22\/salud-mental-en-chile-los-desafios-de-vivir-con-trastornos-invisibles-para-la-sociedad\/\">Salud mental en Chile: Los desaf\u00edos de vivir con trastornos invisibles para la sociedad.\u00a0<span class=\"x_xcontentpasted0\"><span class=\"x_ContentPasted0\" lang=\"ES-TRAD\">Se refiere Carla Mendoza, coordinadora cl\u00ednica del Centro de Psicolog\u00eda Aplicada (CEPA) y Carolina Iturra, decana de la Facultad de Psicolog\u00eda.\u00a0<\/span><\/span>\u00a0<\/a><\/p><p class=\"x_xmsonormal\"><span lang=\"ES-TRAD\">\u00a0<\/span><\/p><p class=\"x_xmsonormal\"><strong><span class=\"x_xcontentpasted0\"><span class=\"x_ContentPasted0\" lang=\"ES-TRAD\">CIENCIAENCHILE.CL\u00a0<\/span><\/span><span lang=\"ES-TRAD\">\u00a0<\/span><\/strong><\/p><p class=\"x_xmsonormal\"><a href=\"https:\/\/www.cienciaenchile.cl\/concurso-visibiliza-experiencias-de-salud-mental\/\"><span class=\"x_xcontentpasted0\"><span class=\"x_ContentPasted0\" lang=\"ES-TRAD\">Concurso visibiliza experiencias de salud mental. Se refiere Carla Mendoza, coordinadora cl\u00ednica del Centro de Psicolog\u00eda Aplicada (CEPA).\u00a0<\/span><\/span><span lang=\"ES-TRAD\">\u00a0<\/span><\/a><\/p><p class=\"x_xmsonormal\"><span lang=\"ES-TRAD\">\u00a0<\/span><\/p><p class=\"x_xmsonormal\"><b><span class=\"x_ContentPasted0\" lang=\"ES-TRAD\">MEDIABANCO\u00a0<\/span><\/b><\/p><p class=\"x_MsoNormal\"><a href=\"https:\/\/www.mediabanco.com\/apoyan-la-toma-de-decisiones-en-torno-a-licencias-medicas-a-traves-de-inteligencia-artificial\/\">Apoyan la toma de decisiones en torno a licencias m\u00e9dicas a trav\u00e9s de inteligencia artificial. Se refiere Sandra Alvear, acad\u00e9mica de la Facultad de Econom\u00eda y Negocios. \u00a0<\/a><\/p><p class=\"x_xmsonormal\">\u00a0<\/p><p class=\"x_xmsonormal\"><strong><span class=\"x_ContentPasted0\" lang=\"EN-US\">CHILLANONLINE.COM\u00a0<\/span><\/strong><\/p><p class=\"x_MsoNormal x_ContentPasted0\"><a href=\"https:\/\/www.chillanonline.cl\/V6\/apoyan-la-toma-de-decisiones-en-torno-a-licencias-medicas-a-traves-de-inteligencia-artificial\/\">Apoyan la toma de decisiones en torno a licencias m\u00e9dicas a trav\u00e9s de inteligencia artificial. Se refiere Sandra Alvear, acad\u00e9mica de la Facultad de Econom\u00eda y Negocios. \u00a0<\/a><\/p><p class=\"x_xmsonormal\"><span lang=\"ES-TRAD\">\u00a0<\/span><\/p><p class=\"x_xmsonormal\"><strong><span class=\"x_ContentPasted0\" lang=\"ES-TRAD\">PUBLIMICRO\u00a0<\/span><\/strong><\/p><p class=\"x_MsoNormal x_ContentPasted0\"><a href=\"https:\/\/publimicro.cl\/experta-chilena-advierte-que-la-resistencia-a-los-antimicrobianos-podria-ser-la-proxima-pandemia-mundial\/\">Experta chilena advierte que la resistencia a los antimicrobianos podr\u00eda ser la pr\u00f3xima pandemia mundial. Se menciona a Doctorado de Ciencias Biom\u00e9dicas (DCBM) y el Departamento de Microbiolog\u00eda de la Universidad de Talca.\u00a0<\/a><\/p><p class=\"x_xmsonormal\"><span lang=\"ES-TRAD\">\u00a0<\/span><\/p><p class=\"x_xmsonormal\"><b><span class=\"x_ContentPasted0\" lang=\"ES-TRAD\">DIARIOELCENTRO.CL\u00a0<\/span><\/b><\/p><p class=\"x_MsoNormal\"><a href=\"https:\/\/www.diarioelcentro.cl\/2023\/10\/22\/expertos-advierten-que-la-resistencia-a-los-antimicrobianos-podria-ser-la-proxima-pandemia-mundial\/\"><span class=\"x_ContentPasted0\" lang=\"ES-TRAD\">Expertos advierten que la resistencia a los antimicrobianos podr\u00eda ser la pr\u00f3xima pandemia mundial. Se refieren Esteban Dur\u00e1n, acad\u00e9mico del Departamento de Microbiolog\u00eda. \u00a0<\/span><\/a><\/p><p class=\"x_xmsonormal\"><span lang=\"ES-TRAD\">\u00a0<\/span><\/p><p class=\"x_xmsonormal\"><strong><span class=\"x_ContentPasted0\" lang=\"ES-TRAD\">EL LECTOR\u00a0<\/span><\/strong><\/p><p class=\"x_MsoNormal\"><a href=\"https:\/\/www.litoralpress.cl\/paginaconsultas\/Servicios_NClipSitio\/Get_Imagen_Nota.aspx?LPKey=DIJA3HF7B4MPR6HHKCRFFM7LDJXNF2X42TGQZ724EPENEV7DLJU6SNEVOOUMXUJIE6CRQ23NWLW7S\"><span class=\"x_ContentPasted0\" lang=\"ES-TRAD\">Expertos advierten que la resistencia a los antimicrobianos podr\u00eda ser la pr\u00f3xima pandemia mundial. Se refieren Esteban Dur\u00e1n, acad\u00e9mico del Departamento de Microbiolog\u00eda. \u00a0<\/span><\/a><\/p><p class=\"x_MsoNormal\"><b><span lang=\"ES-TRAD\">\u00a0<\/span><\/b><\/p><p class=\"x_MsoNormal\"><b><span class=\"x_ContentPasted0\" lang=\"ES-TRAD\">EL MERCURIO\u00a0<\/span><\/b><\/p><p class=\"x_MsoNormal\"><a href=\"https:\/\/www.litoralpress.cl\/paginaconsultas\/Servicios_NClipSitio\/Get_Imagen_Nota.aspx?LPKey=Q2F4FUBQMSCREKPIRGTXVJTXFFAVZJZO3OMXSMILJCPNGKWKOBLLTFMT2LREQKQVY7XMK5IIYEXWI\">Extranjeros en padr\u00f3n electoral suben 31% y suman 150 mil nuevos votantes para plebiscito. Se refiere Mauricio Morales, director del Centro de An\u00e1lisis Pol\u00edtico (CAP).\u00a0<\/a><\/p><p class=\"x_MsoNormal\"><span lang=\"ES-TRAD\">\u00a0<\/span><\/p><p class=\"x_MsoNormal\"><b><span class=\"x_ContentPasted0\" lang=\"ES-TRAD\">LA TERCERA\u00a0<\/span><\/b><\/p><p class=\"x_MsoNormal\"><a href=\"https:\/\/www.litoralpress.cl\/paginaconsultas\/Servicios_NClipSitio\/Get_Imagen_Nota.aspx?LPKey=3CCZFVEL6DHIGY7SUOK3L36DU7Z7DQW6CAPYJFPL72WINPUQGHZNQOWZ2WUDX5DLS3TNCZAB5223E\"><span class=\"x_ContentPasted0\" lang=\"ES-TRAD\">6 razones que marcan la disyuntiva de La Moneda ante el plebiscito. Se refiere\u00a0<\/span><span class=\"x_ContentPasted0\" lang=\"ES-TRAD\">Mauricio Morales, director\u00a0<\/span><span class=\"x_ContentPasted0\" lang=\"ES-TRAD\">del Centro de An\u00e1lisis Pol\u00edtico (CAP).<\/span>\u00a0<\/a><\/p><p>\u00a0<\/p><p class=\"x_MsoNormal\"><strong><span class=\"x_ContentPasted0\" lang=\"ES-TRAD\">LATERCERA.COM\u00a0<\/span><\/strong><\/p><p class=\"x_MsoNormal\"><a href=\"https:\/\/www.latercera.com\/la-tercera-domingo\/noticia\/las-6-razones-que-marcan-la-disyuntiva-de-la-moneda-ante-el-plebiscito\/B6NESQSILJHA5DNA3Q6CX5PTAY\/\"><span class=\"x_ContentPasted0\" lang=\"ES-TRAD\">6 razones que marcan la disyuntiva de La Moneda ante el plebiscito. Se refiere\u00a0<\/span><span class=\"x_ContentPasted0\" lang=\"ES-TRAD\">Mauricio Morales, director\u00a0<\/span><span class=\"x_ContentPasted0\" lang=\"ES-TRAD\">del Centro de An\u00e1lisis Pol\u00edtico (CAP).<\/span><span lang=\"ES-TRAD\">\u00a0<\/span><\/a><\/p><p class=\"x_MsoNormal\"><span lang=\"ES-TRAD\">\u00a0<\/span><\/p><p class=\"x_MsoNormal\"><strong><span class=\"x_ContentPasted0\" lang=\"ES-TRAD\">MEGANOTICIAS.CL<span class=\"x_ContentPasted0\">\u00a0\u00a0\u00a0\u00a0\u00a0\u00a0\u00a0\u00a0\u00a0<\/span>\u00a0<\/span><\/strong><\/p><p class=\"x_MsoNormal x_ContentPasted0\"><a href=\"https:\/\/www.meganoticias.cl\/nacional\/429023-columna-mauricio-morales-encuesta-cadem-constitucion-a-favor-en-contra-derecha-izquierda-22-10-2023.html\">Votar nulo\/blanco es votar &#8220;A favor&#8221;.\u00a0<span class=\"x_ContentPasted0\" lang=\"ES-TRAD\">Se refiere\u00a0<\/span><span class=\"x_ContentPasted0\" lang=\"ES-TRAD\">Mauricio Morales, director\u00a0<\/span><span class=\"x_ContentPasted0\" lang=\"ES-TRAD\">del Centro de An\u00e1lisis Pol\u00edtico (CAP).<\/span>\u00a0<\/a><\/p><\/div>\t\t\t\t\t\t<\/div>\n\t\t\t\t<\/div>\n\t\t\t\t\t<\/div>\n\t\t<\/div>\n\t\t\t\t\t\t\t<\/div>\n\t\t<\/section>\n\t\t\t\t\t\t<\/div>\n\t\t\t\t\t<\/div>\n\t\t","protected":false},"excerpt":{"rendered":"<p>24HORAS.CL\u00a0\u00a0 Reabre sus puertas el Jard\u00edn Bot\u00e1nico de la\u00a0U. de Talca. Se refiere Karin Saavedra Redlich, directora general de Vinculaci\u00f3n con el Medio.\u00a0\u00a0 \u00a0 CANAL TVN RED MAULE\u00a0\u00a0 Reabre sus puertas el Jard\u00edn Bot\u00e1nico de la\u00a0U. de Talca. Se refiere Karin Saavedra Redlich, directora\u00a0general de Vinculaci\u00f3n con el Medio.\u00a0\u00a0 \u00a0\u00a0 MEDIABANCO\u00a0\u00a0 Jard\u00edn Bot\u00e1nico de la &hellip;<\/p>\n<p class=\"read-more\"> <a class=\"\" href=\"https:\/\/www.reportedeprensa.utalca.cl\/?p=8475\"> <span class=\"screen-reader-text\">23 de octubre de 2023<\/span> Read More &raquo;<\/a><\/p>\n","protected":false},"author":1,"featured_media":0,"comment_status":"closed","ping_status":"open","sticky":false,"template":"","format":"standard","meta":{"_monsterinsights_skip_tracking":false,"_monsterinsights_sitenote_active":false,"_monsterinsights_sitenote_note":"","_monsterinsights_sitenote_category":0},"categories":[41],"tags":[],"_links":{"self":[{"href":"https:\/\/www.reportedeprensa.utalca.cl\/index.php?rest_route=\/wp\/v2\/posts\/8475"}],"collection":[{"href":"https:\/\/www.reportedeprensa.utalca.cl\/index.php?rest_route=\/wp\/v2\/posts"}],"about":[{"href":"https:\/\/www.reportedeprensa.utalca.cl\/index.php?rest_route=\/wp\/v2\/types\/post"}],"author":[{"embeddable":true,"href":"https:\/\/www.reportedeprensa.utalca.cl\/index.php?rest_route=\/wp\/v2\/users\/1"}],"replies":[{"embeddable":true,"href":"https:\/\/www.reportedeprensa.utalca.cl\/index.php?rest_route=%2Fwp%2Fv2%2Fcomments&post=8475"}],"version-history":[{"count":4,"href":"https:\/\/www.reportedeprensa.utalca.cl\/index.php?rest_route=\/wp\/v2\/posts\/8475\/revisions"}],"predecessor-version":[{"id":8479,"href":"https:\/\/www.reportedeprensa.utalca.cl\/index.php?rest_route=\/wp\/v2\/posts\/8475\/revisions\/8479"}],"wp:attachment":[{"href":"https:\/\/www.reportedeprensa.utalca.cl\/index.php?rest_route=%2Fwp%2Fv2%2Fmedia&parent=8475"}],"wp:term":[{"taxonomy":"category","embeddable":true,"href":"https:\/\/www.reportedeprensa.utalca.cl\/index.php?rest_route=%2Fwp%2Fv2%2Fcategories&post=8475"},{"taxonomy":"post_tag","embeddable":true,"href":"https:\/\/www.reportedeprensa.utalca.cl\/index.php?rest_route=%2Fwp%2Fv2%2Ftags&post=8475"}],"curies":[{"name":"wp","href":"https:\/\/api.w.org\/{rel}","templated":true}]}}