{"id":8484,"date":"2023-10-24T13:12:20","date_gmt":"2023-10-24T16:12:20","guid":{"rendered":"https:\/\/www.reportedeprensa.utalca.cl\/?p=8484"},"modified":"2023-10-24T13:15:42","modified_gmt":"2023-10-24T16:15:42","slug":"24-de-octubre-de-2023","status":"publish","type":"post","link":"https:\/\/www.reportedeprensa.utalca.cl\/?p=8484","title":{"rendered":"24 de octubre de 2023"},"content":{"rendered":"\t\t<div data-elementor-type=\"wp-post\" data-elementor-id=\"8484\" class=\"elementor elementor-8484\" data-elementor-settings=\"[]\">\n\t\t\t\t\t\t\t<div class=\"elementor-section-wrap\">\n\t\t\t\t\t\t\t<section class=\"elementor-section elementor-top-section elementor-element elementor-element-bcea1a8 elementor-section-boxed elementor-section-height-default elementor-section-height-default\" data-id=\"bcea1a8\" data-element_type=\"section\">\n\t\t\t\t\t\t<div class=\"elementor-container elementor-column-gap-default\">\n\t\t\t\t\t<div class=\"elementor-column elementor-col-100 elementor-top-column elementor-element elementor-element-e7183bf\" data-id=\"e7183bf\" data-element_type=\"column\">\n\t\t\t<div class=\"elementor-widget-wrap elementor-element-populated\">\n\t\t\t\t\t\t\t\t<div class=\"elementor-element elementor-element-5ffbb87 elementor-widget elementor-widget-text-editor\" data-id=\"5ffbb87\" data-element_type=\"widget\" data-widget_type=\"text-editor.default\">\n\t\t\t\t<div class=\"elementor-widget-container\">\n\t\t\t\t\t\t\t\t<p><strong>EL MOSTRADOR<\/strong><\/p><p><a href=\"https:\/\/www.elmostrador.cl\/braga\/2023\/10\/24\/el-80-de-las-mujeres-vivio-violencia-obstetrica-o-ginecologica-segun-estudio\/\"><span style=\"font-style: inherit;\">El 80% de las mujeres vivi\u00f3 violencia obst\u00e9trica o ginecol\u00f3gica seg\u00fan estudio<\/span>. Se refiere Jos\u00e9 Manuel C\u00e1rdenas, acad\u00e9mico de la Facultad de Psicolog\u00eda. <\/a><\/p><p>\u00a0<\/p><p><strong>EL CIUDADANO<\/strong><\/p><p><a href=\"https:\/\/www.elciudadano.com\/chile\/estudio-un-80-de-mujeres-declara-haber-sufrido-violencia-obstetrica-o-ginecologica\/10\/23\/\">Estudio: Un 80% de mujeres declara haber sufrido violencia obst\u00e9trica o ginecol\u00f3gica. Se refiere Jos\u00e9 Manuel C\u00e1rdenas, acad\u00e9mico de la Facultad de Psicolog\u00eda.<\/a><\/p><p>\u00a0<\/p><p><strong>G5NOTICIAS.CL<\/strong><\/p><p><a href=\"https:\/\/g5noticias.cl\/2023\/10\/23\/estudio-establecio-que-el-80-de-las-mujeres-ha-sufrido-violencia-obstetrica-o-ginecologica\/\">Estudio estableci\u00f3 que el 80% de las mujeres ha sufrido violencia obst\u00e9trica o ginecol\u00f3gica. Se refiere Jos\u00e9 Manuel C\u00e1rdenas, acad\u00e9mico de la Facultad de Psicolog\u00eda.<\/a><\/p><p>\u00a0<\/p><p><strong>SEPTIMAPAGINANOTICIAS.CL<\/strong><\/p><p><a href=\"https:\/\/www.septimapaginanoticias.cl\/estudio-establecio-que-el-80-por-ciento-de-las-mujeres-ha-sufrido-violencia-obstetrica-o-ginecologica\">Estudio estableci\u00f3 que el 80% de las mujeres ha sufrido violencia obst\u00e9trica o ginecol\u00f3gica. Se refiere Jos\u00e9 Manuel C\u00e1rdenas, acad\u00e9mico de la Facultad de Psicolog\u00eda.<\/a><\/p><p>\u00a0<\/p><p><strong>ELMAULEINFORMA.CL<\/strong><\/p><p><a href=\"https:\/\/elmauleinforma.cl\/estudio-establecio-que-el-80-de-las-mujeres-ha-sufrido-violencia-obstetrica-o-ginecologica\/\">Estudio estableci\u00f3 que el 80% de las mujeres ha sufrido violencia obst\u00e9trica o ginecol\u00f3gica. Se refiere Jos\u00e9 Manuel C\u00e1rdenas, acad\u00e9mico de la Facultad de Psicolog\u00eda.<\/a><\/p><p>\u00a0<\/p><p><strong>CIENCIAENCHILE.CL<\/strong><\/p><p><a href=\"https:\/\/www.cienciaenchile.cl\/estudio-analiza-situacion-economica-de-migrantes-y-refugiados-en-chile\/\">Estudio analiza situaci\u00f3n econ\u00f3mica de migrantes y refugiados en Chile. Se refiere el director del Centro Nacional de Estudios Migratorios, Medardo Aguirre. <\/a><\/p><p>\u00a0<\/p><p><strong>CIENCIAYSALUD.CL<\/strong><\/p><p><a href=\"https:\/\/cienciaysalud.cl\/2023\/10\/23\/expertos-advierten-que-la-resistencia-a-los-antimicrobianos-podria-ser-la-proxima-pandemia-mundial\/\"><span style=\"font-style: inherit;\">Expertos advierten que la resistencia a los antimicrobianos podr\u00eda ser la pr\u00f3xima pandemia mundial. Se refiere Esteban Dur\u00e1n, acad\u00e9mico del Departamento de Microbiolog\u00eda y del Doctorado en Ciencias Biom\u00e9dicas.<\/span><\/a><\/p><p>\u00a0<\/p><p><strong>G5NOTICIAS.CL<\/strong><\/p><p><a href=\"https:\/\/g5noticias.cl\/2023\/10\/23\/apoyan-la-toma-de-decisiones-en-torno-a-licencias-medicas-a-traves-de-inteligencia-artificial\/\"><span style=\"font-style: inherit;\">Apoyan la toma de decisiones en torno a licencias m\u00e9dicas a trav\u00e9s de inteligencia artificial<\/span>. Se refiere Sandra Alvear, acad\u00e9mica de la Facultad de Econom\u00eda y Negocios. <\/a><\/p><p><strong>\u00a0<\/strong><\/p><p><strong>RADIO AMIGA<\/strong><\/p><p><a href=\"https:\/\/www.litoralpress.cl\/sitio\/RadioTV_Detalles.cshtml?LPKey=TU6Y6IUY4RWVJPPX7BKR7ZHRISV27MPOCV3OD5VNOB5AXVAEOCVOYL4ZFGCFIT4M4LAQPUBRVJCRO\">Jard\u00edn bot\u00e1nico de la\u00a0U de Talca\u00a0reabri\u00f3 sus puertas al p\u00fablico. Se refiere, Karin Saavedra Redlich, directora general de Vinculaci\u00f3n con el Medio.<\/a><\/p><p><strong>\u00a0<\/strong><\/p><p><strong>DIARIOELCENTRO.CL<\/strong><\/p><p><a href=\"https:\/\/www.diarioelcentro.cl\/2023\/10\/23\/talca-encuentro-exploro-claves-y-estrategias-para-potenciar-la-descentralizacion\/\">Encuentro explor\u00f3 claves y estrategias para potenciar la descentralizaci\u00f3n. Se refiere la vicerrectora de Innovaci\u00f3n, Ariela Vergara Jaque.<\/a><\/p><p>\u00a0<\/p><p><strong>CANAL TVN RED MAULE<\/strong><\/p><p><a href=\"https:\/\/www.litoralpress.cl\/sitio\/RadioTV_Detalles.cshtml?LPKey=RJBMBRUO27SBPOG3H4RZ2CSFPYK6CARZPM25IH63AKJ522EOW67CP4MG5BGY5FU7VGPIYTODMSYDW\">Tren de navidad: Campa\u00f1a para reunir regalos de navidad. Se menciona a la Universidad de Talca. <\/a><\/p><p><strong>\u00a0<\/strong><\/p><p><strong>EL MERCURIO<\/strong><\/p><p><a href=\"https:\/\/www.litoralpress.cl\/paginaconsultas\/Servicios_NClipSitio\/Get_Imagen_Nota.aspx?LPKey=FAYHXX4HRDOEAT37PZT4JMOO5ZXJQSWZ6UMYJSB325PY7M7AYQ53X3D33KHNLC2Z6N77SUVWYEWLO\">Gobierno esperar\u00eda desenlace de comicios argentinos para designar embajador. Se refiere Mauricio Morales, director del Centro de An\u00e1lisis Pol\u00edtico (CAP).<\/a><\/p><p><strong>\u00a0<\/strong><\/p><p><strong>RADIO INFINITA<\/strong><\/p><p><a href=\"https:\/\/www.litoralpress.cl\/sitio\/RadioTV_Detalles.cshtml?LPKey=LDFILHTUJICSQERDVCHI6VQ4FAA27BI7LZKZVKC4VDB5FQCOHZUIG5VWPQKHHS6PXNPBWKPRDSZ6O\">An\u00e1lisis pol\u00edtico de Mauricio Morales, director del Centro de An\u00e1lisis Pol\u00edtico (CAP).<\/a><\/p><p>\u00a0<\/p><p><strong>DIARIOELCENTRO.CL<\/strong><\/p><p><a href=\"https:\/\/www.diarioelcentro.cl\/2023\/10\/23\/precio-alto-del-dolar-preocupa-a-la-poblacion\/\">Precio alto del d\u00f3lar preocupa a la poblaci\u00f3n. Se refiere Arcadio Cerda Urrutia, acad\u00e9mico de la Facultad de Econom\u00eda y Negocios. <\/a><\/p><p>\u00a0<\/p><p><strong>EL LLANQUIHUE<\/strong><\/p><p><a href=\"https:\/\/www.litoralpress.cl\/paginaconsultas\/Servicios_NClipSitio\/Get_Imagen_Nota.aspx?LPKey=BYDOHCKL5FFMRV4PN2EFLRVFQOHJVRUJFAXAJ7CV6ENIR6MV3NRKN2CZR654MPX4JW5W6KMPUPBMM\">\u201cEste gremio va a avanzar en la medida que haya proyecci\u00f3n y continuidad de las obras\u201d. Se menciona a la Universidad de Talca.<\/a><\/p><p>\u00a0<\/p><p><strong>EL HERALDO<\/strong><\/p><p><a href=\"https:\/\/www.litoralpress.cl\/paginaconsultas\/Servicios_NClipSitio\/Get_Imagen_Nota.aspx?LPKey=UBO33K55BUQB5STIRX5LUVQLLOPIZS7IZNO3XCHDRLID6QXJFIFNMMOQ2P47HDNFXWPTL3OI7MUR2\">Estudiantes de la Escuela Salom\u00f3n Salman participaron en los Spring Games. Se menciona a la Universidad de Talca.<\/a><\/p><p>\u00a0<\/p><p><strong>EL RANCAG\u00dcINO<\/strong><\/p><p><a href=\"https:\/\/www.litoralpress.cl\/paginaconsultas\/Servicios_NClipSitio\/Get_Imagen_Nota.aspx?LPKey=WDR2C2IGOBSFU7QOC6BVXZWZET5V7NWH4I7PRRQQ5L4Y5PBB777NZUARZED47QGSUSHTLLPOXXVBE\">\u00bfQu\u00e9 tan real es el cambio clim\u00e1tico? Se menciona a la Universidad de Talca.<\/a><\/p><p>\u00a0<\/p><p><strong>LA ESTRELLA DE CONCEPCI\u00d3N<\/strong><\/p><p><a href=\"https:\/\/www.litoralpress.cl\/paginaconsultas\/Servicios_NClipSitio\/Get_Imagen_Nota.aspx?LPKey=4XT2YCFNFEUWN5Y56BM4AWLPZXEITI4FXH3WWSPU6G5OVPNT5A6AQX5QJBGIQ4MFDDLSESDMMH6UE\">\u00bfQu\u00e9 tan real es el cambio clim\u00e1tico? Se menciona a la Universidad de Talca.<\/a><\/p>\t\t\t\t\t\t<\/div>\n\t\t\t\t<\/div>\n\t\t\t\t\t<\/div>\n\t\t<\/div>\n\t\t\t\t\t\t\t<\/div>\n\t\t<\/section>\n\t\t\t\t\t\t<\/div>\n\t\t\t\t\t<\/div>\n\t\t","protected":false},"excerpt":{"rendered":"<p>EL MOSTRADOR El 80% de las mujeres vivi\u00f3 violencia obst\u00e9trica o ginecol\u00f3gica seg\u00fan estudio. Se refiere Jos\u00e9 Manuel C\u00e1rdenas, acad\u00e9mico de la Facultad de Psicolog\u00eda. \u00a0 EL CIUDADANO Estudio: Un 80% de mujeres declara haber sufrido violencia obst\u00e9trica o ginecol\u00f3gica. Se refiere Jos\u00e9 Manuel C\u00e1rdenas, acad\u00e9mico de la Facultad de Psicolog\u00eda. \u00a0 G5NOTICIAS.CL Estudio estableci\u00f3 &hellip;<\/p>\n<p class=\"read-more\"> <a class=\"\" href=\"https:\/\/www.reportedeprensa.utalca.cl\/?p=8484\"> <span class=\"screen-reader-text\">24 de octubre de 2023<\/span> Read More &raquo;<\/a><\/p>\n","protected":false},"author":1,"featured_media":0,"comment_status":"closed","ping_status":"open","sticky":false,"template":"","format":"standard","meta":{"_monsterinsights_skip_tracking":false,"_monsterinsights_sitenote_active":false,"_monsterinsights_sitenote_note":"","_monsterinsights_sitenote_category":0},"categories":[41],"tags":[],"_links":{"self":[{"href":"https:\/\/www.reportedeprensa.utalca.cl\/index.php?rest_route=\/wp\/v2\/posts\/8484"}],"collection":[{"href":"https:\/\/www.reportedeprensa.utalca.cl\/index.php?rest_route=\/wp\/v2\/posts"}],"about":[{"href":"https:\/\/www.reportedeprensa.utalca.cl\/index.php?rest_route=\/wp\/v2\/types\/post"}],"author":[{"embeddable":true,"href":"https:\/\/www.reportedeprensa.utalca.cl\/index.php?rest_route=\/wp\/v2\/users\/1"}],"replies":[{"embeddable":true,"href":"https:\/\/www.reportedeprensa.utalca.cl\/index.php?rest_route=%2Fwp%2Fv2%2Fcomments&post=8484"}],"version-history":[{"count":4,"href":"https:\/\/www.reportedeprensa.utalca.cl\/index.php?rest_route=\/wp\/v2\/posts\/8484\/revisions"}],"predecessor-version":[{"id":8488,"href":"https:\/\/www.reportedeprensa.utalca.cl\/index.php?rest_route=\/wp\/v2\/posts\/8484\/revisions\/8488"}],"wp:attachment":[{"href":"https:\/\/www.reportedeprensa.utalca.cl\/index.php?rest_route=%2Fwp%2Fv2%2Fmedia&parent=8484"}],"wp:term":[{"taxonomy":"category","embeddable":true,"href":"https:\/\/www.reportedeprensa.utalca.cl\/index.php?rest_route=%2Fwp%2Fv2%2Fcategories&post=8484"},{"taxonomy":"post_tag","embeddable":true,"href":"https:\/\/www.reportedeprensa.utalca.cl\/index.php?rest_route=%2Fwp%2Fv2%2Ftags&post=8484"}],"curies":[{"name":"wp","href":"https:\/\/api.w.org\/{rel}","templated":true}]}}