{"id":8502,"date":"2023-10-29T21:36:38","date_gmt":"2023-10-30T00:36:38","guid":{"rendered":"https:\/\/www.reportedeprensa.utalca.cl\/?p=8502"},"modified":"2023-10-29T21:58:18","modified_gmt":"2023-10-30T00:58:18","slug":"26-de-octubre-de-2023","status":"publish","type":"post","link":"https:\/\/www.reportedeprensa.utalca.cl\/?p=8502","title":{"rendered":"26 de octubre de 2023"},"content":{"rendered":"\t\t<div data-elementor-type=\"wp-post\" data-elementor-id=\"8502\" class=\"elementor elementor-8502\" data-elementor-settings=\"[]\">\n\t\t\t\t\t\t\t<div class=\"elementor-section-wrap\">\n\t\t\t\t\t\t\t<section class=\"elementor-section elementor-top-section elementor-element elementor-element-bcea1a8 elementor-section-boxed elementor-section-height-default elementor-section-height-default\" data-id=\"bcea1a8\" data-element_type=\"section\">\n\t\t\t\t\t\t<div class=\"elementor-container elementor-column-gap-default\">\n\t\t\t\t\t<div class=\"elementor-column elementor-col-100 elementor-top-column elementor-element elementor-element-e7183bf\" data-id=\"e7183bf\" data-element_type=\"column\">\n\t\t\t<div class=\"elementor-widget-wrap elementor-element-populated\">\n\t\t\t\t\t\t\t\t<div class=\"elementor-element elementor-element-5ffbb87 elementor-widget elementor-widget-text-editor\" data-id=\"5ffbb87\" data-element_type=\"widget\" data-widget_type=\"text-editor.default\">\n\t\t\t\t<div class=\"elementor-widget-container\">\n\t\t\t\t\t\t\t\t<p><strong>MEDIABANCO<\/strong><\/p><p><a href=\"https:\/\/www.mediabanco.com\/universidad-de-talca-conmemora-42-anos-impartiendo-educacion-de-calidad\/\">Universidad de Talca conmemora 42 a\u00f1os impartiendo educaci\u00f3n de calidad. Se refiere Carlos Torres Fuchslocher, rector.<\/a><\/p><p>\u00a0<\/p><p><strong>CAUQUENESNET.CL<\/strong><\/p><p><a href=\"https:\/\/cauquenesnet.cl\/2023\/10\/25\/universidad-de-talca-conmemora-42-anos-impartiendo-educacion-de-calidad\/\">Universidad de Talca conmemora 42 a\u00f1os impartiendo educaci\u00f3n de calidad. Se refiere Carlos Torres Fuchslocher, rector.<\/a><\/p><p>\u00a0<\/p><p><strong>ADPRENSA<\/strong><\/p><p><a href=\"https:\/\/www.adprensa.cl\/cronica\/enfermeria-utalca-recibio-certificacion-internacional-por-sus-buenas-practicas-clinicas\/\">Enfermer\u00eda UTalca recibi\u00f3 certificaci\u00f3n internacional por sus buenas pr\u00e1cticas cl\u00ednicas. Se refiere Carlos Torres Fuchslocher, rector; y Mar\u00eda Ester Mu\u00f1oz S\u00e1nchez, acad\u00e9mica de la Escuela de Enfermer\u00eda.<\/a><\/p><p>\u00a0<\/p><p><strong>MEDIABANCO<\/strong><\/p><p><a href=\"https:\/\/www.mediabanco.com\/enfermeria-utalca-recibio-certificacion-internacional-por-sus-buenas-practicas-clinicas\/\">Enfermer\u00eda UTalca recibi\u00f3 certificaci\u00f3n internacional por sus buenas pr\u00e1cticas cl\u00ednicas. Se refiere Carlos Torres Fuchslocher, rector; y Mar\u00eda Ester Mu\u00f1oz S\u00e1nchez, acad\u00e9mica de la Escuela de Enfermer\u00eda.<\/a><\/p><p>\u00a0<\/p><p><strong>REVISTA NEGOCIO &amp; CONSTRUCCI\u00d3N<\/strong><\/p><p><a href=\"https:\/\/www.litoralpress.cl\/sitio\/Prensa_Detalles.cshtml?LPKey=6JHPLT5IKZYAQOR6ATVJOANEWCWP7HEVLYVLFUEMJF4562JKVSDA\">En los pr\u00f3ximos tres a\u00f1os, Chile ser\u00e1 l\u00edder en el desarrollo de edificios de madera en altura en la regi\u00f3n. Se menciona a la Universidad de Talca<\/a>.<\/p><p>\u00a0<\/p><p><strong>DIARIOTALCA.CL<\/strong><\/p><p><a href=\"https:\/\/diariotalca.cl\/estudiantes-realizan-intervenciones-para-mejorar-vecindarios-en-talca\/\">Estudiantes realizan intervenciones para mejorar vecindarios en Talca. Se refieren Blanca Z\u00fa\u00f1iga y Susana Sep\u00falveda, directora y acad\u00e9mica de la Escuela de Arquitectura, respectivamente.<\/a><\/p><p>\u00a0<\/p><p><strong>EL HERALDO<\/strong><\/p><p><a href=\"https:\/\/www.litoralpress.cl\/paginaconsultas\/Servicios_NClipSitio\/Get_Imagen_Nota.aspx?LPKey=LCRAYQBUTGQRW2VRREGAREGD2RDUUPBYWWFW3W34N6T62I6US267BNPRYIO56K5YN5NCW5PUCA7Q2\">Estudiantes de arquitectura realizan intervenciones para mejorar vecindarios en Talca. Se refieren Blanca Z\u00fa\u00f1iga y Susana Sep\u00falveda, directora y acad\u00e9mica de la Escuela de Arquitectura, respectivamente.<\/a><\/p><p>\u00a0<\/p><p><strong>DIARIOELHERALDO.CL<\/strong><\/p><p><a href=\"https:\/\/www.diarioelheraldo.cl\/noticia\/estudiantes-de-arquitectura-realizan-intervenciones-para-mejorar-vecindarios-en-talca\">Estudiantes de arquitectura realizan intervenciones para mejorar vecindarios en Talca. Se refieren Blanca Z\u00fa\u00f1iga y Susana Sep\u00falveda, directora y acad\u00e9mica de la Escuela de Arquitectura, respectivamente<\/a>.<\/p><p>\u00a0<\/p><p><strong>ELMAULEINFORMA.CL<\/strong><\/p><p><a href=\"https:\/\/elmauleinforma.cl\/estudiantes-de-arquitectura-realizan-intervenciones-para-mejorar-vecindarios-en-talca\/\">Estudiantes de arquitectura realizan intervenciones para mejorar vecindarios en Talca. Se refieren Blanca Z\u00fa\u00f1iga y Susana Sep\u00falveda, directora y acad\u00e9mica de la Escuela de Arquitectura, respectivamente<\/a>.<\/p><p>\u00a0<\/p><p><strong>ELDIARIODESANTIAGO.CL<\/strong><\/p><p><a href=\"http:\/\/eldiariosantiago.cl\/estudiantes-de-arquitectura-realizan-intervenciones-para-mejorar-vecindarios-en-talca\/\">Estudiantes de arquitectura realizan intervenciones para mejorar vecindarios en Talca. Se refieren Blanca Z\u00fa\u00f1iga y Susana Sep\u00falveda, directora y acad\u00e9mica de la Escuela de Arquitectura, respectivamente.<\/a><\/p><p>\u00a0<\/p><p><strong>EL HERALDO<\/strong><\/p><p><a href=\"https:\/\/www.litoralpress.cl\/paginaconsultas\/Servicios_NClipSitio\/Get_Imagen_Nota.aspx?LPKey=TZ4MRXVDCZX3WB4RRGG7EO5E6RVXIKTAOXCISE2XCJSNYS23XV3DTS3ADGE4EL5I2BPQIE64NS7UC\">Subdere y UTalca realizan jornada Regional de Innovaci\u00f3n P\u00fablica para la Descentralizaci\u00f3n. Se menciona a la Universidad de Talca.<\/a><\/p><p>\u00a0<\/p><p><strong>EL LECTOR<\/strong><br \/><a href=\"https:\/\/www.litoralpress.cl\/paginaconsultas\/Servicios_NClipSitio\/Get_Imagen_Nota.aspx?LPKey=KA26TMD3OVVAKHBDT73MHZVQNPNBWIFIHIZ4PTYTTN2TY3YKJXSDHBUKKC3DPHFI56CUWHJDMQ7G2\">Seminario internacional de industria 4.0 abord\u00f3 tem\u00e1ticas sobre conectividad, ciberseguridad y desaf\u00edos para el sector agroalimentario.<\/a><\/p><p>\u00a0<\/p><p><strong>LA SEGUNDA<\/strong><\/p><p><a href=\"https:\/\/www.litoralpress.cl\/paginaconsultas\/Servicios_NClipSitio\/Get_Imagen_Nota.aspx?LPKey=647SARO33DSOJJMAOJUANBBE7RTDCDTJTQY4QI5SU6ASZZ75PEI3WOQYNF5X464FZYPBX2ZKSDLCU\">Oposici\u00f3n va por Grau: Diputados lo interpelar\u00e1n por caso Sinovac. Se refiere Mauricio Morales, director del Centro de An\u00e1lisis Pol\u00edtico (CAP).<\/a><\/p><p>\u00a0<\/p><p><strong>EMOL<\/strong><\/p><p><a href=\"https:\/\/www.emol.com\/noticias\/Nacional\/2023\/10\/25\/1110961\/vela-tension-socialismo-democratico.html\">El cuestionado tono de Vela hacia figuras del Socialismo Democr\u00e1tico que tensiona sus primeros d\u00edas a la cabeza de RD. Se refiere Mauricio Morales, director del Centro de An\u00e1lisis Pol\u00edtico (CAP).\u00a0<\/a><\/p><p>\u00a0<\/p><p><strong>DIARIOLAPRENSA.CL<\/strong><\/p><p><a href=\"https:\/\/new.diariolaprensa.cl\/index.php\/2023\/10\/25\/abogado-sobre-caso-convenios-tiene-que-quedar-como-un-precedente-a-futuro-para-que-no-se-repita\/\">Abogado sobre Caso Convenios: \u201cTiene que quedar como un precedente a futuro para que no se repita\u201d. Se refiere Gabriel Celis Dazinger, director de la Escuela de Derecho \u2013 Campus Santiago.<\/a><\/p><p>\u00a0<\/p><p><strong>EL CENTRO<\/strong><\/p><p><a href=\"https:\/\/www.diarioelcentro.cl\/2023\/10\/24\/la-propuesta-del-famoso-profe-o-del-ex-candidato-presidencial-de-ultraderecha\/\">La propuesta del \u201cfamoso\u201d profe o del ex candidato presidencial de ultraderecha. Se refiere Diego Palomo V\u00e9lez, acad\u00e9mico de la Facultad de Ciencias Jur\u00eddicas y Sociales.<\/a><\/p>\t\t\t\t\t\t<\/div>\n\t\t\t\t<\/div>\n\t\t\t\t\t<\/div>\n\t\t<\/div>\n\t\t\t\t\t\t\t<\/div>\n\t\t<\/section>\n\t\t\t\t\t\t<\/div>\n\t\t\t\t\t<\/div>\n\t\t","protected":false},"excerpt":{"rendered":"<p>MEDIABANCO Universidad de Talca conmemora 42 a\u00f1os impartiendo educaci\u00f3n de calidad. Se refiere Carlos Torres Fuchslocher, rector. \u00a0 CAUQUENESNET.CL Universidad de Talca conmemora 42 a\u00f1os impartiendo educaci\u00f3n de calidad. Se refiere Carlos Torres Fuchslocher, rector. \u00a0 ADPRENSA Enfermer\u00eda UTalca recibi\u00f3 certificaci\u00f3n internacional por sus buenas pr\u00e1cticas cl\u00ednicas. Se refiere Carlos Torres Fuchslocher, rector; y Mar\u00eda &hellip;<\/p>\n<p class=\"read-more\"> <a class=\"\" href=\"https:\/\/www.reportedeprensa.utalca.cl\/?p=8502\"> <span class=\"screen-reader-text\">26 de octubre de 2023<\/span> Read More &raquo;<\/a><\/p>\n","protected":false},"author":1,"featured_media":0,"comment_status":"closed","ping_status":"open","sticky":false,"template":"","format":"standard","meta":{"_monsterinsights_skip_tracking":false,"_monsterinsights_sitenote_active":false,"_monsterinsights_sitenote_note":"","_monsterinsights_sitenote_category":0},"categories":[41],"tags":[],"_links":{"self":[{"href":"https:\/\/www.reportedeprensa.utalca.cl\/index.php?rest_route=\/wp\/v2\/posts\/8502"}],"collection":[{"href":"https:\/\/www.reportedeprensa.utalca.cl\/index.php?rest_route=\/wp\/v2\/posts"}],"about":[{"href":"https:\/\/www.reportedeprensa.utalca.cl\/index.php?rest_route=\/wp\/v2\/types\/post"}],"author":[{"embeddable":true,"href":"https:\/\/www.reportedeprensa.utalca.cl\/index.php?rest_route=\/wp\/v2\/users\/1"}],"replies":[{"embeddable":true,"href":"https:\/\/www.reportedeprensa.utalca.cl\/index.php?rest_route=%2Fwp%2Fv2%2Fcomments&post=8502"}],"version-history":[{"count":4,"href":"https:\/\/www.reportedeprensa.utalca.cl\/index.php?rest_route=\/wp\/v2\/posts\/8502\/revisions"}],"predecessor-version":[{"id":8506,"href":"https:\/\/www.reportedeprensa.utalca.cl\/index.php?rest_route=\/wp\/v2\/posts\/8502\/revisions\/8506"}],"wp:attachment":[{"href":"https:\/\/www.reportedeprensa.utalca.cl\/index.php?rest_route=%2Fwp%2Fv2%2Fmedia&parent=8502"}],"wp:term":[{"taxonomy":"category","embeddable":true,"href":"https:\/\/www.reportedeprensa.utalca.cl\/index.php?rest_route=%2Fwp%2Fv2%2Fcategories&post=8502"},{"taxonomy":"post_tag","embeddable":true,"href":"https:\/\/www.reportedeprensa.utalca.cl\/index.php?rest_route=%2Fwp%2Fv2%2Ftags&post=8502"}],"curies":[{"name":"wp","href":"https:\/\/api.w.org\/{rel}","templated":true}]}}