{"id":8510,"date":"2023-10-30T12:47:56","date_gmt":"2023-10-30T15:47:56","guid":{"rendered":"https:\/\/www.reportedeprensa.utalca.cl\/?p=8510"},"modified":"2023-11-21T08:37:13","modified_gmt":"2023-11-21T11:37:13","slug":"30-de-octubre-de-2023","status":"publish","type":"post","link":"https:\/\/www.reportedeprensa.utalca.cl\/?p=8510","title":{"rendered":"30 de octubre de 2023"},"content":{"rendered":"\t\t<div data-elementor-type=\"wp-post\" data-elementor-id=\"8510\" class=\"elementor elementor-8510\" data-elementor-settings=\"[]\">\n\t\t\t\t\t\t\t<div class=\"elementor-section-wrap\">\n\t\t\t\t\t\t\t<section class=\"elementor-section elementor-top-section elementor-element elementor-element-bcea1a8 elementor-section-boxed elementor-section-height-default elementor-section-height-default\" data-id=\"bcea1a8\" data-element_type=\"section\">\n\t\t\t\t\t\t<div class=\"elementor-container elementor-column-gap-default\">\n\t\t\t\t\t<div class=\"elementor-column elementor-col-100 elementor-top-column elementor-element elementor-element-e7183bf\" data-id=\"e7183bf\" data-element_type=\"column\">\n\t\t\t<div class=\"elementor-widget-wrap elementor-element-populated\">\n\t\t\t\t\t\t\t\t<div class=\"elementor-element elementor-element-5ffbb87 elementor-widget elementor-widget-text-editor\" data-id=\"5ffbb87\" data-element_type=\"widget\" data-widget_type=\"text-editor.default\">\n\t\t\t\t<div class=\"elementor-widget-container\">\n\t\t\t\t\t\t\t\t<p style=\"font-weight: 400;\"><span style=\"font-style: inherit; font-weight: inherit;\"><strong>EL MOSTRADOR\u00a0<\/strong><\/span><\/p><p style=\"font-weight: 400;\"><a href=\"https:\/\/www.elmostrador.cl\/agenda-pais\/2023\/10\/26\/universidad-regional-conmemora-42-anos-impartiendo-educacion-de-calidad\/\"><span style=\"font-style: inherit;\">Universidad regional conmemora 42 a\u00f1os impartiendo educaci\u00f3n de calidad. Se refiere Carlos Torres Fuchslocher, rector.\u00a0<\/span><span style=\"font-style: inherit;\">\u00a0<\/span><\/a><\/p><p style=\"font-weight: 400;\"><span style=\"font-style: inherit; font-weight: inherit;\">\u00a0<\/span><\/p><p style=\"font-weight: 400;\"><strong><span style=\"font-style: inherit;\">MEDIABANCO\u00a0<\/span><\/strong><\/p><p style=\"font-weight: 400;\"><a href=\"https:\/\/www.mediabanco.com\/universidad-de-talca-conmemora-42-anos-impartiendo-educacion-de-calidad\/\">Universidad de Talca conmemora 42 a\u00f1os impartiendo educaci\u00f3n de calidad. Se refieren Jos\u00e9 Pablo Arellano, presidente de la Junta Directiva y\u00a0<span style=\"font-style: inherit; font-weight: inherit;\">Carlos Torres Fuchslocher, rector.\u00a0<\/span>\u00a0<\/a><\/p><p style=\"font-weight: 400;\"><span style=\"font-style: inherit; font-weight: inherit;\">\u00a0<\/span><\/p><p style=\"font-weight: 400;\"><strong><span style=\"font-style: inherit; font-weight: inherit;\">CANAL TVN RED MAULE\u00a0<\/span><\/strong><\/p><p style=\"font-weight: 400;\"><a href=\"https:\/\/www.litoralpress.cl\/sitio\/RadioTV_Detalles.cshtml?LPKey=BII6PYYYUAZFVNNODMIC7U6PUYRZMOUOJZVYXLE6PPN7PT2DO5VMF4YKPRSIQC44COALBGWJFZAZQ\">Universidad de Talca\u00a0celebra 42 a\u00f1os formando profesionales.\u00a0<span style=\"font-style: inherit; font-weight: inherit;\">Se refiere Carlos Torres Fuchslocher, rector.\u00a0\u00a0<\/span><\/a><\/p><p style=\"font-weight: 400;\"><strong><span style=\"font-style: inherit;\">EN L\u00cdNEA MAULE\u00a0<\/span><\/strong><\/p><p style=\"font-weight: 400;\"><a href=\"https:\/\/www.litoralpress.cl\/sitio\/RadioTV_Detalles.cshtml?LPKey=56SOYQGZWY5QVGAWKVRDHC2GG4M5QBNANLYBCKHWLQRZJBCF6VTFWIRQZ3SGCMMKLJLM6OGHJHD4Y\">Se celebra el 42\u00b0 Aniversario de la\u00a0Universidad de Talca.\u00a0<span style=\"font-style: inherit; font-weight: inherit;\">Se refiere Carlos Torres Fuchslocher, rector.\u00a0\u00a0<\/span><\/a><\/p><p style=\"font-weight: 400;\"><span style=\"font-style: inherit; font-weight: inherit;\">\u00a0<\/span><\/p><p style=\"font-weight: 400;\"><strong>MEDIABANCO\u00a0\u00a0\u00a0\u00a0\u00a0\u00a0\u00a0\u00a0\u00a0<\/strong><\/p><p style=\"font-weight: 400;\"><a href=\"https:\/\/www.mediabanco.com\/comunidades-en-tres-regiones-del-pais-aprendieron-sobre-educacion-previsional\/\">Comunidades en tres regiones del pa\u00eds\u00a0aprendieron sobre educaci\u00f3n previsional.\u00a0<span style=\"font-style: inherit; font-weight: inherit;\">Se refiere Carlos Torres Fuchslocher, rector.<\/span>\u00a0<\/a><\/p><p style=\"font-weight: 400;\"><strong><span style=\"font-style: inherit; font-weight: inherit;\">\u00a0<\/span><\/strong><strong><span style=\"font-style: inherit; font-weight: inherit;\">\u00a0<\/span><\/strong><\/p><p style=\"font-weight: 400;\"><strong><span style=\"font-style: inherit; font-weight: inherit;\">EL MERCURIO\u00a0<\/span><\/strong><\/p><p style=\"font-weight: 400;\"><a href=\"https:\/\/www.litoralpress.cl\/paginaconsultas\/Servicios_NClipSitio\/Get_Imagen_Nota.aspx?LPKey=JPIHZOAJDLIH7AUF6KSOBWXPPETZJP7LFAE7IF7VHC5FABOAMEQC6TAFEL4HV2U5GFXEFHOZRSDUC\"><span style=\"font-style: inherit;\">Licant\u00e9n: Un pueblo acorralado por el cambio clim\u00e1tico.\u00a0<\/span>Se refiere Patricio Gonz\u00e1lez Colville, investigador del Centro de Investigaci\u00f3n en Transferencia en Riego y Agroclimatolog\u00eda (CITRA).<span style=\"font-style: inherit;\">\u00a0<\/span><\/a><\/p><p style=\"font-weight: 400;\"><strong><span style=\"font-style: inherit; font-weight: inherit;\">\u00a0\u00a0\u00a0\u00a0\u00a0\u00a0\u00a0\u00a0\u00a0\u00a0\u00a0\u00a0\u00a0\u00a0\u00a0\u00a0\u00a0\u00a0\u00a0\u00a0\u00a0\u00a0\u00a0\u00a0\u00a0\u00a0\u00a0\u00a0\u00a0\u00a0\u00a0\u00a0\u00a0\u00a0\u00a0\u00a0\u00a0\u00a0\u00a0\u00a0\u00a0\u00a0\u00a0\u00a0\u00a0\u00a0<\/span><\/strong><\/p><p style=\"font-weight: 400;\"><strong><span style=\"font-style: inherit; font-weight: inherit;\">CANAL CNN CHILE\u00a0<\/span><\/strong><\/p><p style=\"font-weight: 400;\"><a href=\"https:\/\/www.litoralpress.cl\/sitio\/RadioTV_Detalles.cshtml?LPKey=N36UNPYPZTW26PUHS2OP6ELLWALQ6FUYIPIXKHZWNZNLCSDSH6LLSUEZUUMKIK7C2N5AEOC5AK6SK\"><span style=\"font-style: inherit;\">COVID &#8211; 19: Aumentan casos y llaman a vacunarse. Se refiere Daniel Jim\u00e9nez Acu\u00f1a, director de Salud del Estudiante.\u00a0<\/span><\/a><\/p><p style=\"font-weight: 400;\"><strong><span style=\"font-style: inherit; font-weight: inherit;\">\u00a0<\/span><\/strong><\/p><p style=\"font-weight: 400;\"><strong><span style=\"font-style: inherit;\">CANAL CNN CHILE\u00a0<\/span><\/strong><\/p><p style=\"font-weight: 400;\"><a href=\"https:\/\/www.litoralpress.cl\/sitio\/RadioTV_Detalles.cshtml?LPKey=X4PHXIMJLN2BAYPOK3LGZ6PDQT5GHAS3LDA66UXU6DFT3AR6HZMNUTVJIRLDXWQ3NW55IM6F3MQT6\">Aumentan casos de Covid 19 en las \u00faltimas semanas. Se refiere Daniel Jim\u00e9nez Acu\u00f1a, director de Salud del Estudiante.\u00a0<\/a><\/p><p>\u00a0<\/p><p style=\"font-weight: 400;\"><strong>EL LECTOR\u00a0<\/strong><\/p><p style=\"font-weight: 400;\"><a href=\"https:\/\/www.litoralpress.cl\/paginaconsultas\/Servicios_NClipSitio\/Get_Imagen_Nota.aspx?LPKey=YQNW2H27DPQMPWBDDQV47CAR5YQHHXDBQDLQ2ADUMXOZ5ES7FNITSCKGBTR5LP7OSMTORSXDT4ZK4\">Enfermer\u00eda UTalca recibi\u00f3 certificaci\u00f3n internacional por sus buenas pr\u00e1cticas cl\u00ednicas. Se refiere Carlos Torres Fuchslocher, rector; Minerva Astudillo, directora de la Escuela de Enfermer\u00eda; y Mar\u00eda Ester Mu\u00f1oz, acad\u00e9mica de la Escuela de Enfermer\u00eda.\u00a0\u00a0<\/a><\/p><p>\u00a0<\/p><p style=\"font-weight: 400;\"><strong>CANAL CONTIVISI\u00d3N\u00a0<\/strong><\/p><p style=\"font-weight: 400;\"><a href=\"https:\/\/www.litoralpress.cl\/sitio\/RadioTV_Detalles.cshtml?LPKey=F46OYI4GPONTEH5TYTW5JQOTXJV7SNMQQ3TASPI2VJZFVHGYFIZ3FMLARBWLJ3O5HCQ7FLXYDTFPO\">Jard\u00edn Bot\u00e1nico de la\u00a0U. de Talca\u00a0reabri\u00f3 sus puertas al p\u00fablico tras una serie de remodelaciones. Se refiere Karin Saavedra, directora Vinculaci\u00f3n con el Medio.\u00a0<\/a><\/p><p>\u00a0<\/p><p style=\"font-weight: 400;\"><strong>DIARIOS EN RED\u00a0<\/strong><\/p><p style=\"font-weight: 400;\"><a href=\"https:\/\/diariosenred.com\/regional\/con-exito-se-desarrollo-el-primer-taller-del-plan-estrategico-de-energia\">Con \u00e9xito se desarroll\u00f3 el primer taller del plan estrat\u00e9gico de energ\u00eda de la regi\u00f3n del Maule. Se refiere Mar\u00eda Luisa del Campo, directora del Centro Tecnol\u00f3gico Kipus.\u00a0\u00a0<\/a><\/p><p>\u00a0<\/p><p style=\"font-weight: 400;\"><strong>CANAL CONTIVISI\u00d3N\u00a0<\/strong><\/p><p style=\"font-weight: 400;\"><a href=\"https:\/\/www.litoralpress.cl\/sitio\/RadioTV_Detalles.cshtml?LPKey=VEWYCWLQUNLTJ6IBS7RUHABXFKPFYKL46XE5HI7NUEWPFWWPIN7W3XY2PQ4FTZQMVSJD6X2AKJNYE\">Se desarroll\u00f3 el primer plan estrat\u00e9gico de energ\u00eda para la regi\u00f3n del Maule. Se refiere Mar\u00eda Luisa del Campo, directora del Centro Tecnol\u00f3gico Kipus.\u00a0<\/a><\/p><p>\u00a0<\/p><p style=\"font-weight: 400;\"><strong>MEDIABANCO\u00a0<\/strong><\/p><p style=\"font-weight: 400;\"><a href=\"https:\/\/www.mediabanco.com\/expertos-debatieron-sobre-el-uso-y-aprovechamiento-del-agua\/\">Expertos debatieron sobre el uso y aprovechamiento del agua. Se refiere Iv\u00e1n Obando Camino, decano de la Facultad de Ciencias Jur\u00eddicas y Sociales.\u00a0\u00a0<\/a><\/p><p>\u00a0<\/p><p><strong>EL MOSTRADOR<\/strong><\/p><p class=\"d-the-single__title | common:margin-bottom-25\"><a href=\"https:\/\/www.elmostrador.cl\/noticias\/opinion\/columnas\/2023\/10\/27\/a-proposito-de-un-ano-lluvioso-nunca-hay-que-perder-de-vista-la-memoria-historica\/\">A prop\u00f3sito de un a\u00f1o lluvioso: nunca hay que perder de vista la memoria hist\u00f3rica. Se refiere Roberto Pizarro Tapia, director de la C\u00e1tedra UNESCO en Hidrolog\u00eda en Superficie.<\/a><\/p><p>\u00a0<\/p><p style=\"font-weight: 400;\"><strong>CANAL MEGA\u00a0<\/strong><\/p><p style=\"font-weight: 400;\"><a href=\"https:\/\/www.litoralpress.cl\/sitio\/RadioTV_Detalles.cshtml?LPKey=XND3WHBQXWDEWQGYDKCETJS5K35F4XTBG63UYGZX5HMZEL65KWU3CHD7HMAPJWHU3IDO5PW3TLTYI\">Chilenas con pasajes a los JJ.OO. de Paris 2024. Se menciona a la Universidad de Talca.\u00a0\u00a0<\/a><\/p><p>\u00a0<\/p><p style=\"font-weight: 400;\"><strong>ELTIPOGRAFO.CL\u00a0<\/strong><\/p><p style=\"font-weight: 400;\"><a href=\"https:\/\/eltipografo.cl\/2023\/10\/nueva-pandemia-mundial-la-resistencia-a-los-antimicrobianos\">Nueva pandemia mundial: la resistencia a los antimicrobianos. Se refiere Esteban Dur\u00e1n acad\u00e9mico del Departamento de Microbiolog\u00eda.<\/a><\/p><p>\u00a0<\/p><p style=\"font-weight: 400;\"><strong>MEDIABANCO\u00a0<\/strong><\/p><p style=\"font-weight: 400;\"><a href=\"https:\/\/www.mediabanco.com\/profesionales-de-salud-reciben-capacitacion-para-atencion-primaria-de-adultos-mayores\/\">Profesionales de salud reciben capacitaci\u00f3n para atenci\u00f3n primaria de adultos mayores. Se refiere Viviana Estrada, acad\u00e9mica de la Escuela de Kinesiolog\u00eda.\u00a0<\/a><\/p><p>\u00a0<\/p><p style=\"font-weight: 400;\"><strong>DIARIOELCENTRO.CL\u00a0<\/strong><\/p><p style=\"font-weight: 400;\"><a href=\"https:\/\/diarioelcentro.cl\/2023\/10\/26\/a-vueltas-sobre-el-populismo-punitivo\/\">A vueltas sobre el populismo. Se refiere Diego Palomo V\u00e9lez, acad\u00e9mico de la Facultad de Ciencias Jur\u00eddicas y Sociales.\u00a0\u00a0<\/a><\/p><p>\u00a0<\/p><p style=\"font-weight: 400;\"><strong>CANAL TVN RED MAULE\u00a0<\/strong><\/p><p style=\"font-weight: 400;\"><a href=\"https:\/\/www.litoralpress.cl\/sitio\/RadioTV_Detalles.cshtml?LPKey=WIOIBT6BTAQNLGPYZNNL3GO73TXHM4US63FNVMJDC7CZIRI5WEFDOUF3IHW3WDL2E3GOX7TDR2LKO\">El lunes se presentar\u00e1 la obra &#8220;El rucio de los cuchillos&#8221;. Se menciona al Centro de Extensi\u00f3n Talca<\/a>.\u00a0\u00a0<\/p>\t\t\t\t\t\t<\/div>\n\t\t\t\t<\/div>\n\t\t\t\t\t<\/div>\n\t\t<\/div>\n\t\t\t\t\t\t\t<\/div>\n\t\t<\/section>\n\t\t\t\t\t\t<\/div>\n\t\t\t\t\t<\/div>\n\t\t","protected":false},"excerpt":{"rendered":"<p>EL MOSTRADOR\u00a0 Universidad regional conmemora 42 a\u00f1os impartiendo educaci\u00f3n de calidad. Se refiere Carlos Torres Fuchslocher, rector.\u00a0\u00a0 \u00a0 MEDIABANCO\u00a0 Universidad de Talca conmemora 42 a\u00f1os impartiendo educaci\u00f3n de calidad. Se refieren Jos\u00e9 Pablo Arellano, presidente de la Junta Directiva y\u00a0Carlos Torres Fuchslocher, rector.\u00a0\u00a0 \u00a0 CANAL TVN RED MAULE\u00a0 Universidad de Talca\u00a0celebra 42 a\u00f1os formando profesionales.\u00a0Se &hellip;<\/p>\n<p class=\"read-more\"> <a class=\"\" href=\"https:\/\/www.reportedeprensa.utalca.cl\/?p=8510\"> <span class=\"screen-reader-text\">30 de octubre de 2023<\/span> Read More &raquo;<\/a><\/p>\n","protected":false},"author":1,"featured_media":0,"comment_status":"closed","ping_status":"open","sticky":false,"template":"","format":"standard","meta":{"_monsterinsights_skip_tracking":false,"_monsterinsights_sitenote_active":false,"_monsterinsights_sitenote_note":"","_monsterinsights_sitenote_category":0},"categories":[41],"tags":[],"_links":{"self":[{"href":"https:\/\/www.reportedeprensa.utalca.cl\/index.php?rest_route=\/wp\/v2\/posts\/8510"}],"collection":[{"href":"https:\/\/www.reportedeprensa.utalca.cl\/index.php?rest_route=\/wp\/v2\/posts"}],"about":[{"href":"https:\/\/www.reportedeprensa.utalca.cl\/index.php?rest_route=\/wp\/v2\/types\/post"}],"author":[{"embeddable":true,"href":"https:\/\/www.reportedeprensa.utalca.cl\/index.php?rest_route=\/wp\/v2\/users\/1"}],"replies":[{"embeddable":true,"href":"https:\/\/www.reportedeprensa.utalca.cl\/index.php?rest_route=%2Fwp%2Fv2%2Fcomments&post=8510"}],"version-history":[{"count":13,"href":"https:\/\/www.reportedeprensa.utalca.cl\/index.php?rest_route=\/wp\/v2\/posts\/8510\/revisions"}],"predecessor-version":[{"id":8654,"href":"https:\/\/www.reportedeprensa.utalca.cl\/index.php?rest_route=\/wp\/v2\/posts\/8510\/revisions\/8654"}],"wp:attachment":[{"href":"https:\/\/www.reportedeprensa.utalca.cl\/index.php?rest_route=%2Fwp%2Fv2%2Fmedia&parent=8510"}],"wp:term":[{"taxonomy":"category","embeddable":true,"href":"https:\/\/www.reportedeprensa.utalca.cl\/index.php?rest_route=%2Fwp%2Fv2%2Fcategories&post=8510"},{"taxonomy":"post_tag","embeddable":true,"href":"https:\/\/www.reportedeprensa.utalca.cl\/index.php?rest_route=%2Fwp%2Fv2%2Ftags&post=8510"}],"curies":[{"name":"wp","href":"https:\/\/api.w.org\/{rel}","templated":true}]}}