{"id":8520,"date":"2023-11-03T08:16:43","date_gmt":"2023-11-03T11:16:43","guid":{"rendered":"https:\/\/www.reportedeprensa.utalca.cl\/?p=8520"},"modified":"2023-11-03T09:17:29","modified_gmt":"2023-11-03T12:17:29","slug":"02-de-noviembre-de-2023","status":"publish","type":"post","link":"https:\/\/www.reportedeprensa.utalca.cl\/?p=8520","title":{"rendered":"02 de noviembre de 2023"},"content":{"rendered":"\t\t<div data-elementor-type=\"wp-post\" data-elementor-id=\"8520\" class=\"elementor elementor-8520\" data-elementor-settings=\"[]\">\n\t\t\t\t\t\t\t<div class=\"elementor-section-wrap\">\n\t\t\t\t\t\t\t<section class=\"elementor-section elementor-top-section elementor-element elementor-element-bcea1a8 elementor-section-boxed elementor-section-height-default elementor-section-height-default\" data-id=\"bcea1a8\" data-element_type=\"section\">\n\t\t\t\t\t\t<div class=\"elementor-container elementor-column-gap-default\">\n\t\t\t\t\t<div class=\"elementor-column elementor-col-100 elementor-top-column elementor-element elementor-element-e7183bf\" data-id=\"e7183bf\" data-element_type=\"column\">\n\t\t\t<div class=\"elementor-widget-wrap elementor-element-populated\">\n\t\t\t\t\t\t\t\t<div class=\"elementor-element elementor-element-5ffbb87 elementor-widget elementor-widget-text-editor\" data-id=\"5ffbb87\" data-element_type=\"widget\" data-widget_type=\"text-editor.default\">\n\t\t\t\t<div class=\"elementor-widget-container\">\n\t\t\t\t\t\t\t\t<p class=\"x_MsoNormal\"><strong><span class=\"x_ContentPasted0\" lang=\"es-419\">MEDIABANCO\u00a0<\/span><\/strong><\/p><p class=\"x_MsoNormal\"><a href=\"https:\/\/www.mediabanco.com\/universidad-de-talca-titula-a-su-primer-doctor-en-psicologia\/\"><span class=\"x_ContentPasted0\" lang=\"EN-US\">Universidad de Talca titula a su primer doctor en Psicolog\u00eda. Se refieren Carolina Iturra Herrera, decana de la Facultad de Psicolog\u00eda; y Andr\u00e9s Fresno director del doctorado en Psicolog\u00eda. \u00a0<\/span><\/a><\/p><p class=\"x_MsoNormal\"><span lang=\"es-419\">\u00a0<\/span><\/p><p class=\"x_MsoNormal\"><strong><span class=\"x_ContentPasted0\" lang=\"es-419\">ELDIARIODESANTIAGO.CL\u00a0<\/span><\/strong><\/p><p class=\"x_MsoNormal\"><a href=\"https:\/\/eldiariosantiago.cl\/universidad-de-talca-titula-a-su-primer-doctor-en-psicologia\/\"><span class=\"x_ContentPasted0\" lang=\"EN-US\">Universidad de Talca titula a su primer doctor en Psicolog\u00eda. Se refieren Carolina Iturra Herrera, decana de la Facultad de Psicolog\u00eda; y Andr\u00e9s Fresno director del doctorado en Psicolog\u00eda. \u00a0<\/span><\/a><\/p><p class=\"x_MsoNormal\"><span lang=\"es-419\">\u00a0<\/span><\/p><p class=\"x_MsoNormal\"><strong><span class=\"x_ContentPasted0\" lang=\"es-419\">CANAL TVN RED MAULE\u00a0<\/span><\/strong><\/p><p class=\"x_MsoNormal\"><a href=\"https:\/\/www.litoralpress.cl\/sitio\/RadioTV_Detalles.cshtml?LPKey=2RRCZEJTCZPOW4ISTMA2IUGFXLYQ6IYAHXNWGMPUZ5A33V5MNQVUBLOAIRUNTI2AICNLBAZD6MOTW\"><span class=\"x_ContentPasted0\" lang=\"EN-US\">El \u00edndice de desemple\u00f3 en la Regi\u00f3n del Maule lleg\u00f3 al 9.6 por ciento. Se refiere Rodrigo Saens, acad\u00e9mico de la Facultad de Econom\u00eda y Negocios. \u00a0<\/span><\/a><\/p><p class=\"x_MsoNormal\"><span lang=\"es-419\">\u00a0<\/span><\/p><p class=\"x_MsoNormal\"><strong><span class=\"x_ContentPasted0\" lang=\"es-419\">LA PRENSA DE CURIC\u00d3\u00a0<\/span><\/strong><\/p><p class=\"x_MsoNormal x_ContentPasted0\"><a href=\"https:\/\/www.litoralpress.cl\/paginaconsultas\/Servicios_NClipSitio\/Get_Imagen_Nota.aspx?LPKey=S2CCMHJRUTOHYVU6URJ7CISIRZNVJD4UVSALLRQUE42NSZ4EKQGRZ5NISS22S6MVP3WN2DVC3WBI2\"><span class=\"x_ContentPasted0\" lang=\"EN-US\">Doctora aborda el impacto medi\u00e1tico que ha causado la \u201cdroga zombie\u201d<\/span>. Se refiere Jesica Z\u00fa\u00f1iga, acad\u00e9mica e investigadora del Departamento de Microbiolog\u00eda.\u00a0<\/a><\/p><p class=\"x_MsoNormal\"><span lang=\"es-419\">\u00a0<\/span><\/p><p class=\"x_MsoNormal\"><strong><span class=\"x_ContentPasted0\" lang=\"es-419\">CANAL IQUIQUE TELEVISI\u00d3N\u00a0<\/span><\/strong><\/p><p class=\"x_MsoNormal\"><a href=\"https:\/\/www.litoralpress.cl\/sitio\/RadioTV_Detalles.cshtml?LPKey=KPYXIGA6YAI5VWOWQKO662YBXKRLLIVXMIZKN643DHHXKSADYWA6HS5RVUNEUC54T6S3R55A2RNO2\"><span class=\"x_ContentPasted0\" lang=\"EN-US\">Se ha reportado el aumento de casos de Covid-19 a nivel nacional. Se refiere Daniel Jim\u00e9nez, epidemi\u00f3logo y director de Salud del Estudiante. \u00a0<\/span><\/a><\/p><p class=\"x_MsoNormal\"><span lang=\"EN-US\">\u00a0<\/span><\/p><p class=\"x_MsoNormal\"><strong><span class=\"x_ContentPasted0\" lang=\"es-419\">LA PRENSA DE CURIC\u00d3\u00a0<\/span><\/strong><\/p><p class=\"x_MsoNormal x_ContentPasted0\"><a href=\"https:\/\/www.litoralpress.cl\/paginaconsultas\/Servicios_NClipSitio\/Get_Imagen_Nota.aspx?LPKey=S2CCMHJRUTOHYVU6URJ7CISIRZNVJD4UVSALLRQUE42NSZ4EKQGRZ5NISS22S6MVP3WN2DVC3WBI2\"><span class=\"x_ContentPasted0\" lang=\"EN-US\">Epidemi\u00f3logos recomiendan vacuna de refuerzo<\/span>. Se refieren Daniel Jim\u00e9nez, epidemi\u00f3logo y director de Salud del Estudiante; y Erika Retamal, epidemi\u00f3loga y directora del Departamento de Salud P\u00fablica.\u00a0<span lang=\"es-419\">\u00a0<\/span><\/a><\/p><p class=\"x_MsoNormal\"><span lang=\"es-419\">\u00a0<\/span><\/p><p class=\"x_MsoNormal\"><strong><span class=\"x_ContentPasted0\" lang=\"es-419\">RADIO AMIGA\u00a0<\/span><\/strong><\/p><p class=\"x_MsoNormal\"><a href=\"https:\/\/www.litoralpress.cl\/sitio\/RadioTV_Detalles.cshtml?LPKey=WSYBWKJEBAOARWSBNALUYDV7X4MFFGYHTB4RHVBOWXSJXS2HIDEWUQXNRO4TT7LOH7Q7QODYV34GG\"><span class=\"x_ContentPasted0\" lang=\"EN-US\">Preocupaci\u00f3n por aumento en casos de Covid-19. Se refiere Daniel Jim\u00e9nez, epidemi\u00f3logo y director de Salud del Estudiante.\u00a0<\/span><\/a><\/p><p class=\"x_MsoNormal\"><span lang=\"EN-US\">\u00a0<\/span><\/p><p class=\"x_MsoNormal\"><strong><span class=\"x_ContentPasted0\" lang=\"EN-US\">PUBLIMICRO.CL\u00a0<\/span><\/strong><\/p><p class=\"x_MsoNormal\"><a href=\"https:\/\/publimicro.cl\/especialistas-del-maule-aconsejan-nueva-dosis-de-vacuna-contra-el-covid-especialmente-en-grupo-de-riesgo-debido-al-aumento-de-casos-en-el-pais\/\"><span class=\"x_ContentPasted0\" lang=\"EN-US\">Especialistas del Maule aconsejan nueva dosis de vacuna contra el Covid, especialmente en grupo de riesgo, debido al aumento de casos en el pa\u00eds. Se refiere Daniel Jim\u00e9nez, epidemi\u00f3logo y director de Salud del Estudiante.\u00a0<\/span><\/a><\/p><p class=\"x_MsoNormal\"><span lang=\"es-419\">\u00a0<\/span><\/p><p class=\"x_MsoNormal\"><strong><span class=\"x_ContentPasted0\" lang=\"es-419\">TALCACAPITAL.CL\u00a0<\/span><\/strong><\/p><p class=\"x_MsoNormal\"><a href=\"https:\/\/talcacapital.cl\/populismo-penal-condenas-mas-severas-no-serian-la-solucion-al-problema-de-seguridad\/\"><span class=\"x_ContentPasted0\" lang=\"EN-US\">Populismo penal: Condenas m\u00e1s severas no ser\u00edan la soluci\u00f3n al problema de seguridad.\u00a0<\/span><span class=\"x_ContentPasted0\" lang=\"EN-US\">.\u00a0<\/span><span class=\"x_ContentPasted0\" lang=\"es-419\">Se refiere Diego Palomo V\u00e9lez, acad\u00e9mico de la Facultad de Ciencias Jur\u00eddicas y Sociales.\u00a0<span class=\"x_ContentPasted0\">\u00a0<\/span><\/span><span lang=\"EN-US\">\u00a0<\/span><\/a><\/p><p class=\"x_MsoNormal\"><span lang=\"es-419\">\u00a0<\/span><\/p><p class=\"x_MsoNormal\"><strong><span class=\"x_ContentPasted0\" lang=\"es-419\">EL LECTOR\u00a0<\/span><\/strong><\/p><p class=\"x_MsoNormal x_ContentPasted0\"><a href=\"https:\/\/www.litoralpress.cl\/paginaconsultas\/Servicios_NClipSitio\/Get_Imagen_Nota.aspx?LPKey=OKSFICU5EPZC6HA6EPPKKFBO3I5TJ5AH5ORHYLMCVFR7DRLU7MTBA7G3ZNRJSXCEOQFQ675NKECUS\"><span class=\"x_ContentPasted0\" lang=\"EN-US\">Populismo Penal: Condenas m\u00e1s severas no ser\u00edan la soluci\u00f3n<\/span>.\u00a0<span class=\"x_ContentPasted0\" lang=\"es-419\">Se refiere Diego Palomo V\u00e9lez, acad\u00e9mico de la Facultad de Ciencias Jur\u00eddicas y Sociales.\u00a0<span class=\"x_ContentPasted0\">\u00a0<\/span>\u00a0<\/span><\/a><\/p><p class=\"x_MsoNormal\"><span lang=\"EN-US\"><span class=\"x_ContentPasted0\">\u00a0<\/span><span class=\"x_ContentPasted0\">\u00a0<\/span><\/span><span lang=\"es-419\">\u00a0<\/span><\/p><p class=\"x_MsoNormal\"><strong><span class=\"x_ContentPasted0\" lang=\"es-419\">EL LECTOR (PORTADA)\u00a0<\/span><\/strong><\/p><p class=\"x_MsoNormal\"><a href=\"https:\/\/www.litoralpress.cl\/paginaconsultas\/Servicios_NClipSitio\/Get_Imagen_Nota.aspx?LPKey=27UHUGXWMSYPY7LYFM7AS6YU2KXTJEBGVTYZ42HBVQWQ6HF265N2VE2IYQRBA5GKVBNVZGNY3XZN4\"><span class=\"x_ContentPasted0\" lang=\"es-419\">San Clemente, Molina, Colb\u00fan, Longavi y Romeral son las comunas que potenciar\u00e1n el turismo de alta monta\u00f1a con cl\u00faster. Se menciona a la Universidad de Talca.\u00a0<\/span><\/a><\/p><p class=\"x_MsoNormal\">\u00a0<\/p><p class=\"x_MsoNormal\"><strong><span class=\"x_ContentPasted0\" lang=\"es-419\">CANAL CONTIVISI\u00d3N\u00a0<\/span><\/strong><\/p><p class=\"x_MsoNormal\"><a href=\"https:\/\/www.litoralpress.cl\/sitio\/RadioTV_Detalles.cshtml?LPKey=IB64EASYSMBAD5BTUJ6X3PNIWI4QHATUPZZEIS3IZKJKYDRGM73TS52WV6FHA53FZDI34A7X42XNO\"><span class=\"x_ContentPasted0\" lang=\"EN-US\">Un grupo de expertos en derechos de agua se reunieron en el Centro de Extensi\u00f3n de la Universidad de Talca. Se refieren Iv\u00e1n Obando, decano de la Facultad de Ciencias Jur\u00eddicas y Sociales. \u00a0<\/span><\/a><\/p><p class=\"x_MsoNormal\"><span lang=\"es-419\">\u00a0<\/span><\/p><p class=\"x_MsoNormal\"><strong><span class=\"x_ContentPasted0\" lang=\"es-419\">EL MERCURIO\u00a0<\/span><\/strong><\/p><p class=\"x_MsoNormal x_ContentPasted0\"><a href=\"https:\/\/www.litoralpress.cl\/sitio\/Prensa_Detalles.cshtml?LPKey=S73UI2VKHSIACHLC4SJ67XQPGUC2OK7CEMC4ZCDPQKQUJRBVHEHQ\"><span class=\"x_ContentPasted0\" lang=\"EN-US\">Presidente Gabriel Boric sostiene que propuesta constitucional no est\u00e1 &#8220;ni cerca de ser de consenso&#8221;<\/span>. Se refiere Mauricio Morales, director del Centro de An\u00e1lisis Pol\u00edtico (CAP). \u00a0<\/a><\/p>\t\t\t\t\t\t<\/div>\n\t\t\t\t<\/div>\n\t\t\t\t\t<\/div>\n\t\t<\/div>\n\t\t\t\t\t\t\t<\/div>\n\t\t<\/section>\n\t\t\t\t\t\t<\/div>\n\t\t\t\t\t<\/div>\n\t\t","protected":false},"excerpt":{"rendered":"<p>MEDIABANCO\u00a0 Universidad de Talca titula a su primer doctor en Psicolog\u00eda. Se refieren Carolina Iturra Herrera, decana de la Facultad de Psicolog\u00eda; y Andr\u00e9s Fresno director del doctorado en Psicolog\u00eda. \u00a0 \u00a0 ELDIARIODESANTIAGO.CL\u00a0 Universidad de Talca titula a su primer doctor en Psicolog\u00eda. Se refieren Carolina Iturra Herrera, decana de la Facultad de Psicolog\u00eda; y &hellip;<\/p>\n<p class=\"read-more\"> <a class=\"\" href=\"https:\/\/www.reportedeprensa.utalca.cl\/?p=8520\"> <span class=\"screen-reader-text\">02 de noviembre de 2023<\/span> Read More &raquo;<\/a><\/p>\n","protected":false},"author":1,"featured_media":0,"comment_status":"closed","ping_status":"open","sticky":false,"template":"","format":"standard","meta":{"_monsterinsights_skip_tracking":false,"_monsterinsights_sitenote_active":false,"_monsterinsights_sitenote_note":"","_monsterinsights_sitenote_category":0},"categories":[42,41],"tags":[],"_links":{"self":[{"href":"https:\/\/www.reportedeprensa.utalca.cl\/index.php?rest_route=\/wp\/v2\/posts\/8520"}],"collection":[{"href":"https:\/\/www.reportedeprensa.utalca.cl\/index.php?rest_route=\/wp\/v2\/posts"}],"about":[{"href":"https:\/\/www.reportedeprensa.utalca.cl\/index.php?rest_route=\/wp\/v2\/types\/post"}],"author":[{"embeddable":true,"href":"https:\/\/www.reportedeprensa.utalca.cl\/index.php?rest_route=\/wp\/v2\/users\/1"}],"replies":[{"embeddable":true,"href":"https:\/\/www.reportedeprensa.utalca.cl\/index.php?rest_route=%2Fwp%2Fv2%2Fcomments&post=8520"}],"version-history":[{"count":4,"href":"https:\/\/www.reportedeprensa.utalca.cl\/index.php?rest_route=\/wp\/v2\/posts\/8520\/revisions"}],"predecessor-version":[{"id":8541,"href":"https:\/\/www.reportedeprensa.utalca.cl\/index.php?rest_route=\/wp\/v2\/posts\/8520\/revisions\/8541"}],"wp:attachment":[{"href":"https:\/\/www.reportedeprensa.utalca.cl\/index.php?rest_route=%2Fwp%2Fv2%2Fmedia&parent=8520"}],"wp:term":[{"taxonomy":"category","embeddable":true,"href":"https:\/\/www.reportedeprensa.utalca.cl\/index.php?rest_route=%2Fwp%2Fv2%2Fcategories&post=8520"},{"taxonomy":"post_tag","embeddable":true,"href":"https:\/\/www.reportedeprensa.utalca.cl\/index.php?rest_route=%2Fwp%2Fv2%2Ftags&post=8520"}],"curies":[{"name":"wp","href":"https:\/\/api.w.org\/{rel}","templated":true}]}}