{"id":8555,"date":"2023-11-06T11:26:42","date_gmt":"2023-11-06T14:26:42","guid":{"rendered":"https:\/\/www.reportedeprensa.utalca.cl\/?p=8555"},"modified":"2023-11-06T11:32:35","modified_gmt":"2023-11-06T14:32:35","slug":"06-de-noviembre-de-2023","status":"publish","type":"post","link":"https:\/\/www.reportedeprensa.utalca.cl\/?p=8555","title":{"rendered":"06 de noviembre de 2023"},"content":{"rendered":"\t\t<div data-elementor-type=\"wp-post\" data-elementor-id=\"8555\" class=\"elementor elementor-8555\" data-elementor-settings=\"[]\">\n\t\t\t\t\t\t\t<div class=\"elementor-section-wrap\">\n\t\t\t\t\t\t\t<section class=\"elementor-section elementor-top-section elementor-element elementor-element-bcea1a8 elementor-section-boxed elementor-section-height-default elementor-section-height-default\" data-id=\"bcea1a8\" data-element_type=\"section\">\n\t\t\t\t\t\t<div class=\"elementor-container elementor-column-gap-default\">\n\t\t\t\t\t<div class=\"elementor-column elementor-col-100 elementor-top-column elementor-element elementor-element-e7183bf\" data-id=\"e7183bf\" data-element_type=\"column\">\n\t\t\t<div class=\"elementor-widget-wrap elementor-element-populated\">\n\t\t\t\t\t\t\t\t<div class=\"elementor-element elementor-element-5ffbb87 elementor-widget elementor-widget-text-editor\" data-id=\"5ffbb87\" data-element_type=\"widget\" data-widget_type=\"text-editor.default\">\n\t\t\t\t<div class=\"elementor-widget-container\">\n\t\t\t\t\t\t\t\t<p style=\"font-weight: 400;\"><strong>MEDIABANCO<\/strong><\/p><p style=\"font-weight: 400;\"><a href=\"https:\/\/www.mediabanco.com\/mas-de-500-personas-de-tres-regiones-se-capacitaron-en-educacion-previsional\/\">M\u00e1s de 500 personas de tres regiones se capacitaron en educaci\u00f3n previsional. Se refiere Carlos Torres Fuchslocher, rector.<\/a><\/p><p style=\"font-weight: 400;\">\u00a0<\/p><p style=\"font-weight: 400;\"><strong>G5NOTICIAS.CL<\/strong><\/p><p style=\"font-weight: 400;\"><a href=\"https:\/\/g5noticias.cl\/2023\/11\/05\/mas-de-500-personas-de-tres-regiones-se-capacitaron-en-educacion-previsional\/\">M\u00e1s de 500 personas de tres regiones se capacitaron en educaci\u00f3n previsional. Se refiere Carlos Torres Fuchslocher, rector.<\/a><\/p><p style=\"font-weight: 400;\">\u00a0<\/p><p style=\"font-weight: 400;\"><strong>COQUIMBONOTICIAS.CL<\/strong><\/p><p style=\"font-weight: 400;\"><a href=\"https:\/\/www.coquimbonoticias.cl\/2023\/11\/05\/coquimbo-maule-y-los-ros-ms-de-500-personas-se-capacitaron-en-educacin-previsional\/15016\">Coquimbo, Maule y Los R\u00edos: M\u00e1s de 500 personas se capacitaron en educaci\u00f3n previsional. Se refiere Carlos Torres Fuchslocher, rector.<\/a><\/p><p style=\"font-weight: 400;\"><span style=\"font-style: inherit; font-weight: inherit;\">\u00a0<\/span><\/p><p style=\"font-weight: 400;\"><strong>LOSRIOSNOTICIAS.CL<\/strong><\/p><p style=\"font-weight: 400;\"><a href=\"https:\/\/www.losriosnoticias.cl\/2023\/11\/05\/coquimbo-maule-y-los-ros-ms-de-500-personas-se-capacitaron-en-educacin-previsional\/17369\">Coquimbo, Maule y Los R\u00edos: M\u00e1s de 500 personas se capacitaron en educaci\u00f3n previsional. Se refiere Carlos Torres Fuchslocher, rector.<\/a><\/p><p style=\"font-weight: 400;\"><span style=\"font-style: inherit; font-weight: inherit;\">\u00a0<\/span><\/p><p style=\"font-weight: 400;\"><strong><span style=\"font-style: inherit; font-weight: inherit;\">PUBLIMETRO (PORTADA)<\/span><\/strong><\/p><p style=\"font-weight: 400;\"><a href=\"https:\/\/www.litoralpress.cl\/paginaconsultas\/Servicios_NClipSitio\/Get_Imagen_Nota.aspx?LPKey=TESLTH5P5HF4Q2PU5KNUWE3HHWPNWT5JOVJ5CFXKJKZ33MKNYZCMCT7JPVF3AEU2WDGWFFU4F4UIW\"><span style=\"font-style: inherit;\">Violencia obst\u00e9trica: 80% entre las chilenas. Se menciona a la Universidad de Talca.<\/span><\/a><\/p><p style=\"font-weight: 400;\"><strong><span style=\"font-style: inherit; font-weight: inherit;\">\u00a0<\/span><\/strong><\/p><p style=\"font-weight: 400;\"><strong><span style=\"font-style: inherit; font-weight: inherit;\">PUBLIMETRO<\/span><\/strong><\/p><p style=\"font-weight: 400;\"><a href=\"https:\/\/www.litoralpress.cl\/paginaconsultas\/Servicios_NClipSitio\/Get_Imagen_Nota.aspx?LPKey=ZLCN4PYFBBP5RUM43PQKPTFBEYYFAAQVDY34W7JILCNJYPBX2SBQHZSNJPHL7AUMB3WUALLZ5IBO4\">80% de las chilenas ha sufrido violencia obst\u00e9trica o ginecol\u00f3gica.\u00a0Se refiere Jos\u00e9 Manuel C\u00e1rdenas, acad\u00e9mico de la Facultad de Psicolog\u00eda.<\/a><\/p><p style=\"font-weight: 400;\"><span style=\"font-style: inherit; font-weight: inherit;\">\u00a0<\/span><\/p><p style=\"font-weight: 400;\"><strong><span style=\"font-style: inherit; font-weight: inherit;\">EL MOSTRADOR<\/span><\/strong><\/p><p style=\"font-weight: 400;\"><a href=\"https:\/\/www.elmostrador.cl\/agenda-pais\/2023\/11\/03\/la-apuesta-por-el-desarrollo-de-doctorados-en-regiones-y-sus-primeros-logros\/\"><span style=\"font-style: inherit;\">La apuesta por el desarrollo de doctorados en regiones y sus primeros logros.\u00a0<\/span><span style=\"font-style: inherit; font-weight: inherit;\">Se refieren Carolina Iturra Herrera, decana de la Facultad de Psicolog\u00eda; y Andr\u00e9s Fresno director del doctorado en Psicolog\u00eda.\u00a0<\/span><\/a><\/p><p style=\"font-weight: 400;\"><span style=\"font-style: inherit; font-weight: inherit;\">\u00a0<\/span><\/p><p style=\"font-weight: 400;\"><strong><span style=\"font-style: inherit;\">MEDIABANCO<\/span><\/strong><\/p><p style=\"font-weight: 400;\"><a href=\"https:\/\/www.mediabanco.com\/programa-formativo-busca-fortalecer-la-educacion-inicial-en-republica-dominicana\/\">Programa formativo busca fortalecer la educaci\u00f3n inicial en Rep\u00fablica Dominicana.\u00a0<span style=\"font-style: inherit; font-weight: inherit;\">Se refieren Carolina Iturra Herrera, decana de la Facultad de Psicolog\u00eda; y Mauricio V\u00e9liz Campos, decano de la Facultad de Ciencias de la Educaci\u00f3n.<\/span><\/a><\/p><p style=\"font-weight: 400;\"><span style=\"font-style: inherit; font-weight: inherit;\">\u00a0<\/span><\/p><p style=\"font-weight: 400;\"><strong><span style=\"font-style: inherit;\">ADPRENSA<\/span><\/strong><\/p><p style=\"font-weight: 400;\"><a href=\"https:\/\/www.adprensa.cl\/cronica\/programa-formativo-busca-fortalecer-la-educacion-inicial-en-republica-dominicana\/\">Programa formativo busca fortalecer la educaci\u00f3n inicial en Rep\u00fablica Dominicana.\u00a0<span style=\"font-style: inherit; font-weight: inherit;\">Se refieren Carolina Iturra Herrera, decana de la Facultad de Psicolog\u00eda; y Mauricio V\u00e9liz Campos, decano de la Facultad de Ciencias de la Educaci\u00f3n.<\/span><\/a><\/p><p style=\"font-weight: 400;\"><span style=\"font-style: inherit; font-weight: inherit;\">\u00a0<\/span><\/p><p style=\"font-weight: 400;\"><strong><span style=\"font-style: inherit;\">CANAL TVN RED MAULE<\/span><\/strong><\/p><p style=\"font-weight: 400;\"><a href=\"https:\/\/www.litoralpress.cl\/sitio\/RadioTV_Detalles.cshtml?LPKey=B5N6QLDULZMANF4KG6ENAL4TFWNATJNGZFB6VTWH3N74LZAMINCVTK4N2HYJZ2HPJVOYXT2JWBUJY\"><span style=\"font-style: inherit; font-weight: inherit;\">Lluvias primaverales preocupan a agricultores.\u00a0<\/span>Se refiere Patricio Gonz\u00e1lez Colville, investigador del Centro de Investigaci\u00f3n en Transferencia en Riego y Agroclimatolog\u00eda (CITRA).<\/a><\/p><p style=\"font-weight: 400;\"><span style=\"font-style: inherit; font-weight: inherit;\">\u00a0<\/span><\/p><p style=\"font-weight: 400;\"><strong><span style=\"font-style: inherit; font-weight: inherit;\">LATERCERA.COM<\/span><\/strong><\/p><p style=\"font-weight: 400;\"><a href=\"https:\/\/www.latercera.com\/servicios\/noticia\/sobre-los-30c-comienza-el-calor-en-6-regiones-este-fin-de-semana\/ONZTH4PU25DOHLCF6CXRMJNU2E\/\">Sobre los 30\u00b0C: comienza el calor en 6 regiones este fin de semana.\u00a0Se refiere Patricio Gonz\u00e1lez Colville, investigador del Centro de Investigaci\u00f3n en Transferencia en Riego y Agroclimatolog\u00eda (CITRA).<\/a><\/p><p style=\"font-weight: 400;\"><strong><span style=\"font-style: inherit; font-weight: inherit;\">\u00a0<\/span><\/strong><\/p><p style=\"font-weight: 400;\"><strong><span style=\"font-style: inherit;\">LADISCUSION.CL\u00a0\u00a0\u00a0\u00a0\u00a0\u00a0\u00a0<\/span><\/strong><\/p><p style=\"font-weight: 400;\"><a href=\"https:\/\/www.ladiscusion.cl\/expertos-anticipan-incendios-potencialmente-catastroficos-en-nuble\/\">Expertos anticipan incendios \u201cpotencialmente catastr\u00f3ficos\u201d en \u00d1uble para este verano.\u00a0Se refiere Patricio Gonz\u00e1lez Colville, investigador del Centro de Investigaci\u00f3n en Transferencia en Riego y Agroclimatolog\u00eda (CITRA).<\/a><\/p><p style=\"font-weight: 400;\"><span style=\"font-style: inherit; font-weight: inherit;\">\u00a0<\/span><\/p><p style=\"font-weight: 400;\"><strong>DIARIO LA TRIBUNA<\/strong><\/p><p style=\"font-weight: 400;\"><a href=\"https:\/\/www.litoralpress.cl\/paginaconsultas\/Servicios_NClipSitio\/Get_Imagen_Nota.aspx?LPKey=PTLULE7IECDJTXHPIDLT4VPZO6MBLEJMDIMPSZYRSABRPXLMGTQYSGF5I6RTVIYWSMDAUBTFKFXGA\">Nuevas variantes y pocos testeos: El coronavirus y su estad\u00eda silenciosa en Chile.\u00a0<span style=\"font-style: inherit; font-weight: inherit;\">Se refieren Daniel Jim\u00e9nez, epidemi\u00f3logo y director de Salud del Estudiante; y Erika Retamal, epidemi\u00f3loga y directora del Departamento de Salud P\u00fablica.\u00a0\u00a0<\/span><\/a><\/p><p style=\"font-weight: 400;\">\u00a0<\/p><p style=\"font-weight: 400;\"><strong>DIARIO EL L\u00cdDER<\/strong><\/p><p style=\"font-weight: 400;\"><a href=\"https:\/\/www.litoralpress.cl\/paginaconsultas\/Servicios_NClipSitio\/Get_Imagen_Nota.aspx?LPKey=MMWDFHMQ3G6A32UU2QFTZORNEXYKEMOVKR34N6GUWBLP7TELJQS2T4TGODNPP2S3HEUUX36X6TLUK\">El coronavirus est\u00e1 de regreso y llaman a la vacunaci\u00f3n de los grupos de riesgo. Se refiere Daniel Jim\u00e9nez, epidemi\u00f3logo y director de Salud del Estudiante.<\/a><\/p><p style=\"font-weight: 400;\">\u00a0<\/p><p style=\"font-weight: 400;\"><strong>CANAL 30 MULTICOM<\/strong><\/p><p style=\"font-weight: 400;\"><a href=\"https:\/\/www.litoralpress.cl\/sitio\/RadioTV_Detalles.cshtml?LPKey=NZIUPPR4WKZ5QCIZ5NS2S7YS4YVIGL3WABRX4NAHCRA527JBEF26TAVEYR5RGQFXLMCAL72C2F73C\">Alerta por alza de casos Covid. Se refieren Daniel Jim\u00e9nez, epidemi\u00f3logo y director de Salud del Estudiante; y Erika Retamal, epidemi\u00f3loga y directora del Departamento de Salud P\u00fablica.\u00a0\u00a0<\/a><\/p><p style=\"font-weight: 400;\">\u00a0<\/p><p style=\"font-weight: 400;\"><strong>G5NOTICIAS.CL<\/strong><\/p><p style=\"font-weight: 400;\"><a href=\"https:\/\/g5noticias.cl\/2023\/11\/03\/muestra-itinerante-del-herbario-utalca-se-presenta-por-primera-vez-en-el-maule\/\">Muestra itinerante del Herbario UTalca se presenta por primera vez en el Maule. Se refieren el a<span style=\"font-style: inherit; font-weight: inherit;\">cad\u00e9mico del Instituto de Ciencias Biol\u00f3gicas y curador del Herbario, Fernando Carrasco Urra<\/span>; y Sim\u00f3n Ruiz Lara, director del citado Instituto.<\/a><\/p><p style=\"font-weight: 400;\">\u00a0<\/p><p style=\"font-weight: 400;\"><strong>ADPRENSA<\/strong><\/p><p style=\"font-weight: 400;\"><a href=\"https:\/\/www.adprensa.cl\/cronica\/muestra-itinerante-del-herbario-utalca-se-presenta-por-primera-vez-en-el-maule\/\">Muestra itinerante del Herbario UTalca se presenta por primera vez en el Maule. Se refieren el a<span style=\"font-style: inherit; font-weight: inherit;\">cad\u00e9mico del Instituto de Ciencias Biol\u00f3gicas y curador del Herbario, Fernando Carrasco Urra<\/span>; y Sim\u00f3n Ruiz Lara, director del citado Instituto.<\/a><\/p><p style=\"font-weight: 400;\">\u00a0<\/p><p style=\"font-weight: 400;\"><strong>MEDIABANCO<\/strong><\/p><p style=\"font-weight: 400;\"><a href=\"https:\/\/www.mediabanco.com\/muestra-itinerante-del-herbario-utalca-se-presenta-por-primera-vez-en-el-maule\/\">Muestra itinerante del Herbario UTalca se presenta por primera vez en el Maule. Se refieren el a<span style=\"font-style: inherit; font-weight: inherit;\">cad\u00e9mico del Instituto de Ciencias Biol\u00f3gicas y curador del Herbario, Fernando Carrasco Urra<\/span>; y Sim\u00f3n Ruiz Lara, director del citado Instituto.<\/a><\/p><p style=\"font-weight: 400;\">\u00a0<\/p><p style=\"font-weight: 400;\"><strong>DIARIO EL HERALDO<\/strong><\/p><p style=\"font-weight: 400;\"><a href=\"https:\/\/www.litoralpress.cl\/paginaconsultas\/Servicios_NClipSitio\/Get_Imagen_Nota.aspx?LPKey=AVPB2ZQCQME4ZB7HKHOPV5X32TEIKKUAXIU6WSTKCPPEFGEGI3ZTZMD7BYM4VPWZRTAHZJBVPEE4S\">Muestra itinerante del Herbario UTalca se presenta por primera vez en el Maule. Se refieren el a<span style=\"font-style: inherit; font-weight: inherit;\">cad\u00e9mico del Instituto de Ciencias Biol\u00f3gicas y curador del Herbario, Fernando Carrasco Urra<\/span>; y Sim\u00f3n Ruiz Lara, director del citado Instituto.<\/a><\/p><p style=\"font-weight: 400;\">\u00a0<\/p><p style=\"font-weight: 400;\"><strong>ADPRENSA<\/strong><\/p><p style=\"font-weight: 400;\"><a href=\"https:\/\/www.adprensa.cl\/cronica\/escolares-maulinos-se-capacitaran-en-investigacion-e-innovacion\/\">Escolares maulinos se capacitar\u00e1n en investigaci\u00f3n e innovaci\u00f3n. Se refieren Leonardo Leottau, director de Explora Maule; y Claire Mercier, acad\u00e9mica del Instituto de Estudios Human\u00edsticos Abate Molina.<\/a><\/p><p style=\"font-weight: 400;\">\u00a0<\/p><p style=\"font-weight: 400;\"><strong>MEDIABANCO<\/strong><\/p><p style=\"font-weight: 400;\"><a href=\"https:\/\/www.mediabanco.com\/escolares-maulinos-se-capacitaran-en-investigacion-e-innovacion\/\">Escolares maulinos se capacitar\u00e1n en investigaci\u00f3n e innovaci\u00f3n. Se refieren Leonardo Leottau, director de Explora Maule; y Claire Mercier, acad\u00e9mica del Instituto de Estudios Human\u00edsticos Abate Molina.<\/a><\/p><p style=\"font-weight: 400;\">\u00a0<\/p><p style=\"font-weight: 400;\"><strong>ELHERALDO.CL<\/strong><\/p><p style=\"font-weight: 400;\"><a href=\"https:\/\/www.diarioelheraldo.cl\/noticia\/escolares-maulinos-se-capacitaran-en-investigacion-e-innovacion\">Escolares maulinos se capacitar\u00e1n en investigaci\u00f3n e innovaci\u00f3n. Se refieren Leonardo Leottau, director de Explora Maule; y Claire Mercier, acad\u00e9mica del Instituto de Estudios Human\u00edsticos Abate Molina.<\/a><\/p><p style=\"font-weight: 400;\"><strong>\u00a0<\/strong><\/p><p style=\"font-weight: 400;\"><strong>PUBLIMICRO.CL<\/strong><\/p><p style=\"font-weight: 400;\"><a href=\"https:\/\/publimicro.cl\/escolares-maulinos-se-capacitaran-en-investigacion-e-innovacion-proyecto-explora-maule-de-la-utalca-incentiva-el-aprendizaje-integral\/\">Escolares maulinos se capacitar\u00e1n en investigaci\u00f3n e innovaci\u00f3n. Proyecto \u201cExplora Maule\u201d de la Utalca incentiva el aprendizaje integral. Se refiere Leonardo Leottau, director de Explora Maule<\/a><\/p><p style=\"font-weight: 400;\">\u00a0<\/p><p style=\"font-weight: 400;\"><strong>RED VALPARAISO<\/strong><\/p><p style=\"font-weight: 400;\"><a href=\"https:\/\/redvalparaiso.com\/regional\/jornada-de-concientizacion-sobre-autismo-sumandonos-a-la-diversidad-en\">Jornada de concientizaci\u00f3n sobre autismo: sum\u00e1ndonos a la diversidad en Cauquenes. Se menciona al Centro de Investigaci\u00f3n en Ciencias Cognitivas de la Universidad de Talca.<\/a><\/p><p style=\"font-weight: 400;\">\u00a0<\/p><p style=\"font-weight: 400;\"><strong>EL MOSTRADOR<\/strong><\/p><p style=\"font-weight: 400;\"><a href=\"https:\/\/www.elmostrador.cl\/noticias\/opinion\/2023\/11\/02\/las-razones-detras-del-aumento-de-las-prisiones-preventivas-en-chile-el-verdadero-responsable\/\">Las razones detr\u00e1s del aumento de las prisiones preventivas en Chile: el verdadero responsable.\u00a0Se refiere Diego Palomo V\u00e9lez, acad\u00e9mico de la Facultad de Ciencias Jur\u00eddicas y Sociales.\u00a0 \u00a0<\/a><\/p><p style=\"font-weight: 400;\"><strong>\u00a0<\/strong><\/p><p style=\"font-weight: 400;\"><strong>EL MOSTRADOR<\/strong><\/p><p style=\"font-weight: 400;\"><a href=\"https:\/\/www.elmostrador.cl\/noticias\/opinion\/2023\/11\/03\/desde-los-territorios-repensar-un-proyecto-de-pais-valoracion-del-trabajo-de-gonzalo-falabella\/\">Desde los territorios, repensar un proyecto de pa\u00eds: valoraci\u00f3n del trabajo de Gonzalo Falabella. Se menciona a la Universidad de Talca.<\/a><\/p><p style=\"font-weight: 400;\">\u00a0<\/p><p style=\"font-weight: 400;\"><strong>CANAL MEGA<\/strong><\/p><p style=\"font-weight: 400;\"><a href=\"https:\/\/www.litoralpress.cl\/sitio\/RadioTV_Detalles.cshtml?LPKey=AR6AB3MS4WHQDREY54CEXG2TAWDEIGAXVABEE7CQIVYL36445NTF36RGAR7I3Q5DORMOSHAFHPATY\">La estrategia del presidente Gabriel Boric y el Gobierno de cara al plebiscito del 17 de diciembre.\u00a0Se refiere Mauricio Morales, director del Centro de An\u00e1lisis Pol\u00edtico (CAP).\u00a0\u00a0<\/a><\/p><p style=\"font-weight: 400;\">\u00a0<\/p><p style=\"font-weight: 400;\"><strong>BIOBIO.CL<\/strong><\/p><p style=\"font-weight: 400;\"><a href=\"https:\/\/www.biobiochile.cl\/noticias\/nacional\/chile\/2023\/11\/04\/que-hay-detras-del-estilo-confrontacional-de-gabriel-boric-con-la-prensa.shtml\">Qu\u00e9 hay detr\u00e1s del estilo confrontacional de Gabriel Boric con la prensa.\u00a0Se refiere Mauricio Morales, director del Centro de An\u00e1lisis Pol\u00edtico (CAP).<strong>\u00a0\u00a0<\/strong><\/a><\/p><p style=\"font-weight: 400;\">\u00a0<\/p><p style=\"font-weight: 400;\"><strong>EL MERCURIO<\/strong><\/p><p style=\"font-weight: 400;\"><a href=\"https:\/\/www.litoralpress.cl\/paginaconsultas\/Servicios_NClipSitio\/Get_Imagen_Nota.aspx?LPKey=WNUOAINKU33GUYG37OSXFWPQWP742HIF2EMYJEJONHJ6AGWN5JX2QR26NFJUHVFQDLZGOGT2F2RI2\"><span style=\"font-style: inherit; font-weight: inherit;\">Lina Meruane: &#8220;Mi avidez est\u00e1 en la escritura&#8221;<\/span>. Se menciona al Premio Iberoamericano de Letras Jos\u00e9 Donoso.<\/a><\/p>\t\t\t\t\t\t<\/div>\n\t\t\t\t<\/div>\n\t\t\t\t\t<\/div>\n\t\t<\/div>\n\t\t\t\t\t\t\t<\/div>\n\t\t<\/section>\n\t\t\t\t\t\t<\/div>\n\t\t\t\t\t<\/div>\n\t\t","protected":false},"excerpt":{"rendered":"<p>MEDIABANCO M\u00e1s de 500 personas de tres regiones se capacitaron en educaci\u00f3n previsional. Se refiere Carlos Torres Fuchslocher, rector. \u00a0 G5NOTICIAS.CL M\u00e1s de 500 personas de tres regiones se capacitaron en educaci\u00f3n previsional. Se refiere Carlos Torres Fuchslocher, rector. \u00a0 COQUIMBONOTICIAS.CL Coquimbo, Maule y Los R\u00edos: M\u00e1s de 500 personas se capacitaron en educaci\u00f3n previsional. &hellip;<\/p>\n<p class=\"read-more\"> <a class=\"\" href=\"https:\/\/www.reportedeprensa.utalca.cl\/?p=8555\"> <span class=\"screen-reader-text\">06 de noviembre de 2023<\/span> Read More &raquo;<\/a><\/p>\n","protected":false},"author":1,"featured_media":0,"comment_status":"closed","ping_status":"open","sticky":false,"template":"","format":"standard","meta":{"_monsterinsights_skip_tracking":false,"_monsterinsights_sitenote_active":false,"_monsterinsights_sitenote_note":"","_monsterinsights_sitenote_category":0},"categories":[42,41],"tags":[],"_links":{"self":[{"href":"https:\/\/www.reportedeprensa.utalca.cl\/index.php?rest_route=\/wp\/v2\/posts\/8555"}],"collection":[{"href":"https:\/\/www.reportedeprensa.utalca.cl\/index.php?rest_route=\/wp\/v2\/posts"}],"about":[{"href":"https:\/\/www.reportedeprensa.utalca.cl\/index.php?rest_route=\/wp\/v2\/types\/post"}],"author":[{"embeddable":true,"href":"https:\/\/www.reportedeprensa.utalca.cl\/index.php?rest_route=\/wp\/v2\/users\/1"}],"replies":[{"embeddable":true,"href":"https:\/\/www.reportedeprensa.utalca.cl\/index.php?rest_route=%2Fwp%2Fv2%2Fcomments&post=8555"}],"version-history":[{"count":4,"href":"https:\/\/www.reportedeprensa.utalca.cl\/index.php?rest_route=\/wp\/v2\/posts\/8555\/revisions"}],"predecessor-version":[{"id":8559,"href":"https:\/\/www.reportedeprensa.utalca.cl\/index.php?rest_route=\/wp\/v2\/posts\/8555\/revisions\/8559"}],"wp:attachment":[{"href":"https:\/\/www.reportedeprensa.utalca.cl\/index.php?rest_route=%2Fwp%2Fv2%2Fmedia&parent=8555"}],"wp:term":[{"taxonomy":"category","embeddable":true,"href":"https:\/\/www.reportedeprensa.utalca.cl\/index.php?rest_route=%2Fwp%2Fv2%2Fcategories&post=8555"},{"taxonomy":"post_tag","embeddable":true,"href":"https:\/\/www.reportedeprensa.utalca.cl\/index.php?rest_route=%2Fwp%2Fv2%2Ftags&post=8555"}],"curies":[{"name":"wp","href":"https:\/\/api.w.org\/{rel}","templated":true}]}}