{"id":8564,"date":"2023-11-07T12:09:43","date_gmt":"2023-11-07T15:09:43","guid":{"rendered":"https:\/\/www.reportedeprensa.utalca.cl\/?p=8564"},"modified":"2023-11-07T12:13:39","modified_gmt":"2023-11-07T15:13:39","slug":"07-de-noviembre-de-2023","status":"publish","type":"post","link":"https:\/\/www.reportedeprensa.utalca.cl\/?p=8564","title":{"rendered":"07 de noviembre de 2023"},"content":{"rendered":"\t\t<div data-elementor-type=\"wp-post\" data-elementor-id=\"8564\" class=\"elementor elementor-8564\" data-elementor-settings=\"[]\">\n\t\t\t\t\t\t\t<div class=\"elementor-section-wrap\">\n\t\t\t\t\t\t\t<section class=\"elementor-section elementor-top-section elementor-element elementor-element-bcea1a8 elementor-section-boxed elementor-section-height-default elementor-section-height-default\" data-id=\"bcea1a8\" data-element_type=\"section\">\n\t\t\t\t\t\t<div class=\"elementor-container elementor-column-gap-default\">\n\t\t\t\t\t<div class=\"elementor-column elementor-col-100 elementor-top-column elementor-element elementor-element-e7183bf\" data-id=\"e7183bf\" data-element_type=\"column\">\n\t\t\t<div class=\"elementor-widget-wrap elementor-element-populated\">\n\t\t\t\t\t\t\t\t<div class=\"elementor-element elementor-element-5ffbb87 elementor-widget elementor-widget-text-editor\" data-id=\"5ffbb87\" data-element_type=\"widget\" data-widget_type=\"text-editor.default\">\n\t\t\t\t<div class=\"elementor-widget-container\">\n\t\t\t\t\t\t\t\t<p><strong>DIARIO FINANCIERO<\/strong><\/p><p><a href=\"https:\/\/www.litoralpress.cl\/paginaconsultas\/Servicios_NClipSitio\/Get_Imagen_Nota.aspx?LPKey=5ASIF3KI5HXWBD7COG7QC6MJKZACFH56OWSMZ5K5FKSVZSJXWP4RZZYPXHSH3ICR22RRAUG73BEHS\">Sector agr\u00edcola absorbe el 23% de las p\u00e9rdidas econ\u00f3micas en Latinoam\u00e9rica por desastres naturales. Se refiere Jos\u00e9 Manuel C\u00e1rdenas, acad\u00e9mico de la Facultad de Psicolog\u00eda.<\/a><\/p><p>\u00a0<\/p><p><strong>PUBLIMETRO.CL<\/strong><\/p><p><a href=\"https:\/\/www.publimetro.cl\/noticias\/2023\/11\/06\/estudio-establecio-que-el-80-de-las-mujeres-ha-sufrido-violencia-obstetrica-o-ginecologica\/\">Estudio estableci\u00f3 que el 80% de las mujeres ha sufrido violencia obst\u00e9trica o ginecol\u00f3gica. Se refiere Jos\u00e9 Manuel C\u00e1rdenas, acad\u00e9mico de la Facultad de Psicolog\u00eda.<\/a><\/p><p>\u00a0<\/p><p><strong>DIARIO FINANCIERO ONLINE<\/strong><\/p><p><a href=\"https:\/\/www.df.cl\/aniversario\/seguridad-tasa-de-homicidios-se-incrementa-y-delincuencia-aumenta-los\">Seguridad: tasa de homicidios se incrementa y delincuencia aumenta los temores en la poblaci\u00f3n. Se menciona a la Universidad de Talca<\/a><\/p><p>\u00a0<\/p><p><strong>EL MERCURIO<\/strong><\/p><p><a href=\"https:\/\/www.litoralpress.cl\/paginaconsultas\/Servicios_NClipSitio\/Get_Imagen_Nota.aspx?LPKey=ODRXDKI6FUFGV4PU7J3KO4MX2ZDA3N7AGDUP4GAOR2NFFAPSKB4Q2PT3AOQZQGFKPQ23VRNEOLJOQ\">Gobierno enfrenta sesi\u00f3n clave de la comisi\u00f3n investigadora Convenios por comparecencia de Miguel Crispi (RD). Se refiere Mauricio Morales, director del Centro de An\u00e1lisis Pol\u00edtico (CAP). \u00a0<\/a><\/p><p>\u00a0<\/p><p><strong>EL MOSTRADOR<\/strong><\/p><p><a href=\"https:\/\/www.elmostrador.cl\/noticias\/pais\/2023\/11\/06\/academico-destaca-fechas-claves-del-proceso-constitucional\/\">Acad\u00e9mico destaca fechas claves del proceso constitucional. Se refiere Mario Herrera, acad\u00e9mico e investigador del Centro de An\u00e1lisis Pol\u00edtico (CAP).<\/a><\/p><p>\u00a0<\/p><p><strong>ADPRENSA<\/strong><\/p><p><a href=\"https:\/\/www.adprensa.cl\/politica\/academico-destaca-fechas-claves-del-proceso-constitucional\/\">Acad\u00e9mico destaca fechas claves del proceso constitucional. Se refiere Mario Herrera, acad\u00e9mico e investigador del Centro de An\u00e1lisis Pol\u00edtico (CAP).<\/a><\/p><p>\u00a0<\/p><p><strong>G5NOTICIAS.CL<\/strong><\/p><p><a href=\"https:\/\/g5noticias.cl\/2023\/11\/06\/academico-destaca-fechas-claves-del-proceso-constitucional\/\">Acad\u00e9mico destaca fechas claves del proceso constitucional. Se refiere Mario Herrera, acad\u00e9mico e investigador del Centro de An\u00e1lisis Pol\u00edtico (CAP).<\/a><\/p><p>\u00a0<\/p><p><strong>RADIOGUAYACAN.CL<\/strong><\/p><p><a href=\"https:\/\/radioguayacan.cl\/index.php\/2023\/11\/06\/presidente-boric-recibe-este-martes-nuevo-constitucional-y-convoca-a-plebiscito-para-el-17-de-diciembre\/\">Presidente Boric recibe este martes nuevo texto constitucional y convoca a plebiscito para el 17 de diciembre<\/a><\/p><p>\u00a0<\/p><p><strong>EMOL<\/strong><\/p><p><a href=\"https:\/\/www.emol.com\/noticias\/Tendencias\/2023\/11\/06\/1112029\/fin-panamericanos-realidad-chile-gobierno.html\">Del \u00e1nimo positivo al &#8220;retorno&#8221; a la realidad: Los efectos socioemocionales tras el &#8220;fin de la fiesta&#8221; de los Panamericanos. Se refiere Claudio Riveros, soci\u00f3logo y acad\u00e9mico de la Facultad de Ciencias Jur\u00eddicas y Sociales.<\/a><strong><br \/><\/strong><\/p><p>\u00a0<\/p><p><strong>DIARIOTALCA.CL<\/strong><\/p><p><a href=\"https:\/\/diariotalca.cl\/academia-y-sector-privado-buscan-impulsar-vino-rico-en-antioxidantes\/\">Academia y sector privado buscan impulsar vino rico en antioxidantes. Se refieren Ver\u00f3nica Olate, investigadora del Instituto de Qu\u00edmica y Recursos Naturales, y Basilio Carrasco, director cient\u00edfico del Centro de Alimentos Procesados (CEAP).<\/a><\/p><p>\u00a0<\/p><p><strong>TV5 LINARES<\/strong><\/p><p><a href=\"https:\/\/www.litoralpress.cl\/sitio\/RadioTV_Detalles.cshtml?LPKey=XB3YU3C2NSRAQLBTW7CPTZWMT7RTKS5C573M4EXNOPNWNMRVJJ2SR6DC5G2XUZQEMUNJGK45M3RCE\">Provincia de Linares registr\u00f3 11.1% de desempleo en el trimestre julio-septiembre. Rodrigo Saens, acad\u00e9mico de la Facultad de Econom\u00eda y Negocios.<\/a><\/p><p><strong>\u00a0<\/strong><\/p><p><strong>ADPRENSA<\/strong><\/p><p><a href=\"https:\/\/www.adprensa.cl\/cronica\/utalca-y-mesa-regional-de-educacion-artistica-invitan-a-nueva-version-de-seminario-el-arte-de-educar\/\">UTalca y Mesa Regional de Educaci\u00f3n Art\u00edstica invitan a nueva versi\u00f3n de Seminario \u201cEl Arte de Educar\u201d. Se refiere Marcela Albornoz Dachelet, directora de Extensi\u00f3n Cultural \u2013 Art\u00edstica. <\/a><\/p><p><strong>\u00a0<\/strong><\/p><p><strong>MEDIABANCO<\/strong><\/p><p><a href=\"https:\/\/www.mediabanco.com\/utalca-y-mesa-regional-de-educacion-artistica-invitan-a-nueva-version-de-seminario-el-arte-de-educar\/\">UTalca y Mesa Regional de Educaci\u00f3n Art\u00edstica invitan a nueva versi\u00f3n de Seminario \u201cEl Arte de Educar\u201d. Se refiere Marcela Albornoz Dachelet, directora de Extensi\u00f3n Cultural \u2013 Art\u00edstica.<\/a><\/p><p>\u00a0<\/p><p><strong>ELCALBUCANO.CL<\/strong><\/p><p><a href=\"https:\/\/www.elcalbucano.cl\/2023\/11\/estudiantes-de-liceos-tecnicos-comparten-con-investigadoras\/\">Estudiantes de liceos t\u00e9cnicos comparten con investigadoras de la regi\u00f3n del Maule. Se menciona a la Universidad de Talca.<\/a><\/p><p><strong>\u00a0<\/strong><\/p><p><strong>RADIO AMIGA<\/strong><\/p><p><a href=\"https:\/\/www.litoralpress.cl\/sitio\/RadioTV_Detalles.cshtml?LPKey=T7QVTAX56C5CTVLDFNSN7QNXXYKQNPN5UQELRUJFPFBQCS26CWGEWRHUJQYGMYMBPSPAAOG64FU6O\">80 personas participaron en el ciclo para personas mayores. Se menciona a la Universidad de Talca.<\/a><\/p><p>\u00a0<\/p><p><strong>TV5 LINARES<\/strong><\/p><p><a href=\"https:\/\/www.litoralpress.cl\/sitio\/RadioTV_Detalles.cshtml?LPKey=MYZRXSUH7YBHKE23IAAGBXEV3OT2OT3FYRMWSD7IIW6DBMFO74CJEDPZNHD2OCB3RKUEWS5J2Y6TM\">ARCHI del Maule eligi\u00f3 nueva mesa directiva en ceremonia realizada en oficinas del GORE. Se refiere Sergio Torres, director de las Radioemisoras UTalca.<\/a><\/p>\t\t\t\t\t\t<\/div>\n\t\t\t\t<\/div>\n\t\t\t\t\t<\/div>\n\t\t<\/div>\n\t\t\t\t\t\t\t<\/div>\n\t\t<\/section>\n\t\t\t\t\t\t<\/div>\n\t\t\t\t\t<\/div>\n\t\t","protected":false},"excerpt":{"rendered":"<p>DIARIO FINANCIERO Sector agr\u00edcola absorbe el 23% de las p\u00e9rdidas econ\u00f3micas en Latinoam\u00e9rica por desastres naturales. Se refiere Jos\u00e9 Manuel C\u00e1rdenas, acad\u00e9mico de la Facultad de Psicolog\u00eda. \u00a0 PUBLIMETRO.CL Estudio estableci\u00f3 que el 80% de las mujeres ha sufrido violencia obst\u00e9trica o ginecol\u00f3gica. Se refiere Jos\u00e9 Manuel C\u00e1rdenas, acad\u00e9mico de la Facultad de Psicolog\u00eda. \u00a0 &hellip;<\/p>\n<p class=\"read-more\"> <a class=\"\" href=\"https:\/\/www.reportedeprensa.utalca.cl\/?p=8564\"> <span class=\"screen-reader-text\">07 de noviembre de 2023<\/span> Read More &raquo;<\/a><\/p>\n","protected":false},"author":1,"featured_media":0,"comment_status":"closed","ping_status":"open","sticky":false,"template":"","format":"standard","meta":{"_monsterinsights_skip_tracking":false,"_monsterinsights_sitenote_active":false,"_monsterinsights_sitenote_note":"","_monsterinsights_sitenote_category":0},"categories":[42,41],"tags":[],"_links":{"self":[{"href":"https:\/\/www.reportedeprensa.utalca.cl\/index.php?rest_route=\/wp\/v2\/posts\/8564"}],"collection":[{"href":"https:\/\/www.reportedeprensa.utalca.cl\/index.php?rest_route=\/wp\/v2\/posts"}],"about":[{"href":"https:\/\/www.reportedeprensa.utalca.cl\/index.php?rest_route=\/wp\/v2\/types\/post"}],"author":[{"embeddable":true,"href":"https:\/\/www.reportedeprensa.utalca.cl\/index.php?rest_route=\/wp\/v2\/users\/1"}],"replies":[{"embeddable":true,"href":"https:\/\/www.reportedeprensa.utalca.cl\/index.php?rest_route=%2Fwp%2Fv2%2Fcomments&post=8564"}],"version-history":[{"count":4,"href":"https:\/\/www.reportedeprensa.utalca.cl\/index.php?rest_route=\/wp\/v2\/posts\/8564\/revisions"}],"predecessor-version":[{"id":8568,"href":"https:\/\/www.reportedeprensa.utalca.cl\/index.php?rest_route=\/wp\/v2\/posts\/8564\/revisions\/8568"}],"wp:attachment":[{"href":"https:\/\/www.reportedeprensa.utalca.cl\/index.php?rest_route=%2Fwp%2Fv2%2Fmedia&parent=8564"}],"wp:term":[{"taxonomy":"category","embeddable":true,"href":"https:\/\/www.reportedeprensa.utalca.cl\/index.php?rest_route=%2Fwp%2Fv2%2Fcategories&post=8564"},{"taxonomy":"post_tag","embeddable":true,"href":"https:\/\/www.reportedeprensa.utalca.cl\/index.php?rest_route=%2Fwp%2Fv2%2Ftags&post=8564"}],"curies":[{"name":"wp","href":"https:\/\/api.w.org\/{rel}","templated":true}]}}