{"id":857,"date":"2021-04-29T09:24:59","date_gmt":"2021-04-29T12:24:59","guid":{"rendered":"https:\/\/www.reportedeprensa.utalca.cl\/?p=857"},"modified":"2021-04-29T09:56:41","modified_gmt":"2021-04-29T12:56:41","slug":"29-de-abril-de-2021","status":"publish","type":"post","link":"https:\/\/www.reportedeprensa.utalca.cl\/?p=857","title":{"rendered":"29 de abril de 2021"},"content":{"rendered":"\t\t<div data-elementor-type=\"wp-post\" data-elementor-id=\"857\" class=\"elementor elementor-857\" data-elementor-settings=\"[]\">\n\t\t\t\t\t\t\t<div class=\"elementor-section-wrap\">\n\t\t\t\t\t\t\t<section class=\"elementor-section elementor-top-section elementor-element elementor-element-a06ca45 elementor-section-boxed elementor-section-height-default elementor-section-height-default\" data-id=\"a06ca45\" data-element_type=\"section\">\n\t\t\t\t\t\t<div class=\"elementor-container elementor-column-gap-default\">\n\t\t\t\t\t<div class=\"elementor-column elementor-col-100 elementor-top-column elementor-element elementor-element-1486c35\" data-id=\"1486c35\" data-element_type=\"column\">\n\t\t\t<div class=\"elementor-widget-wrap elementor-element-populated\">\n\t\t\t\t\t\t\t\t<div class=\"elementor-element elementor-element-42b145e elementor-widget elementor-widget-text-editor\" data-id=\"42b145e\" data-element_type=\"widget\" data-widget_type=\"text-editor.default\">\n\t\t\t\t<div class=\"elementor-widget-container\">\n\t\t\t\t\t\t\t\t<p><b>CANAL 13<\/b><\/p><p><a style=\"font-style: inherit; font-weight: inherit; background-color: #ffffff; font-family: -apple-system, BlinkMacSystemFont,;\" href=\"https:\/\/www.litoralpress.cl\/Archivos\/n.%c3%9ca.Ktig.R.E7m.C.H.S.V.Qc.I7f.%c3%9c.A.%c3%96.%c3%96.mp4\" target=\"_blank\" rel=\"noopener\">Diez comunas de la Regi\u00f3n Metropolitana saldr\u00e1n ma\u00f1ana de cuarentena. Se refiere Erika Retamal, directora de Salud P\u00fablica de la UTalca.<\/a><\/p>\t\t\t\t\t\t<\/div>\n\t\t\t\t<\/div>\n\t\t\t\t<div class=\"elementor-element elementor-element-d83f3dc elementor-widget elementor-widget-text-editor\" data-id=\"d83f3dc\" data-element_type=\"widget\" data-widget_type=\"text-editor.default\">\n\t\t\t\t<div class=\"elementor-widget-container\">\n\t\t\t\t\t\t\t\t<p><b>ADPRENSA.CL<\/b><\/p><p><a style=\"font-style: inherit; font-weight: inherit; background-color: #ffffff; font-family: -apple-system, BlinkMacSystemFont,;\" href=\"https:\/\/www.adprensa.cl\/cronica\/especialistas-utalca-es-preocupante-que-comunas-salgan-de-cuarentena-considerando-sobredemanda-del-sistema-sanitario\/\" target=\"_blank\" rel=\"noopener\">Especialistas UTalca: \u201cEs preocupante que comunas salgan de cuarentena, considerando sobredemanda del sistema sanitario\u201d.<\/a><\/p>\t\t\t\t\t\t<\/div>\n\t\t\t\t<\/div>\n\t\t\t\t<div class=\"elementor-element elementor-element-4c19587 elementor-widget elementor-widget-text-editor\" data-id=\"4c19587\" data-element_type=\"widget\" data-widget_type=\"text-editor.default\">\n\t\t\t\t<div class=\"elementor-widget-container\">\n\t\t\t\t\t\t\t\t<p><b>MAULEE.CL<\/b><\/p><p><a style=\"font-style: inherit; font-weight: inherit; background-color: #ffffff; font-family: -apple-system, BlinkMacSystemFont,;\" href=\"https:\/\/www.maulee.cl\/especialistas-utalca-es-preocupante-que-comunas-salgan-de-cuarentena-considerando-sobredemanda-del-sistema-sanitario\/\" target=\"_blank\" rel=\"noopener\">Especialistas UTalca: \u201cEs preocupante que comunas salgan de cuarentena, considerando sobredemanda del sistema sanitario\u201d.<\/a><\/p>\t\t\t\t\t\t<\/div>\n\t\t\t\t<\/div>\n\t\t\t\t<div class=\"elementor-element elementor-element-2ddb00b elementor-widget elementor-widget-text-editor\" data-id=\"2ddb00b\" data-element_type=\"widget\" data-widget_type=\"text-editor.default\">\n\t\t\t\t<div class=\"elementor-widget-container\">\n\t\t\t\t\t\t\t\t<p><b>DIARIO EL HERALDO (Portada)<\/b><\/p><p><a style=\"font-style: inherit; font-weight: inherit; background-color: #ffffff; font-family: -apple-system, BlinkMacSystemFont,;\" href=\"https:\/\/www.litoralpress.cl\/paginaconsultas\/Servicios_NClip\/Get_Imagen_Nota.aspx?LPKey=.L8iy.Crzrxc.X.Dr.R.Vz.Jw9e.L\/.M.I.%C3%9C\/7q.Xsp.K.%C3%9C.T.M.Y.F.Fj7.V.Acc.Y\/.Ct.Z.Dd.Qx\/.%C3%9Cp.T0.I.Q.V.L.Yk\" target=\"_blank\" rel=\"noopener\">Especialistas UTalca: \u201cEs preocupante que comunas salgan de cuarentena, considerando sobredemanda del sistema sanitario\u201d.<\/a><\/p>\t\t\t\t\t\t<\/div>\n\t\t\t\t<\/div>\n\t\t\t\t<div class=\"elementor-element elementor-element-fb9e146 elementor-widget elementor-widget-text-editor\" data-id=\"fb9e146\" data-element_type=\"widget\" data-widget_type=\"text-editor.default\">\n\t\t\t\t<div class=\"elementor-widget-container\">\n\t\t\t\t\t\t\t\t<p><b>DIARIO EL HERALDO<\/b><\/p><p><a style=\"font-style: inherit; font-weight: inherit; background-color: #ffffff; font-family: -apple-system, BlinkMacSystemFont,;\" href=\"https:\/\/www.litoralpress.cl\/paginaconsultas\/Servicios_NClip\/Get_Imagen_Nota.aspx?LPKey=q.H.%C3%9Cvh.Whc.Jdp6h.C95d8.O.X.V.P.Ix.Qc5.E17.P4\/.W.Gvv7.Z.W5z.%C3%9Cz6po.Hg.W6.A.Mvm.D.Fs.S3sm88\" target=\"_blank\" rel=\"noopener\">Especialistas UTalca: \u201cEs preocupante que comunas salgan de cuarentena, considerando sobredemanda del sistema sanitario\u201d.<\/a><\/p>\t\t\t\t\t\t<\/div>\n\t\t\t\t<\/div>\n\t\t\t\t<div class=\"elementor-element elementor-element-d940f57 elementor-widget elementor-widget-text-editor\" data-id=\"d940f57\" data-element_type=\"widget\" data-widget_type=\"text-editor.default\">\n\t\t\t\t<div class=\"elementor-widget-container\">\n\t\t\t\t\t\t\t\t<p><b>DIARIOELHERALDO.CL<\/b><\/p><p><a style=\"font-style: inherit; font-weight: inherit; background-color: #ffffff; font-family: -apple-system, BlinkMacSystemFont,;\" href=\"http:\/\/www.diarioelheraldo.cl\/noticia\/especialistas-utalca-es-preocupante-que-comunas-salgan-de-cuarentena-considerando-sobredemanda-del-sistema-sanitario\" target=\"_blank\" rel=\"noopener\">Especialistas UTalca: \u201cEs preocupante que comunas salgan de cuarentena, considerando sobredemanda del sistema sanitario\u201d.<\/a><\/p>\t\t\t\t\t\t<\/div>\n\t\t\t\t<\/div>\n\t\t\t\t<div class=\"elementor-element elementor-element-4bb361e elementor-widget elementor-widget-text-editor\" data-id=\"4bb361e\" data-element_type=\"widget\" data-widget_type=\"text-editor.default\">\n\t\t\t\t<div class=\"elementor-widget-container\">\n\t\t\t\t\t\t\t\t<p><b>TVMAULE.CL<\/b><\/p><p><a style=\"font-style: inherit; font-weight: inherit; background-color: #ffffff; font-family: -apple-system, BlinkMacSystemFont,;\" href=\"https:\/\/www.tvmaule.cl\/epidemiologa-es-preocupante-que-comunas-salgan-de-cuarentena-considerando-sobredemanda-del-sistema-sanitario\/\" target=\"_blank\" rel=\"noopener\">Epidemi\u00f3loga: \u201cEs preocupante que comunas salgan de cuarentena, considerando sobredemanda del sistema sanitario\u201d. Se refieren Erika Retamal y Loreto N\u00fa\u00f1ez, directora y acad\u00e9mica, respectivamente, del Departamento de Salud P\u00fablica de la UTalca.<\/a><\/p>\t\t\t\t\t\t<\/div>\n\t\t\t\t<\/div>\n\t\t\t\t<div class=\"elementor-element elementor-element-0920f4e elementor-widget elementor-widget-text-editor\" data-id=\"0920f4e\" data-element_type=\"widget\" data-widget_type=\"text-editor.default\">\n\t\t\t\t<div class=\"elementor-widget-container\">\n\t\t\t\t\t\t\t\t<p><b>SEPTIMAPAGINANOTICIAS.CL<\/b><\/p><p><a style=\"font-style: inherit; font-weight: inherit; background-color: #ffffff; font-family: -apple-system, BlinkMacSystemFont,;\" href=\"https:\/\/www.septimapaginanoticias.cl\/post\/video-especialistas-utalca-es-preocupante-que-comunas-salgan-de-cuarentena-considerando-sobredemanda-del-sistema-sanitario\" target=\"_blank\" rel=\"noopener\">Especialistas UTalca: \u201cEs preocupante que comunas salgan de cuarentena, considerando sobredemanda del sistema sanitario\u201d.<\/a><\/p>\t\t\t\t\t\t<\/div>\n\t\t\t\t<\/div>\n\t\t\t\t<div class=\"elementor-element elementor-element-bdd29df elementor-widget elementor-widget-text-editor\" data-id=\"bdd29df\" data-element_type=\"widget\" data-widget_type=\"text-editor.default\">\n\t\t\t\t<div class=\"elementor-widget-container\">\n\t\t\t\t\t\t\t\t<p><b>SEXTANOTICIAS.CL<\/b><\/p><p><a style=\"font-style: inherit; font-weight: inherit; background-color: #ffffff; font-family: -apple-system, BlinkMacSystemFont,;\" href=\"https:\/\/www.sextanoticias.cl\/especialistas-utalca-es-preocupante-que-comunas-salgan-de-cuarentena-considerando-sobredemanda-del-sistema-sanitario\/\" target=\"_blank\" rel=\"noopener\">Especialistas UTalca: \u201cEs preocupante que comunas salgan de cuarentena, considerando sobredemanda del sistema sanitario\u201d.<\/a><\/p>\t\t\t\t\t\t<\/div>\n\t\t\t\t<\/div>\n\t\t\t\t<div class=\"elementor-element elementor-element-d653bcd elementor-widget elementor-widget-text-editor\" data-id=\"d653bcd\" data-element_type=\"widget\" data-widget_type=\"text-editor.default\">\n\t\t\t\t<div class=\"elementor-widget-container\">\n\t\t\t\t\t\t\t\t<p><b>G5NOTICIAS.CL<\/b><\/p><p><a style=\"font-style: inherit; font-weight: inherit; background-color: #ffffff; font-family: -apple-system, BlinkMacSystemFont,;\" href=\"https:\/\/g5noticias.cl\/2021\/04\/28\/especialistas-utalca-es-preocupante-que-comunas-salgan-de-cuarentena-considerando-sobredemanda-del-sistema-sanitario\/\" target=\"_blank\" rel=\"noopener\">Especialistas UTalca: \u201cEs preocupante que comunas salgan de cuarentena, considerando sobredemanda del sistema sanitario\u201d.<\/a><\/p>\t\t\t\t\t\t<\/div>\n\t\t\t\t<\/div>\n\t\t\t\t<div class=\"elementor-element elementor-element-aff0831 elementor-widget elementor-widget-text-editor\" data-id=\"aff0831\" data-element_type=\"widget\" data-widget_type=\"text-editor.default\">\n\t\t\t\t<div class=\"elementor-widget-container\">\n\t\t\t\t\t\t\t\t<p><b>CANAL TVN RED MAULE<\/b><\/p><p><a style=\"font-style: inherit; font-weight: inherit; background-color: #ffffff; font-family: -apple-system, BlinkMacSystemFont,;\" href=\"https:\/\/www.litoralpress.cl\/Archivos\/7.Vtrj.Rp.G0.Tk.P.Tzao0e.R.Im.Q.%c3%96.%c3%96.mp4\" target=\"_blank\" rel=\"noopener\">Talca y Maule avanzan a transici\u00f3n. Se refiere Loreto N\u00fa\u00f1ez, acad\u00e9mica del Departamento de Salud P\u00fablica de la UTalca.<\/a><\/p>\t\t\t\t\t\t<\/div>\n\t\t\t\t<\/div>\n\t\t\t\t<div class=\"elementor-element elementor-element-8eba122 elementor-widget elementor-widget-text-editor\" data-id=\"8eba122\" data-element_type=\"widget\" data-widget_type=\"text-editor.default\">\n\t\t\t\t<div class=\"elementor-widget-container\">\n\t\t\t\t\t\t\t\t<p><b>LAS \u00daLTIMAS NOTICIAS<\/b><\/p><p><a style=\"font-style: inherit; font-weight: inherit; background-color: #ffffff; font-family: -apple-system, BlinkMacSystemFont,;\" href=\"https:\/\/www.litoralpress.cl\/paginaconsultas\/Servicios_NClip\/Get_Imagen_Nota.aspx?LPKey=av6.Gz.W.K.F.K.Yrtv.Ry.L6b.L.N.Lz.Hx.U.Ghdsxq.Kvb.P5.G5.T.G.Xg.Zn.Hfvamsp.Qms.Ifw.M.Epg\/.Ct\" target=\"_blank\" rel=\"noopener\">As\u00ed se forma el frente que trae la primera gran lluvia de este oto\u00f1o. Se refiere Patricio Gonz\u00e1lez, acad\u00e9mico del Centro de Investigaci\u00f3n y Transferencia en Riego y Agroclimatolog\u00eda (CITRA) de la UTalca.<\/a><\/p>\t\t\t\t\t\t<\/div>\n\t\t\t\t<\/div>\n\t\t\t\t<div class=\"elementor-element elementor-element-58d2896 elementor-widget elementor-widget-text-editor\" data-id=\"58d2896\" data-element_type=\"widget\" data-widget_type=\"text-editor.default\">\n\t\t\t\t<div class=\"elementor-widget-container\">\n\t\t\t\t\t\t\t\t<p><b>RADIO ADN<\/b><\/p><p><a style=\"font-style: inherit; font-weight: inherit; background-color: #ffffff; font-family: -apple-system, BlinkMacSystemFont,;\" href=\"https:\/\/www.litoralpress.cl\/Archivos\/.Env.W10rm.K6.Peublao.Ts.Y.S.Q.%c3%96.%c3%96.mp3\" target=\"_blank\" rel=\"noopener\">Fiscal\u00eda Nacional hizo cuenta p\u00fablica. Se menciona a Isaac Ravetllat, director del Centro de Estudios sobre los Derechos de la Infancia y Adolescencia (CEDIA) de la UTalca.<\/a><\/p>\t\t\t\t\t\t<\/div>\n\t\t\t\t<\/div>\n\t\t\t\t<div class=\"elementor-element elementor-element-6415949 elementor-widget elementor-widget-text-editor\" data-id=\"6415949\" data-element_type=\"widget\" data-widget_type=\"text-editor.default\">\n\t\t\t\t<div class=\"elementor-widget-container\">\n\t\t\t\t\t\t\t\t<p><b>ENLINEAMAULE.CL<\/b><\/p><p><a style=\"font-style: inherit; font-weight: inherit; background-color: #ffffff; font-family: -apple-system, BlinkMacSystemFont,;\" href=\"https:\/\/enlineamaule.cl\/archivo\/43327\" target=\"_blank\" rel=\"noopener\">Sociedades m\u00e9dicas analizaron el proceso de vacunaci\u00f3n en embarazadas, explicando efectos, inmunizaci\u00f3n y c\u00f3mo act\u00faa la vacuna en este grupo objetivo. Se refiere Marcelo Alarc\u00f3n, acad\u00e9mico del Departamento de Bioqu\u00edmica Cl\u00ednica e Inmunohematolog\u00eda de la UTalca.<\/a><\/p>\t\t\t\t\t\t<\/div>\n\t\t\t\t<\/div>\n\t\t\t\t<div class=\"elementor-element elementor-element-7a9d9df elementor-widget elementor-widget-text-editor\" data-id=\"7a9d9df\" data-element_type=\"widget\" data-widget_type=\"text-editor.default\">\n\t\t\t\t<div class=\"elementor-widget-container\">\n\t\t\t\t\t\t\t\t<p><b>G5NOTICIAS.CL<\/b><\/p><p><a style=\"font-style: inherit; font-weight: inherit; background-color: #ffffff; font-family: -apple-system, BlinkMacSystemFont,;\" href=\"https:\/\/g5noticias.cl\/2021\/04\/28\/profesional-del-hospital-claudio-vicuna-advierte-importancia-de-calidad-y-cantidad-de-horas-de-sueno-diarias-para-mantener-una-buena-salud\/\" target=\"_blank\" rel=\"noopener\">Profesional del Hospital Claudio Vicu\u00f1a advierte importancia de calidad y cantidad de horas de sue\u00f1o diarias para mantener una buena salud. Se menciona estudio sobre el sue\u00f1o realizado por acad\u00e9micos de la Facultad de Psicolog\u00eda de la UTalca.<\/a><\/p>\t\t\t\t\t\t<\/div>\n\t\t\t\t<\/div>\n\t\t\t\t<div class=\"elementor-element elementor-element-fea829b elementor-widget elementor-widget-text-editor\" data-id=\"fea829b\" data-element_type=\"widget\" data-widget_type=\"text-editor.default\">\n\t\t\t\t<div class=\"elementor-widget-container\">\n\t\t\t\t\t\t\t\t<p><b>RADIO RTL<\/b><\/p><p><a style=\"font-style: inherit; font-weight: inherit; background-color: #ffffff; font-family: -apple-system, BlinkMacSystemFont,;\" href=\"https:\/\/www.litoralpress.cl\/deposito\/audios\/2021\/04\/28\/9487018.mp3\" target=\"_blank\" rel=\"noopener\">Variante andina del Coronavirus. La opini\u00f3n de Marcelo Alarc\u00f3n, acad\u00e9mico del Departamento de Bioqu\u00edmica Cl\u00ednica e Inmunohematolog\u00eda de la UTalca.<\/a><\/p>\t\t\t\t\t\t<\/div>\n\t\t\t\t<\/div>\n\t\t\t\t<div class=\"elementor-element elementor-element-66eb44e elementor-widget elementor-widget-text-editor\" data-id=\"66eb44e\" data-element_type=\"widget\" data-widget_type=\"text-editor.default\">\n\t\t\t\t<div class=\"elementor-widget-container\">\n\t\t\t\t\t\t\t\t<p><b>ENLINEAMAULE.CL<\/b><\/p><p><a style=\"font-style: inherit; font-weight: inherit; background-color: #ffffff; font-family: -apple-system, BlinkMacSystemFont,;\" href=\"https:\/\/enlineamaule.cl\/archivo\/43301\" target=\"_blank\" rel=\"noopener\">Hub Alimentos UTalca apoya a emprendedoras que producen harina de grillo y un biodigestor.<\/a><\/p>\t\t\t\t\t\t<\/div>\n\t\t\t\t<\/div>\n\t\t\t\t<div class=\"elementor-element elementor-element-79079fe elementor-widget elementor-widget-text-editor\" data-id=\"79079fe\" data-element_type=\"widget\" data-widget_type=\"text-editor.default\">\n\t\t\t\t<div class=\"elementor-widget-container\">\n\t\t\t\t\t\t\t\t<p><b>CHILLANONLINE.CL<\/b><\/p><p><a style=\"font-style: inherit; font-weight: inherit; background-color: #ffffff; font-family: -apple-system, BlinkMacSystemFont,;\" href=\"https:\/\/www.chillanonline.cl\/V5\/hub-alimentos-utalca-apoya-a-emprendedoras-que-producen-harina-de-grillo-y-un-biodigestor\/\" target=\"_blank\" rel=\"noopener\">Hub Alimentos UTalca apoya a emprendedoras que producen harina de grillo y un biodigestor.<\/a><\/p>\t\t\t\t\t\t<\/div>\n\t\t\t\t<\/div>\n\t\t\t\t<div class=\"elementor-element elementor-element-83ae3cf elementor-widget elementor-widget-text-editor\" data-id=\"83ae3cf\" data-element_type=\"widget\" data-widget_type=\"text-editor.default\">\n\t\t\t\t<div class=\"elementor-widget-container\">\n\t\t\t\t\t\t\t\t<p><b>CANAL TVN (Buenos D\u00edas a Todos)<\/b><\/p><p><a style=\"font-style: inherit; font-weight: inherit; background-color: #ffffff; font-family: -apple-system, BlinkMacSystemFont,;\" href=\"https:\/\/www.litoralpress.cl\/Archivos\/.Xd.K.Gl6.M.G.Lc.Mu.O.E1.R.I.K0a.Xw.%c3%96.%c3%96.mp4\" target=\"_blank\" rel=\"noopener\">Podr\u00eda haber cambio de gabinete tras el rev\u00e9s en el Tribunal Constitucional. Opini\u00f3n de Mario Herrera, acad\u00e9mico del Centro de An\u00e1lisis Pol\u00edtico (CAP) de la UTalca.<\/a><\/p>\t\t\t\t\t\t<\/div>\n\t\t\t\t<\/div>\n\t\t\t\t<div class=\"elementor-element elementor-element-c3e6631 elementor-widget elementor-widget-text-editor\" data-id=\"c3e6631\" data-element_type=\"widget\" data-widget_type=\"text-editor.default\">\n\t\t\t\t<div class=\"elementor-widget-container\">\n\t\t\t\t\t\t\t\t<p><b>EL MERCURIO DE VALPARA\u00cdSO<\/b><\/p><p><a style=\"font-style: inherit; font-weight: inherit; background-color: #ffffff; font-family: -apple-system, BlinkMacSystemFont,;\" href=\"https:\/\/www.litoralpress.cl\/paginaconsultas\/Servicios_NClip\/Get_Imagen_Nota.aspx?LPKey=.Q.J.Dd.A.Yo\/z.Vs.O.Nt7.X.J.Bdunq.Hbdr.J.R7.Yn.F.W.U.Nwp.Ns9g.Oe68seuniv.Xn6.Bb.U.Rjx.Bc0l\" target=\"_blank\" rel=\"noopener\">Crisis del Gobierno por retiro del 10% pone en peligro a Chile Vamos. Se refiere Mauricio Morales, director del Centro de An\u00e1lisis Pol\u00edtico (CAP) de la UTalca.<\/a><\/p>\t\t\t\t\t\t<\/div>\n\t\t\t\t<\/div>\n\t\t\t\t<div class=\"elementor-element elementor-element-922d785 elementor-widget elementor-widget-text-editor\" data-id=\"922d785\" data-element_type=\"widget\" data-widget_type=\"text-editor.default\">\n\t\t\t\t<div class=\"elementor-widget-container\">\n\t\t\t\t\t\t\t\t<p><b>EL LECTOR<\/b><\/p><p><a style=\"font-style: inherit; font-weight: inherit; background-color: #ffffff; font-family: -apple-system, BlinkMacSystemFont,;\" href=\"https:\/\/www.litoralpress.cl\/paginaconsultas\/Servicios_NClip\/Get_Imagen_Nota.aspx?LPKey=.P.Il\/m.Mb.B.Al.X.E2.Ayu.Pvw.K\/uy.V0.M.Avi.P1.G8tm8q.P.E.M.Y.X.R.N564.F.Av.T.Z.M.S.Cg.X.O0u.M.H.B.T\u200b\" target=\"_blank\" rel=\"noopener\">Jard\u00edn Infantil JUNJI de la UTalca desarroll\u00f3 su primer conversatorio con familias.<\/a><\/p>\t\t\t\t\t\t<\/div>\n\t\t\t\t<\/div>\n\t\t\t\t\t<\/div>\n\t\t<\/div>\n\t\t\t\t\t\t\t<\/div>\n\t\t<\/section>\n\t\t\t\t\t\t<\/div>\n\t\t\t\t\t<\/div>\n\t\t","protected":false},"excerpt":{"rendered":"<p>CANAL 13 Diez comunas de la Regi\u00f3n Metropolitana saldr\u00e1n ma\u00f1ana de cuarentena. Se refiere Erika Retamal, directora de Salud P\u00fablica de la UTalca. ADPRENSA.CL Especialistas UTalca: \u201cEs preocupante que comunas salgan de cuarentena, considerando sobredemanda del sistema sanitario\u201d. MAULEE.CL Especialistas UTalca: \u201cEs preocupante que comunas salgan de cuarentena, considerando sobredemanda del sistema sanitario\u201d. DIARIO EL &hellip;<\/p>\n<p class=\"read-more\"> <a class=\"\" href=\"https:\/\/www.reportedeprensa.utalca.cl\/?p=857\"> <span class=\"screen-reader-text\">29 de abril de 2021<\/span> Read More &raquo;<\/a><\/p>\n","protected":false},"author":1,"featured_media":0,"comment_status":"closed","ping_status":"open","sticky":false,"template":"elementor_theme","format":"standard","meta":{"_monsterinsights_skip_tracking":false,"_monsterinsights_sitenote_active":false,"_monsterinsights_sitenote_note":"","_monsterinsights_sitenote_category":0},"categories":[7],"tags":[],"_links":{"self":[{"href":"https:\/\/www.reportedeprensa.utalca.cl\/index.php?rest_route=\/wp\/v2\/posts\/857"}],"collection":[{"href":"https:\/\/www.reportedeprensa.utalca.cl\/index.php?rest_route=\/wp\/v2\/posts"}],"about":[{"href":"https:\/\/www.reportedeprensa.utalca.cl\/index.php?rest_route=\/wp\/v2\/types\/post"}],"author":[{"embeddable":true,"href":"https:\/\/www.reportedeprensa.utalca.cl\/index.php?rest_route=\/wp\/v2\/users\/1"}],"replies":[{"embeddable":true,"href":"https:\/\/www.reportedeprensa.utalca.cl\/index.php?rest_route=%2Fwp%2Fv2%2Fcomments&post=857"}],"version-history":[{"count":4,"href":"https:\/\/www.reportedeprensa.utalca.cl\/index.php?rest_route=\/wp\/v2\/posts\/857\/revisions"}],"predecessor-version":[{"id":861,"href":"https:\/\/www.reportedeprensa.utalca.cl\/index.php?rest_route=\/wp\/v2\/posts\/857\/revisions\/861"}],"wp:attachment":[{"href":"https:\/\/www.reportedeprensa.utalca.cl\/index.php?rest_route=%2Fwp%2Fv2%2Fmedia&parent=857"}],"wp:term":[{"taxonomy":"category","embeddable":true,"href":"https:\/\/www.reportedeprensa.utalca.cl\/index.php?rest_route=%2Fwp%2Fv2%2Fcategories&post=857"},{"taxonomy":"post_tag","embeddable":true,"href":"https:\/\/www.reportedeprensa.utalca.cl\/index.php?rest_route=%2Fwp%2Fv2%2Ftags&post=857"}],"curies":[{"name":"wp","href":"https:\/\/api.w.org\/{rel}","templated":true}]}}