{"id":8572,"date":"2023-11-09T16:59:06","date_gmt":"2023-11-09T19:59:06","guid":{"rendered":"https:\/\/www.reportedeprensa.utalca.cl\/?p=8572"},"modified":"2023-11-14T11:24:35","modified_gmt":"2023-11-14T14:24:35","slug":"08-de-noviembre-de-2023","status":"publish","type":"post","link":"https:\/\/www.reportedeprensa.utalca.cl\/?p=8572","title":{"rendered":"09 de noviembre de 2023"},"content":{"rendered":"\t\t<div data-elementor-type=\"wp-post\" data-elementor-id=\"8572\" class=\"elementor elementor-8572\" data-elementor-settings=\"[]\">\n\t\t\t\t\t\t\t<div class=\"elementor-section-wrap\">\n\t\t\t\t\t\t\t<section class=\"elementor-section elementor-top-section elementor-element elementor-element-bcea1a8 elementor-section-boxed elementor-section-height-default elementor-section-height-default\" data-id=\"bcea1a8\" data-element_type=\"section\">\n\t\t\t\t\t\t<div class=\"elementor-container elementor-column-gap-default\">\n\t\t\t\t\t<div class=\"elementor-column elementor-col-100 elementor-top-column elementor-element elementor-element-e7183bf\" data-id=\"e7183bf\" data-element_type=\"column\">\n\t\t\t<div class=\"elementor-widget-wrap elementor-element-populated\">\n\t\t\t\t\t\t\t\t<div class=\"elementor-element elementor-element-5ffbb87 elementor-widget elementor-widget-text-editor\" data-id=\"5ffbb87\" data-element_type=\"widget\" data-widget_type=\"text-editor.default\">\n\t\t\t\t<div class=\"elementor-widget-container\">\n\t\t\t\t\t\t\t\t<p><strong>DIARIO TALCA<\/strong><\/p><p><a href=\"https:\/\/diariotalca.cl\/el-impacto-de-contar-con-medios-de-comunicacion-regionales-por-carlos-torres-fuchslocher\/\">El impacto de contar con medios de comunicaci\u00f3n regionales. Se refiere Carlos Torres Fuchslocher, rector. <\/a><\/p><p>\u00a0<\/p><p><strong>DIARIO FINANCIERO<\/strong><\/p><p><a href=\"https:\/\/www.litoralpress.cl\/paginaconsultas\/Servicios_NClipSitio\/Get_Imagen_Nota.aspx?LPKey=H66RBLK7XIVX47EPOIHBOQHONNYL25VR3WFHI22AAHALWCZNGMTRKZMQJGUNWOEZS5M6NLD255KUQ\">Los expertos que eligi\u00f3 el Gobierno para analizar el texto constitucional y la reforma de pensiones. Se menciona a Humberto Nogueira, acad\u00e9mico de la Facultad de Ciencias Jur\u00eddicas y Sociales.<\/a><\/p><p>\u00a0<\/p><p><strong>EMOL<\/strong><\/p><p><a href=\"https:\/\/www.emol.com\/noticias\/Economia\/2023\/11\/09\/1112355\/especialistas-reforma-pensiones.html\">Los expertos convocados por el Gobierno para evaluar compatibilidad entre reforma previsional y texto constitucional. Se menciona a Humberto Nogueira, acad\u00e9mico de la Facultad de Ciencias Jur\u00eddicas y Sociales. \u00a0<\/a><\/p><p>\u00a0<\/p><p><strong>LATERCERA.COM<\/strong><\/p><p><a href=\"https:\/\/www.latercera.com\/laboratoriodecontenidos\/noticia\/innovacion-e-inclusion-como-son-las-tarjetas-para-las-personas-no-videntes\/E5SYSCTEYRAJNP2IMLBSVLEM2M\/\">Innovaci\u00f3n e inclusi\u00f3n: \u00bfC\u00f3mo son las tarjetas para las personas no videntes? Se refiere Viviana Estrada, acad\u00e9mica de la Facultad de Ciencias de la Salud.<\/a><\/p><p><strong>\u00a0<\/strong><\/p><p><strong>LA TRIBUNA\u00a0<\/strong><\/p><p><a href=\"https:\/\/www.litoralpress.cl\/sitio\/Prensa_Detalles.cshtml?LPKey=X7ZTKDJYH7ZG32TVS7Y4STE63QSVFFLGD76MG43R4XMLGLGLMJEQ\">Autoridades en alerta ante alza de circulaci\u00f3n de virus respiratorios: \u201cTenemos un 41 % m\u00e1s de casos\u201d. Se refiere Daniel Jim\u00e9nez, epidemi\u00f3logo y director de Salud del Estudiante.<\/a><\/p><p>\u00a0<\/p><p><strong>CANAL TVN RED MAULE<\/strong><\/p><p><a href=\"https:\/\/www.litoralpress.cl\/sitio\/RadioTV_Detalles.cshtml?LPKey=VXIKTZUKPA74GVP6PSJP2NBJUNG3BZIHL5EQSBJ6337K355ZT5YN6WSIFSJ4G2YOOQSAPSA2WEM5Y\">Ni\u00f1a de 10 a\u00f1os es posible caso de meningitis en Talca. Se refiere Daniel Jim\u00e9nez, epidemi\u00f3logo y director de Salud del Estudiante.<\/a><\/p><p>\u00a0<\/p><p><strong>ADPRENSA<\/strong><\/p><p><a href=\"https:\/\/www.adprensa.cl\/cronica\/estudiante-utalca-crea-modulo-de-entrenamiento-integral-para-cuartel-de-bomberos\/\">Estudiante UTalca crea m\u00f3dulo de entrenamiento integral para Cuartel de Bomberos. Se refieren Camila Soto Hayden y \u00a0Jos\u00e9 Luis Uribe, estudiante y acad\u00e9mico de la Escuela de Arquitectura, respectivamente. <\/a><\/p><p>\u00a0<\/p><p><strong>MEDIABANCO<\/strong><\/p><p><a href=\"https:\/\/www.mediabanco.com\/estudiante-utalca-crea-modulo-de-entrenamiento-integral-para-cuartel-de-bomberos\/\">Estudiante UTalca crea m\u00f3dulo de entrenamiento integral para Cuartel de Bomberos. Se refieren Camila Soto Hayden y \u00a0Jos\u00e9 Luis Uribe, estudiante y acad\u00e9mico de la Escuela de Arquitectura, respectivamente.<\/a><\/p><p>\u00a0<\/p><p><strong>ELMAULEINFORMA.CL<\/strong><\/p><p><a href=\"https:\/\/elmauleinforma.cl\/estudiante-utalca-crea-modulo-de-entrenamiento-integral-para-cuartel-de-bomberos\/\">Estudiante UTalca crea m\u00f3dulo de entrenamiento integral para Cuartel de Bomberos. Se refieren Camila Soto Hayden y \u00a0Jos\u00e9 Luis Uribe, estudiante y acad\u00e9mico de la Escuela de Arquitectura, respectivamente.<\/a><\/p><p>\u00a0<\/p><p><strong>CANAL TVN RED MAULE<\/strong><\/p><p><a href=\"https:\/\/www.litoralpress.cl\/sitio\/RadioTV_Detalles.cshtml?LPKey=RTABMAQAGH4JSXXQB34ZP3ZYI7M2F4CKJVHSXU5PNFZKOPJZ6YBLWQPAEJYKIEQW5U3U45Y3Y5QC2\">Certifican a 35 mujeres de 22 comunas en capacitaci\u00f3n de innovaci\u00f3n y emprendimiento. Se refiere Lisbet Ya\u00f1ez\u00a0Stegmaier, coordinadora de Cooperaci\u00f3n Internacional.<\/a><\/p><p><strong>\u00a0<\/strong><\/p><p><strong>LAS \u00daTIMAS NOTICIAS<\/strong><\/p><p><a href=\"https:\/\/www.litoralpress.cl\/sitio\/Prensa_Detalles.cshtml?LPKey=MZMVAMYEIDD32N3YPG5XTX2KG6FB3CJECZLIN3VUZ6ONPVWRIM3Q\">Analistas juzgan los derechos sociales de la nueva propuesta de Constituci\u00f3n. Se refiere Mauricio Morales, director del Centro de An\u00e1lisis Pol\u00edtico (CAP). \u00a0<\/a><\/p><p>\u00a0<\/p><p><strong>EMOL<\/strong><\/p><p><a href=\"https:\/\/www.emol.com\/noticias\/Nacional\/2023\/11\/09\/1112353\/kast-y-campana-a-favor.html\">De cara al 17-D: Los desaf\u00edos y riesgos que enfrenta J. Antonio Kast a ra\u00edz de la campa\u00f1a por el A Favor. Se refiere Mauricio Morales, director del Centro de An\u00e1lisis Pol\u00edtico (CAP). \u00a0<\/a><\/p><p>\u00a0<\/p><p><strong>TV5 LINARES<\/strong><\/p><p><a href=\"https:\/\/www.tv5.cl\/categoria\/notas\/pedagogia-bilingue-universidad-talca\">Pedagog\u00eda biling\u00fce en la Universidad de Talca. Se refiere Carolina Bravo, Coordinadora Unidad Atracci\u00f3n, Acceso y Permanencia a las Carreras de Educaci\u00f3n de la Facultad de Ciencias de la Educaci\u00f3n.<\/a><\/p><p>\u00a0<\/p><p><strong>RADIO ANCOA<\/strong><\/p><p><a href=\"https:\/\/www.litoralpress.cl\/sitio\/RadioTV_Detalles.cshtml?LPKey=YW7Z6HXUUFJUTKD3L3NTL5QIKQPHN47MIK55AKDAMGHFVQZOFVIY5XRRJNY4IQLFKVPW7LZUXX3RE\">El valor de las carreras de Pedagog\u00eda en la UTalca. Se refiere Carolina Bravo, Coordinadora Unidad Atracci\u00f3n, Acceso y Permanencia a las Carreras de Educaci\u00f3n de la Facultad de Ciencias de la Educaci\u00f3n<\/a><\/p><p>\u00a0<\/p><p><strong>DIARIOELCENTRO.CL<\/strong><\/p><p><a href=\"https:\/\/www.diarioelcentro.cl\/2023\/11\/09\/en-talca-desarrollan-conferencia-internacional-de-envejecimiento-saludable\/\">En Talca desarrollan conferencia internacional de envejecimiento saludable. Se refiere Iv\u00e1n Palomo, director del CIES y acad\u00e9mico de la Facultad de Ciencias de la Salud.<\/a><\/p><p>\u00a0<\/p><p><strong>LA PRENSA DE CURIC\u00d3<\/strong><\/p><p><a href=\"https:\/\/www.litoralpress.cl\/paginaconsultas\/Servicios_NClipSitio\/Get_Imagen_Nota.aspx?LPKey=JLEPVHOLRQ6JOBPF6MFAEWVIEXBHNX754ZL6SSYZY7Z2DHIXUH4KWQYAWMBW2VK5WPRKHYHSEZE56\">D\u00eda Mundial del Urbanismo y personas mayores. Se refiere Fabiola Helbig, acad\u00e9mica de la Escuela de Terapia Ocupacional.<\/a><\/p>\t\t\t\t\t\t<\/div>\n\t\t\t\t<\/div>\n\t\t\t\t\t<\/div>\n\t\t<\/div>\n\t\t\t\t\t\t\t<\/div>\n\t\t<\/section>\n\t\t\t\t\t\t<\/div>\n\t\t\t\t\t<\/div>\n\t\t","protected":false},"excerpt":{"rendered":"<p>DIARIO TALCA El impacto de contar con medios de comunicaci\u00f3n regionales. Se refiere Carlos Torres Fuchslocher, rector. \u00a0 DIARIO FINANCIERO Los expertos que eligi\u00f3 el Gobierno para analizar el texto constitucional y la reforma de pensiones. Se menciona a Humberto Nogueira, acad\u00e9mico de la Facultad de Ciencias Jur\u00eddicas y Sociales. \u00a0 EMOL Los expertos convocados &hellip;<\/p>\n<p class=\"read-more\"> <a class=\"\" href=\"https:\/\/www.reportedeprensa.utalca.cl\/?p=8572\"> <span class=\"screen-reader-text\">09 de noviembre de 2023<\/span> Read More &raquo;<\/a><\/p>\n","protected":false},"author":1,"featured_media":0,"comment_status":"closed","ping_status":"open","sticky":false,"template":"","format":"standard","meta":{"_monsterinsights_skip_tracking":false,"_monsterinsights_sitenote_active":false,"_monsterinsights_sitenote_note":"","_monsterinsights_sitenote_category":0},"categories":[42,41],"tags":[],"_links":{"self":[{"href":"https:\/\/www.reportedeprensa.utalca.cl\/index.php?rest_route=\/wp\/v2\/posts\/8572"}],"collection":[{"href":"https:\/\/www.reportedeprensa.utalca.cl\/index.php?rest_route=\/wp\/v2\/posts"}],"about":[{"href":"https:\/\/www.reportedeprensa.utalca.cl\/index.php?rest_route=\/wp\/v2\/types\/post"}],"author":[{"embeddable":true,"href":"https:\/\/www.reportedeprensa.utalca.cl\/index.php?rest_route=\/wp\/v2\/users\/1"}],"replies":[{"embeddable":true,"href":"https:\/\/www.reportedeprensa.utalca.cl\/index.php?rest_route=%2Fwp%2Fv2%2Fcomments&post=8572"}],"version-history":[{"count":8,"href":"https:\/\/www.reportedeprensa.utalca.cl\/index.php?rest_route=\/wp\/v2\/posts\/8572\/revisions"}],"predecessor-version":[{"id":8597,"href":"https:\/\/www.reportedeprensa.utalca.cl\/index.php?rest_route=\/wp\/v2\/posts\/8572\/revisions\/8597"}],"wp:attachment":[{"href":"https:\/\/www.reportedeprensa.utalca.cl\/index.php?rest_route=%2Fwp%2Fv2%2Fmedia&parent=8572"}],"wp:term":[{"taxonomy":"category","embeddable":true,"href":"https:\/\/www.reportedeprensa.utalca.cl\/index.php?rest_route=%2Fwp%2Fv2%2Fcategories&post=8572"},{"taxonomy":"post_tag","embeddable":true,"href":"https:\/\/www.reportedeprensa.utalca.cl\/index.php?rest_route=%2Fwp%2Fv2%2Ftags&post=8572"}],"curies":[{"name":"wp","href":"https:\/\/api.w.org\/{rel}","templated":true}]}}