{"id":8587,"date":"2023-11-13T12:44:16","date_gmt":"2023-11-13T15:44:16","guid":{"rendered":"https:\/\/www.reportedeprensa.utalca.cl\/?p=8587"},"modified":"2023-11-13T12:53:38","modified_gmt":"2023-11-13T15:53:38","slug":"13-de-noviembre-de-2023","status":"publish","type":"post","link":"https:\/\/www.reportedeprensa.utalca.cl\/?p=8587","title":{"rendered":"13 de noviembre de 2023"},"content":{"rendered":"\t\t<div data-elementor-type=\"wp-post\" data-elementor-id=\"8587\" class=\"elementor elementor-8587\" data-elementor-settings=\"[]\">\n\t\t\t\t\t\t\t<div class=\"elementor-section-wrap\">\n\t\t\t\t\t\t\t<section class=\"elementor-section elementor-top-section elementor-element elementor-element-bcea1a8 elementor-section-boxed elementor-section-height-default elementor-section-height-default\" data-id=\"bcea1a8\" data-element_type=\"section\">\n\t\t\t\t\t\t<div class=\"elementor-container elementor-column-gap-default\">\n\t\t\t\t\t<div class=\"elementor-column elementor-col-100 elementor-top-column elementor-element elementor-element-e7183bf\" data-id=\"e7183bf\" data-element_type=\"column\">\n\t\t\t<div class=\"elementor-widget-wrap elementor-element-populated\">\n\t\t\t\t\t\t\t\t<div class=\"elementor-element elementor-element-5ffbb87 elementor-widget elementor-widget-text-editor\" data-id=\"5ffbb87\" data-element_type=\"widget\" data-widget_type=\"text-editor.default\">\n\t\t\t\t<div class=\"elementor-widget-container\">\n\t\t\t\t\t\t\t\t<p style=\"font-weight: 400;\"><strong><span style=\"font-style: inherit; font-weight: inherit;\">EL MERCURIO<\/span><\/strong><\/p><p style=\"font-weight: 400;\"><a href=\"https:\/\/www.litoralpress.cl\/paginaconsultas\/Servicios_NClipSitioWeb\/Get_Imagen_Nota.aspx?LPKey=O3M5EXJXOBTBD4HJOB7LCEA2XIAB6H5MYJYYT273GXSCRCTQUTMVWYHW2WOGZPXEPNMXRRNAAD4AA\"><span style=\"font-style: inherit; font-weight: inherit;\">&#8221; EL VIAJE&#8221; En la mirada de los artistas visuales de la Academia. Se menciona al rector Carlos Torres Fuchslocher.<\/span><\/a><\/p><p style=\"font-weight: 400;\"><span style=\"font-style: inherit; font-weight: inherit;\"><strong>\u00a0<\/strong><\/span><\/p><p style=\"font-weight: 400;\"><span style=\"font-style: inherit; font-weight: inherit;\"><strong>MEDIABANCO<\/strong><\/span><\/p><p style=\"font-weight: 400;\"><a href=\"https:\/\/www.mediabanco.com\/utalca-inicia-campana-de-recoleccion-de-juguetes-para-su-tradicional-tren-de-navidad\/\">UTalca inicia campa\u00f1a de recolecci\u00f3n de juguetes para su tradicional Tren de Navidad. Se refieren\u00a0<span style=\"font-style: inherit; font-weight: inherit;\">Carlos Torres Fuchslocher, rector; y Marcela Albornoz Dachelet, directora de Extensi\u00f3n Cultural \u2013 Art\u00edstica.<\/span><\/a><\/p><p style=\"font-weight: 400;\"><span style=\"font-style: inherit; font-weight: inherit;\">\u00a0<\/span><\/p><p style=\"font-weight: 400;\"><strong><span style=\"font-style: inherit;\">PUBLIMICRO.CL<\/span><\/strong><\/p><p style=\"font-weight: 400;\"><a href=\"https:\/\/publimicro.cl\/utalca-inicia-campana-de-recoleccion-de-juguetes-para-su-tradicional-tren-de-navidad\/\">UTalca inicia campa\u00f1a de recolecci\u00f3n de juguetes para su tradicional Tren de Navidad. Se refieren\u00a0<span style=\"font-style: inherit; font-weight: inherit;\">Carlos Torres Fuchslocher, rector<\/span><\/a><\/p><p style=\"font-weight: 400;\"><span style=\"font-style: inherit; font-weight: inherit;\">\u00a0<\/span><\/p><p style=\"font-weight: 400;\"><span style=\"font-style: inherit; font-weight: inherit;\"><strong>ADPRENSA<\/strong><\/span><\/p><p style=\"font-weight: 400;\"><a href=\"https:\/\/www.adprensa.cl\/cronica\/canal-utalcatv-debutara-al-aire-con-novedosos-programas\/\">Canal UTalcaTV debutar\u00e1 al aire con novedosos programas. Marcela Barros Morales, directora de Comunicaciones Corporativas.<\/a><\/p><p style=\"font-weight: 400;\"><span style=\"font-style: inherit; font-weight: inherit;\">\u00a0<\/span><\/p><p style=\"font-weight: 400;\"><strong><span style=\"font-style: inherit;\">MEDIABANCO<\/span><\/strong><\/p><p style=\"font-weight: 400;\"><a href=\"https:\/\/www.mediabanco.com\/canal-utalcatv-debutara-al-aire-con-novedosos-programas\/\">Canal UTalcaTV debutar\u00e1 al aire con novedosos programas. Se refiere Marcela Barros Morales, directora de Comunicaciones Corporativas.<\/a><\/p><p style=\"font-weight: 400;\"><span style=\"font-style: inherit; font-weight: inherit;\">\u00a0<\/span><\/p><p style=\"font-weight: 400;\"><strong><span style=\"font-style: inherit;\">PUBLIMICRO.CL<\/span><\/strong><\/p><p style=\"font-weight: 400;\"><a href=\"https:\/\/publimicro.cl\/gracias-por-todo-campus-tv-bienvenida-utalcatv-nueva-senal-televisiva-utalina-debutara-al-aire-este-jueves-con-novedosos-programas\/\">\u00a1Gracias por todo Campus TV, Bienvenida UTalcaTV! Nueva se\u00f1al televisiva utalina, debutar\u00e1 al aire este jueves con novedosos programas. Se refiere Marcela Barros Morales, directora de Comunicaciones Corporativas.<\/a><\/p><p style=\"font-weight: 400;\">\u00a0<\/p><p style=\"font-weight: 400;\"><strong><span style=\"font-style: inherit;\">EL LECTOR<\/span><\/strong><\/p><p style=\"font-weight: 400;\"><a href=\"https:\/\/www.litoralpress.cl\/paginaconsultas\/Servicios_NClipSitioWeb\/Get_Imagen_Nota.aspx?LPKey=HZILNPNDRBRBUGUGQ5763QIQKEBPOTFZ6M5GP3FSRDBZITWV3S3CBW7ZO33NT77XPJJX4CZC2G6N2\">Canal UTalcaTV debutar\u00e1 al aire con novedosos programas. Marcela Barros Morales, directora de Comunicaciones Corporativas.<\/a><\/p><p style=\"font-weight: 400;\"><span style=\"font-style: inherit; font-weight: inherit;\">\u00a0<\/span><\/p><p style=\"font-weight: 400;\"><span style=\"font-style: inherit; font-weight: inherit;\"><strong>RADIO COOPERATIVA<\/strong><\/span><\/p><p style=\"font-weight: 400;\"><a href=\"https:\/\/www.litoralpress.cl\/sitio\/RadioTV_Detalles.cshtml?LPKey=SGL2LXCEUVTYSS4JGKF4P7GAOWTFZTHLOA2YBY74OBRXOUXMUOIGRZAT2CQL6OPUCYJN2NZILLTJQ\"><span style=\"font-style: inherit; font-weight: inherit;\">La \u00faltima evaluaci\u00f3n de la semana epidemiol\u00f3gica advierte de alza de casos de Covid-19. Se refiere Daniel Jim\u00e9nez, director de Salud del Estudiante.<\/span><\/a><\/p><p style=\"font-weight: 400;\"><span style=\"font-style: inherit; font-weight: inherit;\">\u00a0<\/span><\/p><p style=\"font-weight: 400;\"><strong><span style=\"font-style: inherit;\">COOPERATIVA.CL<\/span><\/strong><\/p><p style=\"font-weight: 400;\"><a href=\"https:\/\/www.cooperativa.cl\/noticias\/pais\/salud\/enfermedades-respiratorias\/alza-en-casos-covid-preocupa-a-las-autoridades-alrededor-de-500\/2023-11-12\/155526.html\">Alza en casos Covid preocupa a las autoridades: Alrededor de 500 confirmados diarios.\u00a0<span style=\"font-style: inherit; font-weight: inherit;\">Se refiere Daniel Jim\u00e9nez, director de Salud del Estudiante.<\/span><\/a><\/p><p style=\"font-weight: 400;\"><span style=\"font-style: inherit; font-weight: inherit;\"><strong>\u00a0<\/strong><\/span><\/p><p style=\"font-weight: 400;\"><span style=\"font-style: inherit; font-weight: inherit;\"><strong>LACUARTA.COM<\/strong><\/span><\/p><p style=\"font-weight: 400;\"><a href=\"https:\/\/www.lacuarta.com\/servicios\/noticia\/mas-de-40-en-algunos-casos-meteorologia-proyecta-temperaturas-sobre-lo-normal-desde-el-extremo-norte-hasta-valdivia-para-este-verano\/7OJ4HXSL5VDP3LJDMKZEEMK6QQ\/\"><span style=\"font-style: inherit; font-weight: inherit;\">M\u00e1s de 40\u00ba en algunos casos: Meteorolog\u00eda proyecta temperaturas \u201csobre lo normal\u201d desde el extremo norte hasta Valdivia para este verano. Se refiere Patricio Gonz\u00e1lez Colville, agroclimat\u00f3logo y acad\u00e9mico del Centro de Investigaci\u00f3n y Transferencia en Riego y Agroclimatolog\u00eda (CITRA).<\/span><\/a><\/p><p style=\"font-weight: 400;\"><span style=\"font-style: inherit; font-weight: inherit;\">\u00a0<\/span><\/p><p style=\"font-weight: 400;\"><strong>ELDIMANO.CL<\/strong><\/p><p style=\"font-weight: 400;\"><a href=\"https:\/\/www.eldinamo.cl\/pais\/2023\/11\/10\/meteorologos-anticipan-como-se-viene-el-verano-en-chile\/\">Hasta 43\u00ba: meteor\u00f3logos anticipan c\u00f3mo se viene el verano en Chile.\u00a0<span style=\"font-style: inherit; font-weight: inherit;\">Se refiere Patricio Gonz\u00e1lez Colville, agroclimat\u00f3logo y acad\u00e9mico del Centro de Investigaci\u00f3n y Transferencia en Riego y Agroclimatolog\u00eda (CITRA).<\/span><\/a><\/p><p style=\"font-weight: 400;\">\u00a0<\/p><p style=\"font-weight: 400;\"><strong>LA PRENSA DE CURIC\u00d3<\/strong><\/p><p style=\"font-weight: 400;\"><a href=\"https:\/\/www.litoralpress.cl\/paginaconsultas\/Servicios_NClipSitioWeb\/Get_Imagen_Nota.aspx?LPKey=KWZW32JRU4ZTSBV4W4NXWSSZPUOK4R6SMGNPCPHCZCERFHPMU4SAQZZURKBMFZGTKFIADZ4G4QVMM\">Voluntarios de Bomberos podr\u00e1n realizar ejercicios simulados gracias a m\u00f3dulo de entrenamiento. Se refieren Camila Soto Hayden y Jos\u00e9 Luis Uribe, estudiante y acad\u00e9mico de la Escuela de Arquitectura, respectivamente.<\/a><\/p><p style=\"font-weight: 400;\">\u00a0<\/p><p style=\"font-weight: 400;\"><strong>RADIOPALOMA.CL<\/strong><\/p><p style=\"font-weight: 400;\"><a href=\"https:\/\/radiopaloma.cl\/2023\/11\/09\/estudiante-utalca-crea-modulo-de-entrenamiento-integral-para-cuartel-de-bomberos\/\">Estudiante UTalca crea m\u00f3dulo de entrenamiento integral para Cuartel de Bomberos. Se refieren Camila Soto Hayden y Jos\u00e9 Luis Uribe, estudiante y acad\u00e9mico de la Escuela de Arquitectura, respectivamente.<\/a><\/p><p style=\"font-weight: 400;\">\u00a0<\/p><p style=\"font-weight: 400;\"><strong>MEDIABANCO<\/strong><\/p><p style=\"font-weight: 400;\"><a href=\"https:\/\/www.mediabanco.com\/mas-de-100-emprendedores-perfeccionaron-sus-habilidades-de-negocio\/\">M\u00e1s de 100 emprendedores perfeccionaron sus habilidades de negocio. Se refiere Lisbet Ya\u00f1ez Stegmaier, coordinadora de Cooperaci\u00f3n Internacional.<\/a><\/p><p style=\"font-weight: 400;\">\u00a0<\/p><p style=\"font-weight: 400;\"><strong>ADPRENSA<\/strong><\/p><p style=\"font-weight: 400;\"><a href=\"https:\/\/www.adprensa.cl\/actividades-academicas\/mas-de-100-emprendedores-perfeccionaron-sus-habilidades-de-negocio\/\">M\u00e1s de 100 emprendedores perfeccionaron sus habilidades de negocio. Se refiere Lisbet Ya\u00f1ez Stegmaier, coordinadora de Cooperaci\u00f3n Internacional.<\/a><\/p><p style=\"font-weight: 400;\">\u00a0<\/p><p style=\"font-weight: 400;\"><strong>ESTAPASANDO.CL<\/strong><\/p><p style=\"font-weight: 400;\"><a href=\"https:\/\/estapasando.cl\/mas-de-100-emprendedores-perfeccionaron-sus-habilidades-de-negocio\/\">M\u00e1s de 100 emprendedores perfeccionaron sus habilidades de negocio. Se refiere Lisbet Ya\u00f1ez Stegmaier, coordinadora de Cooperaci\u00f3n Internacional.<\/a><\/p><p style=\"font-weight: 400;\">\u00a0<\/p><p style=\"font-weight: 400;\"><strong>EL LECTOR<\/strong><\/p><p style=\"font-weight: 400;\"><a href=\"https:\/\/www.litoralpress.cl\/paginaconsultas\/Servicios_NClipSitioWeb\/Get_Imagen_Nota.aspx?LPKey=GMVBDEI7CJNBXLRE7XVTNE5ZZF7WMPUISMEH6U7JXDDME7OJ375RAZVDXAV2HNMQWGZ3SDXTQHYGK\">Encuentro explor\u00f3 claves y estrategias para potenciar la descentralizaci\u00f3n. Se refiere Ariela Vergara Jaque, vicerrectora de Innovaci\u00f3n.<\/a><\/p><p style=\"font-weight: 400;\">\u00a0<\/p><p style=\"font-weight: 400;\"><strong>DIARIOS EN RED<\/strong><\/p><p style=\"font-weight: 400;\"><a href=\"https:\/\/diariosenred.com\/regional\/actores-sociales-territoriales-y-empresariales-plantean-los-desafios\">Actores sociales, territoriales y empresariales plantean los desaf\u00edos energ\u00e9ticos de la Provincia de Curic\u00f3. Se refiere Francisco Mateo, gerente del Centro Tecnol\u00f3gico KIPUS.<\/a><\/p><p style=\"font-weight: 400;\">\u00a0<\/p><p style=\"font-weight: 400;\"><strong>RED MAULE<\/strong><\/p><p style=\"font-weight: 400;\"><a href=\"https:\/\/redmaule.com\/regional\/actores-sociales-territoriales-y-empresariales-plantean-los-desafios\">Actores sociales, territoriales y empresariales plantean los desaf\u00edos energ\u00e9ticos de la Provincia de Curic\u00f3. Se refiere Francisco Mateo, gerente del Centro Tecnol\u00f3gico KIPUS.<\/a><\/p><p style=\"font-weight: 400;\">\u00a0<\/p><p style=\"font-weight: 400;\"><strong>RED BIOBIO<\/strong><\/p><p style=\"font-weight: 400;\"><a href=\"https:\/\/redbiobio.com\/regional\/actores-sociales-territoriales-y-empresariales-plantean-los-desafios\">Actores sociales, territoriales y empresariales plantean los desaf\u00edos energ\u00e9ticos de la Provincia de Curic\u00f3. Se refiere Francisco Mateo, gerente del Centro Tecnol\u00f3gico KIPUS.<\/a><\/p><p style=\"font-weight: 400;\"><strong>\u00a0<\/strong><\/p><p style=\"font-weight: 400;\"><strong>CANAL CONTIVISI\u00d3N<\/strong><\/p><p style=\"font-weight: 400;\"><a href=\"https:\/\/www.litoralpress.cl\/sitio\/RadioTV_Detalles.cshtml?LPKey=VTAGJZ3ZNSGSYT7I5GX4YDOI3AULO6YZRAPOA7C622TKQZC2CGOZ4TUQPWQEEVJ4HOHESA3LAU7E6\">La\u00a0Universidad de Talca\u00a0instala en Constituci\u00f3n una mesa de trabajo sobre equidad de g\u00e9nero. Se refiere Natalia Veliz Olivos, directora de G\u00e9nero.<\/a><\/p><p style=\"font-weight: 400;\">\u00a0<\/p><p style=\"font-weight: 400;\"><strong>CANAL CONTIVISI\u00d3N<\/strong><\/p><p style=\"font-weight: 400;\"><a href=\"https:\/\/www.litoralpress.cl\/sitio\/RadioTV_Detalles.cshtml?LPKey=FQ6M6JSDC2VLH25TSXLUMYGSLANQ3O3KCZCRXWFVVITJLALZMFC53X2YRUTUKAY7W2CYEQYD762RW\">Realizan mesa de trabajo para abordar igualdad de g\u00e9nero y convivencia escolar. Se refiere Natalia V\u00e9liz Olivos, directora de G\u00e9nero.<\/a><\/p><p style=\"font-weight: 400;\">\u00a0<\/p><p style=\"font-weight: 400;\"><strong>ESTAPASANDO.CL<\/strong><\/p><p style=\"font-weight: 400;\"><a href=\"https:\/\/estapasando.cl\/nueva-longevidad-el-desafio-que-no-estamos-enfrentando\/\">Nueva longevidad: el desaf\u00edo que no estamos enfrentando. Se refiere Iv\u00e1n Palomo, acad\u00e9mico de la Facultad de Ciencias de la Salud.<\/a><\/p><p style=\"font-weight: 400;\">\u00a0<\/p><p style=\"font-weight: 400;\"><strong>TV5 LINARES<\/strong><\/p><p style=\"font-weight: 400;\"><a href=\"https:\/\/www.litoralpress.cl\/sitio\/RadioTV_Detalles.cshtml?LPKey=VAHNBILS42PZHDAYKQRDBNY5LQ6YQRDZMH633P4W2RKUSSDWYZMAK4WCHBNOFIUHW5P4V5HK7AI56\">Pedagog\u00eda biling\u00fce en la\u00a0U de Talca. Se refiere Carolina Bravo, Coordinadora Unidad Atracci\u00f3n, Acceso y Permanencia a las Carreras de Educaci\u00f3n de la Facultad de Ciencias de la Educaci\u00f3n.<\/a><\/p><p style=\"font-weight: 400;\">\u00a0<\/p><p style=\"font-weight: 400;\"><strong>G5NOTICIAS.CL<\/strong><\/p><p style=\"font-weight: 400;\"><a href=\"https:\/\/g5noticias.cl\/2023\/11\/10\/experto-destaco-que-la-educacion-no-debe-darle-la-espalda-a-la-inteligencia-artificial\/\">Experto destac\u00f3 que la educaci\u00f3n no debe darle la espalda a la inteligencia artificial. Se refiere Ariela Vergara Jaque, vicerrectora de Innovaci\u00f3n.<\/a><\/p><p style=\"font-weight: 400;\">\u00a0<\/p><p style=\"font-weight: 400;\"><strong>EMOL<\/strong><\/p><p style=\"font-weight: 400;\"><a href=\"https:\/\/www.emol.com\/noticias\/Nacional\/2023\/11\/09\/1112353\/kast-y-campana-a-favor.html\"><span style=\"font-style: inherit; font-weight: inherit;\">De cara al 17-D: Los desaf\u00edos y riesgos que enfrenta J. Antonio Kast a ra\u00edz de la campa\u00f1a por el A Favor. Se refiere Mauricio Morales, director del Centro de An\u00e1lisis Pol\u00edtico (CAP).<\/span><\/a><\/p><p style=\"font-weight: 400;\">\u00a0<\/p><p style=\"font-weight: 400;\"><strong>DIARIO FINANCIERO ONLINE<\/strong><\/p><p style=\"font-weight: 400;\"><a href=\"https:\/\/www.df.cl\/economia-y-politica\/pais\/y-ahora-que-los-escenarios-para-el-gobierno-y-las-reformas\">\u00bfY ahora qu\u00e9? Los escenarios para el Gobierno y las reformas estructurales en medio del plebiscito constitucional.\u00a0<span style=\"font-style: inherit; font-weight: inherit;\">Se refiere Mauricio Morales, director del Centro de An\u00e1lisis Pol\u00edtico (CAP).<\/span><\/a><\/p><p style=\"font-weight: 400;\"><strong>\u00a0<\/strong><\/p><p style=\"font-weight: 400;\"><strong>BIOBIOCHILE.CL<\/strong><\/p><p style=\"font-weight: 400;\"><a href=\"https:\/\/www.biobiochile.cl\/noticias\/nacional\/chile\/2023\/11\/11\/los-dilemas-del-gobierno-por-refugio-a-atletas-cubanos-como-10-de-3-000-casos-se-hicieron-virales.shtml\">Los dilemas del Gobierno por refugio a atletas cubanos: c\u00f3mo 10 de 3.000 casos se hicieron virales. Se refiere Mario Herrera, acad\u00e9mico del Centro de An\u00e1lisis Pol\u00edtico (CAP).<\/a><\/p><p style=\"font-weight: 400;\">\u00a0<\/p><p style=\"font-weight: 400;\"><strong>DIARIOTALCA.CL<\/strong><\/p><p style=\"font-weight: 400;\"><a href=\"https:\/\/diariotalca.cl\/con-tu-encanto-con-tu-edad-por-rodrigo-biel-melgarejo\/\">Con tu encanto, con tu edad. Se refiere Rodrigo Biel Melgarejo, acad\u00e9mico de la Facultad de Ciencias Jur\u00eddicas y Sociales.<\/a><\/p><p style=\"font-weight: 400;\">\u00a0<\/p><p style=\"font-weight: 400;\"><strong>DIARIOELCENTRO.CL<\/strong><\/p><p style=\"font-weight: 400;\"><a href=\"https:\/\/www.diarioelcentro.cl\/2023\/11\/12\/rechazar-o-en-contra-ii\/\">Rechazar o en contra II. Se refiere Jorge Navarrete Bustos, acad\u00e9mico de la Facultad de Econom\u00eda y Negocios.<\/a><\/p><p style=\"font-weight: 400;\">\u00a0<\/p><p style=\"font-weight: 400;\"><strong>ADPRENSA<\/strong><\/p><p style=\"font-weight: 400;\"><a href=\"https:\/\/www.adprensa.cl\/cronica\/explora-maule-invita-a-docentes-a-capacitarse-en-campamento-cientifico\/\">Explora Maule invita docentes a capacitarse en campamento cient\u00edfico. Se refiere Leonardo Leottau, director de Explora Maule.<\/a><\/p><p style=\"font-weight: 400;\">\u00a0<\/p><p style=\"font-weight: 400;\"><strong>MEDIABANCO<\/strong><\/p><p style=\"font-weight: 400;\"><a href=\"https:\/\/www.mediabanco.com\/explora-maule-invita-a-docentes-a-capacitarse-en-campamento-cientifico\/\">Explora Maule invita docentes a capacitarse en campamento cient\u00edfico. Se refiere Leonardo Leottau, director de Explora Maule.<\/a><\/p><p style=\"font-weight: 400;\">\u00a0<\/p><p style=\"font-weight: 400;\"><strong>CANAL CNN CHILE<\/strong><\/p><p style=\"font-weight: 400;\"><a href=\"https:\/\/www.litoralpress.cl\/sitio\/RadioTV_Detalles.cshtml?LPKey=D6M4Q4EJXDHJHCINSZ75UKXYUX2ZMQTQJM76AUYG5EVFX57OA2CJHGLBXFA6AEOAJLMLZWYOKSUPS\">Entrevista a Lina Meruane, escritora y ganadora Premio Jos\u00e9 Donoso. Se menciona a la Universidad de Talca.<\/a><\/p>\t\t\t\t\t\t<\/div>\n\t\t\t\t<\/div>\n\t\t\t\t\t<\/div>\n\t\t<\/div>\n\t\t\t\t\t\t\t<\/div>\n\t\t<\/section>\n\t\t\t\t\t\t<\/div>\n\t\t\t\t\t<\/div>\n\t\t","protected":false},"excerpt":{"rendered":"<p>EL MERCURIO &#8221; EL VIAJE&#8221; En la mirada de los artistas visuales de la Academia. Se menciona al rector Carlos Torres Fuchslocher. \u00a0 MEDIABANCO UTalca inicia campa\u00f1a de recolecci\u00f3n de juguetes para su tradicional Tren de Navidad. Se refieren\u00a0Carlos Torres Fuchslocher, rector; y Marcela Albornoz Dachelet, directora de Extensi\u00f3n Cultural \u2013 Art\u00edstica. \u00a0 PUBLIMICRO.CL UTalca &hellip;<\/p>\n<p class=\"read-more\"> <a class=\"\" href=\"https:\/\/www.reportedeprensa.utalca.cl\/?p=8587\"> <span class=\"screen-reader-text\">13 de noviembre de 2023<\/span> Read More &raquo;<\/a><\/p>\n","protected":false},"author":1,"featured_media":0,"comment_status":"closed","ping_status":"open","sticky":false,"template":"","format":"standard","meta":{"_monsterinsights_skip_tracking":false,"_monsterinsights_sitenote_active":false,"_monsterinsights_sitenote_note":"","_monsterinsights_sitenote_category":0},"categories":[42,41],"tags":[],"_links":{"self":[{"href":"https:\/\/www.reportedeprensa.utalca.cl\/index.php?rest_route=\/wp\/v2\/posts\/8587"}],"collection":[{"href":"https:\/\/www.reportedeprensa.utalca.cl\/index.php?rest_route=\/wp\/v2\/posts"}],"about":[{"href":"https:\/\/www.reportedeprensa.utalca.cl\/index.php?rest_route=\/wp\/v2\/types\/post"}],"author":[{"embeddable":true,"href":"https:\/\/www.reportedeprensa.utalca.cl\/index.php?rest_route=\/wp\/v2\/users\/1"}],"replies":[{"embeddable":true,"href":"https:\/\/www.reportedeprensa.utalca.cl\/index.php?rest_route=%2Fwp%2Fv2%2Fcomments&post=8587"}],"version-history":[{"count":4,"href":"https:\/\/www.reportedeprensa.utalca.cl\/index.php?rest_route=\/wp\/v2\/posts\/8587\/revisions"}],"predecessor-version":[{"id":8591,"href":"https:\/\/www.reportedeprensa.utalca.cl\/index.php?rest_route=\/wp\/v2\/posts\/8587\/revisions\/8591"}],"wp:attachment":[{"href":"https:\/\/www.reportedeprensa.utalca.cl\/index.php?rest_route=%2Fwp%2Fv2%2Fmedia&parent=8587"}],"wp:term":[{"taxonomy":"category","embeddable":true,"href":"https:\/\/www.reportedeprensa.utalca.cl\/index.php?rest_route=%2Fwp%2Fv2%2Fcategories&post=8587"},{"taxonomy":"post_tag","embeddable":true,"href":"https:\/\/www.reportedeprensa.utalca.cl\/index.php?rest_route=%2Fwp%2Fv2%2Ftags&post=8587"}],"curies":[{"name":"wp","href":"https:\/\/api.w.org\/{rel}","templated":true}]}}