{"id":8605,"date":"2023-11-14T11:27:40","date_gmt":"2023-11-14T14:27:40","guid":{"rendered":"https:\/\/www.reportedeprensa.utalca.cl\/?p=8605"},"modified":"2023-11-21T08:46:50","modified_gmt":"2023-11-21T11:46:50","slug":"14-de-noviembre-de-2023","status":"publish","type":"post","link":"https:\/\/www.reportedeprensa.utalca.cl\/?p=8605","title":{"rendered":"14 de noviembre de 2023"},"content":{"rendered":"\t\t<div data-elementor-type=\"wp-post\" data-elementor-id=\"8605\" class=\"elementor elementor-8605\" data-elementor-settings=\"[]\">\n\t\t\t\t\t\t\t<div class=\"elementor-section-wrap\">\n\t\t\t\t\t\t\t<section class=\"elementor-section elementor-top-section elementor-element elementor-element-bcea1a8 elementor-section-boxed elementor-section-height-default elementor-section-height-default\" data-id=\"bcea1a8\" data-element_type=\"section\">\n\t\t\t\t\t\t<div class=\"elementor-container elementor-column-gap-default\">\n\t\t\t\t\t<div class=\"elementor-column elementor-col-100 elementor-top-column elementor-element elementor-element-e7183bf\" data-id=\"e7183bf\" data-element_type=\"column\">\n\t\t\t<div class=\"elementor-widget-wrap elementor-element-populated\">\n\t\t\t\t\t\t\t\t<div class=\"elementor-element elementor-element-5ffbb87 elementor-widget elementor-widget-text-editor\" data-id=\"5ffbb87\" data-element_type=\"widget\" data-widget_type=\"text-editor.default\">\n\t\t\t\t<div class=\"elementor-widget-container\">\n\t\t\t\t\t\t\t\t<p><strong>LA PRENSA DE CURIC\u00d3<\/strong><\/p><p><a href=\"https:\/\/www.litoralpress.cl\/paginaconsultas\/Servicios_NClipSitioWeb\/Get_Imagen_Nota.aspx?LPKey=FDKDZADRNBZLYGXNKPVNKMHGIOA2MGBEH4SVRYZ2VWBANQTTM2YFKSP3BEMAZF6OCOPYGIIRJZUQ6\">\u201cDiario La Prensa es sin\u00f3nimo de veracidad, tradici\u00f3n y compromiso\u201d. Se menciona a Carlos Torres Fuchslocher, rector.<\/a><\/p><p>\u00a0<\/p><p><strong>EL MOSTRADOR\u00a0<\/strong><\/p><p><a href=\"https:\/\/www.elmostrador.cl\/agenda-pais\/2023\/11\/13\/universidad-invita-a-postular-a-sus-admisiones-especiales\/\">Universidad de Talca invita a postular a sus admisiones especiales. Se refiere Tania Mascar\u00f3, coordinadora de la Unidad de Admisi\u00f3n y Acceso.<\/a><\/p><p>\u00a0<\/p><p><strong>MEDIABANCO<\/strong><\/p><p><a href=\"https:\/\/www.mediabanco.com\/universidad-de-talca-invita-a-postular-a-sus-admisiones-especiales\/\">Universidad de Talca invita a postular a sus admisiones especiales. Se refiere Tania Mascar\u00f3, coordinadora de la Unidad de Admisi\u00f3n y Acceso.<\/a><\/p><p>\u00a0<\/p><p><strong>G5NOTICIAS.CL<\/strong><\/p><p><a href=\"https:\/\/g5noticias.cl\/2023\/11\/13\/universidad-de-talca-invita-a-postular-a-sus-admisiones-especiales\/\">Universidad de Talca invita a postular a sus admisiones especiales. Se refiere Tania Mascar\u00f3, coordinadora de la Unidad de Admisi\u00f3n y Acceso.<\/a><\/p><p>\u00a0<\/p><p><strong>ELDIMANO.CL<\/strong><\/p><p><a href=\"https:\/\/www.eldinamo.cl\/pais\/2023\/11\/10\/meteorologos-anticipan-como-se-viene-el-verano-en-chile\/\">Hasta 43\u00ba: meteor\u00f3logos anticipan c\u00f3mo se viene el verano en Chile.\u00a0Se refiere Patricio Gonz\u00e1lez Colville, agroclimat\u00f3logo y acad\u00e9mico del Centro de Investigaci\u00f3n y Transferencia en Riego y Agroclimatolog\u00eda (CITRA).<\/a><\/p><p><strong>\u00a0<\/strong><\/p><p><strong>REVISTA RED AGR\u00cdCOLA<\/strong><\/p><p><a href=\"https:\/\/www.litoralpress.cl\/paginaconsultas\/Servicios_NClipSitioWeb\/Get_Imagen_Nota.aspx?LPKey=NNTZ6634F4KRNXS4PJM3DQHYIQLNI2VI2JGLQ66X4KXHQEMVT42A5QRL273VA4J7YVEOFB4MN4P4E\">Sustentabilidad en la agricultura: Un reto estrat\u00e9gico y urgente. Se menciona al Centro de Investigaci\u00f3n y Transferencia en Riego y Agroclimatolog\u00eda (Citra). <\/a><\/p><p><strong>\u00a0<\/strong><\/p><p><strong>ESTAPASANDO.CL<\/strong><\/p><p><a href=\"https:\/\/estapasando.cl\/nueva-longevidad-el-desafio-que-no-estamos-enfrentando\/\">Nueva longevidad: el desaf\u00edo que no estamos enfrentando. Se refiere Iv\u00e1n Palomo, acad\u00e9mico de la Facultad de Ciencias de la Salud.<\/a><\/p><p>\u00a0<\/p><p><strong>ENL\u00cdNEAMAULE.CL<\/strong><\/p><p><a href=\"https:\/\/enlineamaule.cl\/archivo\/53817\">Vuelve el tradicional Tren de Navidad que recolecta juguetes y donaciones para ni\u00f1os que viven en las distintas localidades que cubre el ramal Talca-Constituci\u00f3n. Se refiere Marcela Albornoz Dachelet, directora de Extensi\u00f3n Cultural \u2013 Art\u00edstica. <\/a><\/p><p><strong>\u00a0<\/strong><\/p><p><strong>PUNTOLONTUE.CL<\/strong><\/p><p><a href=\"https:\/\/puntolontue.cl\/?p=12190\">UTalca inicia campa\u00f1a de recolecci\u00f3n de juguetes para su tradicional tren de navidad. Se refiere Marcela Albornoz Dachelet, directora de Extensi\u00f3n Cultural \u2013 Art\u00edstica. \u00a0<\/a><\/p><p><strong>\u00a0<\/strong><\/p><p><strong>G5NOTICIAS.CL<\/strong><\/p><p><a href=\"https:\/\/g5noticias.cl\/2023\/11\/10\/experto-destaco-que-la-educacion-no-debe-darle-la-espalda-a-la-inteligencia-artificial\/\">Experto destac\u00f3 que la educaci\u00f3n no debe darle la espalda a la inteligencia artificial. Se refiere Ariela Vergara Jaque, vicerrectora de Innovaci\u00f3n.<\/a><\/p><p>\u00a0<\/p><p><strong>PUNTOLONTUE.CL<\/strong><\/p><p><a href=\"https:\/\/puntolontue.cl\/?p=12154\">M\u00e1s de 100 emprendedores perfeccionaron sus habilidades de negocio. Se refiere Lisbet Ya\u00f1ez Stegmaier, coordinadora de Cooperaci\u00f3n Internacional.<\/a><\/p><p>\u00a0<\/p><p><strong>ELMAULEINFORMA.CL<\/strong><\/p><p><a href=\"https:\/\/elmauleinforma.cl\/especialista-explico-la-importancia-de-cambiar-la-forma-de-pensar-sobre-el-envejecimiento-y-la-vejez\/\">Especialista explic\u00f3 la importancia de cambiar la forma de pensar sobre el envejecimiento y la vejez. Se refiere Iv\u00e1n Palomo, acad\u00e9mico de la Facultad de Ciencias de la Salud.<\/a><\/p><p>\u00a0<\/p><p><strong>PUNTOLONTUE.CL<\/strong><\/p><p><a href=\"https:\/\/puntolontue.cl\/?p=12170\">Estudiante UTalca crea m\u00f3dulo de entrenamiento integral para Cuartel de Bomberos. Se refieren Camila Soto Hayden y Jos\u00e9 Luis Uribe, estudiante y acad\u00e9mico de la Escuela de Arquitectura, respectivamente.<\/a><\/p><p>\u00a0<\/p><p><strong>RADIO ANCOA<\/strong><\/p><p><a href=\"https:\/\/www.litoralpress.cl\/sitio\/RadioTV_Detalles.cshtml?LPKey=PF3FQQEAMPDWIBATAXYADA3HYISR7W6RXVRRUJIACBAJOAAQLOZAA7VRRRMIQNKMCRJTNCWUD5QTW\">&#8220;Sin agua no hay comida&#8221;. Se refiere Roberto Pizarro Tapia, director de la C\u00e1tedra UNESCO en Hidrolog\u00eda en Superficie.<\/a><\/p><p>\u00a0<\/p><p><strong>EMOL<\/strong><\/p><p><a href=\"https:\/\/www.emol.com\/noticias\/Nacional\/2023\/11\/13\/1112656\/electorados-apuntar-campana-plebiscito-constitucional.html\">\u00bfD\u00f3nde se juega la elecci\u00f3n?: Los electorados a los que deben apuntar A Favor y En Contra para ganar el 17- D. Se refiere \u00a0Mauricio Morales, director del Centro de An\u00e1lisis Pol\u00edtico (CAP).<\/a><\/p><p>\u00a0<\/p><p><strong>RADIO INFINITA<\/strong><\/p><p><a href=\"https:\/\/www.litoralpress.cl\/sitio\/RadioTV_Detalles.cshtml?LPKey=34IURKUKF6GWX6BL4STL75S26QXEWZY2XG66VPF7ISGSYQZTGFZGQITRPVJCYKNLVAL5H6WAWDKHI\">An\u00e1lisis pol\u00edtico de Mauricio Morales, director del Centro de An\u00e1lisis Pol\u00edtico (CAP).<\/a><\/p><p>\u00a0<\/p><p><strong>LA PRENSA DE CURIC\u00d3<\/strong><\/p><p><a href=\"https:\/\/www.litoralpress.cl\/paginaconsultas\/Servicios_NClipSitioWeb\/Get_Imagen_Nota.aspx?LPKey=ZNWVK7A6UVFY5NZQIVUJA2S7MJ56FIRRGJSDMFMJPRNHFJNGT6CA5R4QRVQZFTFLDNF6WOJWTFYUI\">Este viernes se inicia franja electoral por plebiscito. Se refiere Mario Herrera Mu\u00f1oz, acad\u00e9mico del Centro de An\u00e1lisis Pol\u00edtico (CAP).<\/a><\/p><p>\u00a0<\/p><p><strong>RADIO UNIVERSIDAD DE CHILE<\/strong><\/p><p><a href=\"https:\/\/www.litoralpress.cl\/sitio\/RadioTV_Detalles.cshtml?LPKey=436J64YMGX2A3JFBJZ5XJUZYIJ4IU4B4PICRMCHNZRUU6SAUGFLGOB3CXUMV7L57XIP77UTWG7LLM\">An\u00e1lisis pol\u00edtico de Mario Herrera Mu\u00f1oz, acad\u00e9mico del Centro de An\u00e1lisis Pol\u00edtico (CAP).<\/a><\/p><p>\u00a0<\/p><p><strong>DIARIOELHERALDO.CL<\/strong><\/p><p><a href=\"https:\/\/www.diarioelheraldo.cl\/noticia\/por-que-es-un-problema-la-inflacion\">\u00bfPor qu\u00e9 es un problema de inflaci\u00f3n? Se refiere Roberto Campos Troncoso, acad\u00e9mico de la Facultad de Econom\u00eda y Negocios.<\/a><\/p><p><strong>\u00a0<\/strong><\/p><p><strong>LA PRENSA DE CURIC\u00d3<\/strong><\/p><p><a href=\"https:\/\/www.litoralpress.cl\/paginaconsultas\/Servicios_NClipSitioWeb\/Get_Imagen_Nota.aspx?LPKey=KWXKJCNTHECRPH2A5VALXF7IQSFXVKVRVPKMPZNEMBKHDNN2NOTSOZSHSLG4L37KQ5HQ6X4TPLT26\">Docentes se podr\u00e1n capacitar en campamento cient\u00edfico. Se refiere Leonardo Leottau, director de Explora Maule.<\/a><\/p><p>\u00a0<\/p><p><strong>PUBLIMICRO.CL<\/strong><\/p><p><a href=\"https:\/\/publimicro.cl\/explora-maule-de-la-universidad-de-talca-invita-a-docentes-a-capacitarse-en-campamento-cientifico\/\">\u201cExplora Maule\u201d de la Universidad de Talca, invita a docentes a capacitarse en campamento cient\u00edfico. Se refiere Leonardo Leottau, director de Explora Maule.<\/a><\/p><p>\u00a0<\/p><p><strong>SENADO.CL<\/strong><\/p><p><a href=\"https:\/\/www.senado.cl\/congreso-futuro-en-tu-comuna-concluye-exitosa-temporada-2023-en-la\">Congreso Futuro en Tu Comuna concluye exitosa temporada 2023 en la Regi\u00f3n de El Maule. Se menciona a la Universidad de Talca.<\/a><\/p>\t\t\t\t\t\t<\/div>\n\t\t\t\t<\/div>\n\t\t\t\t\t<\/div>\n\t\t<\/div>\n\t\t\t\t\t\t\t<\/div>\n\t\t<\/section>\n\t\t\t\t\t\t<\/div>\n\t\t\t\t\t<\/div>\n\t\t","protected":false},"excerpt":{"rendered":"<p>LA PRENSA DE CURIC\u00d3 \u201cDiario La Prensa es sin\u00f3nimo de veracidad, tradici\u00f3n y compromiso\u201d. Se menciona a Carlos Torres Fuchslocher, rector. \u00a0 EL MOSTRADOR\u00a0 Universidad de Talca invita a postular a sus admisiones especiales. Se refiere Tania Mascar\u00f3, coordinadora de la Unidad de Admisi\u00f3n y Acceso. \u00a0 MEDIABANCO Universidad de Talca invita a postular a &hellip;<\/p>\n<p class=\"read-more\"> <a class=\"\" href=\"https:\/\/www.reportedeprensa.utalca.cl\/?p=8605\"> <span class=\"screen-reader-text\">14 de noviembre de 2023<\/span> Read More &raquo;<\/a><\/p>\n","protected":false},"author":1,"featured_media":0,"comment_status":"closed","ping_status":"open","sticky":false,"template":"","format":"standard","meta":{"_monsterinsights_skip_tracking":false,"_monsterinsights_sitenote_active":false,"_monsterinsights_sitenote_note":"","_monsterinsights_sitenote_category":0},"categories":[42,41],"tags":[],"_links":{"self":[{"href":"https:\/\/www.reportedeprensa.utalca.cl\/index.php?rest_route=\/wp\/v2\/posts\/8605"}],"collection":[{"href":"https:\/\/www.reportedeprensa.utalca.cl\/index.php?rest_route=\/wp\/v2\/posts"}],"about":[{"href":"https:\/\/www.reportedeprensa.utalca.cl\/index.php?rest_route=\/wp\/v2\/types\/post"}],"author":[{"embeddable":true,"href":"https:\/\/www.reportedeprensa.utalca.cl\/index.php?rest_route=\/wp\/v2\/users\/1"}],"replies":[{"embeddable":true,"href":"https:\/\/www.reportedeprensa.utalca.cl\/index.php?rest_route=%2Fwp%2Fv2%2Fcomments&post=8605"}],"version-history":[{"count":7,"href":"https:\/\/www.reportedeprensa.utalca.cl\/index.php?rest_route=\/wp\/v2\/posts\/8605\/revisions"}],"predecessor-version":[{"id":8660,"href":"https:\/\/www.reportedeprensa.utalca.cl\/index.php?rest_route=\/wp\/v2\/posts\/8605\/revisions\/8660"}],"wp:attachment":[{"href":"https:\/\/www.reportedeprensa.utalca.cl\/index.php?rest_route=%2Fwp%2Fv2%2Fmedia&parent=8605"}],"wp:term":[{"taxonomy":"category","embeddable":true,"href":"https:\/\/www.reportedeprensa.utalca.cl\/index.php?rest_route=%2Fwp%2Fv2%2Fcategories&post=8605"},{"taxonomy":"post_tag","embeddable":true,"href":"https:\/\/www.reportedeprensa.utalca.cl\/index.php?rest_route=%2Fwp%2Fv2%2Ftags&post=8605"}],"curies":[{"name":"wp","href":"https:\/\/api.w.org\/{rel}","templated":true}]}}