{"id":8613,"date":"2023-11-15T13:01:03","date_gmt":"2023-11-15T16:01:03","guid":{"rendered":"https:\/\/www.reportedeprensa.utalca.cl\/?p=8613"},"modified":"2023-11-15T13:06:19","modified_gmt":"2023-11-15T16:06:19","slug":"15-de-noviembre-de-2023","status":"publish","type":"post","link":"https:\/\/www.reportedeprensa.utalca.cl\/?p=8613","title":{"rendered":"15 de noviembre de 2023"},"content":{"rendered":"\t\t<div data-elementor-type=\"wp-post\" data-elementor-id=\"8613\" class=\"elementor elementor-8613\" data-elementor-settings=\"[]\">\n\t\t\t\t\t\t\t<div class=\"elementor-section-wrap\">\n\t\t\t\t\t\t\t<section class=\"elementor-section elementor-top-section elementor-element elementor-element-bcea1a8 elementor-section-boxed elementor-section-height-default elementor-section-height-default\" data-id=\"bcea1a8\" data-element_type=\"section\">\n\t\t\t\t\t\t<div class=\"elementor-container elementor-column-gap-default\">\n\t\t\t\t\t<div class=\"elementor-column elementor-col-100 elementor-top-column elementor-element elementor-element-e7183bf\" data-id=\"e7183bf\" data-element_type=\"column\">\n\t\t\t<div class=\"elementor-widget-wrap elementor-element-populated\">\n\t\t\t\t\t\t\t\t<div class=\"elementor-element elementor-element-5ffbb87 elementor-widget elementor-widget-text-editor\" data-id=\"5ffbb87\" data-element_type=\"widget\" data-widget_type=\"text-editor.default\">\n\t\t\t\t<div class=\"elementor-widget-container\">\n\t\t\t\t\t\t\t\t<p><b>ADPRENSA\u00a0<\/b><\/p><p><a href=\"https:\/\/www.adprensa.cl\/cronica\/comunidad-maulina-disfruto-de-inedito-concierto-astronomico\/\">Comunidad maulina disfrut\u00f3 de\u00a0in\u00e9dito concierto astron\u00f3mico. Se refieren Carlos Torres Fuchslocher, rector; Andr\u00e9s Maraga\u00f1o Leveque; decano de la Facultad de Arquitectura, M\u00fasica y Dise\u00f1o; y Leonardo Carvajal Vargas, acad\u00e9mico de la Escuela de M\u00fasica. \u00a0<\/a><\/p><p><b>\u00a0<\/b><\/p><p><strong>MEDIABANCO\u00a0<\/strong><\/p><p><a href=\"https:\/\/www.mediabanco.com\/comunidad-maulina-disfruto-de-inedito-concierto-astronomico\/\">Comunidad maulina disfrut\u00f3 de\u00a0in\u00e9dito concierto astron\u00f3mico. Se refieren Carlos Torres Fuchslocher, rector; Andr\u00e9s Maraga\u00f1o Leveque; decano de la Facultad de Arquitectura, M\u00fasica y Dise\u00f1o; y Leonardo Carvajal Vargas, acad\u00e9mico de la Escuela de M\u00fasica. \u00a0<\/a><\/p><p>\u00a0<\/p><p><strong>ELMAULEINFORMA.CL\u00a0<\/strong><\/p><p><a href=\"https:\/\/elmauleinforma.cl\/comunidad-maulina-disfruto-de-inedito-concierto-astronomico\/\">Comunidad maulina disfrut\u00f3 de\u00a0in\u00e9dito concierto astron\u00f3mico. Se refieren Carlos Torres Fuchslocher, rector; Andr\u00e9s Maraga\u00f1o Leveque; decano de la Facultad de Arquitectura, M\u00fasica y Dise\u00f1o; y Leonardo Carvajal Vargas, acad\u00e9mico de la Escuela de M\u00fasica. \u00a0<\/a><\/p><p>\u00a0<\/p><p><strong>DIARIOELHERALDO.CL\u00a0<\/strong><\/p><p><a href=\"https:\/\/www.diarioelheraldo.cl\/noticia\/comunidad-maulina-disfruto-de-inedito-concierto-astronomico\">Comunidad maulina disfrut\u00f3 de\u00a0in\u00e9dito concierto astron\u00f3mico. Se refieren Carlos Torres Fuchslocher, rector; Andr\u00e9s Maraga\u00f1o Leveque; decano de la Facultad de Arquitectura, M\u00fasica y Dise\u00f1o; y Leonardo Carvajal Vargas, acad\u00e9mico de la Escuela de M\u00fasica. \u00a0<\/a><\/p><p>\u00a0<\/p><p><b>EL MERCURIO<\/b><b>\u00a0<\/b><\/p><p><a href=\"https:\/\/www.litoralpress.cl\/paginaconsultas\/Servicios_NClipSitioWeb\/Get_Imagen_Nota.aspx?LPKey=GVFOVQFWBDEU3NYQIMV3JY4AXUFFUU26RNGF7RWXJXNCR6C6NNPX3LLEEIJVHJVJX5I4IMWJYR3OK\">La violencia obst\u00e9trica en Chile, un mal invisibilizado pero con alta incidencia. Se refiere Jos\u00e9 Manuel C\u00e1rdenas, acad\u00e9mico de la Facultad de Psicolog\u00eda.\u00a0\u00a0<\/a><\/p><p>\u00a0<\/p><p><b>DIARIOTALCA.CL\u00a0<\/b><\/p><p><a href=\"https:\/\/diariotalca.cl\/su-hijo-o-hija-esta-en-cuarto-medio-utalca-abrio-ingresos-especiales\/\">\u00bfSu hijo o hija est\u00e1 en cuarto medio? UTalca abri\u00f3 ingresos especiales. Se refiere Tania Mascar\u00f3, coordinadora de la Unidad de Admisi\u00f3n y Acceso.\u00a0<\/a><\/p><p>\u00a0<\/p><p><strong>EL LECTOR\u00a0<\/strong><\/p><p><a href=\"https:\/\/www.litoralpress.cl\/paginaconsultas\/Servicios_NClipSitioWeb\/Get_Imagen_Nota.aspx?LPKey=PUTJEUCZNR2QMBD5NU3XIEJUNGVFY3T6KMOXNWQD3Y2PUAAB6GKY5WWZ2C7GDE6CIQQFCHYVXKO5O\">Universidad de Talca invita a postular a sus admisiones especiales. Se refiere Tania Mascar\u00f3, coordinadora de la Unidad de Admisi\u00f3n y Acceso. \u00a0<\/a><\/p><p>\u00a0<\/p><p><b>EN L\u00cdNEA MAULE\u00a0<\/b><\/p><p><a href=\"https:\/\/enlineamaule.cl\/archivo\/53826\">Cuerpo de Bomberos de la comuna Maule contar\u00e1n con m\u00f3dulo de entrenamiento integral, que permitir\u00e1 perfeccionar sus habilidades ante emergencia. Se refieren Camila Soto Hayden y Jos\u00e9 Luis Uribe, estudiante y acad\u00e9mico de la Escuela de Arquitectura, respectivamente.\u00a0<\/a><\/p><p>\u00a0<\/p><p><b>RADIO METROPOLITAN DE CONCEPCI\u00d3N \u00a0<\/b><\/p><p><a href=\"https:\/\/www.litoralpress.cl\/sitio\/RadioTV_Detalles.cshtml?LPKey=ANOAE5KTZF4RSUJDNUXZTFXVHV3JPYMQV7ESGLYAVSYMRAIZCVTP6WGFYCKP67EPU6CP3PX3OX4GU\">Alzas por contagios de COVID \u2013 19. Se refiere Erika Retamal, directora del Departamento de Salud P\u00fablica. \u00a0<\/a><\/p><p><b>\u00a0<\/b><\/p><p><b>RADIO ADN<\/b><b>\u00a0<\/b><\/p><p><a href=\"https:\/\/www.litoralpress.cl\/sitio\/RadioTV_Detalles.cshtml?LPKey=SBQLYTOV5MLBCLAGMVXFO6SY26NNWUNWGNKPOI7GJPMGZCINEI6NMF5HWPRIVH27OGTNDGBJLFIBU\">ISP confirma caso de meningitis bacteriana en una ni\u00f1a de 10 a\u00f1os de la comuna de Talca.\u00a0Se refiere Macarena Said, acad\u00e9mica del Departamento de Salud P\u00fablica.\u00a0<\/a><\/p><p><b>\u00a0<\/b><\/p><p><b>LATERCERA.COM\u00a0<\/b><\/p><p><a href=\"https:\/\/www.latercera.com\/que-pasa\/noticia\/cientificas-chilenas-participan-del-estudio-genetico-mas-grande-del-covid-descubren-51-genes-involucrados-en-la-enfermedad\/NBELWPTS3NDPRD34DWX57JSJNI\/\">Cient\u00edficas chilenas participan del estudio gen\u00e9tico m\u00e1s grande del Covid: descubren 51 genes involucrados en la enfermedad. Se refiere Ricardo Verdugo Salgado, acad\u00e9mico de la Escuela de Medicina.\u00a0<\/a><\/p><p>\u00a0<\/p><p><b>CANAL TVN RED MAULE<\/b><b>\u00a0<\/b><\/p><p><a href=\"https:\/\/www.litoralpress.cl\/sitio\/RadioTV_Detalles.cshtml?LPKey=NBZ3HH2DY3RTPXJEI63IDP5B7ENCNPBW4BC6AELGNMC27EESQR7VGXLCIHW2AB4IZILBLMLR4PGLO\">Lluvia primaveral perjudic\u00f3 cosecha de cerezas. Se refiere Patricio Gonz\u00e1lez Colville, agroclimat\u00f3logo y acad\u00e9mico del Centro de Investigaci\u00f3n y Transferencia en Riego y Agroclimatolog\u00eda (CITRA).\u00a0<\/a><\/p><p><b>\u00a0<\/b><\/p><p><b>MUNICIPALIDAD DE LAUTARO\u00a0<\/b><\/p><p><a href=\"https:\/\/www.litoralpress.cl\/sitio\/RadioTV_Detalles.cshtml?LPKey=Z2ZSJ3GHBRNXOMBX243KNXAO7SVXYHWV47ZXXVGHGYE7YJD76EKDYP4GLAZWYXDLUX45H4VZEBTNW\">Eficiencia energ\u00e9tica y preparaci\u00f3n de los hogares para el calor. Se refiere Mar\u00eda Luisa del Campo Hitschfeld, directora del Centro Tecnol\u00f3gico KIPUS. \u00a0<\/a><\/p><p><b>\u00a0<\/b><\/p><p><b>LATERCERA.COM\u00a0<\/b><\/p><p><a href=\"https:\/\/www.latercera.com\/opinion\/noticia\/micco-y-la-discrepancia\/F26FQPPP3BHZFBVUKDTW4URHQY\/\">Micco y la discrepancia. Se refiere Diego Palomo V\u00e9lez, acad\u00e9mico de la Facultad de Ciencias Jur\u00eddicas y Sociales. \u00a0<\/a><\/p><p>\u00a0<\/p><p><strong>RADIO INFINITA\u00a0<\/strong><\/p><p><a href=\"https:\/\/www.litoralpress.cl\/sitio\/RadioTV_Detalles.cshtml?LPKey=6F4MKLXSQ5VK6Y4YWIQGXDZWSKVAI4UVDIDZBSWBBUNV3BPVMYSEF64CEHOKPNBMRGFMDLQPL3ZCY\">An\u00e1lisis pol\u00edtico de Mauricio Morales, director del Centro de An\u00e1lisis Pol\u00edtico (CAP).\u00a0<\/a><\/p><p>\u00a0<\/p><p><strong>EL HERALDO\u00a0<\/strong><\/p><p><a href=\"https:\/\/www.litoralpress.cl\/paginaconsultas\/Servicios_NClipSitioWeb\/Get_Imagen_Nota.aspx?LPKey=YJ3V7VIHU5G7K7XDWOUOGSGONV2O5ACJAC52V5Q7DQQZAHKOA3WA4J2I5V2H6JWZLP2GZCZJDUXSO\">\u00bfPor qu\u00e9 es un problema de inflaci\u00f3n? Se refiere Roberto Campos Troncoso, acad\u00e9mico de la Facultad de Econom\u00eda y Negocios.\u00a0<\/a><\/p>\t\t\t\t\t\t<\/div>\n\t\t\t\t<\/div>\n\t\t\t\t\t<\/div>\n\t\t<\/div>\n\t\t\t\t\t\t\t<\/div>\n\t\t<\/section>\n\t\t\t\t\t\t<\/div>\n\t\t\t\t\t<\/div>\n\t\t","protected":false},"excerpt":{"rendered":"<p>ADPRENSA\u00a0 Comunidad maulina disfrut\u00f3 de\u00a0in\u00e9dito concierto astron\u00f3mico. Se refieren Carlos Torres Fuchslocher, rector; Andr\u00e9s Maraga\u00f1o Leveque; decano de la Facultad de Arquitectura, M\u00fasica y Dise\u00f1o; y Leonardo Carvajal Vargas, acad\u00e9mico de la Escuela de M\u00fasica. \u00a0 \u00a0 MEDIABANCO\u00a0 Comunidad maulina disfrut\u00f3 de\u00a0in\u00e9dito concierto astron\u00f3mico. Se refieren Carlos Torres Fuchslocher, rector; Andr\u00e9s Maraga\u00f1o Leveque; decano de &hellip;<\/p>\n<p class=\"read-more\"> <a class=\"\" href=\"https:\/\/www.reportedeprensa.utalca.cl\/?p=8613\"> <span class=\"screen-reader-text\">15 de noviembre de 2023<\/span> Read More &raquo;<\/a><\/p>\n","protected":false},"author":1,"featured_media":0,"comment_status":"closed","ping_status":"open","sticky":false,"template":"","format":"standard","meta":{"_monsterinsights_skip_tracking":false,"_monsterinsights_sitenote_active":false,"_monsterinsights_sitenote_note":"","_monsterinsights_sitenote_category":0},"categories":[42,41],"tags":[],"_links":{"self":[{"href":"https:\/\/www.reportedeprensa.utalca.cl\/index.php?rest_route=\/wp\/v2\/posts\/8613"}],"collection":[{"href":"https:\/\/www.reportedeprensa.utalca.cl\/index.php?rest_route=\/wp\/v2\/posts"}],"about":[{"href":"https:\/\/www.reportedeprensa.utalca.cl\/index.php?rest_route=\/wp\/v2\/types\/post"}],"author":[{"embeddable":true,"href":"https:\/\/www.reportedeprensa.utalca.cl\/index.php?rest_route=\/wp\/v2\/users\/1"}],"replies":[{"embeddable":true,"href":"https:\/\/www.reportedeprensa.utalca.cl\/index.php?rest_route=%2Fwp%2Fv2%2Fcomments&post=8613"}],"version-history":[{"count":4,"href":"https:\/\/www.reportedeprensa.utalca.cl\/index.php?rest_route=\/wp\/v2\/posts\/8613\/revisions"}],"predecessor-version":[{"id":8617,"href":"https:\/\/www.reportedeprensa.utalca.cl\/index.php?rest_route=\/wp\/v2\/posts\/8613\/revisions\/8617"}],"wp:attachment":[{"href":"https:\/\/www.reportedeprensa.utalca.cl\/index.php?rest_route=%2Fwp%2Fv2%2Fmedia&parent=8613"}],"wp:term":[{"taxonomy":"category","embeddable":true,"href":"https:\/\/www.reportedeprensa.utalca.cl\/index.php?rest_route=%2Fwp%2Fv2%2Fcategories&post=8613"},{"taxonomy":"post_tag","embeddable":true,"href":"https:\/\/www.reportedeprensa.utalca.cl\/index.php?rest_route=%2Fwp%2Fv2%2Ftags&post=8613"}],"curies":[{"name":"wp","href":"https:\/\/api.w.org\/{rel}","templated":true}]}}