{"id":8626,"date":"2023-11-17T12:21:01","date_gmt":"2023-11-17T15:21:01","guid":{"rendered":"https:\/\/www.reportedeprensa.utalca.cl\/?p=8626"},"modified":"2023-11-17T12:30:20","modified_gmt":"2023-11-17T15:30:20","slug":"17-de-noviembre-de-2023","status":"publish","type":"post","link":"https:\/\/www.reportedeprensa.utalca.cl\/?p=8626","title":{"rendered":"17 de noviembre de 2023"},"content":{"rendered":"\t\t<div data-elementor-type=\"wp-post\" data-elementor-id=\"8626\" class=\"elementor elementor-8626\" data-elementor-settings=\"[]\">\n\t\t\t\t\t\t\t<div class=\"elementor-section-wrap\">\n\t\t\t\t\t\t\t<section class=\"elementor-section elementor-top-section elementor-element elementor-element-bcea1a8 elementor-section-boxed elementor-section-height-default elementor-section-height-default\" data-id=\"bcea1a8\" data-element_type=\"section\">\n\t\t\t\t\t\t<div class=\"elementor-container elementor-column-gap-default\">\n\t\t\t\t\t<div class=\"elementor-column elementor-col-100 elementor-top-column elementor-element elementor-element-e7183bf\" data-id=\"e7183bf\" data-element_type=\"column\">\n\t\t\t<div class=\"elementor-widget-wrap elementor-element-populated\">\n\t\t\t\t\t\t\t\t<div class=\"elementor-element elementor-element-5ffbb87 elementor-widget elementor-widget-text-editor\" data-id=\"5ffbb87\" data-element_type=\"widget\" data-widget_type=\"text-editor.default\">\n\t\t\t\t<div class=\"elementor-widget-container\">\n\t\t\t\t\t\t\t\t<p><b>DIARIOS EN RED<\/b><b>\u00a0<\/b><\/p><p><a href=\"https:\/\/diariosenred.com\/regional\/fundacion-maule-y-universidad-de-talca-realizaron-exitoso-conversatorio\">Fundaci\u00f3n Maule y Universidad de Talca realizaron exitoso conversatorio sobre la Nueva Propuesta Constitucional. Se refiere\u00a0Carlos Torres Fuchslocher, rector.\u00a0<\/a><\/p><p>\u00a0<\/p><p><strong>RED MAULE\u00a0<\/strong><\/p><p><a href=\"https:\/\/redmaule.com\/regional\/fundacion-maule-y-universidad-de-talca-realizaron-exitoso-conversatorio\">Fundaci\u00f3n Maule y Universidad de Talca realizaron exitoso conversatorio sobre la Nueva Propuesta Constitucional. Se refiere\u00a0Carlos Torres Fuchslocher, rector.\u00a0<\/a><\/p><p>\u00a0<\/p><p><strong>RED BIOBIO\u00a0<\/strong><\/p><p><a href=\"https:\/\/redbiobio.com\/regional\/fundacion-maule-y-universidad-de-talca-realizaron-exitoso-conversatorio\">Fundaci\u00f3n Maule y Universidad de Talca realizaron exitoso conversatorio sobre la Nueva Propuesta Constitucional. Se refiere\u00a0Carlos Torres Fuchslocher, rector.\u00a0<\/a><\/p><p>\u00a0<\/p><p><strong>RED O\u00b4HIGGINS\u00a0<\/strong><\/p><p><a href=\"https:\/\/redohiggins.com\/regional\/fundacion-maule-y-universidad-de-talca-realizaron-exitoso-conversatorio\">Fundaci\u00f3n Maule y Universidad de Talca realizaron exitoso conversatorio sobre la Nueva Propuesta Constitucional. Se refiere\u00a0Carlos Torres Fuchslocher, rector.\u00a0<\/a><\/p><p>\u00a0<\/p><p><strong>DIARIOTALCA.CL\u00a0<\/strong><\/p><p><a href=\"https:\/\/diariotalca.cl\/senadores-debatieron-apoyo-y-rechazo-a-la-propuesta-de-constitucion\/\">Senadores debatieron apoyo y rechazo a la propuesta de Constituci\u00f3n.\u00a0Se refiere\u00a0Carlos Torres Fuchslocher, rector.\u00a0<\/a><\/p><p>\u00a0<\/p><p><strong>ELMAULEINFORMA.CL\u00a0<\/strong><\/p><p><a href=\"https:\/\/elmauleinforma.cl\/fundacion-maule-y-universidad-de-talca-realizaron-exitoso-conversatorio-sobre-la-nueva-propuesta-constitucional\/\">Fundaci\u00f3n Maule y Universidad de Talca realizaron exitoso conversatorio sobre la Nueva Propuesta Constitucional. Se refiere\u00a0Carlos Torres Fuchslocher, rector.\u00a0<\/a><\/p><p>\u00a0<\/p><p><b>LA TERCERA \u00a0<\/b><\/p><p><a href=\"https:\/\/www.litoralpress.cl\/paginaconsultas\/Servicios_NClipSitioWeb\/Get_Imagen_Nota.aspx?LPKey=VAKKFQIS3WSJLIU36NWMZTDRVAX3XRKIXGMBCCLNR3RJN5YQMQLK53AYYOXC7B3G5UYMMVPPUJTF2\">Cient\u00edficas chilenas participan del estudio gen\u00e9tico m\u00e1s grande del Covid: descubren 51 genes involucrados en la enfermedad. Se refiere Ricardo Verdugo Salgado, acad\u00e9mico de la Escuela de Medicina.\u00a0<\/a><\/p><p><b>\u00a0<\/b><\/p><p><b>CANAL TVN RED MAULE\u00a0<\/b><\/p><p><a href=\"https:\/\/www.litoralpress.cl\/sitio\/RadioTV_Detalles.cshtml?LPKey=GETVXCDAE6KEJNJ5O32THEKZJD5LZJJT7UIMJENOGNZQY5ULEEYJMPMTJEGWUHLN4VCKRE2V65RX4\">Este fin de semana en Talca se preparar\u00e1 el completo m\u00e1s grande del mundo. Se refieren Victor Brangier, director del Centro de Documentaci\u00f3n Patrimonial, y Victoria Oryaz\u00fan y Javiera Rojas, estudiantes de la Escuela de Arquitectura. \u00a0<\/a><\/p><p><b>\u00a0<\/b><\/p><p><b>CANAL TVN \u00a0<\/b><\/p><p><a href=\"https:\/\/www.litoralpress.cl\/sitio\/RadioTV_Detalles.cshtml?LPKey=5KBKFAJEMHIP6Q2727D47IFDJF6NEO2QPADUUPRUB4G4QZ7UFGKMFLMW7TUMEVYLUDVIASFMJ6A7E\">Exportadores est\u00e1n en alerta por impacto de las lluvias en la producci\u00f3n de cerezas en la zona central.\u00a0Se refiere Patricio Gonz\u00e1lez Colville, agroclimat\u00f3logo y acad\u00e9mico del Centro de Investigaci\u00f3n y Transferencia en Riego y Agroclimatolog\u00eda (CITRA).\u00a0<\/a><\/p><p><b>\u00a0<\/b><\/p><p><b>RADIOAGRICULTURA.CL\u00a0<\/b><\/p><p><a href=\"https:\/\/www.radioagricultura.cl\/elagro\/2023\/11\/15\/expertos-advierten-que-lluvias-primaverales-generaron-danos-en-la-fruticultura\/\">Expertos advierten que lluvias primaverales generaron da\u00f1os en la fruticultura. Se refiere Patricio Gonz\u00e1lez Colville, agroclimat\u00f3logo y acad\u00e9mico del Centro de Investigaci\u00f3n y Transferencia en Riego y Agroclimatolog\u00eda (CITRA).\u00a0<\/a><\/p><p>\u00a0<\/p><p><strong>CANAL TVN RED MAULE\u00a0<\/strong><\/p><p><a href=\"https:\/\/www.litoralpress.cl\/sitio\/RadioTV_Detalles.cshtml?LPKey=VGDHRKUG463XY7Y35O45JG25VVYJGSIFG6FIHMJGTRCJRKYVBDV2HNN7S7QT2EOXQK3U4RCWQGKH4\">Ingeniero desarroll\u00f3 insumo para proteger las cerezas de las precipitaciones. Se refiere Patricio Gonz\u00e1lez Colville, agroclimat\u00f3logo y acad\u00e9mico del Centro de Investigaci\u00f3n y Transferencia en Riego y Agroclimatolog\u00eda (CITRA).\u00a0<\/a><\/p><p>\u00a0<\/p><p><strong>RADIO METROPOLITAN DE CONCEPCI\u00d3N\u00a0<\/strong><\/p><p><a href=\"https:\/\/www.litoralpress.cl\/sitio\/RadioTV_Detalles.cshtml?LPKey=VGDHRKUG463XY7Y35O45JG25VVYJGSIFG6FIHMJGTRCJRKYVBDV2HNN7S7QT2EOXQK3U4RCWQGKH4\">Cambio clim\u00e1tico y fen\u00f3meno El Ni\u00f1o. Se refiere Patricio Gonz\u00e1lez Colville, agroclimat\u00f3logo y acad\u00e9mico del Centro de Investigaci\u00f3n y Transferencia en Riego y Agroclimatolog\u00eda (CITRA).\u00a0<\/a><\/p><p>\u00a0<\/p><p><strong>LA PRENSA DE CURIC\u00d3 \u00a0<\/strong><\/p><p><a href=\"https:\/\/www.litoralpress.cl\/paginaconsultas\/Servicios_NClipSitioWeb\/Get_Imagen_Nota.aspx?LPKey=6ZP2SHGAKNZ6UDAUXG376VUIR3F4PDZP5IWY3ATDYFKGG3SJKSOIQRR6CICUJ47IZSKPQZQJ2OTZ4\">Llueve sobre mojado. Se refiere Patricio Gonz\u00e1lez Colville, agroclimat\u00f3logo y acad\u00e9mico del Centro de Investigaci\u00f3n y Transferencia en Riego y Agroclimatolog\u00eda (CITRA).\u00a0<\/a><\/p><p>\u00a0<\/p><p><strong>EL LECTOR\u00a0<\/strong><\/p><p><a href=\"https:\/\/www.litoralpress.cl\/paginaconsultas\/Servicios_NClipSitioWeb\/Get_Imagen_Nota.aspx?LPKey=AYYIEFISF7GDGHSEO26BBQFCMK3XKBE26PVFFSIZP6UG7U63DAUHLPJEUPVAWQJHSNRELQGS235WK\">Lluvias primaverales generan da\u00f1os en la fruticultura. Se refiere Patricio Gonz\u00e1lez Colville, agroclimat\u00f3logo y acad\u00e9mico del Centro de Investigaci\u00f3n y Transferencia en Riego y Agroclimatolog\u00eda (CITRA).\u00a0<\/a><\/p><p>\u00a0<\/p><p><strong>DIARIOELCENTRO.CL\u00a0<\/strong><\/p><p><a href=\"https:\/\/www.diarioelcentro.cl\/2023\/11\/16\/fenomeno-del-nino-esta-causando-estragos-en-la-fruticultura\/\">Fen\u00f3meno El Ni\u00f1o est\u00e1 causando estragos en la fruticultura. Se refiere Patricio Gonz\u00e1lez Colville, agroclimat\u00f3logo y acad\u00e9mico del Centro de Investigaci\u00f3n y Transferencia en Riego y Agroclimatolog\u00eda (CITRA).\u00a0<\/a><\/p><p>\u00a0<\/p><p><b>LAS \u00daLTIMAS NOTICIAS\u00a0<\/b><\/p><p><a href=\"https:\/\/www.litoralpress.cl\/paginaconsultas\/Servicios_NClipSitioWeb\/Get_Imagen_Nota.aspx?LPKey=X2HXVFQOYEIRU7BMJW6WNJQEHDGX2K2NXTRLPSAVFWAQAWCFZ436ZUNDR4ECTIX25CICOTYOECZUC\">Estas son las 68 universidades, IP y CFT que van a tener gratuidad en 2024. Se menciona a la Universidad de Talca.\u00a0<\/a><\/p><p><b>\u00a0<\/b><\/p><p><b>CANAL 30 \u00a0<\/b><\/p><p><a href=\"https:\/\/www.litoralpress.cl\/sitio\/RadioTV_Detalles.cshtml?LPKey=NZOZ64OOENYHV6YF4QWIV225GE5SYL2SPBP3B4JG3BSTHFM2OYLRF2KG27NJUS7JP4UIZ2ETADJXS\">La Seremi de Salud inform\u00f3 que el ISP confirm\u00f3 la positividad a Meningitis Bacteriana de ni\u00f1a de 10 a\u00f1os de Talca. Se refiere Macarena Said, acad\u00e9mica del departamento de Salud P\u00fablica.\u00a0<\/a><\/p><p><b>\u00a0<\/b><\/p><p><b>EL LECTOR<\/b><b>\u00a0<\/b><\/p><p><a href=\"https:\/\/www.litoralpress.cl\/paginaconsultas\/Servicios_NClipSitioWeb\/Get_Imagen_Nota.aspx?LPKey=LUMBYHTJ2C7OMZTUWEWXBUBVPP7Y2FFMXJTVHSEYQRD4XWSKUQ7OWWQ2LANPEOID4RWKB3RRR5S3S\">UTalca inicia campa\u00f1a de recolecci\u00f3n de juguetes para su tradicional Tren de Navidad\u00a0.\u00a0Se refiere Marcela Albornoz Dachelet, directora de Extensi\u00f3n Cultural \u2013 Art\u00edstica.<\/a><\/p><p>\u00a0<\/p><p><b>EL MERCURIO\u00a0<\/b><\/p><p><a href=\"https:\/\/www.litoralpress.cl\/paginaconsultas\/Servicios_NClipSitioWeb\/Get_Imagen_Nota.aspx?LPKey=OTSKEMBK37SW24M4QMSIUIAW6V5I3QANGV73MAU2OAHP4SLL2RTBD3T625XBWDQSWPLGV735ROQQI\">Repercusi\u00f3n en distintas esferas del mundo pol\u00edtico dados los v\u00ednculos transversales de Hermosilla. Se refiere Mauricio Morales, director del Centro de An\u00e1lisis Pol\u00edtico (CAP).\u00a0<\/a><\/p><p>\u00a0<\/p><p><strong>RADIO INFINITA\u00a0<\/strong><\/p><p><a href=\"https:\/\/www.litoralpress.cl\/sitio\/RadioTV_Detalles.cshtml?LPKey=V6WQ6FMODPWF4SPAHQPCBLYXYHLUUPP2G7DFRXWTHGXNPYCRZMY5D5MIDSUMZNLB2ERIA44WOLQRS\">An\u00e1lisis pol\u00edtico de Mauricio Morales, director del Centro de An\u00e1lisis Pol\u00edtico (CAP).<\/a><\/p><p>\u00a0<\/p><p><b>LA SEGUNDA\u00a0<\/b><\/p><p><a href=\"https:\/\/www.litoralpress.cl\/paginaconsultas\/Servicios_NClipSitioWeb\/Get_Imagen_Nota.aspx?LPKey=PASLIYG6IVE6GGG2T6IRTBYM5C5WQDDBFWQASSBZMVI4AMC5UOQMC6YWPKORLGPYCEDEB6FZ2NSVQ\">Ala baja. Se refiere Diego Palomo V\u00e9lez, acad\u00e9mico de la Facultad de Ciencias Jur\u00eddicas y Sociales.\u00a0<\/a><\/p>\t\t\t\t\t\t<\/div>\n\t\t\t\t<\/div>\n\t\t\t\t\t<\/div>\n\t\t<\/div>\n\t\t\t\t\t\t\t<\/div>\n\t\t<\/section>\n\t\t\t\t\t\t<\/div>\n\t\t\t\t\t<\/div>\n\t\t","protected":false},"excerpt":{"rendered":"<p>DIARIOS EN RED\u00a0 Fundaci\u00f3n Maule y Universidad de Talca realizaron exitoso conversatorio sobre la Nueva Propuesta Constitucional. Se refiere\u00a0Carlos Torres Fuchslocher, rector.\u00a0 \u00a0 RED MAULE\u00a0 Fundaci\u00f3n Maule y Universidad de Talca realizaron exitoso conversatorio sobre la Nueva Propuesta Constitucional. Se refiere\u00a0Carlos Torres Fuchslocher, rector.\u00a0 \u00a0 RED BIOBIO\u00a0 Fundaci\u00f3n Maule y Universidad de Talca realizaron exitoso &hellip;<\/p>\n<p class=\"read-more\"> <a class=\"\" href=\"https:\/\/www.reportedeprensa.utalca.cl\/?p=8626\"> <span class=\"screen-reader-text\">17 de noviembre de 2023<\/span> Read More &raquo;<\/a><\/p>\n","protected":false},"author":1,"featured_media":0,"comment_status":"closed","ping_status":"open","sticky":false,"template":"","format":"standard","meta":{"_monsterinsights_skip_tracking":false,"_monsterinsights_sitenote_active":false,"_monsterinsights_sitenote_note":"","_monsterinsights_sitenote_category":0},"categories":[42,41],"tags":[],"_links":{"self":[{"href":"https:\/\/www.reportedeprensa.utalca.cl\/index.php?rest_route=\/wp\/v2\/posts\/8626"}],"collection":[{"href":"https:\/\/www.reportedeprensa.utalca.cl\/index.php?rest_route=\/wp\/v2\/posts"}],"about":[{"href":"https:\/\/www.reportedeprensa.utalca.cl\/index.php?rest_route=\/wp\/v2\/types\/post"}],"author":[{"embeddable":true,"href":"https:\/\/www.reportedeprensa.utalca.cl\/index.php?rest_route=\/wp\/v2\/users\/1"}],"replies":[{"embeddable":true,"href":"https:\/\/www.reportedeprensa.utalca.cl\/index.php?rest_route=%2Fwp%2Fv2%2Fcomments&post=8626"}],"version-history":[{"count":4,"href":"https:\/\/www.reportedeprensa.utalca.cl\/index.php?rest_route=\/wp\/v2\/posts\/8626\/revisions"}],"predecessor-version":[{"id":8630,"href":"https:\/\/www.reportedeprensa.utalca.cl\/index.php?rest_route=\/wp\/v2\/posts\/8626\/revisions\/8630"}],"wp:attachment":[{"href":"https:\/\/www.reportedeprensa.utalca.cl\/index.php?rest_route=%2Fwp%2Fv2%2Fmedia&parent=8626"}],"wp:term":[{"taxonomy":"category","embeddable":true,"href":"https:\/\/www.reportedeprensa.utalca.cl\/index.php?rest_route=%2Fwp%2Fv2%2Fcategories&post=8626"},{"taxonomy":"post_tag","embeddable":true,"href":"https:\/\/www.reportedeprensa.utalca.cl\/index.php?rest_route=%2Fwp%2Fv2%2Ftags&post=8626"}],"curies":[{"name":"wp","href":"https:\/\/api.w.org\/{rel}","templated":true}]}}