{"id":8637,"date":"2023-11-20T15:55:47","date_gmt":"2023-11-20T18:55:47","guid":{"rendered":"https:\/\/www.reportedeprensa.utalca.cl\/?p=8637"},"modified":"2023-11-20T16:00:01","modified_gmt":"2023-11-20T19:00:01","slug":"20-de-noviembre-de-2023","status":"publish","type":"post","link":"https:\/\/www.reportedeprensa.utalca.cl\/?p=8637","title":{"rendered":"20 de noviembre de 2023"},"content":{"rendered":"\t\t<div data-elementor-type=\"wp-post\" data-elementor-id=\"8637\" class=\"elementor elementor-8637\" data-elementor-settings=\"[]\">\n\t\t\t\t\t\t\t<div class=\"elementor-section-wrap\">\n\t\t\t\t\t\t\t<section class=\"elementor-section elementor-top-section elementor-element elementor-element-bcea1a8 elementor-section-boxed elementor-section-height-default elementor-section-height-default\" data-id=\"bcea1a8\" data-element_type=\"section\">\n\t\t\t\t\t\t<div class=\"elementor-container elementor-column-gap-default\">\n\t\t\t\t\t<div class=\"elementor-column elementor-col-100 elementor-top-column elementor-element elementor-element-e7183bf\" data-id=\"e7183bf\" data-element_type=\"column\">\n\t\t\t<div class=\"elementor-widget-wrap elementor-element-populated\">\n\t\t\t\t\t\t\t\t<div class=\"elementor-element elementor-element-5ffbb87 elementor-widget elementor-widget-text-editor\" data-id=\"5ffbb87\" data-element_type=\"widget\" data-widget_type=\"text-editor.default\">\n\t\t\t\t<div class=\"elementor-widget-container\">\n\t\t\t\t\t\t\t\t<p><b>PUBLIMETRO<\/b><b>\u00a0<\/b><\/p><p><a href=\"https:\/\/www.litoralpress.cl\/paginaconsultas\/Servicios_NClipSitioWeb\/Get_Imagen_Nota.aspx?LPKey=3VBLARGRXNKGCYJJRO3ASGLAORAUPRIBSPXDRX4DTJ5JUVK7FMUSSEEZJTW7KEP5DV2ZW6QF577N4\">Ni\u00f1os, enfermos cr\u00f3nicos y tercera edad, los grupos m\u00e1s expuestos al calor que viene.\u00a0Se refiere Patricio Gonz\u00e1lez Colville, agroclimat\u00f3logo y acad\u00e9mico del Centro de Investigaci\u00f3n y Transferencia en Riego y Agroclimatolog\u00eda (CITRA).\u00a0<\/a><\/p><p>\u00a0<\/p><p><strong>DIARIO TALCA\u00a0<\/strong><\/p><p><a href=\"https:\/\/www.litoralpress.cl\/paginaconsultas\/Servicios_NClipSitioWeb\/Get_Imagen_Nota.aspx?LPKey=GAJA4W3BFBT3KZFIVPLCYBISZRW4M2YQLOOHRYYKC52INOTLK2A6DBGJXNN7RBE3AK3DE65UH5IZS\">Lluvias primaverales generan da\u00f1os en la fruticultura. Se refiere Patricio Gonz\u00e1lez Colville, agroclimat\u00f3logo y acad\u00e9mico del Centro de Investigaci\u00f3n y Transferencia en Riego y Agroclimatolog\u00eda (CITRA).\u00a0<\/a><\/p><p>\u00a0<\/p><p><strong>LA PRENSA DE CURIC\u00d3\u00a0<\/strong><\/p><p><a href=\"https:\/\/www.litoralpress.cl\/paginaconsultas\/Servicios_NClipSitioWeb\/Get_Imagen_Nota.aspx?LPKey=ZTWJSZ5OTLG5SQRP75WINGJD2Y526JCSPEMTAOA7XBGMZSMDRXH76MOD2UTU7TP7VG2BJLC3OCZP2\">Inusuales lluvias de primavera generan millonarias p\u00e9rdidas en cultivos agr\u00edcolas. Se refiere Patricio Gonz\u00e1lez Colville, agroclimat\u00f3logo y acad\u00e9mico del Centro de Investigaci\u00f3n y Transferencia en Riego y Agroclimatolog\u00eda (CITRA). \u00a0<\/a><\/p><p>\u00a0<\/p><p><b>LAS \u00daLTIMAS NOTICIAS\u00a0<\/b><\/p><p><a href=\"https:\/\/www.litoralpress.cl\/paginaconsultas\/Servicios_NClipSitioWeb\/Get_Imagen_Nota.aspx?LPKey=NYZ3I3ZSCWNOVNESFK66FXHBDAIHTNZPSZDAKCI3NFNVWY3CQW2GMQH62UFOFB3FIKFA5E7FMA3XK\">Universitarias organizaron el completo m\u00e1s largo de Talca para su tesis. Se refieren Victor Letelier y Victoria Oryaz\u00fan y Javiera Rojas, acad\u00e9mico y estudiantes de la Escuela de Arquitectura, respectivamente. \u00a0<\/a><\/p><p>\u00a0<\/p><p><strong>THECLINIC.CL\u00a0<\/strong><\/p><p><a href=\"https:\/\/www.theclinic.cl\/2023\/11\/19\/completo-mas-grande-del-mundo-mojado-talca-estudiantes-tesis\/\">VIRAL. Era una tesis para reivindicar a Talca: Hablan estudiantes que organizaron el r\u00e9cord del completo m\u00e1s grande del mundo. Se refieren Victoria Oryaz\u00fan y Javiera Rojas, estudiantes de la Escuela de Arquitectura.\u00a0<\/a><\/p><p>\u00a0<\/p><p><strong>BIOBIOCHILE.CL\u00a0<\/strong><\/p><p><a href=\"https:\/\/www.biobiochile.cl\/noticias\/sociedad\/viral\/2023\/11\/18\/talca-precursora-del-completo-mas-largo-defiende-record-y-aclara-como-evaluan-el-galardon.shtml\">Talca: precursora del &#8220;completo m\u00e1s largo&#8221; defiende r\u00e9cord y aclara c\u00f3mo eval\u00faan el galard\u00f3n. Se refieren Victoria Oryaz\u00fan estudiante de la Escuela de Arquitectura.\u00a0<\/a><\/p><p>\u00a0<\/p><p><strong>LA PRENSA DE CURIC\u00d3\u00a0<\/strong><\/p><p><a href=\"https:\/\/www.litoralpress.cl\/paginaconsultas\/Servicios_NClipSitioWeb\/Get_Imagen_Nota.aspx?LPKey=NKG2DZWOOONCE7TNG5FTNY7X3GSBLFKEJHCMRNU4FN2J3RHLUFZLW36FJTCSR6DVKNP7SOSZ5PFVQ\">Singular desaf\u00edo: El completo m\u00e1s largo del mundo en Talca.\u00a0Se refieren Victoria Oryaz\u00fan y Javiera Rojas, estudiantes de la Escuela de Arquitectura.<\/a>\u00a0<\/p><p>\u00a0<\/p><p><b>CANAL 24 HORAS \u00a0<\/b><\/p><p><a href=\"https:\/\/www.litoralpress.cl\/sitio\/RadioTV_Detalles.cshtml?LPKey=YOT3UHDTMOWGTZVAQKKBXKR4OCQZE7PDBWZGGCXVBCAZ4YL4AW66AHJOTQWQEMULQFM55HTG7KYFK\">Primer Festival del Completo en Talca. Se refieren Victor Letelier y Victoria Oryaz\u00fan y Javiera Rojas, acad\u00e9mico y estudiantes de la Escuela de Arquitectura, respectivamente<\/a><b>. \u00a0<\/b><\/p><p><b>\u00a0<\/b><\/p><p><b>ADPRENSA\u00a0<\/b><\/p><p><a href=\"https:\/\/www.adprensa.cl\/cronica\/utalca-despliega-operativo-fonoaudiologico-para-vecinos-de-la-comuna-de-maule\/\">UTalca despliega operativo fonoaudiol\u00f3gico para vecinos de la comuna de Maule. Se refiere Claudia Montoya, directora de la Cl\u00ednica de Fonoaudiolog\u00eda.\u00a0<\/a><\/p><p>\u00a0<\/p><p><b>MEDIABANCO\u00a0<\/b><\/p><p><a href=\"https:\/\/www.mediabanco.com\/academicos-de-la-utalca-capacitan-a-dirigentes-de-servicios-sanitarios-rurales-del-maule\/\">Acad\u00e9micos de la UTalca capacitan a dirigentes de Servicios Sanitarios Rurales del Maule. Se refieren Urbano Rojas, jefe de la Unidad de Formaci\u00f3n Continua; y Nicol\u00e1s Astudillo, Guisela Osses y Mois\u00e9s Gonz\u00e1lez, acad\u00e9micos de la Escuela de Auditor\u00eda e Ingenier\u00eda en Control de Gesti\u00f3n. \u00a0<\/a><\/p><p>\u00a0<\/p><p><b>MEDIABANCO \u00a0<\/b><\/p><p><a href=\"https:\/\/www.mediabanco.com\/programa-savialab-de-fia-transforma-innovaciones-estudiantiles-en-soluciones-agricolas\/\">Programa SaviaLab de FIA transforma innovaciones estudiantiles en soluciones agr\u00edcolas. Se refiere Javier Mu\u00f1oz Vidal, decano de la Facultad de Ingenier\u00eda. \u00a0<\/a><\/p><p>\u00a0<\/p><p><b>LATERCERA.COM\u00a0<\/b><\/p><p><a href=\"https:\/\/www.latercera.com\/nacional\/noticia\/a-un-ano-del-matrimonio-igualitario-mas-de-3-mil-parejas-se-han-inscrito\/23VZAWECERGLRGIYK55DAAQDNI\/\">Matrimonio igualitario: m\u00e1s de 3 mil parejas se han inscrito. Se menciona a la Universidad de Talca. \u00a0<\/a><\/p><p>\u00a0<\/p><p><strong>G5NOTICIAS.CL\u00a0<\/strong><\/p><p><a href=\"https:\/\/g5noticias.cl\/2023\/11\/17\/masiva-participacion-en-constitucion-y-linares-talleres-comunitarios-impulsan-el-diseno-de-la-estrategia-energetica-regional\/\">Masiva participaci\u00f3n en Constituci\u00f3n y Linares: Talleres Comunitarios impulsan el dise\u00f1o de la Estrategia Energ\u00e9tica Regional. Se refiere Mar\u00eda Luisa del Campo Hitschsfeld, directora del Centro Tecnol\u00f3gico KIPUS.\u00a0<\/a><\/p><p>\u00a0<\/p><p><strong>ADPRENSA\u00a0<\/strong><\/p><p><a href=\"https:\/\/www.mediabanco.com\/masiva-participacion-en-constitucion-y-linares-talleres-comunitarios-impulsan-el-diseno-de-la-estrategia-energetica-regional\/\">Masiva participaci\u00f3n en Constituci\u00f3n y Linares: Talleres Comunitarios impulsan el dise\u00f1o de la Estrategia Energ\u00e9tica Regional. Se refiere Mar\u00eda Luisa del Campo Hitschsfeld, directora del Centro Tecnol\u00f3gico KIPUS.\u00a0<\/a><\/p><p>\u00a0<\/p><p><b>DIARIOSENRED\u00a0<\/b><\/p><p><a href=\"https:\/\/diariosenred.com\/regional\/masiva-participacion-en-constitucion-y-linares-talleres-comunitarios\">Masiva participaci\u00f3n en Constituci\u00f3n y Linares: Talleres Comunitarios impulsan el dise\u00f1o de la Estrategia Energ\u00e9tica Regional. Se refiere Mar\u00eda Luisa del Campo Hitschsfeld, directora del Centro Tecnol\u00f3gico KIPUS.\u00a0<\/a><\/p><p>\u00a0<\/p><p><strong>RED MAULE\u00a0<\/strong><\/p><p><a href=\"https:\/\/redmaule.com\/regional\/masiva-participacion-en-constitucion-y-linares-talleres-comunitarios\">Masiva participaci\u00f3n en Constituci\u00f3n y Linares: Talleres Comunitarios impulsan el dise\u00f1o de la Estrategia Energ\u00e9tica Regional. Se refiere Mar\u00eda Luisa del Campo Hitschsfeld, directora del Centro Tecnol\u00f3gico KIPUS.\u00a0<\/a><\/p><p>\u00a0<\/p><p><strong>REDBIOBIO\u00a0<\/strong><\/p><p><a href=\"https:\/\/redbiobio.com\/regional\/masiva-participacion-en-constitucion-y-linares-talleres-comunitarios\">Masiva participaci\u00f3n en Constituci\u00f3n y Linares: Talleres Comunitarios impulsan el dise\u00f1o de la Estrategia Energ\u00e9tica Regional. Se refiere Mar\u00eda Luisa del Campo Hitschsfeld, directora del Centro Tecnol\u00f3gico KIPUS.\u00a0<\/a><\/p><p>\u00a0<\/p><p><strong>MEDIABANCO\u00a0<\/strong><\/p><p><a href=\"https:\/\/www.mediabanco.com\/presentan-innovador-libro-para-potenciar-la-educacion-inicial\/\">Presentan innovador libro para potenciar la educaci\u00f3n inicial. Se refiere Carolina Iturra, decana de la Facultad de Ingenier\u00eda. \u00a0<\/a><\/p><p>\u00a0<\/p><p><b>LA TERCERA\u00a0<\/b><\/p><p><a href=\"https:\/\/www.litoralpress.cl\/paginaconsultas\/Servicios_NClipSitioWeb\/Get_Imagen_Nota.aspx?LPKey=RSXAOANH45LUOF36OL2PE6K5ERPCR7YU46F23BLW6FOKNRY5FN4VA4HTMK6G6WP62I6RRFRK7UHPQ\">El transversal y misterioso bot\u00edn en disputa en el plebiscito. Se refiere Mauricio Morales, director del Centro de An\u00e1lisis Pol\u00edtico (CAP). \u00a0<\/a><\/p><p>\u00a0<\/p><p><b>LAS \u00daLTIMAS NOTICIAS\u00a0<\/b><\/p><p><a href=\"https:\/\/www.litoralpress.cl\/paginaconsultas\/Servicios_NClipSitioWeb\/Get_Imagen_Nota.aspx?LPKey=USI276MJJUYXEZVOESK6JFMVTOA72UK7G4T3B3KZOSW7XFVQL3BQCIKGS2YJRMKPCKAEAVWV7YXE2\">Radiograf\u00eda a los deberes sociales de la nueva propuesta constitucional.\u00a0Se refiere Mauricio Morales, director del Centro de An\u00e1lisis Pol\u00edtico (CAP).\u00a0<\/a><\/p><p>\u00a0<\/p><p><strong>LAS \u00daLTIMAS NOTICIAS\u00a0<\/strong><\/p><p><a href=\"https:\/\/www.litoralpress.cl\/paginaconsultas\/Servicios_NClipSitioWeb\/Get_Imagen_Nota.aspx?LPKey=WWVNIJHLPPZM63PRLIBI7FF3KQBP7XAR6IL3VEQB4C7WK6H3EZZBNOH7AU7BNXNPOOOHY3RXU24O2\">Ins\u00f3lito: Partido Social Cristiano se inscribe por el \u201cA Favor\u201d y \u201cEn Contra\u201d para el plebiscito constitucional. Se refiere Mauricio Morales, director del Centro de An\u00e1lisis Pol\u00edtico (CAP).\u00a0<\/a><\/p><p>\u00a0<\/p><p><strong>ENESTRADO.COM\u00a0<\/strong><\/p><p><a href=\"https:\/\/enestrado.com\/la-reputacion-de-un-sistema-de-justicia-tres-claves-por-diego-palom\/\">La reputaci\u00f3n de un sistema de justicia: tres claves. Se refiere Diego Palomo V\u00e9lez, acad\u00e9mico de la Facultad de Ciencias Jur\u00eddicas y Sociales.\u00a0<\/a><\/p><p>\u00a0<\/p><p><strong>DIARIO TALCA\u00a0<\/strong><\/p><p><a href=\"https:\/\/www.litoralpress.cl\/paginaconsultas\/Servicios_NClipSitioWeb\/Get_Imagen_Nota.aspx?LPKey=3URQYHFQEJL7PYXRBVMZCPVKT6BTBIGQDTQJZVH32WWEGGN7IRAYR3OJ7F6IQEP3HXIM3KE4XCUEM\">Con tu encanto, con tu edad II. Se refiere Rodrigo Biel Melgarejo, acad\u00e9mico de la Facultad de Ciencias Jur\u00eddicas y Sociales.\u00a0<\/a><\/p>\t\t\t\t\t\t<\/div>\n\t\t\t\t<\/div>\n\t\t\t\t\t<\/div>\n\t\t<\/div>\n\t\t\t\t\t\t\t<\/div>\n\t\t<\/section>\n\t\t\t\t\t\t<\/div>\n\t\t\t\t\t<\/div>\n\t\t","protected":false},"excerpt":{"rendered":"<p>PUBLIMETRO\u00a0 Ni\u00f1os, enfermos cr\u00f3nicos y tercera edad, los grupos m\u00e1s expuestos al calor que viene.\u00a0Se refiere Patricio Gonz\u00e1lez Colville, agroclimat\u00f3logo y acad\u00e9mico del Centro de Investigaci\u00f3n y Transferencia en Riego y Agroclimatolog\u00eda (CITRA).\u00a0 \u00a0 DIARIO TALCA\u00a0 Lluvias primaverales generan da\u00f1os en la fruticultura. Se refiere Patricio Gonz\u00e1lez Colville, agroclimat\u00f3logo y acad\u00e9mico del Centro de Investigaci\u00f3n &hellip;<\/p>\n<p class=\"read-more\"> <a class=\"\" href=\"https:\/\/www.reportedeprensa.utalca.cl\/?p=8637\"> <span class=\"screen-reader-text\">20 de noviembre de 2023<\/span> Read More &raquo;<\/a><\/p>\n","protected":false},"author":1,"featured_media":0,"comment_status":"closed","ping_status":"open","sticky":false,"template":"","format":"standard","meta":{"_monsterinsights_skip_tracking":false,"_monsterinsights_sitenote_active":false,"_monsterinsights_sitenote_note":"","_monsterinsights_sitenote_category":0},"categories":[42,41],"tags":[],"_links":{"self":[{"href":"https:\/\/www.reportedeprensa.utalca.cl\/index.php?rest_route=\/wp\/v2\/posts\/8637"}],"collection":[{"href":"https:\/\/www.reportedeprensa.utalca.cl\/index.php?rest_route=\/wp\/v2\/posts"}],"about":[{"href":"https:\/\/www.reportedeprensa.utalca.cl\/index.php?rest_route=\/wp\/v2\/types\/post"}],"author":[{"embeddable":true,"href":"https:\/\/www.reportedeprensa.utalca.cl\/index.php?rest_route=\/wp\/v2\/users\/1"}],"replies":[{"embeddable":true,"href":"https:\/\/www.reportedeprensa.utalca.cl\/index.php?rest_route=%2Fwp%2Fv2%2Fcomments&post=8637"}],"version-history":[{"count":4,"href":"https:\/\/www.reportedeprensa.utalca.cl\/index.php?rest_route=\/wp\/v2\/posts\/8637\/revisions"}],"predecessor-version":[{"id":8641,"href":"https:\/\/www.reportedeprensa.utalca.cl\/index.php?rest_route=\/wp\/v2\/posts\/8637\/revisions\/8641"}],"wp:attachment":[{"href":"https:\/\/www.reportedeprensa.utalca.cl\/index.php?rest_route=%2Fwp%2Fv2%2Fmedia&parent=8637"}],"wp:term":[{"taxonomy":"category","embeddable":true,"href":"https:\/\/www.reportedeprensa.utalca.cl\/index.php?rest_route=%2Fwp%2Fv2%2Fcategories&post=8637"},{"taxonomy":"post_tag","embeddable":true,"href":"https:\/\/www.reportedeprensa.utalca.cl\/index.php?rest_route=%2Fwp%2Fv2%2Ftags&post=8637"}],"curies":[{"name":"wp","href":"https:\/\/api.w.org\/{rel}","templated":true}]}}