{"id":8661,"date":"2023-11-21T12:35:57","date_gmt":"2023-11-21T15:35:57","guid":{"rendered":"https:\/\/www.reportedeprensa.utalca.cl\/?p=8661"},"modified":"2023-11-21T12:39:10","modified_gmt":"2023-11-21T15:39:10","slug":"21-de-noviembre-de-2023","status":"publish","type":"post","link":"https:\/\/www.reportedeprensa.utalca.cl\/?p=8661","title":{"rendered":"21 de noviembre de 2023"},"content":{"rendered":"\t\t<div data-elementor-type=\"wp-post\" data-elementor-id=\"8661\" class=\"elementor elementor-8661\" data-elementor-settings=\"[]\">\n\t\t\t\t\t\t\t<div class=\"elementor-section-wrap\">\n\t\t\t\t\t\t\t<section class=\"elementor-section elementor-top-section elementor-element elementor-element-bcea1a8 elementor-section-boxed elementor-section-height-default elementor-section-height-default\" data-id=\"bcea1a8\" data-element_type=\"section\">\n\t\t\t\t\t\t<div class=\"elementor-container elementor-column-gap-default\">\n\t\t\t\t\t<div class=\"elementor-column elementor-col-100 elementor-top-column elementor-element elementor-element-e7183bf\" data-id=\"e7183bf\" data-element_type=\"column\">\n\t\t\t<div class=\"elementor-widget-wrap elementor-element-populated\">\n\t\t\t\t\t\t\t\t<div class=\"elementor-element elementor-element-5ffbb87 elementor-widget elementor-widget-text-editor\" data-id=\"5ffbb87\" data-element_type=\"widget\" data-widget_type=\"text-editor.default\">\n\t\t\t\t<div class=\"elementor-widget-container\">\n\t\t\t\t\t\t\t\t<p><b>PUBLIMETRO\u00a0<\/b><\/p><p><a href=\"https:\/\/www.litoralpress.cl\/paginaconsultas\/Servicios_NClipSitioWeb\/Get_Imagen_Nota.aspx?LPKey=VFLWSSGPXCCEASL4M33QKCR77SRRFML6TVKAT4FFHEIFRLY4SUM6SJHR6FEAB6275S7SRMDV5J2NK\">Advierten falta de inter\u00e9s en vacunarse contra el Covid. Se refiere Erika Retamal Contreras, directora del departamento de Salud P\u00fablica.\u00a0\u00a0<\/a><\/p><p>\u00a0<\/p><p><strong>EL MOSTRADOR\u00a0<\/strong><\/p><p><a href=\"https:\/\/www.elmostrador.cl\/agenda-pais\/vida-en-linea\/2023\/11\/21\/advierten-desinteres-de-la-poblacion-en-vacunarse-contra-el-covid-19\/\">Advierten desinter\u00e9s en vacunarse contra el Covid. Se refiere Erika Retamal Contreras, directora del departamento de Salud P\u00fablica.\u00a0\u00a0<\/a><\/p><p>\u00a0<\/p><p><b>MEGANOTICIAS.CL\u00a0<\/b><\/p><p><a href=\"https:\/\/www.meganoticias.cl\/dato-util\/431601-universidades-con-gratuidad-admision-2024-20-11-2023.html\">Admisi\u00f3n 2024: Este es el listado completo de universidades adscritas a la gratuidad. Se menciona a la Universidad de Talca. \u00a0<\/a><\/p><p>\u00a0<\/p><p><b>ELMAULEINFORMA.CL\u00a0<\/b><\/p><p><a href=\"https:\/\/elmauleinforma.cl\/universidad-de-talca-invita-a-postular-a-sus-admisiones-especiales\/\">Universidad de Talca invita a postular a sus admisiones especiales. Se refiere Tania Mascar\u00f3 Espinoza, coordinadora de la Unidad de Admisi\u00f3n y Acceso. \u00a0<\/a><\/p><p><b>\u00a0<\/b><\/p><p><b>MEDIABANCO\u00a0<\/b><b>\u00a0<\/b><\/p><p><a href=\"https:\/\/www.mediabanco.com\/presentan-innovador-libro-para-potenciar-la-educacion-inicial\/\">Presentan innovador libro para potenciar la educaci\u00f3n inicial. Se refiere Carolina Iturra, decana de la Facultad de Ingenier\u00eda.<\/a><b>\u00a0<\/b><\/p><p>\u00a0<\/p><p><b>PORTALEDUCA.CL<\/b><b>\u00a0<\/b><\/p><p><a href=\"https:\/\/portaleduca.cl\/programa-savialab-de-fia-transforma-innovaciones-estudiantiles-en-soluciones-agricolas\/\">Programa SaviaLab de FIA transforma innovaciones estudiantiles en soluciones agr\u00edcolas. Se refiere Javier Mu\u00f1oz Vidal, decano de la Facultad de Ingenier\u00eda.\u00a0<\/a><\/p><p>\u00a0<\/p><p><strong>G5NOTICIAS.CL\u00a0<\/strong><\/p><p><a href=\"https:\/\/g5noticias.cl\/2023\/11\/21\/programa-savialab-de-fia-transforma-innovaciones-estudiantiles-en-soluciones-agricolas\/\">Programa SaviaLab de FIA transforma innovaciones estudiantiles en soluciones agr\u00edcolas.\u00a0Se refiere Javier Mu\u00f1oz Vidal, decano de la Facultad de Ingenier\u00eda.\u00a0<\/a><\/p><p>\u00a0<\/p><p><strong>ELMAULEINFORMA.CL\u00a0<\/strong><\/p><p><a href=\"https:\/\/elmauleinforma.cl\/programa-savialab-de-fia-transforma-innovacion-estudiantil-rural-en-soluciones-agricolas-de-vanguardia\/\">Programa SaviaLab de FIA transforma innovaciones estudiantiles en soluciones agr\u00edcolas de vanguardia.\u00a0Se refiere Javier Mu\u00f1oz Vidal, decano de la Facultad de Ingenier\u00eda.\u00a0<\/a><\/p><p>\u00a0<\/p><p><b>TVN RED MAULE\u00a0<\/b><\/p><div><a href=\"https:\/\/www.litoralpress.cl\/sitio\/RadioTV_Detalles.cshtml?LPKey=PMRQHJAWEBGMLRU34LGDF3G4DIHPFCP3IR4ZDNP3B4M2MQAJZOJQ2DOO4JAFUZHE3633IXAKNG73C\">Este fin de semana se realiz\u00f3 el primer Festival del Completo en Talca.Se refieren Victoria Oryaz\u00fan y Javiera Rojas, estudiantes de la Escuela de Arquitectura; e Ismael Gallardo, acad\u00e9mico de la Facultad de Psicolog\u00eda. \u00a0<\/a><\/div><div><b>\u00a0<\/b><\/div><p><b>PUBLIMETRO.CL<\/b><b>\u00a0<\/b><\/p><p><a href=\"https:\/\/www.publimetro.cl\/noticias\/2023\/11\/20\/sepa-como-cuidarse-de-las-altas-temperaturas-proyectadas-para-el-verano\/\">Sepa c\u00f3mo cuidarse de las altas temperaturas proyectas para el verano.\u00a0Se refiere Patricio Gonz\u00e1lez Colville, agroclimat\u00f3logo y acad\u00e9mico del Centro de Investigaci\u00f3n y Transferencia en Riego y Agroclimatolog\u00eda (CITRA).\u00a0\u00a0<\/a><\/p><p>\u00a0<\/p><p><b>24HORAS.CL\u00a0<\/b><\/p><p><a href=\"https:\/\/www.24horas.cl\/regiones\/zona-centro\/maule\/vecinos-exigen-cierre-de-planta-de-aguas-servidas\">Vecinos exigen cierre de planta de aguas servidas. Se refiere Mauricio Quiroz, acad\u00e9mico del Instituto de Ciencias Biol\u00f3gicas.\u00a0<\/a><\/p><p>\u00a0<\/p><p><b>DIARIO TALCA\u00a0<\/b><\/p><p><a href=\"https:\/\/www.litoralpress.cl\/paginaconsultas\/Servicios_NClipSitioWeb\/Get_Imagen_Nota.aspx?LPKey=BA7WGPO7HHCP3HTBXD3YJ4OL6SZECXOLF5FNYLE7WHISZPNUEDTHPZGXGTVJ4KD2BNL5DWD4UCM3Q\">\u00bfPodemos realmente aprender de las lecciones que nos dejan los desastres naturales? Se refiere Roberto Pizarro Tapia, director de la c\u00e1tedra UNESCO en Hidrolog\u00eda en Superficie.\u00a0\u00a0<\/a><\/p><p><b>\u00a0<\/b><\/p><p><b>EMOL\u00a0<\/b><\/p><p><a href=\"https:\/\/www.emol.com\/noticias\/Nacional\/2023\/11\/20\/1113395\/impacto-triunfo-mileiderecha-chilena.html\">El fen\u00f3meno Milei en la calculadora de la derecha chilena: El impacto (y lecciones) del triunfo del libertario en Argentina. Se refiere Mauricio Morales, director del Centro de An\u00e1lisis Pol\u00edtico (CAP).<\/a><\/p><p>\u00a0<\/p><p><strong>RADIO INFINITA \u00a0<\/strong><\/p><p><a href=\"https:\/\/www.litoralpress.cl\/sitio\/RadioTV_Detalles.cshtml?LPKey=OGLB3DF5DCOY2ADPXO3LS6PERVQ6WDOSJQQGCTHLPK75RNO2SCACPTEH4T7GU5NQWRB3JMKTLVG5E\">An\u00e1lisis pol\u00edtico de Mauricio Morales, director del Centro de An\u00e1lisis Pol\u00edtico (CAP).\u00a0<\/a><\/p><p>\u00a0<\/p><p><strong>DIARIO TALCA\u00a0<\/strong><\/p><p><a href=\"https:\/\/www.litoralpress.cl\/paginaconsultas\/Servicios_NClipSitioWeb\/Get_Imagen_Nota.aspx?LPKey=CXPRDQIK4OBLVXZCFRTSCFSD4I7PQ3YJYBOV7CUWASO3VS7J6ZBJMD2EBZ3W7X5ND6A3URBNOHVAK\">Telet\u00f3n proyecta una expansi\u00f3n tecnol\u00f3gica y de infraestructura para el Maule. Se menciona a la Universidad de Talca.\u00a0<\/a><\/p>\t\t\t\t\t\t<\/div>\n\t\t\t\t<\/div>\n\t\t\t\t\t<\/div>\n\t\t<\/div>\n\t\t\t\t\t\t\t<\/div>\n\t\t<\/section>\n\t\t\t\t\t\t<\/div>\n\t\t\t\t\t<\/div>\n\t\t","protected":false},"excerpt":{"rendered":"<p>PUBLIMETRO\u00a0 Advierten falta de inter\u00e9s en vacunarse contra el Covid. Se refiere Erika Retamal Contreras, directora del departamento de Salud P\u00fablica.\u00a0\u00a0 \u00a0 EL MOSTRADOR\u00a0 Advierten desinter\u00e9s en vacunarse contra el Covid. Se refiere Erika Retamal Contreras, directora del departamento de Salud P\u00fablica.\u00a0\u00a0 \u00a0 MEGANOTICIAS.CL\u00a0 Admisi\u00f3n 2024: Este es el listado completo de universidades adscritas a &hellip;<\/p>\n<p class=\"read-more\"> <a class=\"\" href=\"https:\/\/www.reportedeprensa.utalca.cl\/?p=8661\"> <span class=\"screen-reader-text\">21 de noviembre de 2023<\/span> Read More &raquo;<\/a><\/p>\n","protected":false},"author":1,"featured_media":0,"comment_status":"closed","ping_status":"open","sticky":false,"template":"","format":"standard","meta":{"_monsterinsights_skip_tracking":false,"_monsterinsights_sitenote_active":false,"_monsterinsights_sitenote_note":"","_monsterinsights_sitenote_category":0},"categories":[42,41],"tags":[],"_links":{"self":[{"href":"https:\/\/www.reportedeprensa.utalca.cl\/index.php?rest_route=\/wp\/v2\/posts\/8661"}],"collection":[{"href":"https:\/\/www.reportedeprensa.utalca.cl\/index.php?rest_route=\/wp\/v2\/posts"}],"about":[{"href":"https:\/\/www.reportedeprensa.utalca.cl\/index.php?rest_route=\/wp\/v2\/types\/post"}],"author":[{"embeddable":true,"href":"https:\/\/www.reportedeprensa.utalca.cl\/index.php?rest_route=\/wp\/v2\/users\/1"}],"replies":[{"embeddable":true,"href":"https:\/\/www.reportedeprensa.utalca.cl\/index.php?rest_route=%2Fwp%2Fv2%2Fcomments&post=8661"}],"version-history":[{"count":4,"href":"https:\/\/www.reportedeprensa.utalca.cl\/index.php?rest_route=\/wp\/v2\/posts\/8661\/revisions"}],"predecessor-version":[{"id":8665,"href":"https:\/\/www.reportedeprensa.utalca.cl\/index.php?rest_route=\/wp\/v2\/posts\/8661\/revisions\/8665"}],"wp:attachment":[{"href":"https:\/\/www.reportedeprensa.utalca.cl\/index.php?rest_route=%2Fwp%2Fv2%2Fmedia&parent=8661"}],"wp:term":[{"taxonomy":"category","embeddable":true,"href":"https:\/\/www.reportedeprensa.utalca.cl\/index.php?rest_route=%2Fwp%2Fv2%2Fcategories&post=8661"},{"taxonomy":"post_tag","embeddable":true,"href":"https:\/\/www.reportedeprensa.utalca.cl\/index.php?rest_route=%2Fwp%2Fv2%2Ftags&post=8661"}],"curies":[{"name":"wp","href":"https:\/\/api.w.org\/{rel}","templated":true}]}}