{"id":8672,"date":"2023-11-22T13:20:26","date_gmt":"2023-11-22T16:20:26","guid":{"rendered":"https:\/\/www.reportedeprensa.utalca.cl\/?p=8672"},"modified":"2023-11-22T13:23:15","modified_gmt":"2023-11-22T16:23:15","slug":"22-de-noviembre-de-2023","status":"publish","type":"post","link":"https:\/\/www.reportedeprensa.utalca.cl\/?p=8672","title":{"rendered":"22 de noviembre de 2023"},"content":{"rendered":"\t\t<div data-elementor-type=\"wp-post\" data-elementor-id=\"8672\" class=\"elementor elementor-8672\" data-elementor-settings=\"[]\">\n\t\t\t\t\t\t\t<div class=\"elementor-section-wrap\">\n\t\t\t\t\t\t\t<section class=\"elementor-section elementor-top-section elementor-element elementor-element-bcea1a8 elementor-section-boxed elementor-section-height-default elementor-section-height-default\" data-id=\"bcea1a8\" data-element_type=\"section\">\n\t\t\t\t\t\t<div class=\"elementor-container elementor-column-gap-default\">\n\t\t\t\t\t<div class=\"elementor-column elementor-col-100 elementor-top-column elementor-element elementor-element-e7183bf\" data-id=\"e7183bf\" data-element_type=\"column\">\n\t\t\t<div class=\"elementor-widget-wrap elementor-element-populated\">\n\t\t\t\t\t\t\t\t<div class=\"elementor-element elementor-element-5ffbb87 elementor-widget elementor-widget-text-editor\" data-id=\"5ffbb87\" data-element_type=\"widget\" data-widget_type=\"text-editor.default\">\n\t\t\t\t<div class=\"elementor-widget-container\">\n\t\t\t\t\t\t\t\t<p><b>EL MERCURIO\u00a0<\/b><\/p><p class=\"x_elementToProof\"><a href=\"https:\/\/www.litoralpress.cl\/paginaconsultas\/Servicios_NClipSitioWeb\/Get_Imagen_Nota.aspx?LPKey=7RGHIDW3633RYOGBNIUAZLQQUFYLV4FP7F2DYYR7JBYJZB2U5MY42NZVJ7LVYMEEJWMASD3ZPRKRM\">Empresas de alimentos son las principales promotoras de la agricultura sostenible. Se refiere Ricardo Cabeza, acad\u00e9mico de la Facultad de Ciencias Agrarias.\u00a0\u00a0<\/a><\/p><p><b>\u00a0<\/b><\/p><p><b>EL MOSTRADOR<\/b><b>\u00a0<\/b><\/p><p><a href=\"https:\/\/www.elmostrador.cl\/braga\/2023\/11\/22\/violencia-contra-las-mujeres-un-nuevo-marco-legal-y-varios-desafios-pendientes\/\">Violencia contra las mujeres: un nuevo marco legal y varios desaf\u00edos pendientes. Se refiere Mar\u00eda Ignacia Sandoval Gallardo, acad\u00e9mica del Centro de Estudios Constitucionales (CECOCH).\u00a0<\/a><\/p><p>\u00a0<\/p><p><b>PUBLIMETRO.CL\u00a0<\/b><\/p><p><a href=\"https:\/\/www.publimetro.cl\/noticias\/2023\/11\/21\/advierten-falta-de-interes-en-vacunarse-contra-el-covid\/\">Advierten falta de inter\u00e9s en vacunarse contra el covid.\u00a0Se refiere Erika Retamal Contreras, directora del departamento de Salud P\u00fablica.\u00a0<\/a><\/p><p><b>\u00a0<\/b><\/p><p><b>RADIO ADN\u00a0<\/b><\/p><p><a href=\"https:\/\/www.litoralpress.cl\/sitio\/RadioTV_Detalles.cshtml?LPKey=3D7VV6DWA6WLOXFSZ3N6E5NSLXBZHOYM6LKFAPLJVUJJCDOZHGERYCREIVLG5VYUPPV3JWVO753QK\">Minsal inicia nuevo plan de vacunaci\u00f3n de COVID. Se refiere Erika Retamal Contreras, directora del departamento de Salud P\u00fablica.\u00a0<\/a><\/p><p>\u00a0<\/p><p><strong>EL LIDER\u00a0<\/strong><\/p><p><a href=\"https:\/\/www.litoralpress.cl\/paginaconsultas\/Servicios_NClipSitioWeb\/Get_Imagen_Nota.aspx?LPKey=NYQJUXAH2YF5JZ4BYQG2CAWMEWRV7F4IULVF6B2JPUEMKOXE67WVP4GU6HNFVOFC5FJJ36KDBK432\">Distribuyen nuevo refuerzo contra el Covid y advierten el desinter\u00e9s por vacunarse.\u00a0Se refiere Erika Retamal Contreras, directora del departamento de Salud P\u00fablica.\u00a0<\/a><\/p><p>\u00a0<\/p><p><strong>DIARIOTALCA.CL\u00a0<\/strong><\/p><p><a href=\"https:\/\/diariotalca.cl\/advierten-desinteres-de-la-poblacion-en-vacunarse-contra-el-covid\/\">Advierten desinter\u00e9s en vacunarse contra el Covid. Se refiere Erika Retamal Contreras, directora del departamento de Salud P\u00fablica.\u00a0\u00a0<\/a><\/p><p>\u00a0<\/p><p><b>G5NOTICIAS.CL\u00a0<\/b><\/p><p><a href=\"https:\/\/g5noticias.cl\/2023\/11\/21\/programa-savialab-de-fia-transforma-innovaciones-estudiantiles-en-soluciones-agricolas\/\">Programa SaviaLab de FIA transforma innovaciones estudiantiles en soluciones agr\u00edcolas.\u00a0Se refiere Javier Mu\u00f1oz Vidal, decano de la Facultad de Ingenier\u00eda.\u00a0<\/a><\/p><p>\u00a0<\/p><p><b>REDGOL.CL\u00a0\u00a0\u00a0\u00a0 \u00a0<\/b><\/p><p><a href=\"https:\/\/redgol.cl\/tendencias\/cuando-empieza-el-verano-en-chile-conoce-en-que-fecha-llega-el-calor-20231121-RDG-203142.html\">\u00bfCu\u00e1ndo comienza el verano en Chile? Siguen las altas temperaturas en Santiago. Se menciona a\u00a0Patricio Gonz\u00e1lez Colville, agroclimat\u00f3logo y acad\u00e9mico del Centro de Investigaci\u00f3n y Transferencia en Riego y Agroclimatolog\u00eda (CITRA).\u00a0\u00a0<\/a><\/p><p><b>\u00a0<\/b><\/p><p><b>CANAL TVN RED MAULE\u00a0<\/b><\/p><p><a href=\"https:\/\/www.litoralpress.cl\/sitio\/RadioTV_Detalles.cshtml?LPKey=FBF5RX2QNTMELFPWDUW2X2RMOGDIJSVRKN4EZ6SO7D6J7TB2GCFV7O7PC6KH6IXKG4TCXWQB6TYRS\">Vecinos de R\u00edo Claro denuncian la contaminaci\u00f3n de canales, ganado y cultivos y exigen el cierre de planta de aguas servidas\u00a0<\/a><\/p><p><b>\u00a0<\/b><\/p><p><b>ELMAULEINFORMA.CL\u00a0<\/b><\/p><p><a href=\"https:\/\/elmauleinforma.cl\/universidad-de-talca-invita-a-postular-a-sus-admisiones-especiales\/\">Universidad de Talca invita a postular a sus admisiones especiales. Se refiere Tania Mascar\u00f3 Espinoza, coordinadora de la Unidad de Admisi\u00f3n y Acceso. \u00a0<\/a><\/p><p>\u00a0<\/p><p><b>CANAL 13 ONLINE\u00a0<\/b><\/p><p><a href=\"https:\/\/www.13.cl\/programas\/servicios-13\/servicios\/gratuidad-cuales-son-las-instituciones-adscritas-en-la-admision\">Gratuidad: cu\u00e1les son las instituciones adscritas en la Admisi\u00f3n 2024. Se menciona a la Universidad de Talca. \u00a0<\/a><\/p><p>\u00a0<\/p><p><b>EL MERCURIO\u00a0<\/b><\/p><p><a href=\"https:\/\/www.litoralpress.cl\/paginaconsultas\/Documentos\/Get_Imagen.aspx?lpkey=ATZF73JIQLRQBNAGZL7SCHK5LO5UCNAFGPUWX3Y2NE2G3ZEQPDAVVWEIO3GODTXYCGIHBH77JWUF6\">Ley 21.627, que establece mayores exigencias para la obtenci\u00f3n de libertad condicional: algo qued\u00f3 en el tintero. Se refiere Diego Palomo V\u00e9lez, acad\u00e9mico de la Facultad de Ciencias Jur\u00eddicas y Sociales. \u00a0<\/a><\/p>\t\t\t\t\t\t<\/div>\n\t\t\t\t<\/div>\n\t\t\t\t\t<\/div>\n\t\t<\/div>\n\t\t\t\t\t\t\t<\/div>\n\t\t<\/section>\n\t\t\t\t\t\t<\/div>\n\t\t\t\t\t<\/div>\n\t\t","protected":false},"excerpt":{"rendered":"<p>EL MERCURIO\u00a0 Empresas de alimentos son las principales promotoras de la agricultura sostenible. Se refiere Ricardo Cabeza, acad\u00e9mico de la Facultad de Ciencias Agrarias.\u00a0\u00a0 \u00a0 EL MOSTRADOR\u00a0 Violencia contra las mujeres: un nuevo marco legal y varios desaf\u00edos pendientes. Se refiere Mar\u00eda Ignacia Sandoval Gallardo, acad\u00e9mica del Centro de Estudios Constitucionales (CECOCH).\u00a0 \u00a0 PUBLIMETRO.CL\u00a0 Advierten &hellip;<\/p>\n<p class=\"read-more\"> <a class=\"\" href=\"https:\/\/www.reportedeprensa.utalca.cl\/?p=8672\"> <span class=\"screen-reader-text\">22 de noviembre de 2023<\/span> Read More &raquo;<\/a><\/p>\n","protected":false},"author":1,"featured_media":0,"comment_status":"closed","ping_status":"open","sticky":false,"template":"","format":"standard","meta":{"_monsterinsights_skip_tracking":false,"_monsterinsights_sitenote_active":false,"_monsterinsights_sitenote_note":"","_monsterinsights_sitenote_category":0},"categories":[42,41],"tags":[],"_links":{"self":[{"href":"https:\/\/www.reportedeprensa.utalca.cl\/index.php?rest_route=\/wp\/v2\/posts\/8672"}],"collection":[{"href":"https:\/\/www.reportedeprensa.utalca.cl\/index.php?rest_route=\/wp\/v2\/posts"}],"about":[{"href":"https:\/\/www.reportedeprensa.utalca.cl\/index.php?rest_route=\/wp\/v2\/types\/post"}],"author":[{"embeddable":true,"href":"https:\/\/www.reportedeprensa.utalca.cl\/index.php?rest_route=\/wp\/v2\/users\/1"}],"replies":[{"embeddable":true,"href":"https:\/\/www.reportedeprensa.utalca.cl\/index.php?rest_route=%2Fwp%2Fv2%2Fcomments&post=8672"}],"version-history":[{"count":4,"href":"https:\/\/www.reportedeprensa.utalca.cl\/index.php?rest_route=\/wp\/v2\/posts\/8672\/revisions"}],"predecessor-version":[{"id":8676,"href":"https:\/\/www.reportedeprensa.utalca.cl\/index.php?rest_route=\/wp\/v2\/posts\/8672\/revisions\/8676"}],"wp:attachment":[{"href":"https:\/\/www.reportedeprensa.utalca.cl\/index.php?rest_route=%2Fwp%2Fv2%2Fmedia&parent=8672"}],"wp:term":[{"taxonomy":"category","embeddable":true,"href":"https:\/\/www.reportedeprensa.utalca.cl\/index.php?rest_route=%2Fwp%2Fv2%2Fcategories&post=8672"},{"taxonomy":"post_tag","embeddable":true,"href":"https:\/\/www.reportedeprensa.utalca.cl\/index.php?rest_route=%2Fwp%2Fv2%2Ftags&post=8672"}],"curies":[{"name":"wp","href":"https:\/\/api.w.org\/{rel}","templated":true}]}}