{"id":868,"date":"2021-04-30T09:30:52","date_gmt":"2021-04-30T12:30:52","guid":{"rendered":"https:\/\/www.reportedeprensa.utalca.cl\/?p=868"},"modified":"2021-04-30T09:55:02","modified_gmt":"2021-04-30T12:55:02","slug":"30-de-abril-de-2021","status":"publish","type":"post","link":"https:\/\/www.reportedeprensa.utalca.cl\/?p=868","title":{"rendered":"30 de abril de 2021"},"content":{"rendered":"\t\t<div data-elementor-type=\"wp-post\" data-elementor-id=\"868\" class=\"elementor elementor-868\" data-elementor-settings=\"[]\">\n\t\t\t\t\t\t\t<div class=\"elementor-section-wrap\">\n\t\t\t\t\t\t\t<section class=\"elementor-section elementor-top-section elementor-element elementor-element-a06ca45 elementor-section-boxed elementor-section-height-default elementor-section-height-default\" data-id=\"a06ca45\" data-element_type=\"section\">\n\t\t\t\t\t\t<div class=\"elementor-container elementor-column-gap-default\">\n\t\t\t\t\t<div class=\"elementor-column elementor-col-100 elementor-top-column elementor-element elementor-element-1486c35\" data-id=\"1486c35\" data-element_type=\"column\">\n\t\t\t<div class=\"elementor-widget-wrap elementor-element-populated\">\n\t\t\t\t\t\t\t\t<div class=\"elementor-element elementor-element-a0bfded elementor-widget elementor-widget-text-editor\" data-id=\"a0bfded\" data-element_type=\"widget\" data-widget_type=\"text-editor.default\">\n\t\t\t\t<div class=\"elementor-widget-container\">\n\t\t\t\t\t\t\t\t<p><b>CANAL CHILEVISI\u00d3N<\/b><\/p><p><a style=\"font-style: inherit; font-weight: inherit; background-color: #ffffff; font-family: -apple-system, BlinkMacSystemFont,;\" href=\"https:\/\/www.litoralpress.cl\/Archivos\/.S.Vt.X.Yolc.Dbjks9.Yp.N4.Yt.Mw.%c3%96.%c3%96.mp4\" target=\"_blank\" rel=\"noopener\">Caen casos de COVID en Chile. Se refiere Erika Retamal, directora de Salud P\u00fablica de la UTalca.<\/a><\/p>\t\t\t\t\t\t<\/div>\n\t\t\t\t<\/div>\n\t\t\t\t<div class=\"elementor-element elementor-element-9a3ad70 elementor-widget elementor-widget-text-editor\" data-id=\"9a3ad70\" data-element_type=\"widget\" data-widget_type=\"text-editor.default\">\n\t\t\t\t<div class=\"elementor-widget-container\">\n\t\t\t\t\t\t\t\t<p><b>CANAL CNN CHILE<\/b><\/p><p><a style=\"font-style: inherit; font-weight: inherit; background-color: #ffffff; font-family: -apple-system, BlinkMacSystemFont,;\" href=\"https:\/\/www.litoralpress.cl\/Archivos\/.D.M.Lw.T.J.Q.Jt.Q.Zic.Xkla.T1.Ogw.%c3%96.%c3%96.mp4\" target=\"_blank\" rel=\"noopener\">Caen casos de COVID en Chile. Se refiere Erika Retamal, directora de Salud P\u00fablica de la UTalca.<\/a><\/p>\t\t\t\t\t\t<\/div>\n\t\t\t\t<\/div>\n\t\t\t\t<div class=\"elementor-element elementor-element-4fa7b4c elementor-widget elementor-widget-text-editor\" data-id=\"4fa7b4c\" data-element_type=\"widget\" data-widget_type=\"text-editor.default\">\n\t\t\t\t<div class=\"elementor-widget-container\">\n\t\t\t\t\t\t\t\t<p><b>CANAL 13<\/b><\/p><p><a style=\"font-style: inherit; font-weight: inherit; background-color: #ffffff; font-family: -apple-system, BlinkMacSystemFont,;\" href=\"https:\/\/www.litoralpress.cl\/Archivos\/.P.V.S.Ld.Zrqgngaftqcq.Ys.Fw.Q.%c3%96.%c3%96.mp4\" target=\"_blank\" rel=\"noopener\">Casi 1 mill\u00f3n y medio de santiaguinos saldr\u00e1 de cuarentena este jueves. Se refiere Erika Retamal, directora de Salud P\u00fablica de la UTalca.<\/a><\/p>\t\t\t\t\t\t<\/div>\n\t\t\t\t<\/div>\n\t\t\t\t<div class=\"elementor-element elementor-element-5c26b2d elementor-widget elementor-widget-text-editor\" data-id=\"5c26b2d\" data-element_type=\"widget\" data-widget_type=\"text-editor.default\">\n\t\t\t\t<div class=\"elementor-widget-container\">\n\t\t\t\t\t\t\t\t<p><b>CANAL TVN (Buenos D\u00edas a Todos)<\/b><\/p><p><a style=\"font-style: inherit; font-weight: inherit; background-color: #ffffff; font-family: -apple-system, BlinkMacSystemFont,;\" href=\"https:\/\/www.litoralpress.cl\/Archivos\/.Q.Eyhvg4s.%c3%9cm.Ugxt.O.U1.Q4tkg.%c3%96.%c3%96.mp4\" target=\"_blank\" rel=\"noopener\">Pol\u00e9mica por cuarto retiro del 10% de los fondos previsionales. Se refiere Paulo Cox, acad\u00e9mico de la Facultad de Econom\u00eda y Negocios de la UTalca.<\/a><\/p>\t\t\t\t\t\t<\/div>\n\t\t\t\t<\/div>\n\t\t\t\t<div class=\"elementor-element elementor-element-81a8b82 elementor-widget elementor-widget-text-editor\" data-id=\"81a8b82\" data-element_type=\"widget\" data-widget_type=\"text-editor.default\">\n\t\t\t\t<div class=\"elementor-widget-container\">\n\t\t\t\t\t\t\t\t<p><b>CANAL TVN RED MAULE<\/b><\/p><p><a style=\"font-style: inherit; font-weight: inherit; background-color: #ffffff; font-family: -apple-system, BlinkMacSystemFont,;\" href=\"https:\/\/www.litoralpress.cl\/Archivos\/h.K6r.G.O.A.J.Of.Wp8.M.L0.Hk7m8.Q.%c3%96.%c3%96.mp4\" target=\"_blank\" rel=\"noopener\">Estudio revela aumento de accidentes de trayecto por falta de sue\u00f1o. Se refiere H\u00e9ctor Vargas y Emilio Moyano, acad\u00e9micos de la Facultad de Psicolog\u00eda de la UTalca.<\/a><\/p>\t\t\t\t\t\t<\/div>\n\t\t\t\t<\/div>\n\t\t\t\t<div class=\"elementor-element elementor-element-3c4c961 elementor-widget elementor-widget-text-editor\" data-id=\"3c4c961\" data-element_type=\"widget\" data-widget_type=\"text-editor.default\">\n\t\t\t\t<div class=\"elementor-widget-container\">\n\t\t\t\t\t\t\t\t<p><b>SOYSANANTONIO.CL<\/b><\/p><p><a style=\"font-style: inherit; font-weight: inherit; background-color: #ffffff; font-family: -apple-system, BlinkMacSystemFont,;\" href=\"https:\/\/www.soychile.cl\/San-Antonio\/Sociedad\/2021\/04\/29\/703873\/Profesional-del-hospital-de-San-Antonio-adviertio-importancia-de-calidad-y-cantidad-de-horas-de-sueno-diarias-para-mantener-una-buena-salud.aspx\" target=\"_blank\" rel=\"noopener\">Profesional del hospital de San Antonio advirti\u00f3 importancia de calidad y cantidad de horas de sue\u00f1o diarias para mantener una buena salud. Se menciona estudio realizado por acad\u00e9micos de la Facultad de Psicolog\u00eda de la UTalca.<\/a><\/p>\t\t\t\t\t\t<\/div>\n\t\t\t\t<\/div>\n\t\t\t\t<div class=\"elementor-element elementor-element-14f825e elementor-widget elementor-widget-text-editor\" data-id=\"14f825e\" data-element_type=\"widget\" data-widget_type=\"text-editor.default\">\n\t\t\t\t<div class=\"elementor-widget-container\">\n\t\t\t\t\t\t\t\t<p><b>ELPERIODISTA.CL<\/b><\/p><p><a style=\"font-style: inherit; font-weight: inherit; background-color: #ffffff; font-family: -apple-system, BlinkMacSystemFont,;\" href=\"https:\/\/www.elperiodista.cl\/2021\/04\/utalca-lanzo-ebook-que-reune-patrimonio-editorial-de-nicanor-parra\/\" target=\"_blank\" rel=\"noopener\">UTalca lanz\u00f3 eBook que re\u00fane patrimonio editorial de Nicanor Parra.<\/a><\/p>\t\t\t\t\t\t<\/div>\n\t\t\t\t<\/div>\n\t\t\t\t<div class=\"elementor-element elementor-element-3e27acd elementor-widget elementor-widget-text-editor\" data-id=\"3e27acd\" data-element_type=\"widget\" data-widget_type=\"text-editor.default\">\n\t\t\t\t<div class=\"elementor-widget-container\">\n\t\t\t\t\t\t\t\t<p><b>ADPRENSA.CL<\/b><\/p><p><a style=\"font-style: inherit; font-weight: inherit; background-color: #ffffff; font-family: -apple-system, BlinkMacSystemFont,;\" href=\"https:\/\/www.adprensa.cl\/cronica\/utalca-lanzo-ebook-que-reune-patrimonio-editorial-de-nicanor-parra\/\" target=\"_blank\" rel=\"noopener\">UTalca lanz\u00f3 eBook que re\u00fane patrimonio editorial de Nicanor Parra.<\/a><\/p>\t\t\t\t\t\t<\/div>\n\t\t\t\t<\/div>\n\t\t\t\t<div class=\"elementor-element elementor-element-9bd1967 elementor-widget elementor-widget-text-editor\" data-id=\"9bd1967\" data-element_type=\"widget\" data-widget_type=\"text-editor.default\">\n\t\t\t\t<div class=\"elementor-widget-container\">\n\t\t\t\t\t\t\t\t<p><b>UNIVERSIDADESESTATALES.CL<\/b><\/p><p><a style=\"font-style: inherit; font-weight: inherit; background-color: #ffffff; font-family: -apple-system, BlinkMacSystemFont,;\" href=\"http:\/\/www.universidadesestatales.cl\/cue\/?q=node\/8686\" target=\"_blank\" rel=\"noopener\">UTalca lanz\u00f3 eBook que re\u00fane patrimonio editorial de Nicanor Parra.<\/a><\/p>\t\t\t\t\t\t<\/div>\n\t\t\t\t<\/div>\n\t\t\t\t<div class=\"elementor-element elementor-element-2502ecd elementor-widget elementor-widget-text-editor\" data-id=\"2502ecd\" data-element_type=\"widget\" data-widget_type=\"text-editor.default\">\n\t\t\t\t<div class=\"elementor-widget-container\">\n\t\t\t\t\t\t\t\t<p><b>PORTALEDUCACION.CL<\/b><\/p><p><a style=\"font-style: inherit; font-weight: inherit; background-color: #ffffff; font-family: -apple-system, BlinkMacSystemFont,;\" href=\"https:\/\/portaleducacion.cl\/index.php\/2021\/04\/29\/utalca-lanzo-ebook-que-reune-patrimonio-editorial-de-nicanor-parra\/\" target=\"_blank\" rel=\"noopener\">UTalca lanz\u00f3 eBook que re\u00fane patrimonio editorial de Nicanor Parra.<\/a><\/p>\t\t\t\t\t\t<\/div>\n\t\t\t\t<\/div>\n\t\t\t\t<div class=\"elementor-element elementor-element-e86eca9 elementor-widget elementor-widget-text-editor\" data-id=\"e86eca9\" data-element_type=\"widget\" data-widget_type=\"text-editor.default\">\n\t\t\t\t<div class=\"elementor-widget-container\">\n\t\t\t\t\t\t\t\t<p><b>MAULEE.CL<\/b><\/p><p><a style=\"font-style: inherit; font-weight: inherit; background-color: #ffffff; font-family: -apple-system, BlinkMacSystemFont,;\" href=\"https:\/\/www.maulee.cl\/utalca-lanzo-ebook-que-reune-patrimonio-editorial-de-nicanor-parra\/\" target=\"_blank\" rel=\"noopener\">UTalca lanz\u00f3 eBook que re\u00fane patrimonio editorial de Nicanor Parra.<\/a><\/p>\t\t\t\t\t\t<\/div>\n\t\t\t\t<\/div>\n\t\t\t\t<div class=\"elementor-element elementor-element-c12fc0c elementor-widget elementor-widget-text-editor\" data-id=\"c12fc0c\" data-element_type=\"widget\" data-widget_type=\"text-editor.default\">\n\t\t\t\t<div class=\"elementor-widget-container\">\n\t\t\t\t\t\t\t\t<p><b>SEXTANOTICIAS.CL<\/b><\/p><p><a style=\"font-style: inherit; font-weight: inherit; background-color: #ffffff; font-family: -apple-system, BlinkMacSystemFont,;\" href=\"https:\/\/www.sextanoticias.cl\/utalca-lanzo-ebook-que-reune-patrimonio-editorial-de-nicanor-parra\/\" target=\"_blank\" rel=\"noopener\">UTalca lanz\u00f3 eBook que re\u00fane patrimonio editorial de Nicanor Parra.<\/a><\/p>\t\t\t\t\t\t<\/div>\n\t\t\t\t<\/div>\n\t\t\t\t<div class=\"elementor-element elementor-element-b4a6a58 elementor-widget elementor-widget-text-editor\" data-id=\"b4a6a58\" data-element_type=\"widget\" data-widget_type=\"text-editor.default\">\n\t\t\t\t<div class=\"elementor-widget-container\">\n\t\t\t\t\t\t\t\t<p><b>LANACION.CL<\/b><\/p><p><a style=\"font-style: inherit; font-weight: inherit; background-color: #ffffff; font-family: -apple-system, BlinkMacSystemFont,;\" href=\"http:\/\/www.lanacion.cl\/expertos-afirman-que-aun-es-muy-pronto-para-hablar-de-una-variante-chilena-de-covid-19\/\" target=\"_blank\" rel=\"noopener\">Expertos afirman que a\u00fan es muy pronto para hablar de una variante chilena de COVID-19. Se refieren Olga Lobos, directora del Departamento de Microbiolog\u00eda y Marcelo Alarc\u00f3n, docente del Departamento de Bioqu\u00edmica Cl\u00ednica e Inmunohematolog\u00eda de la UTalca.<\/a><\/p>\t\t\t\t\t\t<\/div>\n\t\t\t\t<\/div>\n\t\t\t\t<div class=\"elementor-element elementor-element-fcd0238 elementor-widget elementor-widget-text-editor\" data-id=\"fcd0238\" data-element_type=\"widget\" data-widget_type=\"text-editor.default\">\n\t\t\t\t<div class=\"elementor-widget-container\">\n\t\t\t\t\t\t\t\t<p><b>DIALOGOSUR.CL<\/b><\/p><p><a style=\"font-style: inherit; font-weight: inherit; background-color: #ffffff; font-family: -apple-system, BlinkMacSystemFont,;\" href=\"https:\/\/dialogosur.cl\/academicos-aseguraron-que-todavia-es-muy-pronto-para-hablar-de-una-variante-chilena-del-sars-cov-2\/\" target=\"_blank\" rel=\"noopener\">Acad\u00e9micos aseguraron que todav\u00eda es muy pronto para hablar de una variante chilena del SARS-CoV-2. Se refieren Olga Lobos, directora del Departamento de Microbiolog\u00eda y Marcelo Alarc\u00f3n, docente del Departamento de Bioqu\u00edmica Cl\u00ednica e Inmunohematolog\u00eda de la UTalca.<\/a><\/p>\t\t\t\t\t\t<\/div>\n\t\t\t\t<\/div>\n\t\t\t\t<div class=\"elementor-element elementor-element-4981616 elementor-widget elementor-widget-text-editor\" data-id=\"4981616\" data-element_type=\"widget\" data-widget_type=\"text-editor.default\">\n\t\t\t\t<div class=\"elementor-widget-container\">\n\t\t\t\t\t\t\t\t<p><b>DIARIOTALCA.CL<\/b><\/p><p><a style=\"font-style: inherit; font-weight: inherit; background-color: #ffffff; font-family: -apple-system, BlinkMacSystemFont,;\" href=\"https:\/\/www.diariotalca.cl\/preocupacion-por-salida-de-talca-de-la-cuarentena-pese-a-la-sobredemanda-del-sistema-sanitario\/\" target=\"_blank\" rel=\"noopener\">Preocupaci\u00f3n por salida de Talca de la cuarentena pese a la sobredemanda del sistema sanitario. Se refiere Erika Retamal y Loreto N\u00fa\u00f1ez, directora y acad\u00e9mica -respectivamente- del Departamento de Salud P\u00fablica de la UTalca.<\/a><\/p>\t\t\t\t\t\t<\/div>\n\t\t\t\t<\/div>\n\t\t\t\t<div class=\"elementor-element elementor-element-09ec8c1 elementor-widget elementor-widget-text-editor\" data-id=\"09ec8c1\" data-element_type=\"widget\" data-widget_type=\"text-editor.default\">\n\t\t\t\t<div class=\"elementor-widget-container\">\n\t\t\t\t\t\t\t\t<p><b>ADPRENSA.CL<\/b><\/p><p><a style=\"font-style: inherit; font-weight: inherit; background-color: #ffffff; font-family: -apple-system, BlinkMacSystemFont,;\" href=\"https:\/\/www.adprensa.cl\/cronica\/candidatos-y-expertos-analizaron-el-tipo-de-estado-que-chile-podria-tener-de-cara-a-la-nueva-constitucion\/\" target=\"_blank\" rel=\"noopener\">Candidatos y expertos analizaron el tipo de Estado que Chile podr\u00eda tener de cara a la nueva Constituci\u00f3n. Se refieren Rodrigo Herrera, decano de la Facultad de Econom\u00eda y Negocios (FEN); Rodrigo Palomo, decano de la Facultad de Ciencias Jur\u00eddicas y Sociales; y Patricia Rodr\u00edguez, directora del Campus Santiago de la UTalca.<\/a><\/p>\t\t\t\t\t\t<\/div>\n\t\t\t\t<\/div>\n\t\t\t\t<div class=\"elementor-element elementor-element-9439d82 elementor-widget elementor-widget-text-editor\" data-id=\"9439d82\" data-element_type=\"widget\" data-widget_type=\"text-editor.default\">\n\t\t\t\t<div class=\"elementor-widget-container\">\n\t\t\t\t\t\t\t\t<p><b>CANAL 13<\/b><\/p><p><a style=\"font-style: inherit; font-weight: inherit; background-color: #ffffff; font-family: -apple-system, BlinkMacSystemFont,;\" href=\"https:\/\/www.litoralpress.cl\/Archivos\/j08.Pn0yy.I8y.L.Q.Vma0.O.O.W4.Q.%c3%96.%c3%96.mp4\" target=\"_blank\" rel=\"noopener\">Entrevista a Mauricio Morales, director del Centro de An\u00e1lisis Pol\u00edtico (CAP) de la UTalca.<\/a><\/p>\t\t\t\t\t\t<\/div>\n\t\t\t\t<\/div>\n\t\t\t\t<div class=\"elementor-element elementor-element-203f130 elementor-widget elementor-widget-text-editor\" data-id=\"203f130\" data-element_type=\"widget\" data-widget_type=\"text-editor.default\">\n\t\t\t\t<div class=\"elementor-widget-container\">\n\t\t\t\t\t\t\t\t<p><b>CANAL 24 HORAS<\/b><\/p><p><a style=\"font-style: inherit; font-weight: inherit; background-color: #ffffff; font-family: -apple-system, BlinkMacSystemFont,;\" href=\"https:\/\/www.litoralpress.cl\/Archivos\/.%c3%9c.Fkuo0.O.Ava7.Q.Hn3ak7.Ej0.A.%c3%96.%c3%96.mp4\" target=\"_blank\" rel=\"noopener\">Entrevista a Mauricio Morales, director del Centro de An\u00e1lisis Pol\u00edtico (CAP) de la UTalca.<\/a><\/p>\t\t\t\t\t\t<\/div>\n\t\t\t\t<\/div>\n\t\t\t\t<div class=\"elementor-element elementor-element-b4628c9 elementor-widget elementor-widget-text-editor\" data-id=\"b4628c9\" data-element_type=\"widget\" data-widget_type=\"text-editor.default\">\n\t\t\t\t<div class=\"elementor-widget-container\">\n\t\t\t\t\t\t\t\t<p><b>24HORAS.CL<\/b><\/p><p><a style=\"font-style: inherit; font-weight: inherit; background-color: #ffffff; font-family: -apple-system, BlinkMacSystemFont,;\" href=\"https:\/\/www.24horas.cl\/videos\/entrevistas24\/cientista-politico-mauricio-morales-resultados-encuesta-cep-4759530\" target=\"_blank\" rel=\"noopener\">Cientista pol\u00edtico por encuesta CEP: &#8220;No podemos traducir estas evaluaciones necesariamente como intenci\u00f3n de voto&#8221;. Se refiere Mauricio Morales, director del Centro de An\u00e1lisis Pol\u00edtico (CAP) de la UTalca.<\/a><\/p>\t\t\t\t\t\t<\/div>\n\t\t\t\t<\/div>\n\t\t\t\t<div class=\"elementor-element elementor-element-9d1be9d elementor-widget elementor-widget-text-editor\" data-id=\"9d1be9d\" data-element_type=\"widget\" data-widget_type=\"text-editor.default\">\n\t\t\t\t<div class=\"elementor-widget-container\">\n\t\t\t\t\t\t\t\t<p><b>CANAL CNN CHILE<\/b><\/p><p><a style=\"font-style: inherit; font-weight: inherit; background-color: #ffffff; font-family: -apple-system, BlinkMacSystemFont,;\" href=\"https:\/\/www.litoralpress.cl\/Archivos\/5.Y.Tp.Tp6.Lny.J.Uc.Yqh70.Drig.%c3%96.%c3%96.mp4\" target=\"_blank\" rel=\"noopener\">Entrevista a Mauricio Morales, director del Centro de An\u00e1lisis Pol\u00edtico (CAP) de la UTalca.<\/a><\/p>\t\t\t\t\t\t<\/div>\n\t\t\t\t<\/div>\n\t\t\t\t<div class=\"elementor-element elementor-element-c9fb199 elementor-widget elementor-widget-text-editor\" data-id=\"c9fb199\" data-element_type=\"widget\" data-widget_type=\"text-editor.default\">\n\t\t\t\t<div class=\"elementor-widget-container\">\n\t\t\t\t\t\t\t\t<p><b>EMOL.COM<\/b><\/p><p><a style=\"font-style: inherit; font-weight: inherit; background-color: #ffffff; font-family: -apple-system, BlinkMacSystemFont,;\" href=\"https:\/\/www.emol.com\/noticias\/Nacional\/2021\/04\/29\/1019452\/Encuesta-CEP-Analisis-Presidencial.html\" target=\"_blank\" rel=\"noopener\">Proyecciones presidenciales tras la CEP: An\u00e1lisis a los ganadores y perdedores que dej\u00f3 la encuesta. Se refiere Mauricio Morales, director del Centro de An\u00e1lisis Pol\u00edtico (CAP) de la UTalca.<\/a><\/p>\t\t\t\t\t\t<\/div>\n\t\t\t\t<\/div>\n\t\t\t\t<div class=\"elementor-element elementor-element-922d785 elementor-widget elementor-widget-text-editor\" data-id=\"922d785\" data-element_type=\"widget\" data-widget_type=\"text-editor.default\">\n\t\t\t\t<div class=\"elementor-widget-container\">\n\t\t\t\t\t\t\t\t<p><b>CANAL TVN RED MAULE<\/b><\/p><p><a style=\"font-style: inherit; font-weight: inherit; background-color: #ffffff; font-family: -apple-system, BlinkMacSystemFont,;\" href=\"https:\/\/www.litoralpress.cl\/Archivos\/4.I60.Ec-.H.Gf.P1b.W.Nzf.Z.Rung.%c3%96.%c3%96.mp4\" target=\"_blank\" rel=\"noopener\">Se inaugur\u00f3 una exposici\u00f3n virtual sobre las obras de Nemesio Ant\u00fanez en el Museo de Artes Visuales de la UTalca.<\/a><\/p>\t\t\t\t\t\t<\/div>\n\t\t\t\t<\/div>\n\t\t\t\t\t<\/div>\n\t\t<\/div>\n\t\t\t\t\t\t\t<\/div>\n\t\t<\/section>\n\t\t\t\t\t\t<\/div>\n\t\t\t\t\t<\/div>\n\t\t","protected":false},"excerpt":{"rendered":"<p>CANAL CHILEVISI\u00d3N Caen casos de COVID en Chile. Se refiere Erika Retamal, directora de Salud P\u00fablica de la UTalca. CANAL CNN CHILE Caen casos de COVID en Chile. Se refiere Erika Retamal, directora de Salud P\u00fablica de la UTalca. CANAL 13 Casi 1 mill\u00f3n y medio de santiaguinos saldr\u00e1 de cuarentena este jueves. Se refiere &hellip;<\/p>\n<p class=\"read-more\"> <a class=\"\" href=\"https:\/\/www.reportedeprensa.utalca.cl\/?p=868\"> <span class=\"screen-reader-text\">30 de abril de 2021<\/span> Read More &raquo;<\/a><\/p>\n","protected":false},"author":1,"featured_media":0,"comment_status":"closed","ping_status":"open","sticky":false,"template":"elementor_theme","format":"standard","meta":{"_monsterinsights_skip_tracking":false,"_monsterinsights_sitenote_active":false,"_monsterinsights_sitenote_note":"","_monsterinsights_sitenote_category":0},"categories":[7],"tags":[],"_links":{"self":[{"href":"https:\/\/www.reportedeprensa.utalca.cl\/index.php?rest_route=\/wp\/v2\/posts\/868"}],"collection":[{"href":"https:\/\/www.reportedeprensa.utalca.cl\/index.php?rest_route=\/wp\/v2\/posts"}],"about":[{"href":"https:\/\/www.reportedeprensa.utalca.cl\/index.php?rest_route=\/wp\/v2\/types\/post"}],"author":[{"embeddable":true,"href":"https:\/\/www.reportedeprensa.utalca.cl\/index.php?rest_route=\/wp\/v2\/users\/1"}],"replies":[{"embeddable":true,"href":"https:\/\/www.reportedeprensa.utalca.cl\/index.php?rest_route=%2Fwp%2Fv2%2Fcomments&post=868"}],"version-history":[{"count":4,"href":"https:\/\/www.reportedeprensa.utalca.cl\/index.php?rest_route=\/wp\/v2\/posts\/868\/revisions"}],"predecessor-version":[{"id":872,"href":"https:\/\/www.reportedeprensa.utalca.cl\/index.php?rest_route=\/wp\/v2\/posts\/868\/revisions\/872"}],"wp:attachment":[{"href":"https:\/\/www.reportedeprensa.utalca.cl\/index.php?rest_route=%2Fwp%2Fv2%2Fmedia&parent=868"}],"wp:term":[{"taxonomy":"category","embeddable":true,"href":"https:\/\/www.reportedeprensa.utalca.cl\/index.php?rest_route=%2Fwp%2Fv2%2Fcategories&post=868"},{"taxonomy":"post_tag","embeddable":true,"href":"https:\/\/www.reportedeprensa.utalca.cl\/index.php?rest_route=%2Fwp%2Fv2%2Ftags&post=868"}],"curies":[{"name":"wp","href":"https:\/\/api.w.org\/{rel}","templated":true}]}}