{"id":8685,"date":"2023-11-24T12:05:20","date_gmt":"2023-11-24T15:05:20","guid":{"rendered":"https:\/\/www.reportedeprensa.utalca.cl\/?p=8685"},"modified":"2023-11-24T12:10:40","modified_gmt":"2023-11-24T15:10:40","slug":"24-de-noviembre-de-2023","status":"publish","type":"post","link":"https:\/\/www.reportedeprensa.utalca.cl\/?p=8685","title":{"rendered":"24 de noviembre de 2023"},"content":{"rendered":"\t\t<div data-elementor-type=\"wp-post\" data-elementor-id=\"8685\" class=\"elementor elementor-8685\" data-elementor-settings=\"[]\">\n\t\t\t\t\t\t\t<div class=\"elementor-section-wrap\">\n\t\t\t\t\t\t\t<section class=\"elementor-section elementor-top-section elementor-element elementor-element-bcea1a8 elementor-section-boxed elementor-section-height-default elementor-section-height-default\" data-id=\"bcea1a8\" data-element_type=\"section\">\n\t\t\t\t\t\t<div class=\"elementor-container elementor-column-gap-default\">\n\t\t\t\t\t<div class=\"elementor-column elementor-col-100 elementor-top-column elementor-element elementor-element-e7183bf\" data-id=\"e7183bf\" data-element_type=\"column\">\n\t\t\t<div class=\"elementor-widget-wrap elementor-element-populated\">\n\t\t\t\t\t\t\t\t<div class=\"elementor-element elementor-element-5ffbb87 elementor-widget elementor-widget-text-editor\" data-id=\"5ffbb87\" data-element_type=\"widget\" data-widget_type=\"text-editor.default\">\n\t\t\t\t<div class=\"elementor-widget-container\">\n\t\t\t\t\t\t\t\t<p><strong>LAS \u00daLTIMAS NOTICIAS<\/strong><\/p><p><a href=\"https:\/\/www.litoralpress.cl\/paginaconsultas\/Servicios_NClipSitioWeb\/Get_Imagen_Nota.aspx?LPKey=BXEB3X5ZVYTYB5NSBGQFOO3K3TSU7DRWVGXOCO45AHHJDXZKBMX3IFBKXVXKV7H7D3E5IF5HIQDWE\">Climat\u00f3logos anuncian un verano muy caliente para la zona central de Chile\u00a0. Se menciona a Patricio Gonz\u00e1lez Colville, agroclimat\u00f3logo y acad\u00e9mico del Centro de Investigaci\u00f3n y Transferencia en Riego y Agroclimatolog\u00eda (CITRA).\u00a0<\/a><\/p><p>\u00a0<\/p><p><strong>RADIO BIOBIO<\/strong><\/p><p><a href=\"https:\/\/www.litoralpress.cl\/sitio\/RadioTV_Detalles.cshtml?LPKey=2Y3AL6F6ONEBPYKAJNVWFVNCPN7KSSY7AWH4SXWT62P3IEZAX6DYJUGNPWOHKHCAT3EKVHLYFOERI\">Term\u00f3metros marcaron ayer 32,8\u00b0 como m\u00e1xima en Quinta Normal. Se menciona a Patricio Gonz\u00e1lez Colville, agroclimat\u00f3logo y acad\u00e9mico del Centro de Investigaci\u00f3n y Transferencia en Riego y Agroclimatolog\u00eda (CITRA).\u00a0<\/a><\/p><p>\u00a0<\/p><p><strong>DIARIO CONCEPCI\u00d3N<\/strong><\/p><p><a href=\"https:\/\/www.litoralpress.cl\/paginaconsultas\/Servicios_NClipSitioWeb\/Get_Imagen_Nota.aspx?LPKey=24JFHOKDR37E6MIAP74FAMY3L2YZL7367EUDISA62GHZSZ2Q4XZKF6LTI33FRNOXWHVY5LUTS76VA\">Cortafuegos: construcci\u00f3n lleva 65% de avance en la Regi\u00f3n. Se menciona al Centro de Investigaci\u00f3n y Transferencia en Riego y Agroclimatolog\u00eda (CITRA).\u00a0<\/a><\/p><p>\u00a0<\/p><p><strong>DIARIO FINANCIERO<\/strong><\/p><p><a href=\"https:\/\/www.litoralpress.cl\/paginaconsultas\/Servicios_NClipSitioWeb\/Get_Imagen_Nota.aspx?LPKey=4FCGSV7FJA7MAEPWV6FHH53L3UNYS3KI6REIZDO5IILPMJZCE5IBEA6B5FA6U7EMRPLLASXGIQUXY\">Sodimac capacitar\u00e1 a sobre 120 mil maestros y maestras de la construcci\u00f3n durante este a\u00f1o. Se menciona a la Universidad de Talca. <\/a><\/p><p><strong>\u00a0<\/strong><\/p><p><strong>PUBLIMETRO<\/strong><\/p><p><a href=\"https:\/\/www.litoralpress.cl\/paginaconsultas\/Servicios_NClipSitioWeb\/Get_Imagen_Nota.aspx?LPKey=YUCC7IFJVISI457IYPJV5ZUKL5CMLM4Y6EAKHSR3SIS4RJCXSPGTSM3I5Z3KDFBBPRPHFUY7TE5ZG\">En marcha nueva campa\u00f1a contra el Covid con vacuna de ultima generaci\u00f3n. Se refiere Erika Retamal Contreras, directora del departamento de Salud P\u00fablica.<\/a><\/p><p>\u00a0<\/p><p><strong>DIARIOTALCA.CL<\/strong><\/p><p><a href=\"https:\/\/diariotalca.cl\/utalca-graduo-a-una-nueva-generacion-de-doctorados\/\">UTalca gradu\u00f3 a una nueva generaci\u00f3n de doctorados. Se refiere Johanna Kreither Olivares, directora de Postgrado.<\/a><\/p><p><strong>\u00a0<\/strong><\/p><p><strong>PUBLIMICRO<\/strong><br \/><a href=\"https:\/\/publimicro.cl\/nueva-camada-de-doctores-de-diferentes-disciplinas-se-graduo-en-la-universidad-de-talca\/\">Nueva camada de doctores de diferentes disciplinas, se gradu\u00f3 en la Universidad de Talca. UTalca gradu\u00f3 a una nueva generaci\u00f3n de doctorados. Se refiere Johanna Kreither Olivares, directora de Postgrado.<\/a><\/p><p>\u00a0<\/p><p><strong>EL LECTOR<\/strong><\/p><p><a href=\"https:\/\/www.litoralpress.cl\/paginaconsultas\/Servicios_NClipSitioWeb\/Get_Imagen_Nota.aspx?LPKey=MCBN2LXHXSLHA6UKHKOAR235FRF3EGYVA4Z2RWB4NAV7WLK7WBZPDSEBKWV6NTXEPRCEFGTL4572K\">UTalca gradu\u00f3 a una nueva generaci\u00f3n de doctores. Se refiere Johanna Kreither Olivares, directora de Postgrado.<\/a><\/p><p>\u00a0<\/p><p><strong>SEPTIMAPAGINANOTICIAS.CL<\/strong><\/p><p><a href=\"https:\/\/www.septimapaginanoticias.cl\/utalca-graduo-a-una-nueva-generacion-de-doctores\">UTalca gradu\u00f3 a una nueva generaci\u00f3n de doctores. Se refiere Johanna Kreither Olivares, directora de Postgrado.<\/a><\/p><p>\u00a0<\/p><p><strong>EL MOSTRADOR<\/strong><\/p><p><a href=\"https:\/\/www.elmostrador.cl\/agenda-pais\/2023\/11\/24\/crecimiento-de-la-industria-minera-demanda-mayor-numero-de-profesionales\/\">Crecimiento de la industria minera demanda mayor n\u00famero de profesionales. Se refiere Javier Mu\u00f1oz Vidal, decano de la Facultad de Ingenier\u00eda.<\/a><\/p><p><strong>\u00a0<\/strong><\/p><p><strong>SEPTIMAPAGINANOTICIAS.CL<\/strong><\/p><p><a href=\"https:\/\/www.septimapaginanoticias.cl\/crecimiento-de-la-industria-minera-demanda-mayor-numero-de-profesionales\">Crecimiento de la industria minera demanda mayor n\u00famero de profesionales. Se refiere Javier Mu\u00f1oz Vidal, decano de la Facultad de Ingenier\u00eda.<\/a><\/p><p>\u00a0<\/p><p><strong>ADPRENSA<\/strong><\/p><p><a href=\"https:\/\/www.adprensa.cl\/actividades-academicas\/en-cauquenes-finaliza-el-primer-ciclo-de-talleres-del-plan-estrategico-de-energia-de-la-region-del-maule\/\">En Cauquenes finaliza el primer ciclo de talleres del Plan Estrat\u00e9gico de Energ\u00eda de la Regi\u00f3n del Maule. Se refiere Maria Luisa del Campo, directora del Centro Tecnol\u00f3gico KIPUS.<\/a><\/p><p>\u00a0<\/p><p><strong>REVISTAEI.CL<\/strong><\/p><p><a href=\"https:\/\/www.revistaei.cl\/2023\/11\/22\/maule-talleres-comunitarios-impulsan-el-diseno-de-la-estrategia-energetica-regional\/\">Maule: Talleres comunitarios impulsan el dise\u00f1o de la Estrategia Energ\u00e9tica Regional. Se refiere Maria Luisa del Campo, directora del Centro Tecnol\u00f3gico KIPUS.<\/a><\/p><p>\u00a0<\/p><p><strong>CANAL TVN RED MAULE<\/strong><\/p><p><a href=\"https:\/\/www.litoralpress.cl\/sitio\/RadioTV_Detalles.cshtml?LPKey=TN42WN7HCOWNDXYHO66HT5KP35HTZS2GI5OA5LJKAHCZXQXKXXVNYF4LOHRWKTNZ73L4YM5XI2EKE\">Importantes marcas se hicieron parte del boom del completo gigante de Talca. Se refiere Milton Inostroza, director de la Escuela de Ingenier\u00eda Comercial. <\/a><\/p><p>\u00a0<\/p><p><strong>EL HERALDO<\/strong><\/p><p><a href=\"https:\/\/www.litoralpress.cl\/paginaconsultas\/Servicios_NClipSitioWeb\/Get_Imagen_Nota.aspx?LPKey=CVU7JOVNPDN5X3YFTKX6OTZMPS36G3UJVY4WIPUW6KAVIKQHM4U6I4LC7JGIM4IDDOZ3RGPXMTYHK\">M\u00e1s de 840 millones de pesos para vinculaci\u00f3n internacional son adjudicados en la Macrozona Centro Sur. Se menciona a la Universidad de Talca.<\/a><\/p><p>\u00a0<\/p><p><strong>DIARIO AUSTRAL DE LOS R\u00cdOS<\/strong><\/p><p><a href=\"https:\/\/www.litoralpress.cl\/paginaconsultas\/Servicios_NClipSitioWeb\/Get_Imagen_Nota.aspx?LPKey=N5LZZZYWG77ELKCIYPXF6QP2FK4EAUM4L2ZE6G7MCG7FQEEHDMMCDBFQPO5LZ4P6L45P7HWTPUJVM\">Expertos actualizan arquitectura gen\u00e9tica humana en el Covid-19. Se menciona a Ricardo Verdugo, acad\u00e9mico de la Escuela de Medicina.<\/a><strong><br \/><\/strong><\/p><p>\u00a0<\/p><p><strong>RADIO LAUTARO<\/strong><\/p><p><a href=\"https:\/\/www.litoralpress.cl\/sitio\/RadioTV_Detalles.cshtml?LPKey=7KG4F5ITDSIDVA3XJY7WDQHV5SEL6HS3MIQOYQTKKV3UWAC26UUXVWWHEUOFBGEXB5U3TP7LKKDXW\">Importancia de la salud bucal y acceso a la atenci\u00f3n. Se refieren Eduardo Canales, director del Centro de Cl\u00ednicas Odontol\u00f3gicas; y Claudia M\u00e9ndez Chamorro, encargada del servicio profesional de la Cl\u00ednica. <\/a><\/p><p>\u00a0<\/p><p><strong>DIARIOTALCA.CL<\/strong><\/p><p><a href=\"https:\/\/diariotalca.cl\/con-tu-encanto-con-tu-edad-ii-por-rodrigo-biel-melgarejo\/\">Con tu encanto, con tu edad II. Se refiere Rodrigo Biel Melgarejo, acad\u00e9mico de la Facultad de Ciencias Jur\u00eddicas y Sociales.<\/a><\/p><p>\u00a0<\/p><p><strong>CANAL TVN RED MAULE<\/strong><\/p><p><a href=\"https:\/\/www.litoralpress.cl\/sitio\/RadioTV_Detalles.cshtml?LPKey=TFJPHAMU44GQ6LAP5L7RXX4LD5JRMHQNLZ6SLCUKL43CSSELGKRWFC5MGACORVMJYL4Z6UVHA3VTM\">Feria de Vinilos en el Centro de Extensi\u00f3n. Se menciona a la Universidad de Talca.<\/a><\/p>\t\t\t\t\t\t<\/div>\n\t\t\t\t<\/div>\n\t\t\t\t\t<\/div>\n\t\t<\/div>\n\t\t\t\t\t\t\t<\/div>\n\t\t<\/section>\n\t\t\t\t\t\t<\/div>\n\t\t\t\t\t<\/div>\n\t\t","protected":false},"excerpt":{"rendered":"<p>LAS \u00daLTIMAS NOTICIAS Climat\u00f3logos anuncian un verano muy caliente para la zona central de Chile\u00a0. Se menciona a Patricio Gonz\u00e1lez Colville, agroclimat\u00f3logo y acad\u00e9mico del Centro de Investigaci\u00f3n y Transferencia en Riego y Agroclimatolog\u00eda (CITRA).\u00a0 \u00a0 RADIO BIOBIO Term\u00f3metros marcaron ayer 32,8\u00b0 como m\u00e1xima en Quinta Normal. Se menciona a Patricio Gonz\u00e1lez Colville, agroclimat\u00f3logo y &hellip;<\/p>\n<p class=\"read-more\"> <a class=\"\" href=\"https:\/\/www.reportedeprensa.utalca.cl\/?p=8685\"> <span class=\"screen-reader-text\">24 de noviembre de 2023<\/span> Read More &raquo;<\/a><\/p>\n","protected":false},"author":1,"featured_media":0,"comment_status":"closed","ping_status":"open","sticky":false,"template":"","format":"standard","meta":{"_monsterinsights_skip_tracking":false,"_monsterinsights_sitenote_active":false,"_monsterinsights_sitenote_note":"","_monsterinsights_sitenote_category":0},"categories":[42,41],"tags":[],"_links":{"self":[{"href":"https:\/\/www.reportedeprensa.utalca.cl\/index.php?rest_route=\/wp\/v2\/posts\/8685"}],"collection":[{"href":"https:\/\/www.reportedeprensa.utalca.cl\/index.php?rest_route=\/wp\/v2\/posts"}],"about":[{"href":"https:\/\/www.reportedeprensa.utalca.cl\/index.php?rest_route=\/wp\/v2\/types\/post"}],"author":[{"embeddable":true,"href":"https:\/\/www.reportedeprensa.utalca.cl\/index.php?rest_route=\/wp\/v2\/users\/1"}],"replies":[{"embeddable":true,"href":"https:\/\/www.reportedeprensa.utalca.cl\/index.php?rest_route=%2Fwp%2Fv2%2Fcomments&post=8685"}],"version-history":[{"count":4,"href":"https:\/\/www.reportedeprensa.utalca.cl\/index.php?rest_route=\/wp\/v2\/posts\/8685\/revisions"}],"predecessor-version":[{"id":8689,"href":"https:\/\/www.reportedeprensa.utalca.cl\/index.php?rest_route=\/wp\/v2\/posts\/8685\/revisions\/8689"}],"wp:attachment":[{"href":"https:\/\/www.reportedeprensa.utalca.cl\/index.php?rest_route=%2Fwp%2Fv2%2Fmedia&parent=8685"}],"wp:term":[{"taxonomy":"category","embeddable":true,"href":"https:\/\/www.reportedeprensa.utalca.cl\/index.php?rest_route=%2Fwp%2Fv2%2Fcategories&post=8685"},{"taxonomy":"post_tag","embeddable":true,"href":"https:\/\/www.reportedeprensa.utalca.cl\/index.php?rest_route=%2Fwp%2Fv2%2Ftags&post=8685"}],"curies":[{"name":"wp","href":"https:\/\/api.w.org\/{rel}","templated":true}]}}