{"id":8695,"date":"2023-11-27T11:42:42","date_gmt":"2023-11-27T14:42:42","guid":{"rendered":"https:\/\/www.reportedeprensa.utalca.cl\/?p=8695"},"modified":"2023-11-27T11:53:02","modified_gmt":"2023-11-27T14:53:02","slug":"27-de-noviembre-de-2023","status":"publish","type":"post","link":"https:\/\/www.reportedeprensa.utalca.cl\/?p=8695","title":{"rendered":"27 de noviembre de 2023"},"content":{"rendered":"\t\t<div data-elementor-type=\"wp-post\" data-elementor-id=\"8695\" class=\"elementor elementor-8695\" data-elementor-settings=\"[]\">\n\t\t\t\t\t\t\t<div class=\"elementor-section-wrap\">\n\t\t\t\t\t\t\t<section class=\"elementor-section elementor-top-section elementor-element elementor-element-bcea1a8 elementor-section-boxed elementor-section-height-default elementor-section-height-default\" data-id=\"bcea1a8\" data-element_type=\"section\">\n\t\t\t\t\t\t<div class=\"elementor-container elementor-column-gap-default\">\n\t\t\t\t\t<div class=\"elementor-column elementor-col-100 elementor-top-column elementor-element elementor-element-e7183bf\" data-id=\"e7183bf\" data-element_type=\"column\">\n\t\t\t<div class=\"elementor-widget-wrap elementor-element-populated\">\n\t\t\t\t\t\t\t\t<div class=\"elementor-element elementor-element-5ffbb87 elementor-widget elementor-widget-text-editor\" data-id=\"5ffbb87\" data-element_type=\"widget\" data-widget_type=\"text-editor.default\">\n\t\t\t\t<div class=\"elementor-widget-container\">\n\t\t\t\t\t\t\t\t<p><b>CNN CHILE\u00a0<\/b><\/p><p><a href=\"https:\/\/www.litoralpress.cl\/sitio\/RadioTV_Detalles.cshtml?LPKey=JHKQUVKSQXFGGX4IVYBMO4B6GOZVPJSZ7FZXLZTV5IG5OZJGQJL4IQS57ZXL72K7Q6BABFJLKXHQY\">M\u00e1s de 287 mil estudiantes rendir\u00e1n la prueba PAES desde este lunes. Se refiere Felipe Figueroa, psic\u00f3logo del Programa de Acceso Efectivo a la Educaci\u00f3n Superior (PACE).\u00a0<\/a><\/p><p><b>\u00a0<\/b><\/p><p><strong>SEPTIMAPAGINANOTICIAS.CL\u00a0<\/strong><\/p><p><a href=\"https:\/\/www.septimapaginanoticias.cl\/recomendaciones-para-la-paes-la-idea-es-enfocarse-en-lo-que-puedes-rendir-en-lo-que-tu-ya-sabes\">Recomendaciones para la PAES: \u201cLa idea es enfocarse en lo que puedes rendir, en lo que t\u00fa ya sabes\u201d. Se refiere Felipe Figueroa, psic\u00f3logo del Programa de Acceso Efectivo a la Educaci\u00f3n Superior (PACE<\/a>).\u00a0<\/p><p>\u00a0<\/p><p><strong>RADIOPOLAR.COM\u00a0<\/strong><\/p><p><a href=\"https:\/\/radiopolar.com\/recomendaciones-para-la-paes-la-idea-es-enfocarse-en-lo-que-puedes-rendir-en-lo-que-tu-ya-sabes\/\">Recomendaciones para la PAES: \u201cLa idea es enfocarse en lo que puedes rendir, en lo que t\u00fa ya sabes\u201d. Se refiere Felipe Figueroa, psic\u00f3logo del Programa de Acceso Efectivo a la Educaci\u00f3n Superior (PACE)<\/a>.\u00a0<\/p><p>\u00a0<\/p><p><strong>CAUQUENESNET.CL\u00a0<\/strong><\/p><p><a href=\"https:\/\/cauquenesnet.cl\/2023\/11\/26\/recomendaciones-para-la-paes-la-idea-es-enfocarse-en-lo-que-puedes-rendir-en-lo-que-tu-ya-sabes\/\">Recomendaciones para la PAES: \u201cLa idea es enfocarse en lo que puedes rendir, en lo que t\u00fa ya sabes\u201d. Se refiere Felipe Figueroa, psic\u00f3logo del Programa de Acceso Efectivo a la Educaci\u00f3n Superior (PACE).\u00a0<\/a><\/p><p>\u00a0<\/p><p><b><\/b><b>RADIO COOPERATIVA\u00a0<\/b><\/p><p><a href=\"https:\/\/www.litoralpress.cl\/sitio\/RadioTV_Detalles.cshtml?LPKey=B4GS2QHIJCIXBH5CS56L5WKFK2NXKGR7W4ZKFUDFPJI4WWDLM7733MVIIFAO6AAY3HNX36KNWSDSK\">Mesa de Reporteros. \u00bfC\u00f3mo se va a aplicar la Prueba de Acceso a la Educaci\u00f3n Superior. Se refiere Felipe Figueroa, psic\u00f3logo del Programa de Acceso Efectivo a la Educaci\u00f3n Superior (PACE).\u00a0<\/a><\/p><p>\u00a0<\/p><p><strong>COOPERATIVA.CL\u00a0<\/strong><\/p><p><a href=\"https:\/\/www.cooperativa.cl\/noticias\/pais\/educacion\/admision-universitaria\/consejos-para-moderar-el-estres-al-rendir-la-paes\/2023-11-26\/140133.html\">Consejos para moderar el estr\u00e9s al rendir la PAES. Se refiere Felipe Figueroa, psic\u00f3logo del Programa de Acceso Efectivo a la Educaci\u00f3n Superior (PACE).<b>\u00a0<\/b><\/a><\/p><p>\u00a0<\/p><p><b>EL MOSTRADOR \u00a0<\/b><\/p><p><a href=\"https:\/\/www.elmostrador.cl\/agenda-pais\/2023\/11\/24\/crecimiento-de-la-industria-minera-demanda-mayor-numero-de-profesionales\/\">Crecimiento de la industria minera demanda mayor n\u00famero de profesionales. Se refiere Javier Mu\u00f1oz Vidal, decano de la Facultad de Ingenier\u00eda. \u00a0\u00a0<\/a><\/p><p><b>\u00a0<\/b><\/p><p><b>DIARIO FINANCIERO<\/b><b>\u00a0<\/b><\/p><p><a href=\"https:\/\/www.litoralpress.cl\/paginaconsultas\/Servicios_NClipSitioWeb\/Get_Imagen_Nota.aspx?LPKey=4FCGSV7FJA7MAEPWV6FHH53L3UNYS3KI6REIZDO5IILPMJZCE5IBEA6B5FA6U7EMRPLLASXGIQUXY\">Sodimac capacitar\u00e1 a sobre 120 mil maestros y maestras de la construcci\u00f3n durante este a\u00f1o. Se menciona a la Universidad de Talca<\/a><b>.\u00a0<\/b><b>\u00a0<\/b><\/p><p><b>\u00a0<\/b><\/p><p><b>LA TRIBUNA<\/b><b>\u00a0<\/b><\/p><p><a href=\"https:\/\/www.litoralpress.cl\/paginaconsultas\/Servicios_NClipSitioWeb\/Get_Imagen_Nota.aspx?LPKey=LYGV2QCPMFCNFRSSTUHLHLYRY4LKC3WZWESFKD5JEGW4FTUDW32K4IG6QZQBUVSQ56I7ZZHILMDQ4\">Seremi de Salud por situaci\u00f3n del COVID: Tenemos que seguir ocupados en evitar que aumente. Se refiere Erika Retamal, directora del departamento de Salud P\u00fablica.\u00a0<\/a><\/p><p><b>\u00a0<\/b><\/p><p><b>ELTIP\u00d3GRAFO.CL\u00a0<\/b><\/p><p><a href=\"https:\/\/eltipografo.cl\/2023\/11\/cambio-climatico-y-el-nino-disminuyen-proyecciones-de-las-exportaciones-de-cerezas-en-un-146\">Cambio clim\u00e1tico y \u201cEl ni\u00f1o\u201d disminuyen proyecciones de las exportaciones de cerezas en un 14,6%. Se refiere Patricio Gonz\u00e1lez Colville, acad\u00e9mico del Centro de Investigaci\u00f3n y Transferencia en Riego y Agroclimatologia (Citra). \u00a0<\/a><\/p><p><b>\u00a0<\/b><\/p><p><b>ADPRENSA\u00a0<\/b><\/p><p><a href=\"https:\/\/www.adprensa.cl\/cronica\/especialista-explico-la-importancia-de-cambiar-la-forma-de-pensar-sobre-el-envejecimiento-y-la-vejez\/\">Especialista explic\u00f3 la importancia de cambiar la forma de pensar sobre el envejecimiento y la vejez. Se refiere Iv\u00e1n Palomo, acad\u00e9mico de la Facultad de Ciencias de la Salud. \u00a0<\/a><\/p><p>\u00a0<\/p><p><strong>RADIOMAGALLANES.CL\u00a0<\/strong><\/p><p><a href=\"https:\/\/radiomagallanes.cl\/noticia.php?id_not=108162\">Especialista explic\u00f3 la importancia de cambiar la forma de pensar sobre el envejecimiento y la vejez. Se refiere Iv\u00e1n Palomo, acad\u00e9mico de la Facultad de Ciencias de la Salud\u00a0<\/a><\/p><p><b>\u00a0\u00a0<\/b><\/p><p><b>ESTAPASANDO.CL\u00a0<\/b><\/p><p><a href=\"https:\/\/estapasando.cl\/zancudos-aprendiendo-a-quererlos-y-evitarlos\/\">Zancudos: Aprendiendo a quererlos y evitarlos. Se refiere Eduardo Fuentes Contreras, profesor de entomolog\u00eda agr\u00edcola de la Facultad de Ciencias Agrarias.\u00a0<\/a><\/p><p><b>\u00a0<\/b><\/p><p><strong>PORTALINNOVA.CL<\/strong>\u00a0<\/p><p><a href=\"https:\/\/portalinnova.cl\/mas-de-840-millones-de-pesos-para-vinculacion-internacional-son-adjudicados-en-la-macrozona-centro-sur\/\">M\u00e1s de 840 millones de pesos para vinculaci\u00f3n internacional son adjudicados en la Macrozona Centro Sur. Se menciona a la Universidad de Talca<\/a>.\u00a0<\/p><p><b>\u00a0<\/b><\/p><p><strong>EL LECTOR\u00a0<\/strong><\/p><p><a href=\"https:\/\/www.litoralpress.cl\/paginaconsultas\/Servicios_NClipSitioWeb\/Get_Imagen_Nota.aspx?LPKey=RJQYMGETVXVVGDW33QTLLTIGRV2S7IRDII7CU4NZKKZCNMZF3MS3OOJFRFOB4UOWEK7EH5WYJOK62\">Fortalece Pyme Maule organiz\u00f3 d\u00edas de campo abocados a la tecnolog\u00eda. Se refiere Paula Gajardo, gerente ThinkAgro UTalca.<b>\u00a0<\/b><\/a><\/p><p>\u00a0<\/p><p><b>EL MERCURIO\u00a0<\/b><\/p><p><a href=\"https:\/\/www.litoralpress.cl\/sitio\/Prensa_Detalles.cshtml?LPKey=5CHABBDTKX3ZACSBRB6I5WLFV7FBOD6VHZJICG2JA6KLAQ3JVCLA\">Las dobles lecturas de normas de la propuesta constitucional que la franja de TV deja en evidencia. Se refiere Mauricio Morales, director del Centro de An\u00e1lisis Pol\u00edtico (CAP).<\/a><\/p><p>\u00a0<\/p><p><strong>EMOL\u00a0<\/strong><\/p><p><a href=\"https:\/\/www.emol.com\/noticias\/Nacional\/2023\/11\/24\/1113914\/responsabilidad-ministro-educacion-cataldo-slep.html\">El debate por una &#8220;derrota ideol\u00f3gica&#8221; y la responsabilidad que recae sobre Cataldo para que no se hundan los SLEP. Se refiere Mauricio Morales, director del Centro de An\u00e1lisis Pol\u00edtico (CAP).<\/a><br \/><br \/><\/p><p><b>RADIO AGRICULTURA\u00a0<\/b><\/p><p><a href=\"https:\/\/www.litoralpress.cl\/sitio\/RadioTV_Detalles.cshtml?LPKey=H4GQYIL5FOL7Q4GPHGFTPLSJRDUYRIKPXMRFTMGAJT6QCF4B3N2F4DGTF4OFOUMIWDJZTHDZ7K4FY\">El 10 de diciembre Milei asumir\u00e1 la Presidencia. &#8211; Relaci\u00f3n que tendr\u00e1 con Chile. Se refiere Mauricio Morales, director del Centro de An\u00e1lisis Pol\u00edtico (CAP).\u00a0<\/a><\/p><p>\u00a0<\/p><p><strong>MEGANOTICIAS.CL\u00a0<\/strong><\/p><p><a href=\"https:\/\/www.meganoticias.cl\/nacional\/432161-columna-mauricio-morales-encuesta-cadem-nueva-constitucion-plebiscito-a-juntar-miedo-26-11-2023.html\">A juntar miedo. Se refiere Mauricio Morales, director del Centro de An\u00e1lisis Pol\u00edtico (CAP).\u00a0<\/a><\/p><p>\u00a0<\/p><p><strong>LATERCERA.COM\u00a0<\/strong><\/p><p><a href=\"https:\/\/www.latercera.com\/la-tercera-sabado\/noticia\/columna-de-mauricio-morales-burla-y-hechizo-constitucional\/G6FH5T6HXNG55KMGYDYKZJJGX4\/\">Burla y hechizo constitucional. Se refiere Mauricio Morales, director del Centro de An\u00e1lisis Pol\u00edtico (CAP).\u00a0<\/a><\/p><p>\u00a0<\/p><p><strong>TVN RED MAULE\u00a0<\/strong><\/p><p><a href=\"https:\/\/www.litoralpress.cl\/sitio\/RadioTV_Detalles.cshtml?LPKey=LFNBTHRLBGWEVZ4W2ECXH23A6ULHDDMYZ4CL362WKAM5D2MAOTKHYNGRZ7NROKSS3LTA52UHCAQ3K\">Talca: Grupo de teatro de adultos mayores Alondra estrenar\u00e1 la obra &#8220;Fumando Esperan&#8221; el 1 de diciembre. Se menciona a la Universidad de Talca.\u00a0<\/a><\/p>\t\t\t\t\t\t<\/div>\n\t\t\t\t<\/div>\n\t\t\t\t\t<\/div>\n\t\t<\/div>\n\t\t\t\t\t\t\t<\/div>\n\t\t<\/section>\n\t\t\t\t\t\t<\/div>\n\t\t\t\t\t<\/div>\n\t\t","protected":false},"excerpt":{"rendered":"<p>CNN CHILE\u00a0 M\u00e1s de 287 mil estudiantes rendir\u00e1n la prueba PAES desde este lunes. Se refiere Felipe Figueroa, psic\u00f3logo del Programa de Acceso Efectivo a la Educaci\u00f3n Superior (PACE).\u00a0 \u00a0 SEPTIMAPAGINANOTICIAS.CL\u00a0 Recomendaciones para la PAES: \u201cLa idea es enfocarse en lo que puedes rendir, en lo que t\u00fa ya sabes\u201d. Se refiere Felipe Figueroa, psic\u00f3logo &hellip;<\/p>\n<p class=\"read-more\"> <a class=\"\" href=\"https:\/\/www.reportedeprensa.utalca.cl\/?p=8695\"> <span class=\"screen-reader-text\">27 de noviembre de 2023<\/span> Read More &raquo;<\/a><\/p>\n","protected":false},"author":1,"featured_media":0,"comment_status":"closed","ping_status":"open","sticky":false,"template":"","format":"standard","meta":{"_monsterinsights_skip_tracking":false,"_monsterinsights_sitenote_active":false,"_monsterinsights_sitenote_note":"","_monsterinsights_sitenote_category":0},"categories":[42,41],"tags":[],"_links":{"self":[{"href":"https:\/\/www.reportedeprensa.utalca.cl\/index.php?rest_route=\/wp\/v2\/posts\/8695"}],"collection":[{"href":"https:\/\/www.reportedeprensa.utalca.cl\/index.php?rest_route=\/wp\/v2\/posts"}],"about":[{"href":"https:\/\/www.reportedeprensa.utalca.cl\/index.php?rest_route=\/wp\/v2\/types\/post"}],"author":[{"embeddable":true,"href":"https:\/\/www.reportedeprensa.utalca.cl\/index.php?rest_route=\/wp\/v2\/users\/1"}],"replies":[{"embeddable":true,"href":"https:\/\/www.reportedeprensa.utalca.cl\/index.php?rest_route=%2Fwp%2Fv2%2Fcomments&post=8695"}],"version-history":[{"count":4,"href":"https:\/\/www.reportedeprensa.utalca.cl\/index.php?rest_route=\/wp\/v2\/posts\/8695\/revisions"}],"predecessor-version":[{"id":8699,"href":"https:\/\/www.reportedeprensa.utalca.cl\/index.php?rest_route=\/wp\/v2\/posts\/8695\/revisions\/8699"}],"wp:attachment":[{"href":"https:\/\/www.reportedeprensa.utalca.cl\/index.php?rest_route=%2Fwp%2Fv2%2Fmedia&parent=8695"}],"wp:term":[{"taxonomy":"category","embeddable":true,"href":"https:\/\/www.reportedeprensa.utalca.cl\/index.php?rest_route=%2Fwp%2Fv2%2Fcategories&post=8695"},{"taxonomy":"post_tag","embeddable":true,"href":"https:\/\/www.reportedeprensa.utalca.cl\/index.php?rest_route=%2Fwp%2Fv2%2Ftags&post=8695"}],"curies":[{"name":"wp","href":"https:\/\/api.w.org\/{rel}","templated":true}]}}