{"id":8707,"date":"2023-11-28T12:58:43","date_gmt":"2023-11-28T15:58:43","guid":{"rendered":"https:\/\/www.reportedeprensa.utalca.cl\/?p=8707"},"modified":"2023-11-28T13:12:35","modified_gmt":"2023-11-28T16:12:35","slug":"28-de-noviembre-de-2023","status":"publish","type":"post","link":"https:\/\/www.reportedeprensa.utalca.cl\/?p=8707","title":{"rendered":"28 de noviembre de 2023"},"content":{"rendered":"\t\t<div data-elementor-type=\"wp-post\" data-elementor-id=\"8707\" class=\"elementor elementor-8707\" data-elementor-settings=\"[]\">\n\t\t\t\t\t\t\t<div class=\"elementor-section-wrap\">\n\t\t\t\t\t\t\t<section class=\"elementor-section elementor-top-section elementor-element elementor-element-bcea1a8 elementor-section-boxed elementor-section-height-default elementor-section-height-default\" data-id=\"bcea1a8\" data-element_type=\"section\">\n\t\t\t\t\t\t<div class=\"elementor-container elementor-column-gap-default\">\n\t\t\t\t\t<div class=\"elementor-column elementor-col-100 elementor-top-column elementor-element elementor-element-e7183bf\" data-id=\"e7183bf\" data-element_type=\"column\">\n\t\t\t<div class=\"elementor-widget-wrap elementor-element-populated\">\n\t\t\t\t\t\t\t\t<div class=\"elementor-element elementor-element-5ffbb87 elementor-widget elementor-widget-text-editor\" data-id=\"5ffbb87\" data-element_type=\"widget\" data-widget_type=\"text-editor.default\">\n\t\t\t\t<div class=\"elementor-widget-container\">\n\t\t\t\t\t\t\t\t<p><strong>EL MOSTRADOR<\/strong><\/p><p><a href=\"https:\/\/www.elmostrador.cl\/agenda-pais\/agenda-digital\/2023\/11\/27\/universidad-regional-graduo-a-una-nueva-generacion-de-doctores\/\"><span style=\"font-style: inherit;\">Universidad regional gradu\u00f3 a una nueva generaci\u00f3n de doctores. Se refieren <\/span>Johanna Kreither Olivares, directora de Postgrado.<\/a><\/p><p>\u00a0<\/p><p><strong>CANAL CNN CHILE<\/strong><\/p><p><a href=\"https:\/\/www.litoralpress.cl\/sitio\/RadioTV_Detalles.cshtml?LPKey=FB3Z2M7YNYRA62ZVGBDCHEZXXEQ3OSMMQMHSTEKVSQ5J5MHPG6WJIJBVG6G2QFH22TQXO4FFL7LAC\">PAES se rendir\u00e1 desde hoy. Se refiere Felipe Figueroa, psic\u00f3logo del Programa de Acceso Efectivo a la Educaci\u00f3n Superior (PACE).<\/a><\/p><p><strong>\u00a0<\/strong><\/p><p><strong>RADIO COOPERATIVA<\/strong><\/p><p><a href=\"https:\/\/www.litoralpress.cl\/sitio\/RadioTV_Detalles.cshtml?LPKey=B4GS2QHIJCIXBH5CS56L5WKFK2NXKGR7W4ZKFUDFPJI4WWDLM7733MVIIFAO6AAY3HNX36KNWSDSK\"><span style=\"font-style: inherit; font-weight: inherit;\">Este lunes se inici\u00f3 la rendici\u00f3n de la PAES<\/span>. Se refiere Felipe Figueroa, psic\u00f3logo del Programa de Acceso Efectivo a la Educaci\u00f3n Superior (PACE).<\/a><\/p><p><strong>\u00a0<\/strong><\/p><p><strong>DIARIOTALCA.CL<\/strong><\/p><p><a href=\"https:\/\/diariotalca.cl\/hoy-comienza-proceso-de-rendicion-de-la-prueba-paes-2023\/\">Comienza proceso de rendici\u00f3n de la prueba PAES 2023. Se refiere Felipe Figueroa, psic\u00f3logo del Programa de Acceso Efectivo a la Educaci\u00f3n Superior (PACE).<\/a><\/p><p>\u00a0<\/p><p><strong>RADIO AMIGA<\/strong><\/p><p><a href=\"https:\/\/www.litoralpress.cl\/sitio\/RadioTV_Detalles.cshtml?LPKey=PBRPE2DHAZFDDMVPTWQQ2BTOZ57VOOFIWLYFGYWX2R4GHT6STALZELFRJJWD7LBXORJG6TBRYXM6G\">Hoy comenz\u00f3 la rendici\u00f3n de la PAES. Se refiere Felipe Figueroa, psic\u00f3logo del Programa de Acceso Efectivo a la Educaci\u00f3n Superior (PACE).<\/a><\/p><p>\u00a0<\/p><p><strong>MEDIABANCO<\/strong><\/p><p><a href=\"https:\/\/www.mediabanco.com\/expertos-presentaron-avances-y-proyecciones-de-la-agricultura-vertical\/\">Expertos presentaron avances y proyecciones de la agricultura vertical. Se refiere Gilda Carrasco, directora del Proyecto de Agricultura Vertical Hort\u00edcola.<\/a><\/p><p>\u00a0<\/p><p><strong>DIARIOELHERALDO.CL<\/strong><\/p><p><a href=\"https:\/\/www.diarioelheraldo.cl\/noticia\/expertos-presentaron-avances-y-proyecciones-de-la-agricultura-vertical-\">Expertos presentaron avances y proyecciones de la agricultura vertical. Se refiere Gilda Carrasco, directora del Proyecto de Agricultura Vertical Hort\u00edcola.<\/a><\/p><p>\u00a0<\/p><p><strong>ELDIARIODESANTIAGO.CL<\/strong><\/p><p><a href=\"http:\/\/eldiariosantiago.cl\/estudio-busca-mejorar-la-calidad-de-la-frutilla-comercial-en-chile\/\">Estudio busca mejorar la calidad de la frutilla comercial en Chile. Se refiere Alejandra Moya Le\u00f3n, acad\u00e9mica del Instituto de Ciencias Biol\u00f3gicas. <\/a><\/p><p>\u00a0<\/p><p><strong><span style=\"font-style: inherit; font-weight: inherit;\">EL MOSTRADOR<\/span><\/strong><\/p><p><a href=\"https:\/\/www.elmostrador.cl\/agenda-pais\/agenda-social\/2023\/11\/27\/la-importancia-de-cambiar-la-forma-de-pensar-sobre-el-envejecimiento-y-la-vejez\/\"><span style=\"font-style: inherit; font-weight: inherit;\">La importancia de cambiar la forma de pensar sobre el envejecimiento y la vejez<\/span>. Se refiere Iv\u00e1n Palomo, acad\u00e9mico de la Facultad de Ciencias de la Salud. <\/a><\/p><p><strong>\u00a0<\/strong><\/p><p><strong>DIARIOELHERALDO.CL<\/strong><\/p><p><a href=\"https:\/\/www.diarioelheraldo.cl\/noticia\/especialista-explico-la-importancia-de-cambiar-la-forma-de-pensar-sobre-el-envejecimiento-y-la-vejez-\">Especialista explic\u00f3 la importancia de cambiar la forma de pensar sobre el envejecimiento y la vejez. Se refiere Iv\u00e1n Palomo, acad\u00e9mico de la Facultad de Ciencias de la Salud.<\/a><\/p><p>\u00a0<\/p><p><strong>RADIO ADN<\/strong><\/p><p><a href=\"https:\/\/www.litoralpress.cl\/sitio\/RadioTV_Detalles.cshtml?LPKey=GDRK7LGEECRKNYD4EYDFITZDVKDL3OXURYA5OKTV5N2VEBXOXZB5QV4DFYFVCUTGK2CA6MKFJRVIS\">Panel: El completo m\u00e1s largo del mundo hecho en Talca. Se refieren Javiera Rojas y Victoria Oyarz\u00fan, estudiantes de Escuela de Arquitectura.<\/a><\/p><p>\u00a0<\/p><p><strong>LA PRENSA DE CURIC\u00d3<\/strong><\/p><p><a href=\"https:\/\/www.litoralpress.cl\/paginaconsultas\/Servicios_NClipSitioWeb\/Get_Imagen_Nota.aspx?LPKey=HQPYQMFKCZULAKDWYILJV2CZLKBDY5GVO6FZUYT2NXGWLJBYLS7O5RYQN6XZVDVUXPQW7HQE444W4\">El Fosis desarroll\u00f3 exitoso seminario. Se menciona a Carlos Villalobos, acad\u00e9mico de la Facultad de Econom\u00eda y Negocios.<\/a><\/p><p>\u00a0<\/p><p><strong>DIARIOS EN RED<\/strong><\/p><p><a href=\"https:\/\/diariosenred.com\/regional\/el-fosis-desarrollo-exitoso-seminario-que-abordo-la-superacion-de-la\">El Fosis desarroll\u00f3 exitoso seminario. Se menciona a Carlos Villalobos, acad\u00e9mico de la Facultad de Econom\u00eda y Negocios. <\/a><\/p><p>\u00a0<\/p><p><strong>RED MAULE<\/strong><\/p><p><a href=\"https:\/\/redmaule.com\/regional\/el-fosis-desarrollo-exitoso-seminario-que-abordo-la-superacion-de-la\">El Fosis desarroll\u00f3 exitoso seminario. Se menciona a Carlos Villalobos, acad\u00e9mico de la Facultad de Econom\u00eda y Negocios.<\/a><\/p><p>\u00a0<\/p><p><strong>ANALIZAMAULE.CL<\/strong><\/p><p><a href=\"https:\/\/analizamaule.cl\/el-fosis-desarrollo-exitoso-seminario-que-abordo-la-superacion-de-la-pobreza\/\">El FOSIS desarroll\u00f3 exitoso seminario que abord\u00f3 la superaci\u00f3n de la pobreza. Se menciona a Carlos Villalobos, acad\u00e9mico de la Facultad de Econom\u00eda y Negocios.<\/a><\/p><p>\u00a0<\/p><p><strong>RADIO AMIGA<\/strong><\/p><p><a href=\"https:\/\/www.litoralpress.cl\/sitio\/RadioTV_Detalles.cshtml?LPKey=TY7HT6YUJOZDPLGN76YWVUWUL6BDBJUBEZNYIVG3U5STRL7P2S3OHM6QOGZNGRA6NU2GOMAN2CKUK\">Concientizaci\u00f3n sobre la resistencia a los antimicrobianos fue el tema de la capacitaci\u00f3n dictada por la seremi de Salud del Maule. Se refiere Jorge Cartes, director de la Escuela de Dise\u00f1o.<\/a><\/p><p>\u00a0<\/p><p><strong>CANAL 30 MULTICOM<\/strong><\/p><p><a href=\"https:\/\/www.litoralpress.cl\/paginaconsultas\/Servicios_NClipSitio\/Get_Imagen_Nota.aspx?LPKey=S2CCMHJRUTOHYVU6URJ7CISIRZNVJD4UVSALLRQUE42NSZ4EKQGRZ5NISS22S6MVP3WN2DVC3WBI2\">Falta de inter\u00e9s por vacunarse. Erika Retamal, epidemi\u00f3loga y directora del Departamento de Salud P\u00fablica. <\/a><\/p><p>\u00a0<\/p><p><strong>RADIO PABLO NERUDA<\/strong><\/p><p><a href=\"https:\/\/www.litoralpress.cl\/sitio\/RadioTV_Detalles.cshtml?LPKey=A6DL3DEGMCKPEK3TOWYXGSZY5HKLCEU7D2MWVDEJWM4ZJQUT67TIIKX3Q7U6XCFPDGRGQCUXSELNC\">Oportunidades de estudiar pedagog\u00eda en la Universidad de Talca \u2013 Admisi\u00f3n 2024. Se refiere Carolina Bravo Tobar, coordinadora Unidad de Atracci\u00f3n, Acceso y Permanencia a las Carreras de Educaci\u00f3n de la Facultad de Ciencias de la Educaci\u00f3n.<\/a><\/p><p>\u00a0<\/p><p><strong>EL MERCURIO<\/strong><\/p><p><a href=\"https:\/\/www.litoralpress.cl\/paginaconsultas\/Servicios_NClipSitioWeb\/Get_Imagen_Nota.aspx?LPKey=577LH7OMTXVIOXUAWBXBOMCZGYZHNZUEX6LIGKCUR6AKLBFX5UUWLRRJ626EYBQYYA2PGTDO3KMZO\">Las dobles lecturas de normas de la propuesta constitucional que la franja de TV deja en evidencia. Se refiere Mauricio Morales, director del Centro de An\u00e1lisis Pol\u00edtico (CAP).<\/a><\/p><p>\u00a0<\/p><p><strong>RADIO AGRICULTURA<\/strong><\/p><p><a href=\"https:\/\/www.litoralpress.cl\/sitio\/RadioTV_Detalles.cshtml?LPKey=H4GQYIL5FOL7Q4GPHGFTPLSJRDUYRIKPXMRFTMGAJT6QCF4B3N2F4DGTF4OFOUMIWDJZTHDZ7K4FY\">El 10 de diciembre Milei asumir\u00e1 la Presidencia. Se refiere Mauricio Morales, director del Centro de An\u00e1lisis Pol\u00edtico (CAP).<\/a><\/p><p>\u00a0<\/p><p><strong>RADIO INFINITA<\/strong><\/p><p><a href=\"https:\/\/www.litoralpress.cl\/sitio\/RadioTV_Detalles.cshtml?LPKey=L2VWNQUNEQ7ZZUDSH7Z7YNDQO2EE7PNLJSWZ5BCC3WFLJQWWFSVMT6LHLM23CUZKPF3NYW7NQHUMS\">An\u00e1lisis pol\u00edtico de Mauricio Morales, director del Centro de An\u00e1lisis Pol\u00edtico (CAP).<\/a><\/p><p>\u00a0<\/p><p><strong>TVN RED MAULE<\/strong><\/p><p><a href=\"https:\/\/www.litoralpress.cl\/sitio\/RadioTV_Detalles.cshtml?LPKey=LFNBTHRLBGWEVZ4W2ECXH23A6ULHDDMYZ4CL362WKAM5D2MAOTKHYNGRZ7NROKSS3LTA52UHCAQ3K\">Talca: Grupo de teatro de adultos mayores Alondra estrenar\u00e1 la obra &#8220;Fumando Esperan&#8221; el 1 de diciembre. Se menciona a la Universidad de Talca. <\/a><\/p><p>\u00a0<\/p>\t\t\t\t\t\t<\/div>\n\t\t\t\t<\/div>\n\t\t\t\t\t<\/div>\n\t\t<\/div>\n\t\t\t\t\t\t\t<\/div>\n\t\t<\/section>\n\t\t\t\t\t\t<\/div>\n\t\t\t\t\t<\/div>\n\t\t","protected":false},"excerpt":{"rendered":"<p>EL MOSTRADOR Universidad regional gradu\u00f3 a una nueva generaci\u00f3n de doctores. Se refieren Johanna Kreither Olivares, directora de Postgrado. \u00a0 CANAL CNN CHILE PAES se rendir\u00e1 desde hoy. Se refiere Felipe Figueroa, psic\u00f3logo del Programa de Acceso Efectivo a la Educaci\u00f3n Superior (PACE). \u00a0 RADIO COOPERATIVA Este lunes se inici\u00f3 la rendici\u00f3n de la PAES. &hellip;<\/p>\n<p class=\"read-more\"> <a class=\"\" href=\"https:\/\/www.reportedeprensa.utalca.cl\/?p=8707\"> <span class=\"screen-reader-text\">28 de noviembre de 2023<\/span> Read More &raquo;<\/a><\/p>\n","protected":false},"author":1,"featured_media":0,"comment_status":"closed","ping_status":"open","sticky":false,"template":"","format":"standard","meta":{"_monsterinsights_skip_tracking":false,"_monsterinsights_sitenote_active":false,"_monsterinsights_sitenote_note":"","_monsterinsights_sitenote_category":0},"categories":[42,41],"tags":[],"_links":{"self":[{"href":"https:\/\/www.reportedeprensa.utalca.cl\/index.php?rest_route=\/wp\/v2\/posts\/8707"}],"collection":[{"href":"https:\/\/www.reportedeprensa.utalca.cl\/index.php?rest_route=\/wp\/v2\/posts"}],"about":[{"href":"https:\/\/www.reportedeprensa.utalca.cl\/index.php?rest_route=\/wp\/v2\/types\/post"}],"author":[{"embeddable":true,"href":"https:\/\/www.reportedeprensa.utalca.cl\/index.php?rest_route=\/wp\/v2\/users\/1"}],"replies":[{"embeddable":true,"href":"https:\/\/www.reportedeprensa.utalca.cl\/index.php?rest_route=%2Fwp%2Fv2%2Fcomments&post=8707"}],"version-history":[{"count":4,"href":"https:\/\/www.reportedeprensa.utalca.cl\/index.php?rest_route=\/wp\/v2\/posts\/8707\/revisions"}],"predecessor-version":[{"id":8711,"href":"https:\/\/www.reportedeprensa.utalca.cl\/index.php?rest_route=\/wp\/v2\/posts\/8707\/revisions\/8711"}],"wp:attachment":[{"href":"https:\/\/www.reportedeprensa.utalca.cl\/index.php?rest_route=%2Fwp%2Fv2%2Fmedia&parent=8707"}],"wp:term":[{"taxonomy":"category","embeddable":true,"href":"https:\/\/www.reportedeprensa.utalca.cl\/index.php?rest_route=%2Fwp%2Fv2%2Fcategories&post=8707"},{"taxonomy":"post_tag","embeddable":true,"href":"https:\/\/www.reportedeprensa.utalca.cl\/index.php?rest_route=%2Fwp%2Fv2%2Ftags&post=8707"}],"curies":[{"name":"wp","href":"https:\/\/api.w.org\/{rel}","templated":true}]}}