{"id":8716,"date":"2023-11-29T11:53:26","date_gmt":"2023-11-29T14:53:26","guid":{"rendered":"https:\/\/www.reportedeprensa.utalca.cl\/?p=8716"},"modified":"2023-11-29T11:57:52","modified_gmt":"2023-11-29T14:57:52","slug":"29-de-noviembre-de-2023","status":"publish","type":"post","link":"https:\/\/www.reportedeprensa.utalca.cl\/?p=8716","title":{"rendered":"29 de noviembre de 2023"},"content":{"rendered":"\t\t<div data-elementor-type=\"wp-post\" data-elementor-id=\"8716\" class=\"elementor elementor-8716\" data-elementor-settings=\"[]\">\n\t\t\t\t\t\t\t<div class=\"elementor-section-wrap\">\n\t\t\t\t\t\t\t<section class=\"elementor-section elementor-top-section elementor-element elementor-element-bcea1a8 elementor-section-boxed elementor-section-height-default elementor-section-height-default\" data-id=\"bcea1a8\" data-element_type=\"section\">\n\t\t\t\t\t\t<div class=\"elementor-container elementor-column-gap-default\">\n\t\t\t\t\t<div class=\"elementor-column elementor-col-100 elementor-top-column elementor-element elementor-element-e7183bf\" data-id=\"e7183bf\" data-element_type=\"column\">\n\t\t\t<div class=\"elementor-widget-wrap elementor-element-populated\">\n\t\t\t\t\t\t\t\t<div class=\"elementor-element elementor-element-5ffbb87 elementor-widget elementor-widget-text-editor\" data-id=\"5ffbb87\" data-element_type=\"widget\" data-widget_type=\"text-editor.default\">\n\t\t\t\t<div class=\"elementor-widget-container\">\n\t\t\t\t\t\t\t\t<p><b>ADPRENSA\u00a0<\/b><\/p><p><a href=\"https:\/\/www.adprensa.cl\/cronica\/proyecto-busca-fortalecer-las-artes-humanidades-y-ciencias-sociales-en-el-valle-central-de-chile\/\">Proyecto busca fortalecer las artes, humanidades y ciencias sociales en el Valle Central de Chile. Se refiere Ismael Gallardo Cuadra, acad\u00e9mico de la Facultad de Psicolog\u00eda. \u00a0<\/a><b><br \/><\/b><\/p><p>\u00a0<\/p><p><strong>MEDIABANCO\u00a0<\/strong><\/p><p><a href=\"https:\/\/www.mediabanco.com\/proyecto-busca-fortalecer-las-artes-humanidades-y-ciencias-sociales-en-el-valle-central\/\">Proyecto busca fortalecer las artes, humanidades y ciencias sociales en el Valle Central de Chile. Se refiere Ismael Gallardo Cuadra, acad\u00e9mico de la Facultad de Psicolog\u00eda. \u00a0<\/a><\/p><p>\u00a0<\/p><p><strong>DIARIOELHERALDO.CL\u00a0<\/strong><\/p><p><a href=\"https:\/\/www.diarioelheraldo.cl\/noticia\/proyecto-busca-fortalecer-las-artes-humanidades-y-ciencias-sociales-en-el-valle-central-\">Proyecto busca fortalecer las artes, humanidades y ciencias sociales en el Valle Central de Chile. Se refiere Ismael Gallardo Cuadra, acad\u00e9mico de la Facultad de Psicolog\u00eda. \u00a0<\/a><\/p><p><b>\u00a0<\/b><\/p><p><b>PUBLIMICRO\u00a0<\/b><\/p><p><a href=\"https:\/\/publimicro.cl\/expertos-presentan-avances-y-proyecciones-de-la-agricultura-vertical-seminario-internacional-organizado-por-la-universidad-de-talca-lo-tuvo-como-tema-central\/\">Expertos presentan avances y proyecciones de la agricultura vertical. Se refiere Gilda Carrasco, directora del Proyecto de Agricultura Vertical Hort\u00edcola. \u00a0<\/a><\/p><p><b>\u00a0<\/b><\/p><p><b>RADIO GUAYAC\u00c1N\u00a0<\/b><\/p><p><a href=\"https:\/\/www.litoralpress.cl\/sitio\/RadioTV_Detalles.cshtml?LPKey=RICLYAO5N5QABTTFNJ6C4Z4SQ7NVQIGLFAH5LP5LHOFRD5L4EQ4MZ4SIAMHDGAHYAYYY4GMRJTNH6\">Desaf\u00edos del envejecimiento saludable en Chile. Se refiere Eduardo Fuentes Quinteros, acad\u00e9mico de la Facultad de Ciencias de la Salud. \u00a0<\/a><\/p><p>\u00a0<\/p><p><strong>EL HERALDO\u00a0<\/strong><\/p><p><a href=\"https:\/\/www.litoralpress.cl\/paginaconsultas\/Servicios_NClipSitioWeb\/Get_Imagen_Nota.aspx?LPKey=MJP56GBLOONFZREEMPXSIVUTNRUN24WQA3DU6WNT76WVWTO4JICYKF5H5UNC454ZARBYVU5223FN6\">Especialista explic\u00f3 la importancia de cambiar la forma de pensar sobre el envejecimiento y la vejez. Se refiere Iv\u00e1n Palomo, acad\u00e9mico de la Facultad de Ciencias de la Salud.\u00a0<\/a><\/p><p>\u00a0<\/p><p><strong>EL LECTOR\u00a0<\/strong><\/p><p><a href=\"https:\/\/www.litoralpress.cl\/paginaconsultas\/Servicios_NClipSitioWeb\/Get_Imagen_Nota.aspx?LPKey=QHW6CM5EF3G3AS7COQRQZRFP6FPT77QDRJPM3TMYLM6BM63SHMDYXH4FFJXZE4MXH6OT3EJHQU7QO\">Especialista explic\u00f3 la importancia de cambiar la forma de pensar sobre el envejecimiento y la vejez. Se refiere Iv\u00e1n Palomo, acad\u00e9mico de la Facultad de Ciencias de la Salud<\/a>.\u00a0<\/p><p>\u00a0<\/p><p><b>EL MOSTRADOR\u00a0<\/b><\/p><p><a href=\"https:\/\/www.elmostrador.cl\/agenda-pais\/agenda-sustentable\/2023\/11\/28\/seminario-internacional-aborda-necesidad-de-desarrollo-de-materiales-ecoamigables\/\">Seminario internacional aborda necesidad de desarrollo de materiales ecoamigables. Se menciona a la Universidad de Talca.\u00a0<\/a><\/p><p><b>\u00a0<\/b><b>\u00a0<\/b><\/p><p><b>EL MERCURIO<\/b><b>\u00a0<\/b><\/p><p><a href=\"https:\/\/www.litoralpress.cl\/paginaconsultas\/Servicios_NClipSitioWeb\/Get_Imagen_Nota.aspx?LPKey=4GB3VBKIVEOF7D54OPCXWXEKCWKW3M6AHXMT4LHSUSTO4L4LVXW54HTFPETWVAABKRFPCRTPDFBX2\">Instituciones nacionales de educaci\u00f3n superior en destacados rankings del mundo. Se menciona a la Universidad de Talca.\u00a0\u00a0<\/a><\/p><p>\u00a0<\/p><p><b>CHILEVISI\u00d3N ONLINE\u00a0<\/b><\/p><p><a href=\"https:\/\/www.chvnoticias.cl\/te-ayuda\/top-diez-carreras-mayor-empleabilidad-universitaria-cft-ip_20231128\/\">\u00bfNo sabes qu\u00e9 estudiar? Estas son las 10 carreras con mayor empleabilidad al 1er a\u00f1o de egreso. Se menciona la Carrera de Ingenier\u00eda Civil en Computaci\u00f3n.\u00a0<\/a><\/p><p>\u00a0<\/p><p><strong>EL MERCURIO\u00a0<\/strong><\/p><p><a href=\"https:\/\/www.litoralpress.cl\/paginaconsultas\/Servicios_NClipSitioWeb\/Get_Imagen_Nota.aspx?LPKey=MFUYAPQP3ZIYZLMSATMGRJYGQYTDY2X6VVC3F42TNL56XAQCAOMAC3EDS6BSY4XHPYFFVCN7W7GIE\">Preguntas con &#8220;mucho texto&#8221; complicaron a los j\u00f3venes que comenzaron a rendir la PAES. Se menciona a la Universidad de Talca. \u00a0<\/a><\/p><p><b>\u00a0<\/b><\/p><p><b>RADIO OLEAJES\u00a0<\/b><\/p><p><a href=\"https:\/\/www.litoralpress.cl\/sitio\/RadioTV_Detalles.cshtml?LPKey=WMPKEWM4TXCM7PJM26F7XQZGS24SNNDHZLM5XSDMQQ6KNHGHTDOC7YUHQJDG6QAQXW5NYBHG7GMVU\">Oportunidades para el estudio de las ingenier\u00edas en la UTalca. Se refiere Miguel \u00c1ngel Arriagada, director de la Escuela de Ingenier\u00eda Civil en Obras Civiles \u00a0<\/a><\/p><p><b>\u00a0<\/b><\/p><p><b>RADIO FAVORITA\u00a0<\/b><\/p><p><a href=\"https:\/\/www.litoralpress.cl\/sitio\/RadioTV_Detalles.cshtml?LPKey=T4AWUNSRPDPAGLOCRIMIK6KRDQFOM3KTITOZUATS5IR27W6OGC762PMNVNN7AA6O5KQ6KRDM4TP2Q\">Consecuencias de los desastres naturales en las cuencas. Se refiere Roberto Pizarro Tapia, acad\u00e9mico del Instituto Interdisciplinario de Innovaci\u00f3n. \u00a0<\/a><\/p><p>\u00a0<\/p><p><strong>ATENTOS.CL\u00a0<\/strong><\/p><p><a href=\"https:\/\/www.atentos.cl\/talca-realiza-seminario-para-consolidar-espacios-mas-seguros-para-ninas-mujeres-y-disidencias\/\">Talca realiza seminario para consolidar espacios m\u00e1s seguros para ni\u00f1as, mujeres y disidencias. Se menciona a Blanca Z\u00fa\u00f1iga, directora de la Escuela de Arquitectura. \u00a0<\/a><\/p><p>\u00a0<\/p><p><b>ELMAULEINFORMA.CL\u00a0<\/b><\/p><p><a href=\"https:\/\/elmauleinforma.cl\/talca-realiza-seminario-para-consolidar-espacios-mas-seguros-para-ninas-mujeres-y-disidencias\/\">Talca realiza seminario para consolidar espacios m\u00e1s seguros para ni\u00f1as, mujeres y disidencias. Se menciona a Blanca Z\u00fa\u00f1iga, directora de la Escuela de Arquitectura. \u00a0<\/a><\/p><p>\u00a0<\/p><p><strong>EL HERALDO\u00a0<\/strong><\/p><p><a href=\"https:\/\/www.litoralpress.cl\/paginaconsultas\/Servicios_NClipSitioWeb\/Get_Imagen_Nota.aspx?LPKey=RUZ43FNIDTHUO4WNIFXXF5L75M6FORJOEEJQKNYRH5LPT32SGIZKZGQIPPKHLDV42GUSUWV5A73GO\">FOSIS desarroll\u00f3 seminario que abord\u00f3 la superaci\u00f3n de la pobreza. Se menciona a Carlos Villalobos, acad\u00e9mico de la Facultad de Econom\u00eda y Negocios.\u00a0<\/a><\/p><p>\u00a0<\/p><p><strong>EL MERCURIO\u00a0<\/strong><\/p><p><a href=\"https:\/\/www.litoralpress.cl\/paginaconsultas\/Servicios_NClipSitioWeb\/Get_Imagen_Nota.aspx?LPKey=YLKGG6M3Q5VSR3I256F4OX44LRH5YYTBMK576H7BBZ7Z6BK4KCGM7AW7OIGDDDYN32XZXAJCHEQ2O\">Se estrechan cifras: Comando del A favor insistir\u00e1 en mensajes directos en la franja y En Contra sumar\u00eda vocer\u00edas. Se refiere Mauricio Morales, director del Centro de An\u00e1lisis Pol\u00edtico (CAP).\u00a0<\/a><\/p><p>\u00a0<\/p><p><strong>RADIO INFINITA\u00a0<\/strong><\/p><p><a href=\"https:\/\/www.litoralpress.cl\/sitio\/RadioTV_Detalles.cshtml?LPKey=4DH3UOJY25EORKIL3KCPMJ6V4LNHAA27JDGQUZVLPBYCACSXGJN4VZ64Q7IGR5D5K3QJYWJ4TBJRM\">An\u00e1lisis pol\u00edtico de\u00a0Mauricio Morales, director del Centro de An\u00e1lisis Pol\u00edtico (CAP).\u00a0<\/a><\/p><p><b>\u00a0<\/b><\/p><p><b>LA PRENSA DE CURIC\u00d3\u00a0<\/b><\/p><p><a href=\"https:\/\/www.litoralpress.cl\/paginaconsultas\/Servicios_NClipSitioWeb\/Get_Imagen_Nota.aspx?LPKey=TC5ICIFWELVOSLIWXAJ6Q4MKBECPWYARMS5BWLUNA6EPCPW72HYBHQMMHL5F5VCMMFQ2ZF6M7NO3O\">El tama\u00f1o de las constituciones no determina la cantidad de derechos que se consagran. Se refiere Mario Herrera, acad\u00e9mico del Centro de An\u00e1lisis Pol\u00edtico (CAP).\u00a0<\/a><\/p>\t\t\t\t\t\t<\/div>\n\t\t\t\t<\/div>\n\t\t\t\t\t<\/div>\n\t\t<\/div>\n\t\t\t\t\t\t\t<\/div>\n\t\t<\/section>\n\t\t\t\t\t\t<\/div>\n\t\t\t\t\t<\/div>\n\t\t","protected":false},"excerpt":{"rendered":"<p>ADPRENSA\u00a0 Proyecto busca fortalecer las artes, humanidades y ciencias sociales en el Valle Central de Chile. Se refiere Ismael Gallardo Cuadra, acad\u00e9mico de la Facultad de Psicolog\u00eda. \u00a0 \u00a0 MEDIABANCO\u00a0 Proyecto busca fortalecer las artes, humanidades y ciencias sociales en el Valle Central de Chile. Se refiere Ismael Gallardo Cuadra, acad\u00e9mico de la Facultad de &hellip;<\/p>\n<p class=\"read-more\"> <a class=\"\" href=\"https:\/\/www.reportedeprensa.utalca.cl\/?p=8716\"> <span class=\"screen-reader-text\">29 de noviembre de 2023<\/span> Read More &raquo;<\/a><\/p>\n","protected":false},"author":1,"featured_media":0,"comment_status":"closed","ping_status":"open","sticky":false,"template":"","format":"standard","meta":{"_monsterinsights_skip_tracking":false,"_monsterinsights_sitenote_active":false,"_monsterinsights_sitenote_note":"","_monsterinsights_sitenote_category":0},"categories":[42,41],"tags":[],"_links":{"self":[{"href":"https:\/\/www.reportedeprensa.utalca.cl\/index.php?rest_route=\/wp\/v2\/posts\/8716"}],"collection":[{"href":"https:\/\/www.reportedeprensa.utalca.cl\/index.php?rest_route=\/wp\/v2\/posts"}],"about":[{"href":"https:\/\/www.reportedeprensa.utalca.cl\/index.php?rest_route=\/wp\/v2\/types\/post"}],"author":[{"embeddable":true,"href":"https:\/\/www.reportedeprensa.utalca.cl\/index.php?rest_route=\/wp\/v2\/users\/1"}],"replies":[{"embeddable":true,"href":"https:\/\/www.reportedeprensa.utalca.cl\/index.php?rest_route=%2Fwp%2Fv2%2Fcomments&post=8716"}],"version-history":[{"count":4,"href":"https:\/\/www.reportedeprensa.utalca.cl\/index.php?rest_route=\/wp\/v2\/posts\/8716\/revisions"}],"predecessor-version":[{"id":8720,"href":"https:\/\/www.reportedeprensa.utalca.cl\/index.php?rest_route=\/wp\/v2\/posts\/8716\/revisions\/8720"}],"wp:attachment":[{"href":"https:\/\/www.reportedeprensa.utalca.cl\/index.php?rest_route=%2Fwp%2Fv2%2Fmedia&parent=8716"}],"wp:term":[{"taxonomy":"category","embeddable":true,"href":"https:\/\/www.reportedeprensa.utalca.cl\/index.php?rest_route=%2Fwp%2Fv2%2Fcategories&post=8716"},{"taxonomy":"post_tag","embeddable":true,"href":"https:\/\/www.reportedeprensa.utalca.cl\/index.php?rest_route=%2Fwp%2Fv2%2Ftags&post=8716"}],"curies":[{"name":"wp","href":"https:\/\/api.w.org\/{rel}","templated":true}]}}