{"id":8726,"date":"2023-12-01T13:06:50","date_gmt":"2023-12-01T16:06:50","guid":{"rendered":"https:\/\/www.reportedeprensa.utalca.cl\/?p=8726"},"modified":"2023-12-01T13:18:08","modified_gmt":"2023-12-01T16:18:08","slug":"01-de-diciembre-de-2023","status":"publish","type":"post","link":"https:\/\/www.reportedeprensa.utalca.cl\/?p=8726","title":{"rendered":"01 de diciembre de 2023"},"content":{"rendered":"\t\t<div data-elementor-type=\"wp-post\" data-elementor-id=\"8726\" class=\"elementor elementor-8726\" data-elementor-settings=\"[]\">\n\t\t\t\t\t\t\t<div class=\"elementor-section-wrap\">\n\t\t\t\t\t\t\t<section class=\"elementor-section elementor-top-section elementor-element elementor-element-bcea1a8 elementor-section-boxed elementor-section-height-default elementor-section-height-default\" data-id=\"bcea1a8\" data-element_type=\"section\">\n\t\t\t\t\t\t<div class=\"elementor-container elementor-column-gap-default\">\n\t\t\t\t\t<div class=\"elementor-column elementor-col-100 elementor-top-column elementor-element elementor-element-e7183bf\" data-id=\"e7183bf\" data-element_type=\"column\">\n\t\t\t<div class=\"elementor-widget-wrap elementor-element-populated\">\n\t\t\t\t\t\t\t\t<div class=\"elementor-element elementor-element-5ffbb87 elementor-widget elementor-widget-text-editor\" data-id=\"5ffbb87\" data-element_type=\"widget\" data-widget_type=\"text-editor.default\">\n\t\t\t\t<div class=\"elementor-widget-container\">\n\t\t\t\t\t\t\t\t<p><strong>EL CIUDADANO<\/strong><\/p><p><a href=\"https:\/\/www.elciudadano.com\/chile\/universidades-chilenas-se-unen-al-plan-nacional-de-busqueda-comite-academico-apoyara-proceso-de-digitalizacion-de-datos\/11\/30\/\"><span style=\"font-style: inherit;\">Universidades se unen al Plan Nacional de B\u00fasqueda: Comit\u00e9 acad\u00e9mico apoyar\u00e1 proceso de digitalizaci\u00f3n de datos<\/span>. Se refiere Carlos Torres Fuchslocher, rector.<\/a><\/p><p><strong>\u00a0<\/strong><\/p><p><strong>MEDIABANCO<\/strong><\/p><p><a href=\"https:\/\/www.mediabanco.com\/universidades-chilenas-comprometen-su-apoyo-al-plan-nacional-de-busqueda-justicia-y-verdad\/\">Universidades comprometen su apoyo al Plan Nacional de B\u00fasqueda, Justicia y Verdad. Se refiere Carlos Torres Fuchslocher, rector.<\/a><\/p><p>\u00a0<\/p><p><strong>ADPRENSA<\/strong><\/p><p><a href=\"https:\/\/www.adprensa.cl\/cronica\/universidades-chilenas-comprometen-su-apoyo-al-plan-nacional-de-busqueda-justicia-y-verdad\/\">Universidades comprometen su apoyo al Plan Nacional de B\u00fasqueda, Justicia y Verdad. Se refiere Carlos Torres Fuchslocher, rector.<\/a><\/p><p>\u00a0<\/p><p><strong>ESTAPASANDO.CL<\/strong><\/p><p><a href=\"https:\/\/estapasando.cl\/universidades-se-comprometen-con-el-plan-nacional-de-busqueda-justicia-y-verdad\/\">Universidades se comprometen con el Plan Nacional de B\u00fasqueda, Justicia y Verdad. Se refiere Carlos Torres Fuchslocher, rector.<\/a><\/p><p>\u00a0<\/p><p><strong>G5NOTICIAS.CL\u00a0\u00a0\u00a0\u00a0\u00a0\u00a0<\/strong><\/p><p><a href=\"https:\/\/g5noticias.cl\/2023\/11\/30\/universidades-comprometen-su-apoyo-al-plan-nacional-de-busqueda-justicia-y-verdad\/\">Universidades comprometen su apoyo al Plan Nacional de B\u00fasqueda, Justicia y Verdad. Se refiere Carlos Torres Fuchslocher, rector.<\/a><\/p><p>\u00a0<\/p><p><strong>CANAL TVN RED MAULE<\/strong><\/p><p><a href=\"https:\/\/www.litoralpress.cl\/sitio\/RadioTV_Detalles.cshtml?LPKey=5YPRCYTCFFPYYQY5OQJC24WEJWR2DKYDE6ISJQIVVNDGTUIOKDZSP24LU3DXVZWR4D4QO5KUOHEPC\">Ministro de Justicia anuncia colaboraci\u00f3n con universidades chilenas en marco del Plan Nacional de B\u00fasqueda. Se menciona a la Universidad de Talca. <\/a><\/p><p>\u00a0<\/p><p><strong>ADPRENSA<\/strong><\/p><p><a href=\"https:\/\/www.adprensa.cl\/cronica\/cuech-firma-alianza-para-promover-los-derechos-humanos-en-la-educacion-superior\/\">CUECH firma alianza para promover los derechos humanos en la educaci\u00f3n superior. Se refiere Carlos Torres Fuchslocher, rector.<\/a><\/p><p>\u00a0<\/p><p><strong>MEDIABANCO<\/strong><\/p><p><a href=\"https:\/\/www.mediabanco.com\/cuech-firma-alianza-para-promover-los-derechos-humanos-en-la-educacion-superior\/\">CUECH firma alianza para promover los derechos humanos en la educaci\u00f3n superior. Se refiere Carlos Torres Fuchslocher, rector.<\/a><\/p><p>\u00a0<\/p><p><strong>G5NOTICIAS.CL<\/strong><\/p><p><a href=\"https:\/\/g5noticias.cl\/2023\/12\/01\/cuech-firma-alianza-para-promover-los-derechos-humanos-en-la-educacion-superior\/\"><span style=\"font-style: inherit; font-weight: inherit;\">CUECH firma alianza para promover los derechos humanos en la educaci\u00f3n superior<\/span>. Se refiere Carlos Torres Fuchslocher, rector.<\/a><\/p><p>\u00a0<\/p><p><strong>CANAL CNN CHILE<\/strong><\/p><p><a href=\"https:\/\/www.litoralpress.cl\/sitio\/RadioTV_Detalles.cshtml?LPKey=5OISKBQ56TBE6FRBYVXY3ZB6I2PIDYZAPZWWET5EO5C2WU4KDDVODMOVNMNVNS4C5QJWE3FMOLP5K\">El impacto del espacio p\u00fablico en la democracia. Se refiere Blanca Z\u00fa\u00f1iga, directora de la Escuela de Arquitectura.<\/a><\/p><p><strong>\u00a0<\/strong><\/p><p><strong>EL MERCURIO\u00a0<\/strong><\/p><p><a href=\"https:\/\/www.litoralpress.cl\/paginaconsultas\/Servicios_NClipSitioWeb\/Get_Imagen_Nota.aspx?LPKey=IBB35YFHQX53KIHR5X655L2NKMOMVGCDCW7PDPOAXIJJYH7AZO3A5SBMKAJSTTGZREI2LZYRXEKBY\">El da\u00f1o de la delincuencia en la econom\u00eda casi se duplica y los privados asumen el mayor costo. Se menciona a Rodrigo Saens, acad\u00e9mico de la Facultad de Econom\u00eda y Negocios. <\/a><\/p><p><strong>\u00a0<\/strong><\/p><p><strong>EL LECTOR<\/strong><\/p><p><a href=\"https:\/\/www.litoralpress.cl\/paginaconsultas\/Servicios_NClipSitioWeb\/Get_Imagen_Nota.aspx?LPKey=QDK6L55MGMUVAIAEG4QGJTZXBJ3PLUMPPIIOZ4RPN5NSFLY6GWN447EL4QEVTIINEGC4SY27FMPJW\">UTalca lidera proyecto internacional de investigaci\u00f3n sobre descarbonizaci\u00f3n justa. Se refiere Leidy Garc\u00eda P\u00e9rez, acad\u00e9mica de la Facultad de Econom\u00eda y Negocios. <\/a><\/p><p><strong>\u00a0<\/strong><\/p><p><strong>LATERCERA.COM<\/strong><\/p><p><a href=\"https:\/\/www.latercera.com\/practico\/noticia\/ventiladores-sirven-realmente-para-reducir-el-calor\/UVUUOUKGPJDUDEY6WZYXRH6PZA\/\">Ventiladores: \u00bfsirven realmente para reducir el calor? Se refiere Mar\u00eda Luisa del Campo Hitschfeld, directora del Centro Tecnol\u00f3gico KIPUS.<\/a><\/p><p>\u00a0<\/p><p><strong>T13.CL<\/strong><\/p><p><a href=\"https:\/\/www.t13.cl\/noticia\/nacional\/luego-rendir-paes-las-10-carreras-mayor-empleabilidad-al-primer-ano-egreso-29-11-2023\">Luego de rendir la PAES: Las 10 carreras con mayor empleabilidad al primer a\u00f1o de egreso. Se menciona a la carrera de Ingenier\u00eda Civil en Computaci\u00f3n.<\/a><\/p><p>\u00a0<\/p><p><strong><span style=\"font-style: inherit; font-weight: inherit;\">LAS \u00daLTIMAS NOTICIAS\u00a0<\/span><\/strong><\/p><p><a href=\"https:\/\/www.litoralpress.cl\/paginaconsultas\/Servicios_NClipSitioWeb\/Get_Imagen_Nota.aspx?LPKey=VF3RZOLZ7RTWA4S3CXINTHB6DRUQREKGD32U5SQFIUIBGTF3ZL6LVOVRPCBV5UABWHFKTCBN5RPU2\"><span style=\"font-style: inherit; font-weight: inherit;\">Panorama total de la acreditaci\u00f3n de las universidades chilenas<\/span>. Se menciona a la Universidad de Talca. <\/a><\/p><p><strong><span style=\"font-style: inherit; font-weight: inherit;\">\u00a0<\/span><\/strong><\/p><p><strong>LATERCERA.COM<\/strong><\/p><p><a href=\"https:\/\/www.latercera.com\/tendencias\/noticia\/como-lograr-dormir-pese-al-calor-y-las-altas-temperaturas-segun-los-doctores\/U6ODVKB2LRB3VEPBQPL3HHHWEA\/\">C\u00f3mo lograr dormir pese al calor y las altas temperaturas, seg\u00fan los doctores. Se menciona al Centro de Investigaci\u00f3n y Transferencia en Riego y Agroclimatolog\u00eda.<\/a><\/p><p>\u00a0<\/p><p><strong>EL LECTOR<\/strong><\/p><p><a href=\"https:\/\/www.litoralpress.cl\/paginaconsultas\/Servicios_NClipSitioWeb\/Get_Imagen_Nota.aspx?LPKey=F4DH2CR2WCQVQZAVHPUJSIVI55GADW3R2ITXH34LKBMJOSDYGLZZJDDA4VRJF45TCLU3ZUTAFNDBS\">Operadores tur\u00edsticos de Longav\u00ed se re\u00fanen para potenciar destinos de alta monta\u00f1a. Se menciona al Centro de Competitividad.<\/a><\/p><p>\u00a0<\/p><p><strong>EL LECTOR<\/strong><\/p><p><a href=\"https:\/\/www.litoralpress.cl\/paginaconsultas\/Servicios_NClipSitioWeb\/Get_Imagen_Nota.aspx?LPKey=TYLSIZF7OM6PYTDZMBTBTAYNC6POM33YWFXEJECF2NYCS7P5ZPAAV47DPVZATPCTWU7KEVXRSC7VI\">Capacitan a docentes y asistentes de p\u00e1rvulos en educaci\u00f3n cient\u00edfica. Se refiere Zoraya L\u00f3pez Caba\u00f1a, acad\u00e9mica del Instituto de Qu\u00edmica de Recursos Naturales. <\/a><\/p><p>\u00a0<\/p><p><strong>RADIO INFINITA<\/strong><\/p><p><a href=\"https:\/\/www.litoralpress.cl\/sitio\/RadioTV_Detalles.cshtml?LPKey=5NMF3MJSJS7IYDPBMLXPQH7KE2HJH23SGQNSAOE6PTPYZU7F57KIE655BQFIJ4YYGR5AYZ4FIUFUK\">An\u00e1lisis pol\u00edtico de Mauricio Morales, director del Centro de An\u00e1lisis Pol\u00edtico (CAP).<\/a><\/p>\t\t\t\t\t\t<\/div>\n\t\t\t\t<\/div>\n\t\t\t\t\t<\/div>\n\t\t<\/div>\n\t\t\t\t\t\t\t<\/div>\n\t\t<\/section>\n\t\t\t\t\t\t<\/div>\n\t\t\t\t\t<\/div>\n\t\t","protected":false},"excerpt":{"rendered":"<p>EL CIUDADANO Universidades se unen al Plan Nacional de B\u00fasqueda: Comit\u00e9 acad\u00e9mico apoyar\u00e1 proceso de digitalizaci\u00f3n de datos. Se refiere Carlos Torres Fuchslocher, rector. \u00a0 MEDIABANCO Universidades comprometen su apoyo al Plan Nacional de B\u00fasqueda, Justicia y Verdad. Se refiere Carlos Torres Fuchslocher, rector. \u00a0 ADPRENSA Universidades comprometen su apoyo al Plan Nacional de B\u00fasqueda, &hellip;<\/p>\n<p class=\"read-more\"> <a class=\"\" href=\"https:\/\/www.reportedeprensa.utalca.cl\/?p=8726\"> <span class=\"screen-reader-text\">01 de diciembre de 2023<\/span> Read More &raquo;<\/a><\/p>\n","protected":false},"author":1,"featured_media":0,"comment_status":"closed","ping_status":"open","sticky":false,"template":"","format":"standard","meta":{"_monsterinsights_skip_tracking":false,"_monsterinsights_sitenote_active":false,"_monsterinsights_sitenote_note":"","_monsterinsights_sitenote_category":0},"categories":[43],"tags":[],"_links":{"self":[{"href":"https:\/\/www.reportedeprensa.utalca.cl\/index.php?rest_route=\/wp\/v2\/posts\/8726"}],"collection":[{"href":"https:\/\/www.reportedeprensa.utalca.cl\/index.php?rest_route=\/wp\/v2\/posts"}],"about":[{"href":"https:\/\/www.reportedeprensa.utalca.cl\/index.php?rest_route=\/wp\/v2\/types\/post"}],"author":[{"embeddable":true,"href":"https:\/\/www.reportedeprensa.utalca.cl\/index.php?rest_route=\/wp\/v2\/users\/1"}],"replies":[{"embeddable":true,"href":"https:\/\/www.reportedeprensa.utalca.cl\/index.php?rest_route=%2Fwp%2Fv2%2Fcomments&post=8726"}],"version-history":[{"count":4,"href":"https:\/\/www.reportedeprensa.utalca.cl\/index.php?rest_route=\/wp\/v2\/posts\/8726\/revisions"}],"predecessor-version":[{"id":8730,"href":"https:\/\/www.reportedeprensa.utalca.cl\/index.php?rest_route=\/wp\/v2\/posts\/8726\/revisions\/8730"}],"wp:attachment":[{"href":"https:\/\/www.reportedeprensa.utalca.cl\/index.php?rest_route=%2Fwp%2Fv2%2Fmedia&parent=8726"}],"wp:term":[{"taxonomy":"category","embeddable":true,"href":"https:\/\/www.reportedeprensa.utalca.cl\/index.php?rest_route=%2Fwp%2Fv2%2Fcategories&post=8726"},{"taxonomy":"post_tag","embeddable":true,"href":"https:\/\/www.reportedeprensa.utalca.cl\/index.php?rest_route=%2Fwp%2Fv2%2Ftags&post=8726"}],"curies":[{"name":"wp","href":"https:\/\/api.w.org\/{rel}","templated":true}]}}