{"id":8735,"date":"2023-12-04T13:07:48","date_gmt":"2023-12-04T16:07:48","guid":{"rendered":"https:\/\/www.reportedeprensa.utalca.cl\/?p=8735"},"modified":"2023-12-04T13:13:55","modified_gmt":"2023-12-04T16:13:55","slug":"04-de-diciembre-de-2023","status":"publish","type":"post","link":"https:\/\/www.reportedeprensa.utalca.cl\/?p=8735","title":{"rendered":"04 de diciembre de 2023"},"content":{"rendered":"\t\t<div data-elementor-type=\"wp-post\" data-elementor-id=\"8735\" class=\"elementor elementor-8735\" data-elementor-settings=\"[]\">\n\t\t\t\t\t\t\t<div class=\"elementor-section-wrap\">\n\t\t\t\t\t\t\t<section class=\"elementor-section elementor-top-section elementor-element elementor-element-bcea1a8 elementor-section-boxed elementor-section-height-default elementor-section-height-default\" data-id=\"bcea1a8\" data-element_type=\"section\">\n\t\t\t\t\t\t<div class=\"elementor-container elementor-column-gap-default\">\n\t\t\t\t\t<div class=\"elementor-column elementor-col-100 elementor-top-column elementor-element elementor-element-e7183bf\" data-id=\"e7183bf\" data-element_type=\"column\">\n\t\t\t<div class=\"elementor-widget-wrap elementor-element-populated\">\n\t\t\t\t\t\t\t\t<div class=\"elementor-element elementor-element-5ffbb87 elementor-widget elementor-widget-text-editor\" data-id=\"5ffbb87\" data-element_type=\"widget\" data-widget_type=\"text-editor.default\">\n\t\t\t\t<div class=\"elementor-widget-container\">\n\t\t\t\t\t\t\t\t<p><strong>EL MOSTRADOR<\/strong><\/p><p><a href=\"https:\/\/www.elmostrador.cl\/noticias\/2023\/12\/01\/universidades-comprometen-su-apoyo-al-plan-nacional-de-busqueda-justicia-y-verdad\/\">Universidades comprometen su apoyo al Plan Nacional de B\u00fasqueda, Justicia y Verdad. Se refiere Carlos Torres Fuchslocher, rector.<\/a><\/p><p>\u00a0<\/p><p><strong>LA PRENSA DE CURIC\u00d3<\/strong><\/p><p><a href=\"https:\/\/www.litoralpress.cl\/paginaconsultas\/Servicios_NClipSitioWeb\/Get_Imagen_Nota.aspx?LPKey=RIAY7FAKOMW33A4G3H7JMMIKOHT3UMSTDAU5NZUCXERYIFA4CUF7OVZBOUZVRO3BRVQ6NSXVYEQ7U\">Universidades comprometen gesti\u00f3n al Plan Nacional de B\u00fasqueda, Justicia y Verdad. Se refiere Carlos Torres Fuchslocher, rector.<\/a><\/p><p>\u00a0<\/p><p><strong>DIARIO.UACH.CL<\/strong><\/p><p><a href=\"https:\/\/diario.uach.cl\/rectores-y-rectoras-cruch-acuerdan-por-unanimidad-colaborar-con-el-plan-nacional-de-busqueda\/\">Rectores y Rectoras CRUCH acuerdan por unanimidad colaborar con el Plan Nacional de B\u00fasqueda. Se refiere Carlos Torres Fuchslocher, rector.<\/a><\/p><p>\u00a0<\/p><p><strong>CR\u00d3NICADIGITAL.CL<\/strong><\/p><p><a href=\"https:\/\/www.cronicadigital.cl\/2023\/12\/01\/universidades-estatales-acuerdan-con-ministerios-de-educacion-y-justicia-fortalecer-la-formacion-e-investigacion-en-derechos-humanos\/\">Universidades Estatales acuerdan con Ministerios de Educaci\u00f3n y Justicia fortalecer formaci\u00f3n e investigaci\u00f3n en Derechos Humanos. Se refiere Carlos Torres Fuchslocher, rector.<\/a><\/p><p>\u00a0<\/p><p><strong>EL MOSTRADOR\u00a0 \u00a0<\/strong><\/p><p><a href=\"https:\/\/www.elmostrador.cl\/agenda-pais\/vida-en-linea\/2023\/12\/02\/que-es-la-resistencia-a-los-antimicrobianos-y-cuales-son-los-riesgos-para-la-salud-publica\/\">\u00bfQu\u00e9 es la resistencia a los antimicrobianos y cu\u00e1les son los riesgos para la salud p\u00fablica? Se refiere\u00a0Olga Lobos Gilabert,\u00a0acad\u00e9mica del Departamento de Microbiolog\u00eda<\/a>.<\/p><p>\u00a0<\/p><p><strong>MEGANOTICIAS.CL<\/strong><\/p><p><a href=\"https:\/\/www.meganoticias.cl\/calidad-de-vida\/432640-que-es-la-resistencia-a-los-antimicrobianos.html\">\u00bfQu\u00e9 es la resistencia a los antimicrobianos y cu\u00e1les son los riesgos para la salud p\u00fablica? Se refiere\u00a0Olga Lobos Gilabert,\u00a0acad\u00e9mica del Departamento de Microbiolog\u00eda.<\/a><\/p><p><strong>\u00a0<\/strong><\/p><p><strong>SEPTIMAPAGINANOTICIAS.CL<\/strong><\/p><p><a href=\"https:\/\/www.septimapaginanoticias.cl\/que-es-la-resistencia-a-los-antimicrobianos-y-cuales-son-los-riesgos-para-la-salud-publica\">\u00bfQu\u00e9 es la resistencia a los antimicrobianos y cu\u00e1les son los riesgos para la salud p\u00fablica? Se refiere\u00a0Olga Lobos Gilabert,\u00a0acad\u00e9mica del Departamento de Microbiolog\u00eda.<\/a><\/p><p>\u00a0<\/p><p><strong>ELMAULEINFORMA.CL<\/strong><\/p><p><a href=\"https:\/\/elmauleinforma.cl\/que-es-la-resistencia-a-los-antimicrobianos-y-cuales-son-los-riesgos-para-la-salud-publica\/\">\u00bfQu\u00e9 es la resistencia a los antimicrobianos y cu\u00e1les son los riesgos para la salud p\u00fablica? Se refiere\u00a0Olga Lobos Gilabert,\u00a0acad\u00e9mica del Departamento de Microbiolog\u00eda.<\/a><\/p><p>\u00a0<\/p><p><strong>MEDIABANCO<\/strong><\/p><p><a href=\"https:\/\/www.mediabanco.com\/doctorado-en-ciencias-agrarias-de-la-utalca-es-acreditado-por-seis-anos\/\">Doctorado en Ciencias Agrarias de la UTalca es acreditado por seis a\u00f1os. Se refiere Felipe Laurie, director del programa.<\/a><\/p><p>\u00a0<\/p><p><strong>ADPRENSA<\/strong><\/p><p><a href=\"https:\/\/www.adprensa.cl\/cronica\/doctorado-en-ciencias-agrarias-de-la-utalca-es-acreditado-por-seis-anos\/\">Doctorado en Ciencias Agrarias de la UTalca es acreditado por seis a\u00f1os. Se refiere Felipe Laurie, director del programa.<\/a><\/p><p>\u00a0<\/p><p><strong>EL LECTOR<\/strong><\/p><p><a href=\"https:\/\/www.litoralpress.cl\/paginaconsultas\/Servicios_NClipSitioWeb\/Get_Imagen_Nota.aspx?LPKey=L6M5P5AMBFXPOHY6MPXAKFDOHLC3JCGQTXBPUNQ3OPWORP42NHFPKYCUZ4VW7WSHQ6MZ7HTGQEQFY\">Doctorado en Ciencias Agrarias de la UTalca es acreditado por seis a\u00f1os. Se refiere Felipe Laurie, director del programa.<\/a><\/p><p>\u00a0<\/p><p><strong>RADIOAGRICULTURA.CL<\/strong><\/p><p><a href=\"https:\/\/www.radioagricultura.cl\/elagro\/2023\/12\/03\/agricultura-vertical-expertos-presentaron-avances-y-proyecciones-de-este-proyecto\/\">Agricultura vertical: Expertos presentaron avances y ejecuciones de este proyecto. Se refiere Gilda Carrasco, directora del Proyecto de Agricultura Vertical Hort\u00edcola.\u00a0<\/a><\/p><p>\u00a0<\/p><p><strong>ELREPORTEDIARIO.CL<\/strong><\/p><p><a href=\"https:\/\/reportediario.cl\/2023\/12\/03\/agricultura-vertical-la-revolucion-que-esta-transformando-la-industria-agricola\/\">Agricultura vertical: La revoluci\u00f3n que est\u00e1 transformando la industria agr\u00edcola. Se menciona a la Universidad de Talca.<\/a><\/p><p>\u00a0<\/p><p><strong>CANAL CNN CHILE<\/strong><\/p><p><a href=\"https:\/\/www.litoralpress.cl\/sitio\/RadioTV_Detalles.cshtml?LPKey=WVUHXKP3ZDQ25LD6SD3DKEQBJQRI5WLWKBQ242KMCPND3VWQKXDOUYFEOSZQZK7QKWYU42LQ3BMWC\">Comisi\u00f3n: \u00bfHabr\u00e1 votos para Comisi\u00f3n 2.0? Se refiere Mario Herrera, investigador del Centro de An\u00e1lisis Pol\u00edtico (CAP). <\/a><\/p><p><strong>\u00a0<\/strong><\/p><p><strong>EL MOSTRADOR<\/strong><\/p><p><a href=\"https:\/\/www.elmostrador.cl\/braga\/2023\/12\/02\/responden-analistas-por-que-ley-de-aborto-y-papito-corazon-estan-en-riesgo-con-nueva-constitucion\/\">Responden analistas: \u00bfPor qu\u00e9 ley de aborto y papito coraz\u00f3n est\u00e1n en riesgo con nueva Constituci\u00f3n? Se refiere Mar\u00eda Ignacia Sandoval Gallardo, acad\u00e9mica del Centro de Estudios Constitucionales.<\/a><\/p><p>\u00a0<\/p><p><strong>LATERCERA.COM<\/strong><\/p><p><a href=\"https:\/\/www.latercera.com\/tendencias\/noticia\/4-estrategias-para-disminuir-riesgo-de-accidentes-por-falta-de-sueno\/OKANP7JGZBD33HRWAKPIBJEIOI\/\">4 estrategias para disminuir riesgo de accidentes por falta de sue\u00f1o. Se menciona a la Universidad de Talca.<\/a><\/p><p>\u00a0<\/p><p><strong>LAS \u00daLTIMAS NOTICIAS<\/strong><\/p><p><a href=\"https:\/\/www.litoralpress.cl\/paginaconsultas\/Servicios_NClipSitioWeb\/Get_Imagen_Nota.aspx?LPKey=X4UN2JJRDOTO4JYKW3NWHXZ6GFFZ7KONWPVGIBIBQO3FSG25NMKGKLFDCSDHYEBSD2FNBISPSA7KK\">\u00bfSu hijo sue\u00f1a con ser m\u00e9dico? Cu\u00e1ntos puntos necesita seg\u00fan cada universidad. Se menciona a la Universidad de Talca.<\/a><\/p><p><strong>\u00a0<\/strong><\/p><p><strong>ESTAPASANDO.CL<\/strong><\/p><p><a href=\"https:\/\/estapasando.cl\/no-se-nota-todavia-preparese-el-calor-del-verano-va-a-ser-extremo\/\">\u00bfNo se nota todav\u00eda? Prep\u00e1rese: el calor del verano va a ser extremo. Se menciona al Centro de Investigaci\u00f3n y Transferencia en Riego y Agroclimatolog\u00eda (CITRA).<\/a><\/p><p>\u00a0<\/p><p><strong>EL MERCURIO<\/strong><\/p><p><a href=\"https:\/\/www.litoralpress.cl\/paginaconsultas\/Servicios_NClipSitioWeb\/Get_Imagen_Nota.aspx?LPKey=FRFPZJO7UBLVD5ITMLIADEFETV5LG3YZ7FFNT3KBFCUYKCU2VE7BGXLAZQZ6FPDXBP7PEMSMP4R5O\">&#8220;El Mercurio&#8221; celebr\u00f3 la primera versi\u00f3n del &#8220;Premio Nacional de Log\u00edstica&#8221;. Se menciona a Marcela Gonz\u00e1lez, acad\u00e9mica de la Facultad de Ingenier\u00eda<\/a><\/p><p>\u00a0<\/p><p><strong>EL LECTOR<\/strong><\/p><p><a href=\"https:\/\/www.litoralpress.cl\/paginaconsultas\/Servicios_NClipSitioWeb\/Get_Imagen_Nota.aspx?LPKey=TYLSIZF7OM6PYTDZMBTBTAYNC6POM33YWFXEJECF2NYCS7P5ZPAAV47DPVZATPCTWU7KEVXRSC7VI\">Capacitan a docentes y asistentes de p\u00e1rvulos en educaci\u00f3n cient\u00edfica. Se refiere Zoraya L\u00f3pez Caba\u00f1a, acad\u00e9mica del Instituto de Qu\u00edmica de Recursos Naturales.<\/a><\/p><p>\u00a0<\/p><p><strong>MEDIABANCO<\/strong><\/p><p><a href=\"https:\/\/www.mediabanco.com\/editorial-utalca-publica-nuevo-titulo-que-da-cuenta-de-la-historia-de-la-acuarela-en-chile\/\">Editorial UTalca publica nuevo t\u00edtulo que da cuenta de la historia de la acuarela en Chile. Se refiere Marcela Albornoz Dachelet, directora de la Editorial UTalca.<\/a><\/p><p>\u00a0<\/p><p><strong>ADPRENSA<\/strong><\/p><p><a href=\"https:\/\/www.adprensa.cl\/cronica\/editorial-utalca-publica-nuevo-titulo-que-da-cuenta-de-la-historia-de-la-acuarela-en-chile\/\">Editorial UTalca publica nuevo t\u00edtulo que da cuenta de la historia de la acuarela en Chile. Se refiere Marcela Albornoz Dachelet, directora de la Editorial UTalca.<\/a><\/p><p>\u00a0<\/p><p><strong>DIARIOTALCA.CL<\/strong><\/p><p><a href=\"https:\/\/diariotalca.cl\/utalca-publica-nuevo-titulo-que-da-cuenta-de-la-historia-de-la-acuarela\/\">UTalca publica nuevo t\u00edtulo que da cuenta de la historia de la acuarela. Se refiere Marcela Albornoz Dachelet, directora de la Editorial UTalca.<\/a><\/p><p>\u00a0<\/p><p><strong>LAS NOTICIAS<\/strong><\/p><p><a href=\"https:\/\/www.litoralpress.cl\/paginaconsultas\/Servicios_NClipSitioWeb\/Get_Imagen_Nota.aspx?LPKey=GTHR74IL6WCDMPMCYGCFASSHEMCN3ZPV62BEHZGZNOPV27EOL5U2NO5YEFDD55GOB2XXLPAHWQSGY\">Acad\u00e9mico de la Sede Victoria presenta ponencia en las XIII Jornadas Nacionales de Derecho de Consumo. Se menciona a la Universidad de Talca.<\/a><\/p>\t\t\t\t\t\t<\/div>\n\t\t\t\t<\/div>\n\t\t\t\t\t<\/div>\n\t\t<\/div>\n\t\t\t\t\t\t\t<\/div>\n\t\t<\/section>\n\t\t\t\t\t\t<\/div>\n\t\t\t\t\t<\/div>\n\t\t","protected":false},"excerpt":{"rendered":"<p>EL MOSTRADOR Universidades comprometen su apoyo al Plan Nacional de B\u00fasqueda, Justicia y Verdad. Se refiere Carlos Torres Fuchslocher, rector. \u00a0 LA PRENSA DE CURIC\u00d3 Universidades comprometen gesti\u00f3n al Plan Nacional de B\u00fasqueda, Justicia y Verdad. Se refiere Carlos Torres Fuchslocher, rector. \u00a0 DIARIO.UACH.CL Rectores y Rectoras CRUCH acuerdan por unanimidad colaborar con el Plan &hellip;<\/p>\n<p class=\"read-more\"> <a class=\"\" href=\"https:\/\/www.reportedeprensa.utalca.cl\/?p=8735\"> <span class=\"screen-reader-text\">04 de diciembre de 2023<\/span> Read More &raquo;<\/a><\/p>\n","protected":false},"author":1,"featured_media":0,"comment_status":"closed","ping_status":"open","sticky":false,"template":"","format":"standard","meta":{"_monsterinsights_skip_tracking":false,"_monsterinsights_sitenote_active":false,"_monsterinsights_sitenote_note":"","_monsterinsights_sitenote_category":0},"categories":[43],"tags":[],"_links":{"self":[{"href":"https:\/\/www.reportedeprensa.utalca.cl\/index.php?rest_route=\/wp\/v2\/posts\/8735"}],"collection":[{"href":"https:\/\/www.reportedeprensa.utalca.cl\/index.php?rest_route=\/wp\/v2\/posts"}],"about":[{"href":"https:\/\/www.reportedeprensa.utalca.cl\/index.php?rest_route=\/wp\/v2\/types\/post"}],"author":[{"embeddable":true,"href":"https:\/\/www.reportedeprensa.utalca.cl\/index.php?rest_route=\/wp\/v2\/users\/1"}],"replies":[{"embeddable":true,"href":"https:\/\/www.reportedeprensa.utalca.cl\/index.php?rest_route=%2Fwp%2Fv2%2Fcomments&post=8735"}],"version-history":[{"count":4,"href":"https:\/\/www.reportedeprensa.utalca.cl\/index.php?rest_route=\/wp\/v2\/posts\/8735\/revisions"}],"predecessor-version":[{"id":8739,"href":"https:\/\/www.reportedeprensa.utalca.cl\/index.php?rest_route=\/wp\/v2\/posts\/8735\/revisions\/8739"}],"wp:attachment":[{"href":"https:\/\/www.reportedeprensa.utalca.cl\/index.php?rest_route=%2Fwp%2Fv2%2Fmedia&parent=8735"}],"wp:term":[{"taxonomy":"category","embeddable":true,"href":"https:\/\/www.reportedeprensa.utalca.cl\/index.php?rest_route=%2Fwp%2Fv2%2Fcategories&post=8735"},{"taxonomy":"post_tag","embeddable":true,"href":"https:\/\/www.reportedeprensa.utalca.cl\/index.php?rest_route=%2Fwp%2Fv2%2Ftags&post=8735"}],"curies":[{"name":"wp","href":"https:\/\/api.w.org\/{rel}","templated":true}]}}