{"id":8746,"date":"2023-12-06T12:22:57","date_gmt":"2023-12-06T15:22:57","guid":{"rendered":"https:\/\/www.reportedeprensa.utalca.cl\/?p=8746"},"modified":"2023-12-06T12:25:48","modified_gmt":"2023-12-06T15:25:48","slug":"05-de-diciembre-de-2023","status":"publish","type":"post","link":"https:\/\/www.reportedeprensa.utalca.cl\/?p=8746","title":{"rendered":"05 de diciembre de 2023"},"content":{"rendered":"\t\t<div data-elementor-type=\"wp-post\" data-elementor-id=\"8746\" class=\"elementor elementor-8746\" data-elementor-settings=\"[]\">\n\t\t\t\t\t\t\t<div class=\"elementor-section-wrap\">\n\t\t\t\t\t\t\t<section class=\"elementor-section elementor-top-section elementor-element elementor-element-bcea1a8 elementor-section-boxed elementor-section-height-default elementor-section-height-default\" data-id=\"bcea1a8\" data-element_type=\"section\">\n\t\t\t\t\t\t<div class=\"elementor-container elementor-column-gap-default\">\n\t\t\t\t\t<div class=\"elementor-column elementor-col-100 elementor-top-column elementor-element elementor-element-e7183bf\" data-id=\"e7183bf\" data-element_type=\"column\">\n\t\t\t<div class=\"elementor-widget-wrap elementor-element-populated\">\n\t\t\t\t\t\t\t\t<div class=\"elementor-element elementor-element-5ffbb87 elementor-widget elementor-widget-text-editor\" data-id=\"5ffbb87\" data-element_type=\"widget\" data-widget_type=\"text-editor.default\">\n\t\t\t\t<div class=\"elementor-widget-container\">\n\t\t\t\t\t\t\t\t<p><strong>PUBLIMICRO<\/strong><\/p><p><a href=\"https:\/\/publimicro.cl\/liderazgo-nacional-doctorado-en-ciencias-agrarias-de-la-universidad-de-talca-es-acreditado-por-seis-anos-por-la-cna\/\">Liderazgo nacional: Doctorado en Ciencias Agrarias de la Universidad de Talca, es acreditado por seis a\u00f1os por la CNA. Se refiere Felipe Laurie, director del programa.<\/a><\/p><p>\u00a0<\/p><p><strong>ADPRENSA<\/strong><\/p><p><a href=\"https:\/\/www.adprensa.cl\/cronica\/sexualidad-en-la-tercera-edad-entre-el-tabu-y-sus-desafios\/\">Sexualidad en la tercera edad: entre el tab\u00fa y sus desaf\u00edos. Se refiere Carolina Riveros Ferrada, acad\u00e9mica de la Facultad de Ciencias Jur\u00eddicas y Sociales.<\/a><\/p><p>\u00a0<\/p><p><strong>MEDIABANCO<\/strong><\/p><p><a href=\"https:\/\/www.mediabanco.com\/sexualidad-en-la-tercera-edad-entre-el-tabu-y-sus-desafios\/\">Sexualidad en la tercera edad: entre el tab\u00fa y sus desaf\u00edos. Se refiere Carolina Riveros Ferrada, acad\u00e9mica de la Facultad de Ciencias Jur\u00eddicas y Sociales.<\/a><\/p><p>\u00a0<\/p><p><strong>SEPTIMAPAGINANOTICIAS.CL<\/strong><\/p><p><a href=\"https:\/\/www.septimapaginanoticias.cl\/sexualidad-en-la-tercera-edad-entre-el-tabu-y-sus-desafios\">Sexualidad en la tercera edad: entre el tab\u00fa y sus desaf\u00edos. Se refiere Carolina Riveros Ferrada, acad\u00e9mica de la Facultad de Ciencias Jur\u00eddicas y Sociales.<\/a><\/p><p>\u00a0<\/p><p><strong>CIENCIAYSALUD.CL\u00a0\u00a0\u00a0\u00a0\u00a0\u00a0\u00a0\u00a0<\/strong><\/p><p><a href=\"https:\/\/cienciaysalud.cl\/2023\/12\/04\/que-es-la-resistencia-a-los-antimicrobianos-y-cuales-son-los-riesgos-para-la-salud-publica\/\">\u00bfQu\u00e9 es la resistencia a los antimicrobianos y cu\u00e1les son los riesgos para la salud p\u00fablica? Se refiere Olga Lobos Gilabert, acad\u00e9mica del Departamento de Microbiolog\u00eda de la Universidad de Talca.<\/a><\/p><p>\u00a0<\/p><p><strong>DIARIO FINANCIERO<\/strong><\/p><p><a href=\"https:\/\/www.litoralpress.cl\/sitio\/Prensa_Detalles.cshtml?LPKey=54M5JXPVU6CHM57SKFGLZICO7UEPA5GQ6THRYN3Q7O5OIMCJOKUA\">Panel UC: temor de la poblaci\u00f3n a los delitos responde m\u00e1s a datos concretos que a percepciones. Se refiere \u00c1lvaro Rojas Mar\u00edn, acad\u00e9mico de la Facultad de Ciencias Agrarias.<\/a><\/p><p>\u00a0<\/p><p><strong>DIARIO FINANCIERO ONLINE<\/strong><\/p><p><a href=\"https:\/\/www.df.cl\/economia-y-politica\/pais\/panel-uc-temor-de-la-poblacion-a-los-delitos-responde-mas-a-datos\">Panel UC: temor de la poblaci\u00f3n a los delitos responde m\u00e1s a datos concretos que a percepciones. Se refiere \u00c1lvaro Rojas Mar\u00edn, acad\u00e9mico de la Facultad de Ciencias Agrarias.<\/a><\/p><p>\u00a0<\/p><p><strong>PORTALINNOVA.CL<\/strong><\/p><p><a href=\"https:\/\/portalinnova.cl\/investigan-la-produccion-a-gran-escala-de-polisacaridos-bacterianos-para-aplicaciones-biotecnologicas\/\">Investigan la producci\u00f3n a gran escala de polisac\u00e1ridos bacterianos para aplicaciones biotecnol\u00f3gicas. Se menciona a Aldolfo Marican Riquelme, acad\u00e9mico del Instituto de Qu\u00edmica de Recursos Naturales.<\/a><\/p><p>\u00a0<\/p><p><strong>DIARIO CONCEPCI\u00d3N<\/strong><\/p><p><a href=\"https:\/\/www.litoralpress.cl\/paginaconsultas\/Servicios_NClipSitioWeb\/Get_Imagen_Nota.aspx?LPKey=TVTP74BCSF7WE3QDYAQP634YJUMCMCIGDEAQFZZ2X6MDTCNUU7LOYMNZ4CDOYJ7T5TVT5V55KZD7Y\">D\u00eda Mundial del Urbanismo y personas mayores. Se refiere Fabiola Helbig, acad\u00e9mica de la Escuela de Terapia Ocupacional.<\/a><\/p><p>\u00a0<\/p><p><strong>RADIO CONDELL<\/strong><\/p><p><a href=\"https:\/\/www.litoralpress.cl\/sitio\/RadioTV_Detalles.cshtml?LPKey=N4Y42ZCB7QFCPIEZMXPFLD2JMKCUIS4P36RCWQXFGGPNN2PBWVE2FU7HKBYBRXLG4ZBA3MG5XRLN6\">Admisi\u00f3n 2024. Oportunidades en el estudio de las ingenier\u00edas en la UTalca. Se refiere Javier Mu\u00f1oz Vidal, decano de la Facultad de Ingenier\u00eda.<\/a><\/p><p>\u00a0<\/p><p><strong>LA PRENSA DE CURIC\u00d3<\/strong><\/p><p><a href=\"https:\/\/www.litoralpress.cl\/paginaconsultas\/Servicios_NClipSitioWeb\/Get_Imagen_Nota.aspx?LPKey=ULGAP66FSUMJQ3Z4I7KPTSXPITPYNVOZOCATOBQWXK2HBIDLWWOD4VUBOBG7HBTQEIM2D6PV5MO4Q\">Publican libro que da cuenta de la historia de la acuarela en Chile. Se refiere Marcela Albornoz Dachelet, directora de la Editorial UTalca.<\/a><\/p><p>\u00a0<\/p><p><strong>PUBLIMICRO.CL<\/strong><\/p><p><a href=\"https:\/\/publimicro.cl\/editorial-utalca-publica-nuevo-titulo-que-da-cuenta-de-la-historia-de-la-acuarela-en-chile\/\">Editorial UTalca publica nuevo t\u00edtulo que da cuenta de la historia de la acuarela en Chile. Se refiere Marcela Albornoz Dachelet, directora de la Editorial UTalca.<\/a><\/p><p>\u00a0<\/p><p><strong>INFINITA.CL<\/strong><\/p><p><a href=\"https:\/\/www.infinita.cl\/columnas\/2023\/12\/04\/analisis-politico-mauricio-morales-pulso-ciudadano.html\">El An\u00e1lisis Pol\u00edtico: Lo que trae la encuesta Pulso Ciudadano. Se refiere Mauricio Morales, director del Centro de An\u00e1lisis Pol\u00edtico (CAP).<\/a><\/p><p>\u00a0<\/p><p><strong>DIARIOELCENTRO.CL<\/strong><\/p><p><a href=\"https:\/\/www.diarioelcentro.cl\/2023\/12\/04\/chile-el-plebiscito-del-17-de-diciembre\/\">Chile: El plebiscito del 17 de diciembre. Se refiere Paulo Hidalgo, acad\u00e9mico de la Facultad de Ciencias Jur\u00eddicas y Sociales.<\/a><\/p>\t\t\t\t\t\t<\/div>\n\t\t\t\t<\/div>\n\t\t\t\t\t<\/div>\n\t\t<\/div>\n\t\t\t\t\t\t\t<\/div>\n\t\t<\/section>\n\t\t\t\t\t\t<\/div>\n\t\t\t\t\t<\/div>\n\t\t","protected":false},"excerpt":{"rendered":"<p>PUBLIMICRO Liderazgo nacional: Doctorado en Ciencias Agrarias de la Universidad de Talca, es acreditado por seis a\u00f1os por la CNA. Se refiere Felipe Laurie, director del programa. \u00a0 ADPRENSA Sexualidad en la tercera edad: entre el tab\u00fa y sus desaf\u00edos. Se refiere Carolina Riveros Ferrada, acad\u00e9mica de la Facultad de Ciencias Jur\u00eddicas y Sociales. \u00a0 &hellip;<\/p>\n<p class=\"read-more\"> <a class=\"\" href=\"https:\/\/www.reportedeprensa.utalca.cl\/?p=8746\"> <span class=\"screen-reader-text\">05 de diciembre de 2023<\/span> Read More &raquo;<\/a><\/p>\n","protected":false},"author":1,"featured_media":0,"comment_status":"closed","ping_status":"open","sticky":false,"template":"","format":"standard","meta":{"_monsterinsights_skip_tracking":false,"_monsterinsights_sitenote_active":false,"_monsterinsights_sitenote_note":"","_monsterinsights_sitenote_category":0},"categories":[43],"tags":[],"_links":{"self":[{"href":"https:\/\/www.reportedeprensa.utalca.cl\/index.php?rest_route=\/wp\/v2\/posts\/8746"}],"collection":[{"href":"https:\/\/www.reportedeprensa.utalca.cl\/index.php?rest_route=\/wp\/v2\/posts"}],"about":[{"href":"https:\/\/www.reportedeprensa.utalca.cl\/index.php?rest_route=\/wp\/v2\/types\/post"}],"author":[{"embeddable":true,"href":"https:\/\/www.reportedeprensa.utalca.cl\/index.php?rest_route=\/wp\/v2\/users\/1"}],"replies":[{"embeddable":true,"href":"https:\/\/www.reportedeprensa.utalca.cl\/index.php?rest_route=%2Fwp%2Fv2%2Fcomments&post=8746"}],"version-history":[{"count":4,"href":"https:\/\/www.reportedeprensa.utalca.cl\/index.php?rest_route=\/wp\/v2\/posts\/8746\/revisions"}],"predecessor-version":[{"id":8750,"href":"https:\/\/www.reportedeprensa.utalca.cl\/index.php?rest_route=\/wp\/v2\/posts\/8746\/revisions\/8750"}],"wp:attachment":[{"href":"https:\/\/www.reportedeprensa.utalca.cl\/index.php?rest_route=%2Fwp%2Fv2%2Fmedia&parent=8746"}],"wp:term":[{"taxonomy":"category","embeddable":true,"href":"https:\/\/www.reportedeprensa.utalca.cl\/index.php?rest_route=%2Fwp%2Fv2%2Fcategories&post=8746"},{"taxonomy":"post_tag","embeddable":true,"href":"https:\/\/www.reportedeprensa.utalca.cl\/index.php?rest_route=%2Fwp%2Fv2%2Ftags&post=8746"}],"curies":[{"name":"wp","href":"https:\/\/api.w.org\/{rel}","templated":true}]}}