{"id":8751,"date":"2023-12-06T12:50:46","date_gmt":"2023-12-06T15:50:46","guid":{"rendered":"https:\/\/www.reportedeprensa.utalca.cl\/?p=8751"},"modified":"2023-12-06T12:54:17","modified_gmt":"2023-12-06T15:54:17","slug":"06-de-diciembre-de-2023","status":"publish","type":"post","link":"https:\/\/www.reportedeprensa.utalca.cl\/?p=8751","title":{"rendered":"06 de diciembre de 2023"},"content":{"rendered":"\t\t<div data-elementor-type=\"wp-post\" data-elementor-id=\"8751\" class=\"elementor elementor-8751\" data-elementor-settings=\"[]\">\n\t\t\t\t\t\t\t<div class=\"elementor-section-wrap\">\n\t\t\t\t\t\t\t<section class=\"elementor-section elementor-top-section elementor-element elementor-element-bcea1a8 elementor-section-boxed elementor-section-height-default elementor-section-height-default\" data-id=\"bcea1a8\" data-element_type=\"section\">\n\t\t\t\t\t\t<div class=\"elementor-container elementor-column-gap-default\">\n\t\t\t\t\t<div class=\"elementor-column elementor-col-100 elementor-top-column elementor-element elementor-element-e7183bf\" data-id=\"e7183bf\" data-element_type=\"column\">\n\t\t\t<div class=\"elementor-widget-wrap elementor-element-populated\">\n\t\t\t\t\t\t\t\t<div class=\"elementor-element elementor-element-5ffbb87 elementor-widget elementor-widget-text-editor\" data-id=\"5ffbb87\" data-element_type=\"widget\" data-widget_type=\"text-editor.default\">\n\t\t\t\t<div class=\"elementor-widget-container\">\n\t\t\t\t\t\t\t\t<p><strong>CAUQUENESNET<\/strong><strong>.CL<\/strong><\/p><p><a href=\"https:\/\/cauquenesnet.cl\/2023\/12\/05\/en-conferencia-internacional-se-presentaron-avances-de-proyecto-portafolio-de-servicio-biotecnologico-en-salud-financiado-por-gobierno-regional-del-maule\/\">En conferencia internacional se presentaron avances de proyecto Portafolio de servicio biotecnol\u00f3gico en Salud financiado por Gobierno Regional del Maule. Se refiere Carlos Torres Fuchslocher, rector; y Wendy Gonz\u00e1lez D\u00edaz, directora del Centro de Bioinform\u00e1tica, Simulaci\u00f3n y Modelado (CBSM).<\/a><\/p><p>\u00a0<\/p><p><strong>AD PRENSA<\/strong><strong>\u00a0<\/strong><\/p><p><a href=\"https:\/\/www.adprensa.cl\/cronica\/personas-mayores-del-maule-finalizan-cursos-que-fomentan-la-autovalencia-y-el-desarrollo-integral\/\">Personas mayores del Maule finalizan cursos que fomentan la autovalencia y el desarrollo integral. Se refiere Iv\u00e1n Palomo, Facultad de Ciencias\u00a0de la Salud UTalca.\u00a0<\/a><\/p><p>\u00a0<\/p><p><strong>MEDIABANCO<\/strong><strong>\u00a0<\/strong><\/p><p><a href=\"https:\/\/www.mediabanco.com\/personas-mayores-del-maule-finalizan-cursos-que-fomentan-la-autovalencia-y-el-desarrollo-integral\/\">Personas mayores del Maule finalizan cursos que fomentan la autovalencia y el desarrollo integral. Se refiere Iv\u00e1n Palomo, Facultad de Ciencias\u00a0de la Salud UTalca.\u00a0<\/a><\/p><p>\u00a0<\/p><p><strong>EN L\u00cdNEA MAULE<\/strong>\u00a0<\/p><p><a href=\"https:\/\/enlineamaule.cl\/archivo\/54019\">Fomentan la autonom\u00eda y desarrollo integral en adultos mayores mediante taller. Se refiere Iv\u00e1n Palomo, Facultad de Ciencias de la Salud UTalca.\u00a0<\/a><\/p><p>\u00a0<\/p><p><strong>EL MOSTRADOR<\/strong>\u00a0<\/p><p><a href=\"https:\/\/www.elmostrador.cl\/braga\/2023\/12\/05\/sexualidad-en-la-tercera-edad-entre-el-tabu-y-sus-desafios\/\">Sexualidad en la tercera edad: entre el tab\u00fa y sus desaf\u00edos. Se refiere Carolina Riveros Ferrada, acad\u00e9mica Facultad de Ciencias Jur\u00eddicas y Sociales UTalca.\u00a0<\/a><\/p><p>\u00a0<\/p><p><strong>RADIO NUEVO MUNDO<\/strong><strong>\u00a0<\/strong><\/p><p><a href=\"https:\/\/radionuevomundo.cl\/2023\/12\/05\/sexualidad-en-la-tercera-edad-una-realidad-para-el-envejecimiento-saludable\/\">Sexualidad en la tercera edad: una realidad para el envejecimiento saludable. Se refiere Carolina Riveros Ferrada, acad\u00e9mica Facultad de Ciencias Jur\u00eddicas y Sociales UTalca.\u00a0<\/a><\/p><p>\u00a0<\/p><p><strong>VIDA Y SALUD<\/strong>\u00a0<\/p><p><a href=\"https:\/\/vidaysalud.la\/vida-sexual\/2023\/12\/04\/explora-la-verdad-sobre-la-sexualidad-en-la-tercera-edad-desde-desafios-hasta-protocolos.html\">\u00a1Explora la verdad sobre la sexualidad en la tercera edad! Desde desaf\u00edos hasta protocolos. Se refiere Carolina Riveros Ferrada, acad\u00e9mica Facultad de Ciencias Jur\u00eddicas y Sociales UTalca.\u00a0<\/a><\/p><p>\u00a0<\/p><p><strong>CIENCIAYSALUD.CL\u00a0\u00a0\u00a0\u00a0\u00a0 <\/strong><\/p><p><a href=\"https:\/\/cienciaysalud.cl\/2023\/12\/04\/que-es-la-resistencia-a-los-antimicrobianos-y-cuales-son-los-riesgos-para-la-salud-publica\/\">\u00bfQu\u00e9 es la resistencia a los antimicrobianos y cu\u00e1les son los riesgos para la salud p\u00fablica? Se refiere Olga Lobos Gilabert, acad\u00e9mica del Departamento de Microbiolog\u00eda de la Universidad de Talca.<\/a><\/p><p>\u00a0<\/p><p><strong>CANAL TVN RED MAULE<\/strong><strong>\u00a0<\/strong><\/p><p><a href=\"https:\/\/www.litoralpress.cl\/sitio\/RadioTV_Detalles.cshtml?LPKey=XA3HKARWSBERLMH3HFFDTNDMAF6ATTFPYA74M5A46UJNDYRBSK6XHNL5ZN5ECSSOYZR3PF3UZP4IA\">Lactante necesita el medicamento m\u00e1s caro del mundo. Se refiere Andrea Leyton, Cl\u00ednica\u00a0de Kinesiolog\u00eda UTalca\u00a0<\/a><\/p><p><strong>\u00a0<\/strong><\/p><p><strong>RADIO FUTURO<\/strong><strong>\u00a0<\/strong><\/p><p><a href=\"https:\/\/www.futuro.cl\/2023\/12\/patricio-gonzalez-la-cop28-sobre-el-cambio-climatico-da-cuenta-de-que-es-irreversible-y-hay-que-hacer-una-estrategia-para-poder-adaptarnos\/\">\u201cLa\u00a0COP28\u00a0sobre el cambio clim\u00e1tico da cuenta de que es irreversible y hay que hacer una estrategia para poder adaptarnos\u201d. Se refiere Patricio Gonz\u00e1lez,\u00a0agroclimat\u00f3logo\u00a0del Centro de Investigaci\u00f3n y Transferencia en Riego y Agroclimatolog\u00eda (CITRA).<\/a><\/p><p>\u00a0<\/p><p><strong>FUTURO 360<\/strong>\u00a0<\/p><p><a href=\"https:\/\/www.futuro360.com\/desafiotierra\/ranking-de-las-10-comunas-mas-afectadas-por-las-olas-de-calor_20231205\/\">Estudio revela las 10 comunas de Santiago m\u00e1s impactadas por las olas de calor. Se menciona la Universidad de Talca. \u00a0<\/a><\/p><p>\u00a0<\/p><p><strong>EL RANCAGUINO<\/strong>\u00a0<\/p><p><a href=\"https:\/\/www.elrancaguino.cl\/2023\/12\/05\/como-sacarle-el-maximo-provecho-al-aire-acondicionado-de-tu-auto\/\">C\u00f3mo sacarle el m\u00e1ximo provecho al aire acondicionado de tu auto. Se\u00a0menciona la Universidad de Talca.\u00a0<\/a><\/p><p><strong>\u00a0<\/strong><\/p><p><strong>CANAL TVN RED MAULE<\/strong><strong>\u00a0<\/strong><\/p><p><a href=\"https:\/\/www.litoralpress.cl\/sitio\/RadioTV_Detalles.cshtml?LPKey=AVV2T3PU2JNKWORBXDCESV76PJPMQLGDI56JM6LNIYLRQJNWNXU2ZONEZLUBLPSU7CX22Q3XDVNW4\">An\u00e1lisis de los caudales de la regi\u00f3n y accidentes. Se refiere Roberto Pizarro, director de la c\u00e1tedra UNESCO en Hidrolog\u00eda de Superficie. \u00a0<\/a><\/p><p><strong>\u00a0<\/strong><\/p><p><strong>EMOL<\/strong>\u00a0<\/p><p><a href=\"https:\/\/www.emol.com\/noticias\/Nacional\/2023\/12\/05\/1114\">Ranking de las universidades m\u00e1s sostenibles del mundo: Hay 10 chilenas dentro del top #50 latinoamericano. Se menciona a la Universidad de Talca. \u00a0<\/a><\/p><p>\u00a0<\/p><p><strong>RED GOL<\/strong>\u00a0<\/p><p><a href=\"https:\/\/redgol.cl\/tendencias\/cuanto-gana-un-psicologo-en-chile-detalles-de-sueldos-para-el-proceso-de-admision-2024-20231205-RDG-219094.html\">\u00bfCu\u00e1nto gana un psic\u00f3logo en Chile? Detalles de sueldos para el Proceso de Admisi\u00f3n 2024. Se menciona a la Universidad de Talca.<\/a> \u00a0<\/p><p>\u00a0<\/p><p><strong>DIARIO EL HERALDO<\/strong>\u00a0<\/p><p><a href=\"https:\/\/www.diarioelheraldo.cl\/noticia\/editorial-utalca-publica-nuevo-titulo-que-da-cuenta-de-la-historia-de-la-acuarela-en-chile-\">Editorial UTalca\u00a0publica nuevo t\u00edtulo que da cuenta de la historia de la acuarela en Chile. Se refiere Marcela Albornoz Dachelet, directora Editorial UTalca\u00a0<\/a><strong>\u00a0 \u00a0<\/strong>\u00a0<\/p><p>\u00a0<\/p><p><strong>EL HERALDO<\/strong><strong>\u00a0<\/strong><\/p><p><a href=\"https:\/\/www.litoralpress.cl\/paginaconsultas\/Servicios_NClipSitioWeb\/Get_Imagen_Nota.aspx?LPKey=AJJ3E7WJ57GC7MBACXHP7BEK2G65VMYKP4TT4TIKTRAIXUP36IPRLR4XKFCOSZMUM2KMYJFH77GL6\">Editorial UTalca\u00a0publica nuevo t\u00edtulo que da cuenta de la historia de la acuarela en Chile. Se refiere Marcela Albornoz Dachelet, directora Editorial UTalca\u00a0<\/a><\/p><p>\u00a0<\/p><p><strong>RADIO INFINITA<\/strong>\u00a0<\/p><p><a href=\"https:\/\/www.litoralpress.cl\/sitio\/RadioTV_Detalles.cshtml?LPKey=MWDK57NTPOM6SRFN3ZSSOTPR57N72OHNXJSVCGKKSASYTIYC3G4T3NV3SIC73RC3W2YVBMBIQDUIC\">Comentario de pol\u00edtica de Mauricio Morales, director del Centro de An\u00e1lisis Pol\u00edtico (CAP).<\/a><\/p>\t\t\t\t\t\t<\/div>\n\t\t\t\t<\/div>\n\t\t\t\t\t<\/div>\n\t\t<\/div>\n\t\t\t\t\t\t\t<\/div>\n\t\t<\/section>\n\t\t\t\t\t\t<\/div>\n\t\t\t\t\t<\/div>\n\t\t","protected":false},"excerpt":{"rendered":"<p>CAUQUENESNET.CL En conferencia internacional se presentaron avances de proyecto Portafolio de servicio biotecnol\u00f3gico en Salud financiado por Gobierno Regional del Maule. Se refiere Carlos Torres Fuchslocher, rector; y Wendy Gonz\u00e1lez D\u00edaz, directora del Centro de Bioinform\u00e1tica, Simulaci\u00f3n y Modelado (CBSM). \u00a0 AD PRENSA\u00a0 Personas mayores del Maule finalizan cursos que fomentan la autovalencia y el &hellip;<\/p>\n<p class=\"read-more\"> <a class=\"\" href=\"https:\/\/www.reportedeprensa.utalca.cl\/?p=8751\"> <span class=\"screen-reader-text\">06 de diciembre de 2023<\/span> Read More &raquo;<\/a><\/p>\n","protected":false},"author":1,"featured_media":0,"comment_status":"closed","ping_status":"open","sticky":false,"template":"","format":"standard","meta":{"_monsterinsights_skip_tracking":false,"_monsterinsights_sitenote_active":false,"_monsterinsights_sitenote_note":"","_monsterinsights_sitenote_category":0},"categories":[43],"tags":[],"_links":{"self":[{"href":"https:\/\/www.reportedeprensa.utalca.cl\/index.php?rest_route=\/wp\/v2\/posts\/8751"}],"collection":[{"href":"https:\/\/www.reportedeprensa.utalca.cl\/index.php?rest_route=\/wp\/v2\/posts"}],"about":[{"href":"https:\/\/www.reportedeprensa.utalca.cl\/index.php?rest_route=\/wp\/v2\/types\/post"}],"author":[{"embeddable":true,"href":"https:\/\/www.reportedeprensa.utalca.cl\/index.php?rest_route=\/wp\/v2\/users\/1"}],"replies":[{"embeddable":true,"href":"https:\/\/www.reportedeprensa.utalca.cl\/index.php?rest_route=%2Fwp%2Fv2%2Fcomments&post=8751"}],"version-history":[{"count":4,"href":"https:\/\/www.reportedeprensa.utalca.cl\/index.php?rest_route=\/wp\/v2\/posts\/8751\/revisions"}],"predecessor-version":[{"id":8755,"href":"https:\/\/www.reportedeprensa.utalca.cl\/index.php?rest_route=\/wp\/v2\/posts\/8751\/revisions\/8755"}],"wp:attachment":[{"href":"https:\/\/www.reportedeprensa.utalca.cl\/index.php?rest_route=%2Fwp%2Fv2%2Fmedia&parent=8751"}],"wp:term":[{"taxonomy":"category","embeddable":true,"href":"https:\/\/www.reportedeprensa.utalca.cl\/index.php?rest_route=%2Fwp%2Fv2%2Fcategories&post=8751"},{"taxonomy":"post_tag","embeddable":true,"href":"https:\/\/www.reportedeprensa.utalca.cl\/index.php?rest_route=%2Fwp%2Fv2%2Ftags&post=8751"}],"curies":[{"name":"wp","href":"https:\/\/api.w.org\/{rel}","templated":true}]}}