{"id":8761,"date":"2023-12-11T12:26:37","date_gmt":"2023-12-11T15:26:37","guid":{"rendered":"https:\/\/www.reportedeprensa.utalca.cl\/?p=8761"},"modified":"2023-12-14T17:30:24","modified_gmt":"2023-12-14T20:30:24","slug":"08-de-diciembre-de-2023","status":"publish","type":"post","link":"https:\/\/www.reportedeprensa.utalca.cl\/?p=8761","title":{"rendered":"11 de diciembre de 2023"},"content":{"rendered":"\t\t<div data-elementor-type=\"wp-post\" data-elementor-id=\"8761\" class=\"elementor elementor-8761\" data-elementor-settings=\"[]\">\n\t\t\t\t\t\t\t<div class=\"elementor-section-wrap\">\n\t\t\t\t\t\t\t<section class=\"elementor-section elementor-top-section elementor-element elementor-element-bcea1a8 elementor-section-boxed elementor-section-height-default elementor-section-height-default\" data-id=\"bcea1a8\" data-element_type=\"section\">\n\t\t\t\t\t\t<div class=\"elementor-container elementor-column-gap-default\">\n\t\t\t\t\t<div class=\"elementor-column elementor-col-100 elementor-top-column elementor-element elementor-element-e7183bf\" data-id=\"e7183bf\" data-element_type=\"column\">\n\t\t\t<div class=\"elementor-widget-wrap elementor-element-populated\">\n\t\t\t\t\t\t\t\t<div class=\"elementor-element elementor-element-5ffbb87 elementor-widget elementor-widget-text-editor\" data-id=\"5ffbb87\" data-element_type=\"widget\" data-widget_type=\"text-editor.default\">\n\t\t\t\t<div class=\"elementor-widget-container\">\n\t\t\t\t\t\t\t\t<p><strong>ADPRENSA\u00a0\u00a0\u00a0\u00a0\u00a0\u00a0\u00a0<\/strong><\/p><p><a href=\"https:\/\/www.adprensa.cl\/cronica\/pinceladas-del-maule-artistas-y-estudiantes-desplegaron-sus-propuestas-esteticas\/\">Pinceladas del Maule: artistas y estudiantes desplegaron sus propuestas est\u00e9ticas. Se refieren Carlos Torres Fuchslocher, rector; y Marcela Albornoz Dachelet, directora de Extensi\u00f3n Cultural \u2013 Art\u00edstica.<\/a><\/p><p>\u00a0<\/p><p><strong>MEDIABANCO<\/strong><\/p><p><a href=\"https:\/\/www.mediabanco.com\/pinceladas-del-maule-artistas-y-estudiantes-desplegaron-sus-propuestas-esteticas\/\" target=\"_blank\" rel=\"noopener\">Pinceladas del Maule: artistas y estudiantes desplegaron sus propuestas est\u00e9ticas. Se refieren Carlos Torres Fuchslocher, rector; y Marcela Albornoz Dachelet, directora de Extensi\u00f3n Cultural \u2013 Art\u00edstica.<\/a><\/p><p>\u00a0<\/p><p><strong>ELMAULEINFORMA.CL<\/strong><\/p><p><a href=\"https:\/\/elmauleinforma.cl\/pinceladas-del-maule-artistas-y-estudiantes-desplegaron-sus-propuestas-esteticas\/\">Pinceladas del Maule: artistas y estudiantes desplegaron sus propuestas est\u00e9ticas. Se refieren Carlos Torres Fuchslocher, rector; y Marcela Albornoz Dachelet, directora de Extensi\u00f3n Cultural \u2013 Art\u00edstica.<\/a><\/p><p>\u00a0<\/p><p><strong>PUBLIMICRO<\/strong><\/p><p><a href=\"https:\/\/publimicro.cl\/pinceladas-del-maule-artistas-y-estudiantes-desplegaron-sus-propuestas-esteticas\/\">Pinceladas del Maule: artistas y estudiantes desplegaron sus propuestas est\u00e9ticas. Se refieren Carlos Torres Fuchslocher, rector; y Marcela Albornoz Dachelet, directora de Extensi\u00f3n Cultural \u2013 Art\u00edstica.<\/a><\/p><p>\u00a0<\/p><p><strong>PUBLIMETRO<\/strong><\/p><p><a href=\"https:\/\/www.litoralpress.cl\/paginaconsultas\/Servicios_NClipSitioWeb\/Get_Imagen_Nota.aspx?LPKey=24VVSQ3DBCMZVLB6MCCOVU5O6NHMIX3MYGIXUF6KBYLRKRLI5JZBW22BTPGRGKSUGTVHJYYHU2L6Q\"><span style=\"font-style: inherit; font-weight: inherit;\">Sexualidad en la tercera edad: entre el tab\u00fa y los desaf\u00edos<\/span>. Se refiere Carolina Riveros Ferrada, acad\u00e9mica de la Facultad de Ciencias Jur\u00eddicas y Sociales. <\/a><\/p><p><strong>\u00a0<\/strong><\/p><p><strong>G5NOTICIAS.CL<\/strong><\/p><p><a href=\"https:\/\/g5noticias.cl\/2023\/12\/08\/sexualidad-en-la-tercera-edad-entre-el-tabu-y-sus-desafios\/\">Sexualidad en la tercera edad: entre el tab\u00fa y sus desaf\u00edos. Se refiere Carolina Riveros Ferrada, acad\u00e9mica de la Facultad de Ciencias Jur\u00eddicas y Sociales.<\/a><\/p><p>\u00a0<\/p><p><strong><span style=\"font-style: inherit; font-weight: inherit;\">CANAL MEGA<\/span><\/strong><\/p><p><a href=\"https:\/\/www.litoralpress.cl\/sitio\/RadioTV_Detalles.cshtml?LPKey=P5KIBEAEZFBEF62G7GGEUHH7WQMMG4JMRSURT7QIZRTHTLPJ3NXET5YJI3FTBMI35FFNA4HEA2FQK\"><span style=\"font-style: inherit; font-weight: inherit;\">Ingresos irregulares y expulsi\u00f3n<\/span>. Se refiere Fabiola Vergara Ceballos, acad\u00e9mica de la Facultad de Ciencias Jur\u00eddicas y Sociales. <\/a><\/p><p><strong>\u00a0<\/strong><\/p><p><strong>EL MERCURIO<\/strong><\/p><p><a href=\"https:\/\/www.litoralpress.cl\/paginaconsultas\/Servicios_NClipSitioWeb\/Get_Imagen_Nota.aspx?LPKey=CI7OWHR7I32PNFSOFZQBIL3HUXSSA3LPI4KVHU7PHI7GKPUMFDWF3OTLVKUFWNIP4XIY6SG4IKCXQ\"><span style=\"font-style: inherit; font-weight: inherit;\">El caso OpenAI: La tensi\u00f3n de las empresas chilenas de cara a la inteligencia artificial<\/span>. Se refiere C\u00e9sar Astudillo Hern\u00e1ndez, acad\u00e9mico de la Facultad de Ingenier\u00eda.<\/a><\/p><p><strong>\u00a0<\/strong><\/p><p><strong>CR\u00d3NICA DE CHILL\u00c1N (PORTADA)<\/strong><\/p><p><a href=\"https:\/\/www.litoralpress.cl\/paginaconsultas\/Servicios_NClipSitioWeb\/Get_Imagen_Nota.aspx?LPKey=B7N3HFTGOILLWDJEVASC6IDZKETT3L7OUEZ2YDPWVJMX4ZUNWKKDPPWJBUHEDE46CJPPQAIUFL5HY\">Temperaturas m\u00e1ximas en \u00d1uble bordear\u00e1n los 40\u00ba C en enero y febrero. Se menciona a la Universidad de Talca. <\/a><\/p><p><strong>\u00a0<\/strong><\/p><p><strong>CR\u00d3NICA DE CHILL\u00c1N<\/strong><\/p><p><a href=\"https:\/\/www.litoralpress.cl\/paginaconsultas\/Servicios_NClipSitioWeb\/Get_Imagen_Nota.aspx?LPKey=HIJOVQMDZAQMXSY7AMFKPXXB7MBT6235S3UYNSEBFYZMFEFHOIYOUBLBHWFFAHXGGP4NMIRTYSIM6\">Estudio prev\u00e9 que las T\u201d m\u00e1ximas bordear\u00e1n 40\u201d C en enero y febrero. Se refiere Patricio Gonz\u00e1lez Colville, acad\u00e9mico del Centro de Investigaci\u00f3n y Transferencia en Riego y Agroclimatolog\u00eda (CITRA).<\/a><\/p><p>\u00a0<\/p><p><strong>NUBLEONLINECHILLAN.CL<\/strong><\/p><p><a href=\"https:\/\/nubleonlinechillan.cl\/hasta-43c-de-temperatura-%f0%9f%8c%a1-estudio-pronostica-el-verano-mas-calido-de-la-historia-para-chillan\/\">Hasta 43\u00b0C de temperatura. Estudio pronostica el verano m\u00e1s c\u00e1lido de la historia para Chill\u00e1n. Se refiere Patricio Gonz\u00e1lez Colville, acad\u00e9mico del Centro de Investigaci\u00f3n y Transferencia en Riego y Agroclimatolog\u00eda (CITRA).<\/a><\/p><p>\u00a0<\/p><p><strong>LA TERCERA<\/strong><\/p><p><a href=\"https:\/\/www.litoralpress.cl\/sitio\/Prensa_Detalles.cshtml?LPKey=QTTCK3THOOKTDBNIOJB6I4Y3KDNGTHRS3FAVMCAU53HRQH3BFAKA\">Ranking de Universidades La Tercera \u2013 Qu\u00e9 Pasa 2023. Se menciona a la Universidad de Talca.<\/a><\/p><p><strong>\u00a0<\/strong><\/p><p><strong>LA TERCERA<\/strong><\/p><p><a href=\"https:\/\/www.litoralpress.cl\/sitio\/Prensa_Detalles.cshtml?LPKey=HAE23FYKCJGHC6GVIZP5AXNBB3Z5QZZBQXG5N7LLPLZSIZD3ZJ3Q\">TOP 10 Ranking de percepci\u00f3n de calidad del mercado laboral por carrera. Se menciona a varias carreras de la Universidad de Talca.<\/a><\/p><p>\u00a0<\/p><p><strong>EL MOSTRADOR<\/strong><\/p><p><a href=\"https:\/\/www.elmostrador.cl\/agenda-pais\/agenda-innovacion\/2023\/12\/08\/escolares-de-tres-regiones-presentan-innovadores-proyectos-cientificos-2\/\">Escolares de tres regiones presentan innovadores proyectos cient\u00edficos. Se refiere Cesar Retamal Bravo, acad\u00e9mico de la Facultad de Ingenier\u00eda y director del proyecto DTC +.<\/a><\/p><p><strong>\u00a0<\/strong><\/p><p><strong>CANAL CONTIVISI\u00d3N<\/strong><\/p><p><a href=\"https:\/\/www.litoralpress.cl\/sitio\/RadioTV_Detalles.cshtml?LPKey=2MWYSEYCABADUEYSE4ETWELWQE5AOXAQGZRACUCI725YWPBCQEE2M3EYAP5CPYF7PPBK4IGSEAEYA\">Investigan nuevas variedades de cereza en diferentes zonas clim\u00e1ticas en Cherry Expo. Se refieren Jos\u00e9 Antonio Yuri y \u00c1lvaro Sep\u00falveda, director e investigador del Centro de Pom\u00e1ceas, respectivamente.<\/a><\/p><p>\u00a0<\/p><p><strong>ELMAULEINFORMA.CL<\/strong><\/p><p><a href=\"https:\/\/elmauleinforma.cl\/productores-de-cerezas-e-investigadores-analizan-desafios-relacionados-con-el-cambio-climatico\/\">Productores de cerezas e investigadores analizan desaf\u00edos relacionados con el cambio clim\u00e1tico. Se refieren Jos\u00e9 Antonio Yuri y \u00c1lvaro Sep\u00falveda, director e investigador del Centro de Pom\u00e1ceas, respectivamente<\/a>.<\/p><p>\u00a0<\/p><p><strong>LA PRENSA DE CURIC\u00d3<\/strong><\/p><p><a href=\"https:\/\/www.litoralpress.cl\/paginaconsultas\/Servicios_NClipSitioWeb\/Get_Imagen_Nota.aspx?LPKey=NZCNLLYVIQLCLYR5VMJC2XTV6QGT7375NZAHVXIYNQNELWCUBCON5UT4CHC5BZOHSLH27R7W46TAS\">Desaf\u00edos frente al cambio clim\u00e1tico. Se refiere \u00c1lvaro Sep\u00falveda, investigador del Centro de Pom\u00e1ceas.<\/a><\/p><p>\u00a0<\/p><p><strong>EL LECTOR<\/strong><\/p><p><a href=\"https:\/\/www.litoralpress.cl\/paginaconsultas\/Servicios_NClipSitioWeb\/Get_Imagen_Nota.aspx?LPKey=2TTC4CDYIBQNTWJ55YTAQJHABI52DEO5V4GPUSDSCWK2CROBBBIEKQVVJRQZO65P525366PCX355K\">Productores de cerezas e investigadores analizan desaf\u00edos relacionados con el cambio clim\u00e1tico. Se refieren Jos\u00e9 Antonio Yuri y \u00c1lvaro Sep\u00falveda, director e investigador del Centro de Pom\u00e1ceas, respectivamente.<\/a><\/p><p>\u00a0<\/p><p><strong>CIENCIAENCHILE.CL<\/strong><\/p><p><a href=\"https:\/\/www.cienciaenchile.cl\/explican-resistencia-a-los-antimicrobianos-y-riesgos-para-la-salud-publica\/\">Explican resistencia a los antimicrobianos y riesgos para la salud p\u00fablica. Se refiere Olga Lobos Gilabert, acad\u00e9mica del Departamento de Microbiolog\u00eda.<\/a><\/p><p>\u00a0<\/p><p><strong>G5NOTICIAS.CL<\/strong><\/p><p><a href=\"https:\/\/g5noticias.cl\/2023\/12\/09\/que-es-la-resistencia-a-los-antimicrobianos-y-cuales-son-los-riesgos-para-la-salud-publica\/\">Explican resistencia a los antimicrobianos y riesgos para la salud p\u00fablica. Se refiere Olga Lobos Gilabert, acad\u00e9mica del Departamento de Microbiolog\u00eda.<\/a><\/p><p>\u00a0<\/p><p><strong>LA PRENSA DE CURIC\u00d3<\/strong><\/p><p><a href=\"https:\/\/www.litoralpress.cl\/paginaconsultas\/Servicios_NClipSitioWeb\/Get_Imagen_Nota.aspx?LPKey=2L4XNT4B5DPFMRYTZVG23ABIJI2WZQNNNGOJBQ34IWI5X7VCSI2N6F2Z6G7J742YMRF7S5ZWQSCXI\">Corporaci\u00f3n de Desarrollo y UTalca impulsan campo de entrenamiento para emprendedores. Se menciona a la Vicerrector\u00eda de Innovaci\u00f3n.<\/a><\/p><p>\u00a0<\/p><p><strong>EL LECTOR<\/strong><\/p><p><a href=\"https:\/\/www.litoralpress.cl\/paginaconsultas\/Servicios_NClipSitioWeb\/Get_Imagen_Nota.aspx?LPKey=VF3RH3QVR3UXUNQKE4SXCWHFKNCEG2VO4LZNEB7FHCQHIUHTDEMTMN4HALHET2CTHONMEF6EIPI7Q\">Seremi de salud hizo entrega de autotest de VIH a organizaciones del Maule. Se refiere Daniel Jim\u00e9nez Acu\u00f1a, director de Salud del Estudiante.<\/a><\/p><p>\u00a0<\/p><p><strong>RADIO LAUTARO<\/strong><\/p><p><a href=\"https:\/\/www.litoralpress.cl\/sitio\/RadioTV_Detalles.cshtml?LPKey=WA7FNRQGK4D6FUKZEPZBVZWK4JYUKPQRYGRSBENL5JEDM5YWLOJVZ6KYI4KQZYZ62MBUKMQ4COAHW\">Cuidados y salud bucal en ni\u00f1os y ni\u00f1as. Se refiere Isolde Barrios, odontopediatra de la Facultad de Odontolog\u00eda.<\/a><\/p><p>\u00a0<\/p><p><strong>MEDIABANCO<\/strong><\/p><p><a href=\"https:\/\/www.mediabanco.com\/primavera-ciencia-reunio-a-cientificos-y-cientificas-escolares-del-maule\/\">Primavera Ciencia reuni\u00f3 a cient\u00edficos y cient\u00edficas escolares del Maule. Se refiere Leonardo Leottau, director de Explora Maule.<\/a><\/p><p>\u00a0<\/p><p><strong>ADPRENSA<\/strong><\/p><p><a href=\"https:\/\/www.adprensa.cl\/cronica\/primavera-ciencia-reunio-a-cientificos-y-cientificas-escolares-del-maule\/\">Primavera Ciencia reuni\u00f3 a cient\u00edficos y cient\u00edficas escolares del Maule. Se refiere Leonardo Leottau, director de Explora Maule.<\/a><\/p><p>\u00a0<\/p><p><strong>EL LECTOR<\/strong><\/p><p><a href=\"https:\/\/www.litoralpress.cl\/sitio\/Prensa_Detalles.cshtml?LPKey=HAE23FYKCJGHC6GVIZP5AXNBB3Z5QZZBQXG5N7LLPLZSIZD3ZJ3Q\">Ciencia reunio a cientificos y cientificas escolares del Maule. Se refiere Leonardo Leottau, director de Explora Maule.<\/a><\/p><p>\u00a0<\/p><p><strong>CANAL TVN RED MAULE<\/strong><\/p><p><a href=\"https:\/\/www.litoralpress.cl\/sitio\/RadioTV_Detalles.cshtml?LPKey=BEIXSGDI5D5PEEDNH6RSHIDPBLBTRB6MXNFGQG3IIMMSZFC4ADWYRRG4AJVXJGT7QNZPVMBXTD4CQ\">Investigar\u00e1n si la infraestructura vial incide en los accidentes mortales. Se refiere Miguel \u00c1ngel Arriagada, director de la Escuela de Ingenier\u00eda Civil en Obras Civiles.<\/a><\/p><p>\u00a0<\/p><p><strong>EL MERCURIO<\/strong><\/p><p><a href=\"https:\/\/www.litoralpress.cl\/paginaconsultas\/Servicios_NClipSitioWeb\/Get_Imagen_Nota.aspx?LPKey=TY6CMQYDAO7ZFAESMSPEI23BOZAM5MRJMEVQQYR5MMZABJ7BQY7ZMHPDZ72OKAA7HDBCYEKSIINDA\">Universidad Andr\u00e9s Bello distingue a reconocidas personalidades con &#8220;Premio al M\u00e9rito 2023&#8221;. Se menciona a \u00c1lvaro Rojas Mar\u00edn, exrector y acad\u00e9mico de la Facultad de Ciencias Agrarias.<\/a><\/p><p>\u00a0<\/p><p><strong>EL MERCURIO<\/strong><\/p><p><a href=\"https:\/\/www.litoralpress.cl\/paginaconsultas\/Servicios_NClipSitioWeb\/Get_Imagen_Nota.aspx?LPKey=U7NHV2C7YKNSSYXLPHY2SVTVDTEKEMKZUL62Y6KZK6Q6H7IIB76GD5VIO5PTCHKQYUB7PENC2T646\">Seguridad: Analistas y congresistas enjuician los giros que ha tenido que hacer Boric. Se refiere Mauricio Morales, director del Centro de An\u00e1lisis Pol\u00edtico (CAP).<\/a><\/p><p>\u00a0<\/p><p><strong>EL MERCURIO<\/strong><\/p><p><a href=\"https:\/\/www.litoralpress.cl\/sitio\/Prensa_Detalles.cshtml?LPKey=Z53THGAOLV52SMAHDN5SBNVQMDDWNHTL23X554JBPON2E4JOHOTA\">Presos mayores de 75 a\u00f1os no quedar\u00edan libres de aprobarse la propuesta, como se\u00f1ala campa\u00f1a no oficial del En contra. Se refiere \u00d3scar Guzm\u00e1n, director de la Escuela de Derecho.<\/a><\/p><p>\u00a0<\/p><p><strong>EL MERCURIO<\/strong><\/p><p><a href=\"https:\/\/www.litoralpress.cl\/paginaconsultas\/Servicios_NClipSitioWeb\/Get_Imagen_Nota.aspx?LPKey=BF47KUAMP7TFAPSJQUCFFTT6GORCRH4TY4P27KU3RILYDWBQEQRP5KEW2TT3EXQMBEA4PEHJMJJQG\">Trayectoria, redes y el plebiscito: los factores que sostendr\u00edan a Crispi y Montes seg\u00fan analistas. Se refiere Mauricio Morales, director del Centro de An\u00e1lisis Pol\u00edtico (CAP).<\/a><\/p><p>\u00a0<\/p><p><strong>EL MERCURIO<\/strong><\/p><p><a href=\"https:\/\/www.litoralpress.cl\/paginaconsultas\/Servicios_NClipSitioWeb\/Get_Imagen_Nota.aspx?LPKey=Q25VPL7UIIIDJJ5UEZF6OUD2UQG5HJLCKSXGIOMSMRBUFZH4K57PS2NEJDI6JGWJGCTAFHL75QQPC\">Analistas advierten que, m\u00e1s all\u00e1 de los parentescos en el Estado, el giro de Boric revela inconsistencia en el discurso. Se refiere Mauricio Morales, director del Centro de An\u00e1lisis Pol\u00edtico (CAP).<\/a><\/p><p>\u00a0<\/p><p><strong>EL MERCURIO<\/strong><\/p><p><a href=\"https:\/\/www.litoralpress.cl\/paginaconsultas\/Servicios_NClipSitioWeb\/Get_Imagen_Nota.aspx?LPKey=KO45AYA7YA2WJJMXPGCQTPJ5FPVDSULMKKWKYAFKI5I54IBSXNBYWSUY6R54VSWCUQN2DLWMYNCXY\">El regreso de Francisco Vidal como &#8220;vocero de facto&#8221; del oficialismo. Se refiere Mauricio Morales, director del Centro de An\u00e1lisis Pol\u00edtico (CAP).<\/a><\/p><p>\u00a0<\/p><p><strong>EMOL<\/strong><\/p><p><a href=\"https:\/\/www.emol.com\/noticias\/Nacional\/2023\/12\/07\/1115071\/seguridad-y-nueva-constitucion.html\">Debate sobre hechos delictuales reactiva foco de seguridad como tema de la campa\u00f1a por el Plebiscito. Se refiere Mauricio Morales, director del Centro de An\u00e1lisis Pol\u00edtico (CAP).<\/a><\/p><p>\u00a0<\/p><p><strong>EL MERCURIO<\/strong><\/p><p><a href=\"https:\/\/www.litoralpress.cl\/paginaconsultas\/Servicios_NClipSitioWeb\/Get_Imagen_Nota.aspx?LPKey=MFPK2CMRO5MLVRC2BUMCHKUMJURABBBJNYXMQ2O7QSCJSHGOVQK73BBJBHB5QQWWMWEURCJMP2FMC\">V\u00edctor P\u00e9rez Vera. Un rector apasionado por el arte. Se menciona a la Universidad de Talca.<\/a><\/p>\t\t\t\t\t\t<\/div>\n\t\t\t\t<\/div>\n\t\t\t\t\t<\/div>\n\t\t<\/div>\n\t\t\t\t\t\t\t<\/div>\n\t\t<\/section>\n\t\t\t\t\t\t<\/div>\n\t\t\t\t\t<\/div>\n\t\t","protected":false},"excerpt":{"rendered":"<p>ADPRENSA\u00a0\u00a0\u00a0\u00a0\u00a0\u00a0\u00a0 Pinceladas del Maule: artistas y estudiantes desplegaron sus propuestas est\u00e9ticas. Se refieren Carlos Torres Fuchslocher, rector; y Marcela Albornoz Dachelet, directora de Extensi\u00f3n Cultural \u2013 Art\u00edstica. \u00a0 MEDIABANCO Pinceladas del Maule: artistas y estudiantes desplegaron sus propuestas est\u00e9ticas. Se refieren Carlos Torres Fuchslocher, rector; y Marcela Albornoz Dachelet, directora de Extensi\u00f3n Cultural \u2013 Art\u00edstica. &hellip;<\/p>\n<p class=\"read-more\"> <a class=\"\" href=\"https:\/\/www.reportedeprensa.utalca.cl\/?p=8761\"> <span class=\"screen-reader-text\">11 de diciembre de 2023<\/span> Read More &raquo;<\/a><\/p>\n","protected":false},"author":1,"featured_media":0,"comment_status":"closed","ping_status":"open","sticky":false,"template":"","format":"standard","meta":{"_monsterinsights_skip_tracking":false,"_monsterinsights_sitenote_active":false,"_monsterinsights_sitenote_note":"","_monsterinsights_sitenote_category":0},"categories":[43],"tags":[],"_links":{"self":[{"href":"https:\/\/www.reportedeprensa.utalca.cl\/index.php?rest_route=\/wp\/v2\/posts\/8761"}],"collection":[{"href":"https:\/\/www.reportedeprensa.utalca.cl\/index.php?rest_route=\/wp\/v2\/posts"}],"about":[{"href":"https:\/\/www.reportedeprensa.utalca.cl\/index.php?rest_route=\/wp\/v2\/types\/post"}],"author":[{"embeddable":true,"href":"https:\/\/www.reportedeprensa.utalca.cl\/index.php?rest_route=\/wp\/v2\/users\/1"}],"replies":[{"embeddable":true,"href":"https:\/\/www.reportedeprensa.utalca.cl\/index.php?rest_route=%2Fwp%2Fv2%2Fcomments&post=8761"}],"version-history":[{"count":5,"href":"https:\/\/www.reportedeprensa.utalca.cl\/index.php?rest_route=\/wp\/v2\/posts\/8761\/revisions"}],"predecessor-version":[{"id":8791,"href":"https:\/\/www.reportedeprensa.utalca.cl\/index.php?rest_route=\/wp\/v2\/posts\/8761\/revisions\/8791"}],"wp:attachment":[{"href":"https:\/\/www.reportedeprensa.utalca.cl\/index.php?rest_route=%2Fwp%2Fv2%2Fmedia&parent=8761"}],"wp:term":[{"taxonomy":"category","embeddable":true,"href":"https:\/\/www.reportedeprensa.utalca.cl\/index.php?rest_route=%2Fwp%2Fv2%2Fcategories&post=8761"},{"taxonomy":"post_tag","embeddable":true,"href":"https:\/\/www.reportedeprensa.utalca.cl\/index.php?rest_route=%2Fwp%2Fv2%2Ftags&post=8761"}],"curies":[{"name":"wp","href":"https:\/\/api.w.org\/{rel}","templated":true}]}}