{"id":8770,"date":"2023-12-12T16:17:59","date_gmt":"2023-12-12T19:17:59","guid":{"rendered":"https:\/\/www.reportedeprensa.utalca.cl\/?p=8770"},"modified":"2023-12-14T17:30:32","modified_gmt":"2023-12-14T20:30:32","slug":"09-de-diciembre-de-2023","status":"publish","type":"post","link":"https:\/\/www.reportedeprensa.utalca.cl\/?p=8770","title":{"rendered":"12 de diciembre de 2023"},"content":{"rendered":"\t\t<div data-elementor-type=\"wp-post\" data-elementor-id=\"8770\" class=\"elementor elementor-8770\" data-elementor-settings=\"[]\">\n\t\t\t\t\t\t\t<div class=\"elementor-section-wrap\">\n\t\t\t\t\t\t\t<section class=\"elementor-section elementor-top-section elementor-element elementor-element-bcea1a8 elementor-section-boxed elementor-section-height-default elementor-section-height-default\" data-id=\"bcea1a8\" data-element_type=\"section\">\n\t\t\t\t\t\t<div class=\"elementor-container elementor-column-gap-default\">\n\t\t\t\t\t<div class=\"elementor-column elementor-col-100 elementor-top-column elementor-element elementor-element-e7183bf\" data-id=\"e7183bf\" data-element_type=\"column\">\n\t\t\t<div class=\"elementor-widget-wrap elementor-element-populated\">\n\t\t\t\t\t\t\t\t<div class=\"elementor-element elementor-element-5ffbb87 elementor-widget elementor-widget-text-editor\" data-id=\"5ffbb87\" data-element_type=\"widget\" data-widget_type=\"text-editor.default\">\n\t\t\t\t<div class=\"elementor-widget-container\">\n\t\t\t\t\t\t\t\t<p><strong>EL MOSTRADOR<\/strong><\/p><p><a href=\"https:\/\/www.elmostrador.cl\/agenda-pais\/2023\/12\/11\/universidad-regional-crea-nuevas-becas-para-sus-programas-de-postgrados\/\">Universidad regional crea nuevas becas para sus programas de postgrados. Se refiere la directora de Postgrado Johanna Kreither Olivares.<\/a><\/p><p>\u00a0<\/p><p><strong>LAS \u00daLTIMAS NOTICIAS\u00a0<\/strong><\/p><p><a href=\"https:\/\/www.litoralpress.cl\/paginaconsultas\/Servicios_NClipSitioWeb\/Get_Imagen_Nota.aspx?LPKey=VHURA3BAX2TOBKYUBTZJSCM3O2MDZ3CWGS47MOLKBL6CCV7XP4UFJZFYDM3ZEXITORUH2Y6BW5RCA\">Ranking: las 50 carreras con mejor empleabilidad de Chile. Se refiere Mercedes Arenas Jara, directora de la Escuela de Obstetricia y Puericultura<\/a><\/p><p>\u00a0<\/p><p><strong>DIARIOS EN RED<\/strong><\/p><p><a href=\"https:\/\/diariosenred.com\/nacional\/iniciativa-permitira-rescatar-patrimonio-cultural-e-identitario-del-maule\">Iniciativa permitir\u00e1 rescatar patrimonio cultural e identitario del Maule. Se refiere Ismael Gallardo Cuadra, acad\u00e9mico de la Facultad de Psicolog\u00eda.<\/a><\/p><p>\u00a0<\/p><p><strong>RED MAULE<\/strong><\/p><p><a href=\"https:\/\/www.redmaule.com\/nacional\/iniciativa-permitira-rescatar-patrimonio-cultural-e-identitario-del-maule\">Iniciativa permitir\u00e1 rescatar patrimonio cultural e identitario del Maule. Se refiere Ismael Gallardo Cuadra, acad\u00e9mico de la Facultad de Psicolog\u00eda.<\/a><\/p><p>\u00a0<\/p><p><strong>ADPRENSA<\/strong><\/p><p><a href=\"https:\/\/www.adprensa.cl\/cronica\/iniciativa-permitira-rescatar-patrimonio-cultural-e-identitario-del-maule-y-ohiggins\/\">Iniciativa permitir\u00e1 rescatar patrimonio cultural e identitario del Maule. Se refiere Ismael Gallardo Cuadra, acad\u00e9mico de la Facultad de Psicolog\u00eda.<\/a><\/p><p>\u00a0<\/p><p><strong>MEDIABANCO<\/strong><\/p><p><a href=\"https:\/\/www.mediabanco.com\/iniciativa-permitira-rescatar-patrimonio-cultural-e-identitario-del-maule\/\">Iniciativa permitir\u00e1 rescatar patrimonio cultural e identitario del Maule. Se refiere Ismael Gallardo Cuadra, acad\u00e9mico de la Facultad de Psicolog\u00eda.<\/a><\/p><p>\u00a0<\/p><p><strong>DIARIOELCENTRO.CL<\/strong><\/p><p><a href=\"https:\/\/www.diarioelcentro.cl\/2023\/12\/11\/proyecto-conocimientos-2030-potenciara-patrimonio-del-maule-y-ohiggins\/\">Proyecto Conocimientos 2030 potenciar\u00e1 el patrimonio de Maule y O`Higgins. Se refiere Ismael Gallardo Cuadra, acad\u00e9mico de la Facultad de Psicolog\u00eda.<\/a><\/p><p>\u00a0<\/p><p><strong>ANALIZAMAULE.CL<\/strong><\/p><p><a href=\"https:\/\/analizamaule.cl\/iniciativa-permitira-rescatar-patrimonio-cultural-e-identitario-del-maule\/\">Iniciativa permitir\u00e1 rescatar patrimonio cultural e identitario del Maule. Se refiere Ismael Gallardo Cuadra, acad\u00e9mico de la Facultad de Psicolog\u00eda.<\/a><\/p><p>\u00a0<\/p><p><strong>TVMAULE.CL<\/strong><\/p><p><a href=\"https:\/\/www.tvmaule.cl\/iniciativa-permitira-rescatar-patrimonio-cultural-e-identitario-del-maule\/\">Iniciativa permitir\u00e1 rescatar patrimonio cultural e identitario del Maule. Se refiere Ismael Gallardo Cuadra, acad\u00e9mico de la Facultad de Psicolog\u00eda.<\/a><\/p><p>\u00a0<\/p><p><strong>PUBLIMETRO.CL<\/strong><\/p><p><a href=\"https:\/\/www.publimetro.cl\/noticias\/2023\/12\/11\/sexualidad-en-la-tercera-edad-entre-el-tabu-y-los-desafios\/\">Sexualidad en la tercera edad: entre el tab\u00fa y los desaf\u00edos. Se refiere Carolina Riveros Ferrada, acad\u00e9mica de la Facultad de Ciencias Jur\u00eddicas y Sociales.<\/a><\/p><p>\u00a0<\/p><p><strong>G5NOTICIAS.CL\u00a0\u00a0\u00a0\u00a0\u00a0\u00a0\u00a0<\/strong><\/p><p><a href=\"https:\/\/g5noticias.cl\/2023\/12\/11\/productores-de-cerezas-e-investigadores-analizan-desafios-relacionados-con-el-cambio-climatico\/\">Productores de cerezas e investigadores analizan desaf\u00edos relacionados con el cambio clim\u00e1tico. Se refieren Jos\u00e9 Antonio Yuri y \u00c1lvaro Sep\u00falveda, director e investigador del Centro de Pom\u00e1ceas, respectivamente.<\/a><\/p><p>\u00a0<\/p><p><strong>CUALESTUHUELLA.CL<\/strong><\/p><p><a href=\"https:\/\/www.cualestuhuella.cl\/noticia\/agricultura-responsable\/2023\/12\/avances-proyecciones-agricultura-vertical\">Productores de cerezas e investigadores analizan desaf\u00edos relacionados con el cambio clim\u00e1tico. Se refieren Jos\u00e9 Antonio Yuri y \u00c1lvaro Sep\u00falveda, director e investigador del Centro de Pom\u00e1ceas, respectivamente<\/a>.\u00a0 \u00a0<\/p><p>\u00a0<\/p><p><strong>CUALESTUHUELLA.CL<\/strong><\/p><p><a href=\"https:\/\/www.cualestuhuella.cl\/noticia\/agricultura-responsable\/2023\/12\/avances-proyecciones-agricultura-vertical\">Expertos presentaron avances y proyecciones de la agricultura vertical. Se refiere Gilda Carrasco Silva, acad\u00e9mica de la Facultad de Ciencias Agrarias y directora del Proyecto de Agricultura Vertical Hort\u00edcola.<\/a><\/p><p>\u00a0<\/p><p><strong>CIENCIAYSALUD.CL<\/strong><\/p><p><a href=\"https:\/\/cienciaysalud.cl\/2023\/12\/11\/jornada-tecnologica-reunio-a-cientificos-y-cientificas-escolares-del-maule\/\">Jornada tecnol\u00f3gica reuni\u00f3 a cient\u00edficos y cient\u00edficas escolares del Maule. Se refiere Leonardo Leottau, director de Explora Maule.<\/a><\/p><p>\u00a0<\/p><p><strong>PUBLIMICRO<\/strong><\/p><p><a href=\"https:\/\/publimicro.cl\/cerca-de-mil-casos-ya-han-sido-parte-del-proyecto-piloto-de-mediacion-penal-restaurativa\/\">Cerca de mil casos ya han sido parte del proyecto piloto de mediaci\u00f3n penal restaurativa. Se refiere Ra\u00fal Carnevali Rodr\u00edguez, acad\u00e9mico de la Facultad de Ciencias Jur\u00eddicas y Sociales.<\/a><\/p><p>\u00a0<\/p><p><strong>ELMAULEINFORMA.CL<\/strong><\/p><p><a href=\"https:\/\/elmauleinforma.cl\/cerca-de-mil-casos-ya-han-sido-parte-del-proyecto-piloto-de-mediacion-penal-restaurativa\/\">Cerca de mil casos ya han sido parte del proyecto piloto de mediaci\u00f3n penal restaurativa. Se refiere Ra\u00fal Carnevali Rodr\u00edguez, acad\u00e9mico de la Facultad de Ciencias Jur\u00eddicas y Sociales.<\/a><\/p><p>\u00a0<\/p><p><strong>ELDINAMO.CL<\/strong><\/p><p><a href=\"https:\/\/www.eldinamo.cl\/buen-dato\/2023\/12\/11\/mas-mujeres-cientificas-como-funciona-el-nuevo-sistema-de-admision-universitaria\/\">M\u00e1s Mujeres Cient\u00edficas: C\u00f3mo funciona el nuevo sistema de admisi\u00f3n universitaria. Se menciona a la Universidad de Talca.<\/a><\/p><p>\u00a0<\/p><p><strong>CANAL MEGA<\/strong><\/p><p><a href=\"https:\/\/www.litoralpress.cl\/sitio\/RadioTV_Detalles.cshtml?LPKey=N4L4INIPFI3HVVVCBFOP7VLHCT3BMIOZSKJXZ2UX3KC2S2KF7AN3YRE2OJCDMNFDLMZSVRD4LDY5S\">La pregunta que se hace muchos chilenos \u00bfQu\u00e9 se vota el domingo? Se refiere Mauricio Morales, director del Centro de An\u00e1lisis Pol\u00edtico (CAP).<\/a><\/p><p>\u00a0<\/p><p><strong>RADIO INFINITA<\/strong><\/p><p><a href=\"https:\/\/www.litoralpress.cl\/sitio\/RadioTV_Detalles.cshtml?LPKey=UO6GMHKORBIICZL6FFI6DR3F5QI4H6BGDVOB5DETGLABBDZO3Z6CQ3GBKVU7BAHUOTX3R5ZFX4EJO\">An\u00e1lisis pol\u00edtico de Mauricio Morales, director del Centro de An\u00e1lisis Pol\u00edtico (CAP).<\/a><\/p><p>\u00a0<\/p><p><strong>EL MOSTRADOR<\/strong><\/p><p><a href=\"https:\/\/www.elmostrador.cl\/noticias\/opinion\/2023\/12\/11\/inteligencia-artificial-como-detectar-cuando-el-contenido-lo-genera-una-maquina\/\">Inteligencia Artificial: \u00bfc\u00f3mo detectar cuando el contenido lo genera una m\u00e1quina? Se refiere C\u00e9sar Astudillo Hern\u00e1ndez, acad\u00e9mico de la Facultad de Ingenier\u00eda.<\/a><\/p><p>\u00a0<\/p><p><strong>EMOL<\/strong><\/p><p><a href=\"https:\/\/www.emol.com\/noticias\/Nacional\/2023\/12\/09\/1115246\/crispi-y-montes-segun-analistas.html\">Trayectoria, redes y el plebiscito: Los factores que sostendr\u00edan a Crispi y Montes seg\u00fan analistas. Se refiere Mauricio Morales, director del Centro de An\u00e1lisis Pol\u00edtico (CAP).<\/a><\/p>\t\t\t\t\t\t<\/div>\n\t\t\t\t<\/div>\n\t\t\t\t\t<\/div>\n\t\t<\/div>\n\t\t\t\t\t\t\t<\/div>\n\t\t<\/section>\n\t\t\t\t\t\t<\/div>\n\t\t\t\t\t<\/div>\n\t\t","protected":false},"excerpt":{"rendered":"<p>EL MOSTRADOR Universidad regional crea nuevas becas para sus programas de postgrados. Se refiere la directora de Postgrado Johanna Kreither Olivares. \u00a0 LAS \u00daLTIMAS NOTICIAS\u00a0 Ranking: las 50 carreras con mejor empleabilidad de Chile. Se refiere Mercedes Arenas Jara, directora de la Escuela de Obstetricia y Puericultura \u00a0 DIARIOS EN RED Iniciativa permitir\u00e1 rescatar patrimonio &hellip;<\/p>\n<p class=\"read-more\"> <a class=\"\" href=\"https:\/\/www.reportedeprensa.utalca.cl\/?p=8770\"> <span class=\"screen-reader-text\">12 de diciembre de 2023<\/span> Read More &raquo;<\/a><\/p>\n","protected":false},"author":1,"featured_media":0,"comment_status":"closed","ping_status":"open","sticky":false,"template":"","format":"standard","meta":{"_monsterinsights_skip_tracking":false,"_monsterinsights_sitenote_active":false,"_monsterinsights_sitenote_note":"","_monsterinsights_sitenote_category":0},"categories":[43],"tags":[],"_links":{"self":[{"href":"https:\/\/www.reportedeprensa.utalca.cl\/index.php?rest_route=\/wp\/v2\/posts\/8770"}],"collection":[{"href":"https:\/\/www.reportedeprensa.utalca.cl\/index.php?rest_route=\/wp\/v2\/posts"}],"about":[{"href":"https:\/\/www.reportedeprensa.utalca.cl\/index.php?rest_route=\/wp\/v2\/types\/post"}],"author":[{"embeddable":true,"href":"https:\/\/www.reportedeprensa.utalca.cl\/index.php?rest_route=\/wp\/v2\/users\/1"}],"replies":[{"embeddable":true,"href":"https:\/\/www.reportedeprensa.utalca.cl\/index.php?rest_route=%2Fwp%2Fv2%2Fcomments&post=8770"}],"version-history":[{"count":5,"href":"https:\/\/www.reportedeprensa.utalca.cl\/index.php?rest_route=\/wp\/v2\/posts\/8770\/revisions"}],"predecessor-version":[{"id":8792,"href":"https:\/\/www.reportedeprensa.utalca.cl\/index.php?rest_route=\/wp\/v2\/posts\/8770\/revisions\/8792"}],"wp:attachment":[{"href":"https:\/\/www.reportedeprensa.utalca.cl\/index.php?rest_route=%2Fwp%2Fv2%2Fmedia&parent=8770"}],"wp:term":[{"taxonomy":"category","embeddable":true,"href":"https:\/\/www.reportedeprensa.utalca.cl\/index.php?rest_route=%2Fwp%2Fv2%2Fcategories&post=8770"},{"taxonomy":"post_tag","embeddable":true,"href":"https:\/\/www.reportedeprensa.utalca.cl\/index.php?rest_route=%2Fwp%2Fv2%2Ftags&post=8770"}],"curies":[{"name":"wp","href":"https:\/\/api.w.org\/{rel}","templated":true}]}}