{"id":8779,"date":"2023-12-13T13:33:45","date_gmt":"2023-12-13T16:33:45","guid":{"rendered":"https:\/\/www.reportedeprensa.utalca.cl\/?p=8779"},"modified":"2023-12-13T13:40:22","modified_gmt":"2023-12-13T16:40:22","slug":"13-de-diciembre-de-2023","status":"publish","type":"post","link":"https:\/\/www.reportedeprensa.utalca.cl\/?p=8779","title":{"rendered":"13 de diciembre de 2023"},"content":{"rendered":"\t\t<div data-elementor-type=\"wp-post\" data-elementor-id=\"8779\" class=\"elementor elementor-8779\" data-elementor-settings=\"[]\">\n\t\t\t\t\t\t\t<div class=\"elementor-section-wrap\">\n\t\t\t\t\t\t\t<section class=\"elementor-section elementor-top-section elementor-element elementor-element-bcea1a8 elementor-section-boxed elementor-section-height-default elementor-section-height-default\" data-id=\"bcea1a8\" data-element_type=\"section\">\n\t\t\t\t\t\t<div class=\"elementor-container elementor-column-gap-default\">\n\t\t\t\t\t<div class=\"elementor-column elementor-col-100 elementor-top-column elementor-element elementor-element-e7183bf\" data-id=\"e7183bf\" data-element_type=\"column\">\n\t\t\t<div class=\"elementor-widget-wrap elementor-element-populated\">\n\t\t\t\t\t\t\t\t<div class=\"elementor-element elementor-element-5ffbb87 elementor-widget elementor-widget-text-editor\" data-id=\"5ffbb87\" data-element_type=\"widget\" data-widget_type=\"text-editor.default\">\n\t\t\t\t<div class=\"elementor-widget-container\">\n\t\t\t\t\t\t\t\t<p><b>LA TERCERA ONLINE\u00a0<\/b><b>\u00a0<\/b><\/p><p><a href=\"https:\/\/www.latercera.com\/culto\/2023\/12\/12\/escritora-lina-meruane-recibira-premio-iberoamericano-de-letras-jose-donoso-en-talca\/\">Escritora Lina Meruane\u00a0recibir\u00e1 Premio Iberoamericano de Letras Jos\u00e9 Donoso en Talca. Se refieren Carlos Torres Fuchslocher, rector, y Marcela Albornoz Dachelet, directora de Extensi\u00f3n Cultural \u2013 Art\u00edstica.\u00a0\u00a0<\/a><\/p><p>\u00a0<\/p><p><b>AD PRENSA<\/b>\u00a0\u00a0<\/p><p><a href=\"https:\/\/www.adprensa.cl\/actividades-academicas\/escritora-lina-meruane-recibira-premio-iberoamericano-de-letras-jose-donoso-en-talca\/\">Escritora Lina Meruane\u00a0recibir\u00e1 Premio Iberoamericano de Letras Jos\u00e9 Donoso en Talca. Se refieren Carlos Torres Fuchslocher, rector, y Marcela Albornoz Dachelet, directora de Extensi\u00f3n Cultural \u2013 Art\u00edstica.<\/a>\u00a0\u00a0<\/p><p>\u00a0<\/p><p><b>MEDIA BANCO<\/b>\u00a0\u00a0<\/p><p><a href=\"https:\/\/www.mediabanco.com\/escritora-lina-meruane-recibira-premio-iberoamericano-de-letras-jose-donoso-en-talca\/\">Escritora Lina Meruane\u00a0recibir\u00e1 Premio Iberoamericano de Letras Jos\u00e9 Donoso en Talca. Se refieren Carlos Torres Fuchslocher, rector, y Marcela Albornoz Dachelet, directora de Extensi\u00f3n Cultural \u2013 Art\u00edstica.\u00a0\u00a0<\/a><\/p><p>\u00a0<\/p><p><b>EL DIARIO SANTIAGO<\/b>\u00a0\u00a0<\/p><p><a href=\"https:\/\/eldiariosantiago.cl\/escritora-lina-meruane-recibira-premio-iberoamericano-de-letras-jose-donoso-en-talca\/\">Escritora Lina Meruane\u00a0recibir\u00e1 Premio Iberoamericano de Letras Jos\u00e9 Donoso en Talca. Se refiere Carlos Torres Fuchslocher, rector de la Universidad de Talca.\u00a0\u00a0<\/a><\/p><p>\u00a0<\/p><p><b>G5NOTICIAS.CL<\/b>\u00a0\u00a0<\/p><p><a href=\"https:\/\/g5noticias.cl\/2023\/12\/12\/escritora-lina-meruane-recibira-premio-iberoamericano-de-letras-jose-donoso-en-talca\/\">Escritora Lina Meruane\u00a0recibir\u00e1 Premio Iberoamericano de Letras Jos\u00e9 Donoso en Talca. Se refieren Carlos Torres Fuchslocher, rector, y Marcela Albornoz Dachelet, directora de Extensi\u00f3n Cultural \u2013 Art\u00edstica.\u00a0\u00a0<\/a><\/p><p><b>\u00a0<\/b><\/p><p><b>DIARIOS EN RED\u00a0<\/b><\/p><p><a href=\"https:\/\/diariosenred.com\/nacional\/iniciativa-permitira-rescatar-patrimonio-cultural-e-identitario-del-maule\">Iniciativa permitir\u00e1 rescatar patrimonio cultural e identitario del Maule.\u00a0Se refieren Carlos Torres Fuchslocher, rector, e Ismael Gallardo, acad\u00e9mico de la Facultad de Psicolog\u00eda. \u00a0\u00a0<\/a><\/p><p><b>\u00a0<\/b><\/p><p><b>EL LECTOR\u00a0<\/b><b>\u00a0<\/b><\/p><p><a href=\"https:\/\/www.litoralpress.cl\/sitio\/Prensa_Detalles.cshtml?LPKey=YFRHLQBWVGWHG4HQOPGKKIB3BGAK6G54DLUONRTELLUXKCI3S67A\">Iniciativa permitir\u00e1 rescatar patrimonio cultural identitario del Maule. Se refieren Carlos Torres Fuchslocher, rector \u00a0e Ismael Gallardo, acad\u00e9mico de la Facultad de Psicolog\u00eda. \u00a0\u00a0<\/a><\/p><p>\u00a0<\/p><p><b>MAULE HOY<\/b>\u00a0\u00a0<\/p><p><a href=\"https:\/\/maulehoy.cl\/2023\/12\/11\/presentan-avances-de-proyecto-portafolio-de-servicio-biotecnologico-en-salud-financiado-por-gobierno-regional\/\">Presentan avances de proyecto Portafolio de servicio biotecnol\u00f3gico en Salud financiado por Gobierno Regional. Se refiere Carlos Torres Fuchslocher, rector.<\/a>\u00a0\u00a0<\/p><p>\u00a0<\/p><p><b>EL MOSTRADOR\u00a0<\/b><\/p><p><a href=\"https:\/\/www.elmostrador.cl\/agenda-pais\/2023\/12\/11\/universidad-regional-crea-nuevas-becas-para-sus-programas-de-postgrados\/\">Universidad regional crea nuevas becas para sus programas de postgrados. Se refiere la directora de Postgrado Johanna Kreither Olivares.\u00a0<\/a><\/p><p><b>\u00a0<\/b><\/p><p><b>LAS \u00daLTIMAS NOTICIAS \u00a0<\/b><\/p><p><a href=\"https:\/\/www.litoralpress.cl\/paginaconsultas\/Servicios_NClipSitioWeb\/Get_Imagen_Nota.aspx?LPKey=VHURA3BAX2TOBKYUBTZJSCM3O2MDZ3CWGS47MOLKBL6CCV7XP4UFJZFYDM3ZEXITORUH2Y6BW5RCA\">Ranking: las 50 carreras con mejor empleabilidad de Chile. Se refiere Mercedes Arenas Jara, directora de la Escuela de Obstetricia y Puericultura\u00a0<\/a><\/p><p><b>\u00a0<\/b><\/p><p><b>LA TERCERA ONLINE<\/b>\u00a0\u00a0<\/p><p><a href=\"https:\/\/www.latercera.com\/culto\/2023\/12\/12\/exposicion-itinerante-de-grabados-de-roser-bru-llega-a-la-utalca\/\">Exposici\u00f3n itinerante de grabados de Roser Bru llega a la UTalca. Se refiere Marcela Albornoz Dachelet, directora de Extensi\u00f3n Cultural-Art\u00edstica.\u00a0\u00a0<\/a><\/p><p>\u00a0<\/p><p><b>PORTAL METROPOLITANO<\/b>\u00a0\u00a0<\/p><p><a href=\"https:\/\/portalmetropolitano.cl\/cerca-de-mil-casos-ya-han-sido-parte-del-proyecto-piloto-de-mediacion-penal-restaurativa-en-la-rm\/\">Cerca de mil casos ya han sido parte del proyecto piloto de mediaci\u00f3n penal restaurativa en la RM. Se refiere Ra\u00fal Carnevali, acad\u00e9mico de la Facultad de Ciencias Jur\u00eddicas y Sociales.\u00a0\u00a0<\/a><\/p><p>\u00a0<\/p><p><b>LANOTICIA<\/b>.<b>CL<\/b>\u00a0<\/p><p><a href=\"https:\/\/lanoticia.cl\/cerca-de-mil-casos-ya-han-sido-parte-del-proyecto-piloto-de-mediacion-penal-restaurativa\/\">Cerca de mil casos ya han sido parte del proyecto piloto de mediaci\u00f3n penal restaurativa. Se refiere Ra\u00fal Carnevali, acad\u00e9mico Facultad de Ciencias Jur\u00eddicas y Sociales.\u00a0\u00a0<\/a><\/p><p><b>\u00a0<\/b><\/p><p><b>RADIO AMIGA<\/b>\u00a0\u00a0<\/p><p><a href=\"https:\/\/www.litoralpress.cl\/sitio\/RadioTV_Detalles.cshtml?LPKey=LEL4DXUCVK26VJRD45VBQDUFPEZHVCMORMDSS35OJNGITHAVDVM2OFJ4SND3KUBJC6CYQNVJ4FFUW\">En Curic\u00f3 se llev\u00f3 a cabo el Concurso Descubriendo Talentos Cient\u00edficos. Se refiere C\u00e9sar Retamal, acad\u00e9mico Facultad de Ingenier\u00eda.\u00a0\u00a0<\/a><\/p><p>\u00a0<\/p><p><b>RADIO AMIGA<\/b>\u00a0\u00a0<\/p><p><a href=\"https:\/\/www.litoralpress.cl\/sitio\/RadioTV_Detalles.cshtml?LPKey=PJWCPFFVUGDGCDR5NY6S5SAWPMK66I2RCYAUAKXOMLCGLBAASG4GZTZ4567ACF2WH5RL7LKAKFAC6\">Buscan educar a la comunidad para evitar aparici\u00f3n y propagaci\u00f3n de infecciones resistentes a los antimicrobianos. Se refiere Olga Lobos, acad\u00e9mica Departamento de Microbiolog\u00eda\u00a0UTalca.<\/a>\u00a0\u00a0<\/p><p>\u00a0<\/p><p><b>CANAL 30 MULTICOM<\/b>\u00a0\u00a0<\/p><p><a href=\"https:\/\/www.litoralpress.cl\/sitio\/RadioTV_Detalles.cshtml?LPKey=M2OH6WBAVOUQ7TLIEJ4FHOW4527DMW6IXXXCVLXPVQHLCG4DP2UPEVBWHKBVXAUPIBPYQT4OL7IIW\">Masiva entrega de autotest\u00a0del VIH. Se refiere Daniel Jim\u00e9nez, director de Salud del Estudiante.\u00a0\u00a0<\/a><\/p><p>\u00a0<\/p><p><b>CU\u00c1L ES TU HUELLA\u00a0<\/b><b>\u00a0<\/b><\/p><p><a href=\"https:\/\/www.cualestuhuella.cl\/noticia\/agricultura-responsable\/2023\/12\/avances-proyecciones-agricultura-vertical\">Expertos presentaron avances y proyecciones de la agricultura vertical. Se refiere Gilda Carrasco, acad\u00e9mica Facultad de Ciencias Agrarias.\u00a0<\/a><b>\u00a0<\/b><\/p><p>\u00a0<\/p><p><b>EL DESCONCIERTO<\/b>\u00a0\u00a0<\/p><p><a href=\"https:\/\/www.eldesconcierto.cl\/nacional\/2023\/12\/12\/mas-mujeres-cientificas-39-universidades-abren-cupos-extras-para-acceder-a-distintas-carreras.html\">M\u00e1s Mujeres Cient\u00edficas: 39 universidades abren cupos extras para acceder a distintas carreras. Se menciona a la Universidad de Talca.\u00a0\u00a0<\/a><\/p><p>\u00a0\u00a0<\/p><p><b>EL DIARIO SANTIAGO<\/b>\u00a0\u00a0<\/p><p><a href=\"https:\/\/eldiariosantiago.cl\/proyecto-del-fondo-de-proteccion-ambiental-abordo-problematica-de-la-mala-calidad-del-aire-en-linares\/\">Proyecto del Fondo de Protecci\u00f3n Ambiental abord\u00f3 problem\u00e1tica de la mala calidad del aire en Linares.\u00a0Se menciona a la Universidad de Talca.\u00a0\u00a0<\/a><\/p><p>\u00a0<\/p><p><b>ARAUCAN\u00cdA NOTICIAS<\/b>\u00a0\u00a0<\/p><p><a href=\"https:\/\/araucanianoticias.cl\/2023\/gobierno-regional-concluye-diplomados-que-impulsan-una-agricultura-mas-sustentable-para-la-araucania\/1212248957\">Gobierno Regional concluye diplomados que impulsan una agricultura m\u00e1s sustentable para La Araucan\u00eda. Se menciona a la Universidad de Talca.\u00a0\u00a0<\/a><\/p><p>\u00a0<\/p><p><b>S\u00c9PTIMA PAGINA NOTICIAS<\/b>\u00a0\u00a0<\/p><p><a href=\"https:\/\/www.septimapaginanoticias.cl\/proyecto-del-fondo-de-proteccion-ambiental-abordo-problematica-de-la-mala-calidad-del-aire-en-linares\">Proyecto del Fondo de Protecci\u00f3n Ambiental abord\u00f3 problem\u00e1tica de la mala calidad del aire en Linares. Se menciona a la Universidad de Talca.\u00a0\u00a0<\/a><\/p><p>\u00a0<\/p><p><b>CANAL MEGA\u00a0<\/b><b>\u00a0<\/b><\/p><p><a href=\"https:\/\/www.litoralpress.cl\/sitio\/RadioTV_Detalles.cshtml?LPKey=N4L4INIPFI3HVVVCBFOP7VLHCT3BMIOZSKJXZ2UX3KC2S2KF7AN3YRE2OJCDMNFDLMZSVRD4LDY5S\">La pregunta que se hace muchos chilenos \u00bfQu\u00e9 se vota el domingo? Se Mauricio Morales, acad\u00e9mico Facultad de Ciencias Jur\u00eddicas y Sociales.\u00a0\u00a0<\/a><\/p><p>\u00a0<\/p><p><b>RADIO BIO-BIO<\/b>\u00a0\u00a0<\/p><p><a href=\"https:\/\/www.biobiochile.cl\/noticias\/nacional\/chile\/2023\/12\/12\/pesa-el-apoyo-de-bachelet-al-en-contra-analistas-descartan-influencia-debido-a-ultimos-fracasos.shtml\">\u00bfPesa el apoyo de Bachelet al En Contra? Analistas descartan influencia debido a \u00faltimos fracasos. Se refiere Mauricio Morales, acad\u00e9mico Facultad de Ciencias Jur\u00eddicas y Sociales.\u00a0<\/a><\/p><p><b>\u00a0<\/b><\/p><p><b>EL MERCURIO<\/b>\u00a0\u00a0<\/p><p><a href=\"https:\/\/www.litoralpress.cl\/paginaconsultas\/Servicios_NClipSitioWeb\/Get_Imagen_Nota.aspx?LPKey=YTK5OIFC37ZYXDBBSLNKVRH3JPWJARVAWRJK7A53XDYFNQ6JCGEURY4E5FZOWY7RJBBCTRAGSE3DU\">Analistas realizan negativo balance de franja televisiva y campa\u00f1a. Se refiere\u00a0Mauricio Morales, acad\u00e9mico Facultad de Ciencias Jur\u00eddicas y Sociales.\u00a0<\/a><u><br \/><a id=\"OWA522ebca9-4d5f-8d48-3c3a-57b35972c482\" class=\"OWAAutoLink\" href=\"https:\/\/www.litoralpress.cl\/paginaconsultas\/Servicios_NClipSitioWeb\/Get_Imagen_Nota.aspx?LPKey=YTK5OIFC37ZYXDBBSLNKVRH3JPWJARVAWRJK7A53XDYFNQ6JCGEURY4E5FZOWY7RJBBCTRAGSE3DU\" target=\"_blank\" rel=\"noopener\" data-auth=\"NotApplicable\" data-linkindex=\"0\"><\/a><\/u>\u00a0\u00a0<\/p><p><b>RADIO INFINITA<\/b>\u00a0\u00a0<\/p><p><a href=\"https:\/\/www.litoralpress.cl\/sitio\/RadioTV_Detalles.cshtml?LPKey=UO6GMHKORBIICZL6FFI6DR3F5QI4H6BGDVOB5DETGLABBDZO3Z6CQ3GBKVU7BAHUOTX3R5ZFX4EJO\">Participaci\u00f3n de Mauricio Morales, acad\u00e9mico Facultad de Ciencias Jur\u00eddicas y Sociales.\u00a0\u00a0<\/a><\/p><p>\u00a0<\/p><p><b>RADIO INFINITA<\/b>\u00a0\u00a0<\/p><p><a href=\"https:\/\/www.litoralpress.cl\/sitio\/RadioTV_Detalles.cshtml?LPKey=326M2Q5F5OQB6UZYU76NUQXPMCMU7DRCM65ZZOJRXV6SLXGEORILZQ7YILWGRJVEWLV3H36TJ3G7Y\">Comentario de pol\u00edtica de Mauricio Morales, acad\u00e9mico Facultad de Ciencias Jur\u00eddicas y Sociales.\u00a0\u00a0<\/a><\/p><p><b>\u00a0<\/b><\/p><p><b>TV5 LINARES<\/b><b>\u00a0<\/b><\/p><p><a href=\"https:\/\/www.litoralpress.cl\/sitio\/RadioTV_Detalles.cshtml?LPKey=O5AF2BSN3XTHB3ISZWNJQLH4SGAC5GVZAUOVHDE5PXH2EQTMYQYSUV3MOHY34Z2IVKK52ZGY5S5OC\">Explican proceso de votaci\u00f3n a casi una semana del Plebiscito. Se refiere Mario Herrera, acad\u00e9mico Facultad de Ciencias Jur\u00eddicas y Sociales.\u00a0\u00a0<\/a><\/p><p><b>\u00a0<\/b><\/p><p><b>DIARIO UACH<\/b>\u00a0\u00a0<\/p><p><a href=\"https:\/\/diario.uach.cl\/estudiante-de-derecho-participo-en-articulo-sobre-procedimiento-de-tutela-laboral-en-funcionarios-de-las-fuerzas-armadas\/\">Estudiante de Derecho particip\u00f3 en art\u00edculo sobre procedimiento de tutela laboral en funcionarios de las fuerzas armadas. Se menciona a Diego Palomo, acad\u00e9mico de la Facultad de Ciencias Jur\u00eddicas y Sociales.\u00a0\u00a0<\/a><\/p><p>\u00a0<\/p><p><b>UNIVERSIDAD DE VALPARA\u00cdSO<\/b>\u00a0\u00a0<\/p><p><a href=\"https:\/\/uv.cl\/archivo-noticias-uv\/26350-se-presento-libro-derechos-de-la-personalidad-derechos-fundamentales-y-responsabilidad-civil-de-profesoras-rommy-alvarez-y-pamela-prado\">Se present\u00f3 libro \u201cDerechos de la personalidad, derechos fundamentales y responsabilidad civil\u201d de profesoras Rommy\u00a0\u00c1lvarez y Pamela Prado. Se refiere Isaac Ravetllat, acad\u00e9mico Facultad de Ciencias Jur\u00eddicas y Sociales.\u00a0\u00a0<\/a><\/p><p>\u00a0<\/p><p><b>EL HERALDO<\/b>\u00a0\u00a0<\/p><p><a href=\"https:\/\/www.litoralpress.cl\/paginaconsultas\/Servicios_NClipSitioWeb\/Get_Imagen_Nota.aspx?LPKey=NKJYQFUTNJHZ3O3ZKBIXKFEE7RJIHY34UCOJNTIHYQFDJVXV3J5NMCFWMAB5O4UNKP4JKN4IM3GFY\">Proyecto del Fondo de Protecci\u00f3n Ambiental abord\u00f3 problem\u00e1tica de la mala calidad del aire en Linares. Se menciona a la Universidad de Talca.\u00a0\u00a0<\/a><\/p><p>\u00a0<\/p><p><b>EL LECTOR<\/b>\u00a0\u00a0<\/p><p><a href=\"https:\/\/www.litoralpress.cl\/paginaconsultas\/Servicios_NClipSitioWeb\/Get_Imagen_Nota.aspx?LPKey=7S3DNAHQ5ZGQ6ZLHOEX2VBNABIMUIQXDUYUYGZB343I6FPDAXUWPOT6LBSYBWNM3AXCUHDXZYJDIU\">Proyecto del Fondo de Protecci\u00f3n Ambiental abord\u00f3 problem\u00e1tica de la mala calidad del aire en Linares. Se menciona a la Universidad de Talca.\u00a0\u00a0<\/a><\/p><p>\u00a0<\/p><p><b>LA PRENSA DE CURIC\u00d3<\/b>\u00a0\u00a0<\/p><p><a href=\"https:\/\/www.litoralpress.cl\/paginaconsultas\/Servicios_NClipSitioWeb\/Get_Imagen_Nota.aspx?LPKey=LVVRC3G62JEM6F3D6YA24AGVD5O3PHITCJRB7RUH7AMHEFU5DJCBHEY6HNST7MFWGKOWJIOMFMZQA\">Doble v\u00eda de ruta San Javier-Constituci\u00f3n estar\u00e1 construida a m\u00e1s tardar el 2033. Se menciona a la Universidad de Talca. \u00a0\u00a0<\/a><\/p><p>\u00a0<\/p><p><b>DIARIO LA PRENSA<\/b>\u00a0\u00a0<\/p><p><a href=\"https:\/\/new.diariolaprensa.cl\/index.php\/2023\/12\/12\/doble-via-de-ruta-san-javier-constitucion-estara-construida-a-mas-tardar-el-2033\/\">Doble v\u00eda de ruta San Javier-Constituci\u00f3n estar\u00e1 construida a m\u00e1s tardar el 2033. Se menciona a la Universidad de Talca.\u00a0\u00a0<\/a><\/p><p>\u00a0<\/p><p><b>DIARIO TALCA<\/b>\u00a0\u00a0<\/p><p><a href=\"https:\/\/diariotalca.cl\/adelantan-fecha-para-obras-viales-sobre-la-ruta-5-sur-en-talca\/\">Adelantan fecha para anheladas obras viales de conectividad en Talca. Se menciona a la Universidad de Talca.\u00a0\u00a0<\/a><\/p><p>\u00a0<\/p><p><b>CANAL CONTIVISI\u00d3N<\/b>\u00a0\u00a0<\/p><p><a href=\"https:\/\/www.litoralpress.cl\/sitio\/RadioTV_Detalles.cshtml?LPKey=3CHNY43C37SAPKTAG4AZPRFYBVDDJHTSTCCYOHVF47LDM6RYMS4UBRTQWPLUZLCN35OLW7SVPKSKU\">Obras de conectividad oriente-poniente para Talca debieran licitarse el segundo semestre del 2024. Se menciona a la Universidad de Talca.\u00a0\u00a0<\/a><\/p><p>\u00a0<\/p><p><b>RADIO BEETHOVEN<\/b>\u00a0\u00a0<\/p><p><a href=\"https:\/\/www.beethovenfm.cl\/evento\/catedra-oreste-plath-carlos-lavin\/\">C\u00e1tedra Oreste Plath: Carlos Lav\u00edn. Se\u00a0menciona a la Universidad de Talca.\u00a0\u00a0<\/a><\/p>\t\t\t\t\t\t<\/div>\n\t\t\t\t<\/div>\n\t\t\t\t\t<\/div>\n\t\t<\/div>\n\t\t\t\t\t\t\t<\/div>\n\t\t<\/section>\n\t\t\t\t\t\t<\/div>\n\t\t\t\t\t<\/div>\n\t\t","protected":false},"excerpt":{"rendered":"<p>LA TERCERA ONLINE\u00a0\u00a0 Escritora Lina Meruane\u00a0recibir\u00e1 Premio Iberoamericano de Letras Jos\u00e9 Donoso en Talca. Se refieren Carlos Torres Fuchslocher, rector, y Marcela Albornoz Dachelet, directora de Extensi\u00f3n Cultural \u2013 Art\u00edstica.\u00a0\u00a0 \u00a0 AD PRENSA\u00a0\u00a0 Escritora Lina Meruane\u00a0recibir\u00e1 Premio Iberoamericano de Letras Jos\u00e9 Donoso en Talca. Se refieren Carlos Torres Fuchslocher, rector, y Marcela Albornoz Dachelet, directora &hellip;<\/p>\n<p class=\"read-more\"> <a class=\"\" href=\"https:\/\/www.reportedeprensa.utalca.cl\/?p=8779\"> <span class=\"screen-reader-text\">13 de diciembre de 2023<\/span> Read More &raquo;<\/a><\/p>\n","protected":false},"author":1,"featured_media":0,"comment_status":"closed","ping_status":"open","sticky":false,"template":"","format":"standard","meta":{"_monsterinsights_skip_tracking":false,"_monsterinsights_sitenote_active":false,"_monsterinsights_sitenote_note":"","_monsterinsights_sitenote_category":0},"categories":[43],"tags":[],"_links":{"self":[{"href":"https:\/\/www.reportedeprensa.utalca.cl\/index.php?rest_route=\/wp\/v2\/posts\/8779"}],"collection":[{"href":"https:\/\/www.reportedeprensa.utalca.cl\/index.php?rest_route=\/wp\/v2\/posts"}],"about":[{"href":"https:\/\/www.reportedeprensa.utalca.cl\/index.php?rest_route=\/wp\/v2\/types\/post"}],"author":[{"embeddable":true,"href":"https:\/\/www.reportedeprensa.utalca.cl\/index.php?rest_route=\/wp\/v2\/users\/1"}],"replies":[{"embeddable":true,"href":"https:\/\/www.reportedeprensa.utalca.cl\/index.php?rest_route=%2Fwp%2Fv2%2Fcomments&post=8779"}],"version-history":[{"count":4,"href":"https:\/\/www.reportedeprensa.utalca.cl\/index.php?rest_route=\/wp\/v2\/posts\/8779\/revisions"}],"predecessor-version":[{"id":8783,"href":"https:\/\/www.reportedeprensa.utalca.cl\/index.php?rest_route=\/wp\/v2\/posts\/8779\/revisions\/8783"}],"wp:attachment":[{"href":"https:\/\/www.reportedeprensa.utalca.cl\/index.php?rest_route=%2Fwp%2Fv2%2Fmedia&parent=8779"}],"wp:term":[{"taxonomy":"category","embeddable":true,"href":"https:\/\/www.reportedeprensa.utalca.cl\/index.php?rest_route=%2Fwp%2Fv2%2Fcategories&post=8779"},{"taxonomy":"post_tag","embeddable":true,"href":"https:\/\/www.reportedeprensa.utalca.cl\/index.php?rest_route=%2Fwp%2Fv2%2Ftags&post=8779"}],"curies":[{"name":"wp","href":"https:\/\/api.w.org\/{rel}","templated":true}]}}