{"id":8793,"date":"2023-12-14T17:30:36","date_gmt":"2023-12-14T20:30:36","guid":{"rendered":"https:\/\/www.reportedeprensa.utalca.cl\/?p=8793"},"modified":"2023-12-14T17:35:37","modified_gmt":"2023-12-14T20:35:37","slug":"14-de-diciembre-de-2023","status":"publish","type":"post","link":"https:\/\/www.reportedeprensa.utalca.cl\/?p=8793","title":{"rendered":"14 de diciembre de 2023"},"content":{"rendered":"\t\t<div data-elementor-type=\"wp-post\" data-elementor-id=\"8793\" class=\"elementor elementor-8793\" data-elementor-settings=\"[]\">\n\t\t\t\t\t\t\t<div class=\"elementor-section-wrap\">\n\t\t\t\t\t\t\t<section class=\"elementor-section elementor-top-section elementor-element elementor-element-bcea1a8 elementor-section-boxed elementor-section-height-default elementor-section-height-default\" data-id=\"bcea1a8\" data-element_type=\"section\">\n\t\t\t\t\t\t<div class=\"elementor-container elementor-column-gap-default\">\n\t\t\t\t\t<div class=\"elementor-column elementor-col-100 elementor-top-column elementor-element elementor-element-e7183bf\" data-id=\"e7183bf\" data-element_type=\"column\">\n\t\t\t<div class=\"elementor-widget-wrap elementor-element-populated\">\n\t\t\t\t\t\t\t\t<div class=\"elementor-element elementor-element-5ffbb87 elementor-widget elementor-widget-text-editor\" data-id=\"5ffbb87\" data-element_type=\"widget\" data-widget_type=\"text-editor.default\">\n\t\t\t\t<div class=\"elementor-widget-container\">\n\t\t\t\t\t\t\t\t<p><strong>RADIO Y TELEVISI\u00d3N ESPA\u00d1OLA<\/strong>\u00a0<\/p><p><a href=\"https:\/\/www.litoralpress.cl\/sitio\/RadioTV_Detalles.cshtml?LPKey=3L6U5ADWXLT5MTNBIDVSLJZR4425L473MQ5OL6PDSY42ODGDTTVWSVYD6TCBWSD26VZ3Q742DVSOI\">Entrevista a Lina Meruane. Se menciona al Premio Jos\u00e9 Donoso\u00a0<\/a><\/p><p>\u00a0<\/p><p><strong>EL CIUDADANO<\/strong><\/p><p><a href=\"https:\/\/www.elciudadano.com\/artes\/escritora-lina-meruane-recibira-premio-iberoamericano-de-letras-jose-donoso-en-talca\/12\/12\/\">Escritora Lina Meruane recibir\u00e1 Premio Iberoamericano\u00a0de Letras Jos\u00e9 Donoso en Talca. Se refieren Carlos Torres Fuchslocher, rector, y Marcela Albornoz Dachelet, directora de Extensi\u00f3n Cultural \u2013 Art\u00edstica.<\/a><\/p><p>\u00a0<\/p><p><strong>G5NOTICIAS.CL<\/strong><\/p><p><a href=\"https:\/\/g5noticias.cl\/2023\/12\/12\/escritora-lina-meruane-recibira-premio-iberoamericano-de-letras-jose-donoso-en-talca\/\">Escritora Lina Meruane recibir\u00e1 Premio Iberoamericano\u00a0de Letras Jos\u00e9 Donoso en Talca. Se refieren Carlos Torres Fuchslocher, rector, y Marcela Albornoz Dachelet, directora de Extensi\u00f3n Cultural \u2013 Art\u00edstica.<\/a><\/p><p>\u00a0<\/p><p><strong>LA PRENSA DE CURIC\u00d3\u00a0<\/strong><\/p><p><a href=\"https:\/\/www.litoralpress.cl\/paginaconsultas\/Servicios_NClipSitioWeb\/Get_Imagen_Nota.aspx?LPKey=FS6BF6XQRVZSL37ZTL5P464YOG6ORCJ2BVLE2EB3ED24XQ73Y3BYF7Y3SR5JJBBS6GSGF2A436YAC\">Escritora Lina Meruane\u00a0recibir\u00e1 Premio Iberoamericano de Letras Jos\u00e9 Donoso. Se refiere Carlos Torres Fuchslocher, rector de la Universidad de Talca \u00a0y\u00a0Claire Mercier, acad\u00e9mica Instituto de Estudios Human\u00edsticos. \u00a0<\/a><\/p><p>\u00a0<\/p><p><strong>CANAL TVN RED MAULE<\/strong>\u00a0<\/p><p><a href=\"https:\/\/www.litoralpress.cl\/sitio\/RadioTV_Detalles.cshtml?LPKey=AXLTBWJGYZ6DT7WZXQFJWWD2GIICTX2F5BON7XDG3L4OCULCFGUT4LK6DBN43GHJZXECUC4PVDI6W\">Universidad de Talca implementa plan de digitalizaci\u00f3n municipal. Se refiere Carlos Torres Fuchslocher, rector de la Universidad de Talca\u00a0<\/a><\/p><p>\u00a0<\/p><p><strong>ELDIARIODESANTIAGO.CL<\/strong><\/p><p><a href=\"http:\/\/eldiariosantiago.cl\/universidad-de-talca-inicia-programa-de-transformacion-digital-en-municipios-del-maule\/\">Universidad de Talca inicia programa de transformaci\u00f3n digital en municipios del Maule. Se refiere Carlos Torres Fuchslocher, rector<\/a><\/p><p>\u00a0<\/p><p><strong>MEDIABANCO<\/strong><\/p><p><a href=\"https:\/\/www.mediabanco.com\/universidad-de-talca-inicia-programa-de-transformacion-digital-en-municipios-del-maule\/\">Universidad de Talca inicia programa de transformaci\u00f3n digital en municipios del Maule. Se refiere Carlos Torres Fuchslocher, rector<\/a><\/p><p>\u00a0<\/p><p><strong>MEDIABANCO<\/strong><\/p><p><a href=\"https:\/\/www.mediabanco.com\/exposicion-itinerante-de-grabados-de-roser-bru-llega-a-la-utalca\/\">Exposici\u00f3n itinerante de grabados de\u00a0Roser Bru llega a la UTalca. Se refiere Marcela Albornoz Dachelet, directora de Extensi\u00f3n Cultural \u2013 Art\u00edstica<\/a><\/p><p>\u00a0<\/p><p><strong>ADPRENSA<\/strong><\/p><p><a href=\"https:\/\/www.adprensa.cl\/cronica\/exposicion-itinerante-de-grabados-deroser-bru-llega-a-la-utalca\/\">Exposici\u00f3n itinerante de grabados de\u00a0Roser Bru llega a la UTalca. Exposici\u00f3n itinerante de grabados de Roser Bru llega a la UTalca. Se refiere Carlos Torres Fuchslocher, rector de la Universidad de Talca y Marcela Albornoz Dachelet, directora Editorial UTalca. \u00a0<\/a><\/p><p>\u00a0<\/p><p><strong>EL LECTOR\u00a0<\/strong><\/p><p><a href=\"https:\/\/www.litoralpress.cl\/paginaconsultas\/Servicios_NClipSitioWeb\/Get_Imagen_Nota.aspx?LPKey=SXTJLWEMFXIE4Y5NDHBU5ULQZIEU2T62G65P3JNVILTWQ4VD7ZXWHWRPDAUS7ECY6ZHWZIHENPKFM\">Exposici\u00f3n itinerante de grabados de Roser Bru llega a la UTalca. Se refiere Carlos Torres Fuchslocher, rector de la Universidad de Talca y Marcela Albornoz Dachelet, directora Editorial UTalca. \u00a0<\/a><\/p><p>\u00a0<\/p><p><strong>DIARIOS EN RED<\/strong><\/p><p><a href=\"https:\/\/diariosenred.com\/regional\/exposicion-itinerante-de-grabados-de-roser-bru-llega-a-la-utalca\">Exposici\u00f3n itinerante de grabados de Roser Bru llega a la UTalca. Se refiere Carlos Torres Fuchslocher, rector de la Universidad de Talca y Marcela Albornoz Dachelet, directora Editorial UTalca. \u00a0<\/a><\/p><p>\u00a0<\/p><p><strong>RED MAULE<\/strong><\/p><p><a href=\"https:\/\/redmaule.com\/regional\/exposicion-itinerante-de-grabados-de-roser-bru-llega-a-la-utalca\">Exposici\u00f3n itinerante de grabados de Roser Bru llega a la UTalca. Se refiere Carlos Torres Fuchslocher, rector de la Universidad de Talca y Marcela Albornoz Dachelet, directora Editorial UTalca. \u00a0<\/a><\/p><p>\u00a0<\/p><p><strong>PUBLIMICRO.CL<\/strong><\/p><p><a href=\"https:\/\/publimicro.cl\/exposicion-itinerante-de-grabados-de-roser-bru-llega-a-la-utalca-en-conmemoracion-por-los-100-anos-de-la-artista\/\">Exposici\u00f3n itinerante de grabados de Roser Bru llega a la UTalca, en conmemoraci\u00f3n por los 100 a\u00f1os de la artista. Se refiere Carlos Torres Fuchslocher, rector de la Universidad de Talca y Marcela Albornoz Dachelet, directora Editorial UTalca. \u00a0<\/a><\/p><p>\u00a0<\/p><p><strong>ELMAULEINFORMA.CL<\/strong><\/p><p><a href=\"https:\/\/elmauleinforma.cl\/exposicion-itinerante-de-grabados-de-roser-bru-llega-a-la-utalca\/\">Exposici\u00f3n itinerante de grabados de Roser Bru llega a la UTalca, en conmemoraci\u00f3n por los 100 a\u00f1os de la artista. Se refiere Carlos Torres Fuchslocher, rector de la Universidad de Talca y Marcela Albornoz Dachelet, directora Editorial UTalca. \u00a0<\/a><\/p><p>\u00a0<\/p><p><strong>CANAL 30 MULTICOM<\/strong>\u00a0<\/p><p><a href=\"https:\/\/www.litoralpress.cl\/sitio\/RadioTV_Detalles.cshtml?LPKey=TLFJ7KAR53K62EEO6EIIFTPZ6BF45Z2DGQA2W7RIUDNVY5YB5537BJJ22LMRYBV2EITUXLTQE23HS\">La Universidad de Talca desarrollar\u00e1 un proyecto que busca mantener el patrimonio cultural del Maule. Se refiere Carlos Torres Fuchslocher, rector de la Universidad de Talca e Ismael Gallado Cuadra, acad\u00e9mico de la Facultad de Psicolog\u00eda.\u00a0<\/a><\/p><p>\u00a0<\/p><p><strong>LAS \u00daLTIMAS NOTICIAS\u00a0<\/strong>\u00a0<\/p><p><a href=\"https:\/\/www.litoralpress.cl\/paginaconsultas\/Servicios_NClipSitioWeb\/Get_Imagen_Nota.aspx?LPKey=ELTD3ABKVRTKLAPN5ENRE276BABBUKXPCHTIIMTL25SM2VUAKI6TQTLRO4VPEDW2UAUHNXZVL55TE\">Universidades abren m\u00e1s de 2.300 cupos exclusivos para mujeres en 400 carreras de ciencias. Se menciona a la Universidad de Talca. \u00a0<\/a><\/p><p>\u00a0<\/p><p><strong>Canal TVN &#8211; 24 Horas Central<\/strong>\u00a0<\/p><p><a href=\"https:\/\/www.litoralpress.cl\/sitio\/RadioTV_Detalles.cshtml?LPKey=56CMME2PDUAK6Z4PIVDUCN7QEFFOGSWHU43V3VHYHXBXB4ZWR2AKJX52K76JOXWGY6KCTVVJJOPE6\">Mujer sufri\u00f3 invasi\u00f3n de abejas en su propia casa: pide ayuda al SAG. Se refiere Blas Lavandero, acad\u00e9mico del Instituto de Ciencias Biol\u00f3gicas.<\/a><\/p><p>\u00a0<\/p><p><strong>RADIO BIOBIO<\/strong>\u00a0<\/p><p><a href=\"https:\/\/www.litoralpress.cl\/sitio\/RadioTV_Detalles.cshtml?LPKey=JIUPBH53R3FVEKURH7OKI2ZOFSTRMCHRD7AIZGZVOUBRKU3Q6LFU3MTFRRTL5SJWRFG3DGGMYJSDI\">Emiten advertencia agrometeorol\u00f3gica por altas temperaturas m\u00e1ximas en la regi\u00f3n de Valpara\u00edso. Se refiere Patricio Gonz\u00e1lez, agroclimat\u00f3logo\u00a0del CITRA.\u00a0<\/a><\/p><p>\u00a0<\/p><p><strong>CANAL TVN RED MAULE<\/strong>\u00a0<\/p><p><a href=\"https:\/\/www.litoralpress.cl\/sitio\/RadioTV_Detalles.cshtml?LPKey=YCDMQYVEYPLCUDM63Y6YPOIY2Z2OY5LKY2VFHY7ITL5WWIRBWCZMCO5DW5BOGQMT5K732FV6KZIEE\">Encuesta arroj\u00f3 que el 80,2% de los maulinos respeta la homosexualidad. Se refiere Emilio Moyano, acad\u00e9mico Facultad de Psicolog\u00eda. \u00a0<\/a><\/p><p>\u00a0<\/p><p><strong>CANAL TVN RED MAULE<\/strong>\u00a0<\/p><p><a href=\"https:\/\/www.litoralpress.cl\/sitio\/RadioTV_Detalles.cshtml?LPKey=LAYKFDGTLT27R3KGKZ3C3DSTH6L2Z7IYXABQSBUUKT4D5DTHFR43FNXPSOVMHCYNC5Q4J6TFPGIDE\">Universidad de Talca realiz\u00f3 una nueva edici\u00f3n de Pinceladas del Maule. Se menciona a la Universidad de Talca.\u00a0<\/a><\/p><p>\u00a0<\/p><p><strong>CANAL TVN RED MAULE<\/strong>\u00a0<\/p><p><a href=\"https:\/\/www.litoralpress.cl\/sitio\/RadioTV_Detalles.cshtml?LPKey=EKJX2NOXCA6PFNLIA7BXG2S7WEJIHN3PKXF32JKGX3R4WKTYM2YRXA7Z6NZ54AXWKCCWXF4L4T5NQ\">Concierto en homenaje a Patricio Cobos se realizar\u00e1 en la Universidad de Talca. Se menciona a la Universidad de Talca.\u00a0<\/a><\/p><p>\u00a0<\/p><p><strong>CANAL TVN RED MAULE<\/strong>\u00a0<\/p><p><a href=\"https:\/\/www.litoralpress.cl\/sitio\/RadioTV_Detalles.cshtml?LPKey=PZ3PSAGLXMYM35TSL3N6HMD6DBI4ZLZ5KGM7J4MNHDA3PMSAWDQC3NH3TH4WLLXUQ7TWGHHSKLGXK\">Jazz en el patio se presenta en la Universidad de Talca sede Curic\u00f3. Se menciona a la Universidad de Talca.\u00a0<\/a><\/p><p>\u00a0<\/p><p><strong>LA PRENSA CURIC\u00d3<\/strong>\u00a0<\/p><p><a href=\"https:\/\/www.litoralpress.cl\/paginaconsultas\/Servicios_NClipSitioWeb\/Get_Imagen_Nota.aspx?LPKey=ZS5DALA7GRXJEFCPK4HOM5CNPDVLCTMMGNETVQFCWE3PGWGWZRIAC7YIOLEB7NZAQCZUVPSZFRLUU\">Jazz en el patio. Se menciona a la Universidad de Talca.\u00a0\u00a0<\/a><\/p><p>\u00a0<\/p><p><strong>RADIO INFINITA<\/strong>\u00a0<\/p><p><a href=\"https:\/\/www.litoralpress.cl\/sitio\/RadioTV_Detalles.cshtml?LPKey=UXPJAV6SJIXOJIPR2OMRGPM44432NJGTBDWMRNZD5765TWSL327IRT4ZSSM5HYFD3LOD5KZMZ4YK4\">Comentario de pol\u00edtica de Mauricio Morales, acad\u00e9mico Facultad de Ciencias Jur\u00eddicas y Sociales.\u00a0<\/a><\/p><p>\u00a0<\/p><p><strong>RADIO INFINITA<\/strong>\u00a0<\/p><p><a href=\"https:\/\/www.litoralpress.cl\/sitio\/RadioTV_Detalles.cshtml?LPKey=326M2Q5F5OQB6UZYU76NUQXPMCMU7DRCM65ZZOJRXV6SLXGEORILZQ7YILWGRJVEWLV3H36TJ3G7Y\">Comentario de pol\u00edtica de Mauricio Morales, acad\u00e9mico Facultad de Ciencias Jur\u00eddicas y Sociales.\u00a0<\/a><\/p>\t\t\t\t\t\t<\/div>\n\t\t\t\t<\/div>\n\t\t\t\t\t<\/div>\n\t\t<\/div>\n\t\t\t\t\t\t\t<\/div>\n\t\t<\/section>\n\t\t\t\t\t\t<\/div>\n\t\t\t\t\t<\/div>\n\t\t","protected":false},"excerpt":{"rendered":"<p>RADIO Y TELEVISI\u00d3N ESPA\u00d1OLA\u00a0 Entrevista a Lina Meruane. Se menciona al Premio Jos\u00e9 Donoso\u00a0 \u00a0 EL CIUDADANO Escritora Lina Meruane recibir\u00e1 Premio Iberoamericano\u00a0de Letras Jos\u00e9 Donoso en Talca. Se refieren Carlos Torres Fuchslocher, rector, y Marcela Albornoz Dachelet, directora de Extensi\u00f3n Cultural \u2013 Art\u00edstica. \u00a0 G5NOTICIAS.CL Escritora Lina Meruane recibir\u00e1 Premio Iberoamericano\u00a0de Letras Jos\u00e9 Donoso &hellip;<\/p>\n<p class=\"read-more\"> <a class=\"\" href=\"https:\/\/www.reportedeprensa.utalca.cl\/?p=8793\"> <span class=\"screen-reader-text\">14 de diciembre de 2023<\/span> Read More &raquo;<\/a><\/p>\n","protected":false},"author":1,"featured_media":0,"comment_status":"closed","ping_status":"open","sticky":false,"template":"","format":"standard","meta":{"_monsterinsights_skip_tracking":false,"_monsterinsights_sitenote_active":false,"_monsterinsights_sitenote_note":"","_monsterinsights_sitenote_category":0},"categories":[43],"tags":[],"_links":{"self":[{"href":"https:\/\/www.reportedeprensa.utalca.cl\/index.php?rest_route=\/wp\/v2\/posts\/8793"}],"collection":[{"href":"https:\/\/www.reportedeprensa.utalca.cl\/index.php?rest_route=\/wp\/v2\/posts"}],"about":[{"href":"https:\/\/www.reportedeprensa.utalca.cl\/index.php?rest_route=\/wp\/v2\/types\/post"}],"author":[{"embeddable":true,"href":"https:\/\/www.reportedeprensa.utalca.cl\/index.php?rest_route=\/wp\/v2\/users\/1"}],"replies":[{"embeddable":true,"href":"https:\/\/www.reportedeprensa.utalca.cl\/index.php?rest_route=%2Fwp%2Fv2%2Fcomments&post=8793"}],"version-history":[{"count":4,"href":"https:\/\/www.reportedeprensa.utalca.cl\/index.php?rest_route=\/wp\/v2\/posts\/8793\/revisions"}],"predecessor-version":[{"id":8797,"href":"https:\/\/www.reportedeprensa.utalca.cl\/index.php?rest_route=\/wp\/v2\/posts\/8793\/revisions\/8797"}],"wp:attachment":[{"href":"https:\/\/www.reportedeprensa.utalca.cl\/index.php?rest_route=%2Fwp%2Fv2%2Fmedia&parent=8793"}],"wp:term":[{"taxonomy":"category","embeddable":true,"href":"https:\/\/www.reportedeprensa.utalca.cl\/index.php?rest_route=%2Fwp%2Fv2%2Fcategories&post=8793"},{"taxonomy":"post_tag","embeddable":true,"href":"https:\/\/www.reportedeprensa.utalca.cl\/index.php?rest_route=%2Fwp%2Fv2%2Ftags&post=8793"}],"curies":[{"name":"wp","href":"https:\/\/api.w.org\/{rel}","templated":true}]}}