{"id":8804,"date":"2023-12-18T14:46:14","date_gmt":"2023-12-18T17:46:14","guid":{"rendered":"https:\/\/www.reportedeprensa.utalca.cl\/?p=8804"},"modified":"2023-12-19T13:11:36","modified_gmt":"2023-12-19T16:11:36","slug":"16-de-diciembre-de-2023","status":"publish","type":"post","link":"https:\/\/www.reportedeprensa.utalca.cl\/?p=8804","title":{"rendered":"18 de diciembre de 2023"},"content":{"rendered":"\t\t<div data-elementor-type=\"wp-post\" data-elementor-id=\"8804\" class=\"elementor elementor-8804\" data-elementor-settings=\"[]\">\n\t\t\t\t\t\t\t<div class=\"elementor-section-wrap\">\n\t\t\t\t\t\t\t<section class=\"elementor-section elementor-top-section elementor-element elementor-element-bcea1a8 elementor-section-boxed elementor-section-height-default elementor-section-height-default\" data-id=\"bcea1a8\" data-element_type=\"section\">\n\t\t\t\t\t\t<div class=\"elementor-container elementor-column-gap-default\">\n\t\t\t\t\t<div class=\"elementor-column elementor-col-100 elementor-top-column elementor-element elementor-element-e7183bf\" data-id=\"e7183bf\" data-element_type=\"column\">\n\t\t\t<div class=\"elementor-widget-wrap elementor-element-populated\">\n\t\t\t\t\t\t\t\t<div class=\"elementor-element elementor-element-5ffbb87 elementor-widget elementor-widget-text-editor\" data-id=\"5ffbb87\" data-element_type=\"widget\" data-widget_type=\"text-editor.default\">\n\t\t\t\t<div class=\"elementor-widget-container\">\n\t\t\t\t\t\t\t\t<p><strong>NOVACIENCIA.ES (ESPA\u00d1A)<\/strong><\/p><p><a href=\"https:\/\/www.litoralpress.cl\/paginaconsultas\/Servicios_NClipSitioWeb\/Get_Imagen_Nota.aspx?LPKey=REE6ADELUTOWVCTAKZDEHYNAJTJMCTTZKGLQK7B5HYJYWD5NKH7ZNY2PZUFR2Q2AC4MIN5NC2VNWK\">Lina Meruane, galardonada con el Premio Iberoamericano de Letras Jos\u00e9 Donoso 2023<\/a><\/p><p><strong>\u00a0<\/strong><\/p><p><strong>MEDIA BANCO<\/strong>\u00a0<\/p><p><a href=\"https:\/\/www.mediabanco.com\/lina-meruane-recibio-premio-iberoamericano-de-letras-jose-donoso-2023\/\"><span style=\"font-style: inherit; font-weight: inherit;\">Lina Meruane\u00a0recibi\u00f3 Premio Iberoamericano de Letras Jos\u00e9 Donoso 2023. Se refiere Claire Mercier, acad\u00e9mica Instituto de Estudios Human\u00edsticos\u00a0y Marcela Albornoz Dachelet, directora de Extensi\u00f3n Cultural-Art\u00edstica y de la Editorial Universidad de Talca.\u00a0 \u00a0<\/span><\/a><\/p><p>\u00a0<\/p><p><strong>EL TIP\u00d3GRAFO<\/strong>\u00a0<\/p><p><a href=\"https:\/\/eltipografo.cl\/2023\/12\/lina-meruane-recibio-premio-iberoamericano-de-letras-jose-donoso-2023\">Lina Meruane\u00a0recibi\u00f3 Premio Iberoamericano de Letras Jos\u00e9 Donoso 2023. Se refiere Claire Mercier, acad\u00e9mica Instituto de Estudios Human\u00edsticos. \u00a0<\/a><\/p><p>\u00a0<\/p><p><strong>DIARIO LA TRIBUNA<\/strong>\u00a0<\/p><p><span style=\"font-style: inherit; font-weight: inherit;\"><a href=\"https:\/\/www.latribuna.cl\/equidad-de-genero\/2023\/12\/15\/escritora-chilena-recibio-premio-iberoamericano-de-letras-jose-donoso-2023.html\">Escritora chilena recibi\u00f3 Premio Iberoamericano de Letras Jos\u00e9 Donoso 2023. Se refiere Claire Mercier, acad\u00e9mica Instituto de Estudios Human\u00edsticos y Marcela Albornoz\u00a0Dachelet, directora de Extensi\u00f3n Cultural-Art\u00edstica y de la Editorial Universidad de Talca.\u00a0\u00a0<\/a> \u00a0<\/span><\/p><p><strong>\u00a0<\/strong><\/p><p><strong>CHILLAN ONLINE<\/strong>\u00a0<\/p><p><a href=\"https:\/\/www.chillanonline.cl\/V7\/2023\/12\/14\/lina-meruane-recibio-premio-iberoamericano-de-letras-jose-donoso-2023\/\"><span style=\"font-style: inherit; font-weight: inherit;\">Lina Meruane\u00a0recibi\u00f3 Premio Iberoamericano de Letras Jos\u00e9 Donoso 2023. Se refiere Claire Mercier, acad\u00e9mica Instituto de Estudios Human\u00edsticos. \u00a0<\/span><\/a><\/p><p>\u00a0<\/p><p><span style=\"font-style: inherit; font-weight: inherit;\"><strong>PUBLIMICRO<\/strong>\u00a0<\/span><\/p><p><a href=\"https:\/\/publimicro.cl\/lina-meruane-recibio-premio-iberoamericano-de-letras-jose-donoso-2023-entregado-por-la-universidad-de-talca-y-el-banco-santander\/\"><span style=\"font-style: inherit; font-weight: inherit;\">Lina Meruane\u00a0recibi\u00f3 Premio Iberoamericano de Letras Jos\u00e9 Donoso 2023, entregado por la Universidad de Talca y el Banco Santander. Se menciona la Universidad de Talca. \u00a0<\/span><\/a><\/p><p>\u00a0<\/p><p><strong>LA PRENSA DE CURIC\u00d3<\/strong>\u00a0<\/p><p><a href=\"https:\/\/www.litoralpress.cl\/paginaconsultas\/Servicios_NClipSitioWeb\/Get_Imagen_Nota.aspx?LPKey=YTIF2U433NNWX53HJL44QXTH36KOOBWJQAULFRSDNX2CME2DWHEWDYQSFG4XLHRVNGO3M55FP3BKI\"><span style=\"font-style: inherit; font-weight: inherit;\">Lina Meruane tras recibir el Jos\u00e9 Donoso: &#8220;Es un honor muy grande para m\u00ed&#8221;. Se menciona la Universidad de Talca. \u00a0<\/span><\/a><\/p><p>\u00a0<\/p><p><strong>DIARIOTALCA.CL<\/strong>\u00a0<\/p><p><a href=\"https:\/\/diariotalca.cl\/vivir-y-sobrevivir-es-un-privilegio-dijo-ganadora-del-premio-de-letras-jose-donoso\/\"><span style=\"font-style: inherit; font-weight: inherit;\">\u00abVivir y sobrevivir es un privilegio\u00bb: dijo ganadora del Premio de Letras Jos\u00e9 Donoso. Se refiere Claire\u00a0Mercier, acad\u00e9mica Instituto de Estudios Human\u00edsticos y Marcela Albornoz Dachelet, directora de Extensi\u00f3n Cultural-Art\u00edstica y de la Editorial Universidad de Talca.\u00a0 \u00a0<\/span><\/a><\/p><p>\u00a0<\/p><p><strong>EL MAULE INFORMA<\/strong>\u00a0<\/p><p><a href=\"https:\/\/elmauleinforma.cl\/lina-meruane-recibio-premio-iberoamericano-de-letras-jose-donoso-2023\/\"><span style=\"font-style: inherit; font-weight: inherit;\">Escritora chilena recibi\u00f3 Premio Iberoamericano de Letras Jos\u00e9 Donoso 2023. Se refiere Claire Mercier, acad\u00e9mica Instituto de Estudios Human\u00edsticos y Marcela Albornoz Dachelet, directora de Extensi\u00f3n Cultural-Art\u00edstica y de la Editorial Universidad de Talca.\u00a0 \u00a0<\/span><\/a><\/p><p><strong>\u00a0<\/strong><\/p><p><strong>EL MOSTRADOR<\/strong><strong>\u00a0<\/strong><\/p><p><a href=\"https:\/\/www.elmostrador.cl\/agenda-pais\/agenda-digital\/2023\/12\/15\/inician-programa-de-transformacion-digital-en-municipios-del-maule\/\"><span style=\"font-style: inherit; font-weight: inherit;\">Inician programa de transformaci\u00f3n digital en municipios del Maule. Se refiere Carlos Torres Fuchslocher, rector de la Universidad de Talca.<\/span><\/a><\/p><p><strong>\u00a0<\/strong><\/p><p><strong>AD PRENSA<\/strong>\u00a0<\/p><p><a href=\"https:\/\/www.adprensa.cl\/cronica\/capacitan-a-operadores-de-agua-potable-rural-en-el-maule\/\"><span style=\"font-style: inherit; font-weight: inherit;\">Capacitan a operadores de agua potable rural en el Maule. Se refiere Ana Karina Peralta Madariaga, directora\u00a0del Centro de Inocuidad Alimentaria. \u00a0\u00a0<\/span><\/a><\/p><p>\u00a0<\/p><p><span style=\"font-style: inherit; font-weight: inherit;\"><strong>DIARIO EL CENTRO<\/strong><strong>\u00a0<\/strong><\/span><\/p><p><a href=\"https:\/\/www.diarioelcentro.cl\/2023\/12\/15\/exito-en-capacitaciones-para-dirigentes-y-trabajadores-de-los-ssr\/\"><span style=\"font-style: inherit; font-weight: inherit;\">\u00c9xito en Capacitaciones para Dirigentes y Trabajadores de los SSR. Se refiere Ana Karina Peralta Madariaga, directora del Centro de Inocuidad Alimentaria. \u00a0\u00a0<\/span><\/a><\/p><p>\u00a0<\/p><p><span style=\"font-style: inherit; font-weight: inherit;\"><strong>MEDIA BANCO<\/strong>\u00a0<\/span><\/p><p><span style=\"font-style: inherit; font-weight: inherit;\"><a href=\"https:\/\/www.mediabanco.com\/capacitan-a-operadores-de-agua-potable-rural-en-el-maule\/\">Capacitan a operadores de agua potable rural en el Maule. Se refiere Ana Karina Peralta Madariaga, directora del Centro de Inocuidad Alimentaria.\u00a0\u00a0<\/a> \u00a0<\/span><u><\/u><span style=\"font-style: inherit; font-weight: inherit;\"><strong>\u00a0<\/strong>\u00a0<\/span><\/p><p>\u00a0<\/p><p><strong>ELMAULEINFORMA.CL<\/strong><\/p><p><a href=\"https:\/\/elmauleinforma.cl\/capacitan-a-operadores-de-agua-potable-rural-en-el-maule\/\">Capacitan a operadores de agua potable rural en el Maule. Se refiere Ana Karina Peralta Madariaga, directora del Centro de Inocuidad Alimentaria.\u00a0<\/a>\u00a0 \u00a0<\/p><p>\u00a0<\/p><p><strong>CAUQUENESNET.CL<\/strong><\/p><p><a href=\"https:\/\/cauquenesnet.cl\/2023\/12\/16\/capacitan-a-operadores-de-agua-potable-rural-en-el-maule\/\">Capacitan a operadores de agua potable rural en el Maule. Se refiere Ana Karina Peralta Madariaga, directora del Centro de Inocuidad Alimentaria.\u00a0\u00a0 \u00a0<\/a><\/p><p>\u00a0<\/p><p><strong>PUBLIMICRO<\/strong><\/p><p><a href=\"https:\/\/publimicro.cl\/universidad-de-talca-y-servicios-sanitarios-rurales-capacita-a-100-operadores-de-agua-potable-rural-en-el-maule\/\">Universidad de Talca y Servicios Sanitarios rurales, capacita a 100 operadores de agua potable rural en el Maule<\/a><\/p><p><strong>\u00a0<\/strong><\/p><p><strong>MEDIABANCO<\/strong><\/p><p><a href=\"https:\/\/www.mediabanco.com\/carreras-utalca-en-santiago-entre-las-mejores-del-pais-y-con-una-alta-tasa-de-empleabilidad\/\">Carreras UTalca en Santiago: entre las mejores del pa\u00eds\u00a0y con una alta tasa de empleabilidad. Se refieren Gabriel Celis, director de la Escuela de Derecho \u2013 Santiago; y Jochen Fritz, director de la Escuela de Pedagog\u00edas en Alem\u00e1n.<\/a><\/p><p>\u00a0<\/p><p><strong>LAS \u00daLTIMAS NOTICIAS<\/strong><\/p><p><a href=\"https:\/\/www.litoralpress.cl\/paginaconsultas\/Servicios_NClipSitioWeb\/Get_Imagen_Nota.aspx?LPKey=H3ZR6H3IUKOTOQB5TF2HLEOIYX64OFFSEOKGTXLL6M6LOOIQ5RKVDOOZPZENU74PK4OVFFS6CKTTA\">Talquinas del \u201ccompleto m\u00e1s largo del mundo\u201d se titularon con un 7,0. Se refieren Victor Letelier, acad\u00e9mico de la Escuela de Arquitectura; y Javiera Rojas y Victoria Oyarz\u00fan, estudiantes de la citada carrera.<\/a><\/p><p>\u00a0<\/p><p><strong>ESTAPASANDO.CL<\/strong><\/p><p><a href=\"https:\/\/estapasando.cl\/estoy-con-estres-por-los-resultados-de-plebiscito\/\">\u00bfEstoy con estr\u00e9s por los resultados de plebiscito? Se refiere Pablo Concha, acad\u00e9mico de la Facultad de Psicolog\u00eda.<\/a><\/p><p>\u00a0<\/p><p><strong>PORTAL AGRO CHILE<\/strong>\u00a0<\/p><p><a href=\"https:\/\/www.portalagrochile.cl\/2023\/12\/16\/microorganismos-chilenos-ayudaran-a-controlar-plagas-y-enfermedades-agricolas-en-brasil\/\"><span style=\"font-style: inherit; font-weight: inherit;\">Microorganismos chilenos ayudar\u00e1n a controlar plagas y enfermedades agr\u00edcolas en Brasil. Eduardo Donoso, investigador Instituto de Ciencias Biol\u00f3gicas. \u00a0<\/span><\/a><\/p><p>\u00a0<\/p><p><strong>CANAL 24 HORAS<\/strong><strong>\u00a0<\/strong><\/p><p><a href=\"https:\/\/www.litoralpress.cl\/sitio\/RadioTV_Detalles.cshtml?LPKey=34BOOKWBQQU2G2OKYXIE3VMCAODYG77YG7PSQZHFEIQDODGCOZ2ASCERNAJ6WTJKECPAC7D6CR73Y\"><span style=\"font-style: inherit; font-weight: inherit;\">Talca: Mujer sufre invasi\u00f3n de abejas en su casa. Se refiere Blas Lavandero, acad\u00e9mico del Instituto de Ciencias Biol\u00f3gicas.\u00a0 \u00a0<\/span><\/a><\/p><p>\u00a0<\/p><p><span style=\"font-style: inherit; font-weight: inherit;\"><strong>ESTAPASANDO<\/strong><strong>.CL<\/strong><\/span><\/p><p><span style=\"font-style: inherit; font-weight: inherit;\"><a href=\"https:\/\/estapasando.cl\/sexualidad-en-la-tercera-edad-rompiendo-el-estigma\/\">Sexualidad en la tercera edad: Rompiendo el estigma. Se refiere Carolina riveros, acad\u00e9mica Facultad de Ciencias Jur\u00eddicas y Sociales.<\/a> <\/span><\/p><p><strong>\u00a0<\/strong><\/p><p><strong>ADPRENSA<\/strong><\/p><p><a href=\"https:\/\/www.adprensa.cl\/cronica\/expertos-en-psicologia-positiva-buscan-potenciar-el-bienestar-organizacional\/\">Expertos en Psicolog\u00eda Positiva buscan potenciar el Bienestar Organizacional. Se refieren Carolina Iturra, decana de la Facultad de Psicolog\u00eda y Hedy Acosta, acad\u00e9mica de la citada unidad.<\/a><\/p><p>\u00a0<\/p><p><strong>MEDIABANCO<\/strong><\/p><p><a href=\"https:\/\/www.mediabanco.com\/expertos-en-psicologia-positiva-buscan-potenciar-el-bienestar-organizacional\/\">Expertos en Psicolog\u00eda Positiva buscan potenciar el Bienestar Organizacional. Se refieren Carolina Iturra, decana de la Facultad de Psicolog\u00eda y Hedy Acosta, acad\u00e9mica de la citada unidad.\u00a0\u00a0<\/a><\/p><p>\u00a0<\/p><p><strong>EL HERALDO<\/strong><\/p><p><a href=\"https:\/\/www.litoralpress.cl\/paginaconsultas\/Servicios_NClipSitioWeb\/Get_Imagen_Nota.aspx?LPKey=TPNWJTKA4MQWLRY5M7G3VAXPOGCFZNROR36UVME3T2E7DR25VNHRLAABS2CGBZDMRRTFHZJALXRII\">Expertos en Psicolog\u00eda Positiva buscan potenciar el Bienestar Organizacional. Se refieren Carolina Iturra, decana de la Facultad de Psicolog\u00eda y Hedy Acosta, acad\u00e9mica de la citada unidad.<\/a><\/p><p>\u00a0<\/p><p><strong>EL LECTOR<\/strong><\/p><p><a href=\"https:\/\/www.litoralpress.cl\/paginaconsultas\/Servicios_NClipSitioWeb\/Get_Imagen_Nota.aspx?LPKey=ZI7J4U4WQBXT4SRQFF65Q2EAGYNV2IFCMZHJAGW4Q7UFWFFWHJ4YONNKGTPJASQLQWTYRBK3FVZGK\">Expertos en Psicolog\u00eda Positiva buscan potenciar el Bienestar Organizacional. Se refieren Carolina Iturra, decana de la Facultad de Psicolog\u00eda y Hedy Acosta, acad\u00e9mica de la citada unidad.<\/a><\/p><p>\u00a0<\/p><p><strong>LAS \u00daLTIMAS NOTICIAS<\/strong>\u00a0<\/p><p><a href=\"https:\/\/www.litoralpress.cl\/paginaconsultas\/Servicios_NClipSitioWeb\/Get_Imagen_Nota.aspx?LPKey=RUJJ3JXRDP5FEUSSIK5GKVKOHO56R4ECLDPC37TCSPIVHP4SXUFVDTQ2CRVS3PM7LQC4E7VGBGAK2\"><span style=\"font-style: inherit; font-weight: inherit;\">Cu\u00e1nto ganan los sic\u00f3logos seg\u00fan su universidad de egreso. Se menciona la Universidad de Talca.\u00a0<\/span><\/a><\/p><p>\u00a0<\/p><p><span style=\"font-style: inherit; font-weight: inherit;\"><strong>RADIO AMIGA<\/strong>\u00a0<\/span><\/p><p><a href=\"https:\/\/www.litoralpress.cl\/sitio\/RadioTV_Detalles.cshtml?LPKey=OWNV4JWYZDEGCYW5KR2JDPSE24NDZYXOSL3XHMI2ZSVWCHDXFUOHDBXJ7UJB7JJ6KZ5Y3WWNULBEI\"><span style=\"font-style: inherit; font-weight: inherit;\">UTalca\u00a0organiz\u00f3 Cherry Expo. Se refiere Jos\u00e9 Antonio Yuri, director Centro Pom\u00e1ceas. \u00a0<\/span><\/a><\/p><p>\u00a0<\/p><p><strong>CANAL MEGA<\/strong><\/p><p><a href=\"https:\/\/www.litoralpress.cl\/sitio\/RadioTV_Detalles.cshtml?LPKey=WMVJCWCYYZU5OSH5DUVLSQ3EIBWZE6665L2DN5HYWLTLZVRBO2IOEWTJZHIMGBLDL3EZVWQPII2ZM\">Resultados oficiales del Servel: 44,24% A Favor y 55,76% En Contra. Se refiere Mauricio Morales, director del Centro de An\u00e1lisis Pol\u00edtico.\u00a0 <\/a><\/p><p><strong>\u00a0<\/strong><\/p><p><strong>DIARIO FINANCIERO<\/strong>\u00a0<\/p><p><span style=\"font-style: inherit; font-weight: inherit;\"><a href=\"https:\/\/www.litoralpress.cl\/paginaconsultas\/Servicios_NClipSitioWeb\/Get_Imagen_Nota.aspx?LPKey=IV5QYVEQWSJYM5LVD6BSTR326BUGBGO5RTY5M4HOKXWL3OBW7LAVDSPJPWWS2YURGIP3GZ3QKWWIA\">Plebiscito constitucional: los escenarios que se abren tras el choque entre el \u201ca favor\u201d y el \u201cen contra\u201d. Se refiere Mauricio Morales, director del Centro de An\u00e1lisis Pol\u00edtico.\u00a0<\/a><u><br \/><\/u><\/span><\/p><p>\u00a0<\/p><p><span style=\"font-style: inherit; font-weight: inherit;\"><strong>RADIO INFINITA<\/strong>\u00a0<\/span><\/p><p><a href=\"https:\/\/www.litoralpress.cl\/sitio\/RadioTV_Detalles.cshtml?LPKey=DU5FMWSZEEDIAZBAAHOJTNI4RJEG3KT6HB3RCLROJTMQTTCUZDAZXTW7PSV3GPTLBBL65NEZRUDM4\"><span style=\"font-style: inherit; font-weight: inherit;\">Comentario de pol\u00edtica de Mauricio Morales, acad\u00e9mico Facultad de Ciencias Jur\u00eddicas y Sociales.\u00a0<\/span><\/a><\/p><p><span style=\"font-style: inherit; font-weight: inherit;\">\u00a0<\/span><\/p><p><span style=\"font-style: inherit; font-weight: inherit;\"><strong>DIARIO FINANCIERO ONLINE<\/strong>\u00a0<\/span><\/p><p><a href=\"https:\/\/www.df.cl\/df-constitucional\/plebiscito-constitucional-los-escenarios-que-se-abren-tras-el-choque\"><span style=\"font-style: inherit; font-weight: inherit;\">Plebiscito constitucional: los escenarios que se abren tras el choque entre el \u201ca favor\u201d\u00a0y el \u201cen contra\u201d. Se refiere Mauricio Morales, acad\u00e9mico Facultad de Ciencias Jur\u00eddicas y Sociales<strong>.<\/strong>\u00a0<\/span><\/a><\/p><p>\u00a0<\/p><p><span style=\"font-style: inherit; font-weight: inherit;\"><strong>MEGANOTICIAS\u00a0PRIME<\/strong>\u00a0<\/span><\/p><p><a href=\"https:\/\/www.litoralpress.cl\/sitio\/RadioTV_Detalles.cshtml?LPKey=73LQMBB5MP2XQRCCOXEJBNQUZYQ5ZYRHPRHUS6ZFYRSKS75LU54XFR4YNUFI4O4J6DSEKZM3NAFYS\"><span style=\"font-style: inherit; font-weight: inherit;\">La posibilidad de que las \u00faltimas pol\u00e9micas del Gobierno influyan en el resultado del plebiscito constitucional. Se refiere Mauricio Morales, acad\u00e9mico Facultad de Ciencias Jur\u00eddicas y Sociales. \u00a0<\/span><\/a><\/p><p>\u00a0<\/p><p><strong>EL MOSTRADOR<\/strong>\u00a0<\/p><p><span style=\"font-style: inherit; font-weight: inherit;\"><a href=\"https:\/\/www.elmostrador.cl\/cultura\/agenda\/2023\/12\/15\/concierto-su-majestad-el-tango-en-puerto-varas\/\">Concierto \u201cSu majestad el tango\u201d en Puerto Varas. Se menciona a Patricio Cobos, docente Escuela de M\u00fasica.<\/a> \u00a0<\/span><span style=\"font-style: inherit; font-weight: inherit;\">\u00a0<\/span><\/p>\t\t\t\t\t\t<\/div>\n\t\t\t\t<\/div>\n\t\t\t\t\t<\/div>\n\t\t<\/div>\n\t\t\t\t\t\t\t<\/div>\n\t\t<\/section>\n\t\t\t\t\t\t<\/div>\n\t\t\t\t\t<\/div>\n\t\t","protected":false},"excerpt":{"rendered":"<p>NOVACIENCIA.ES (ESPA\u00d1A) Lina Meruane, galardonada con el Premio Iberoamericano de Letras Jos\u00e9 Donoso 2023 \u00a0 MEDIA BANCO\u00a0 Lina Meruane\u00a0recibi\u00f3 Premio Iberoamericano de Letras Jos\u00e9 Donoso 2023. Se refiere Claire Mercier, acad\u00e9mica Instituto de Estudios Human\u00edsticos\u00a0y Marcela Albornoz Dachelet, directora de Extensi\u00f3n Cultural-Art\u00edstica y de la Editorial Universidad de Talca.\u00a0 \u00a0 \u00a0 EL TIP\u00d3GRAFO\u00a0 Lina Meruane\u00a0recibi\u00f3 &hellip;<\/p>\n<p class=\"read-more\"> <a class=\"\" href=\"https:\/\/www.reportedeprensa.utalca.cl\/?p=8804\"> <span class=\"screen-reader-text\">18 de diciembre de 2023<\/span> Read More &raquo;<\/a><\/p>\n","protected":false},"author":1,"featured_media":0,"comment_status":"closed","ping_status":"open","sticky":false,"template":"","format":"standard","meta":{"_monsterinsights_skip_tracking":false,"_monsterinsights_sitenote_active":false,"_monsterinsights_sitenote_note":"","_monsterinsights_sitenote_category":0},"categories":[43],"tags":[],"_links":{"self":[{"href":"https:\/\/www.reportedeprensa.utalca.cl\/index.php?rest_route=\/wp\/v2\/posts\/8804"}],"collection":[{"href":"https:\/\/www.reportedeprensa.utalca.cl\/index.php?rest_route=\/wp\/v2\/posts"}],"about":[{"href":"https:\/\/www.reportedeprensa.utalca.cl\/index.php?rest_route=\/wp\/v2\/types\/post"}],"author":[{"embeddable":true,"href":"https:\/\/www.reportedeprensa.utalca.cl\/index.php?rest_route=\/wp\/v2\/users\/1"}],"replies":[{"embeddable":true,"href":"https:\/\/www.reportedeprensa.utalca.cl\/index.php?rest_route=%2Fwp%2Fv2%2Fcomments&post=8804"}],"version-history":[{"count":5,"href":"https:\/\/www.reportedeprensa.utalca.cl\/index.php?rest_route=\/wp\/v2\/posts\/8804\/revisions"}],"predecessor-version":[{"id":8829,"href":"https:\/\/www.reportedeprensa.utalca.cl\/index.php?rest_route=\/wp\/v2\/posts\/8804\/revisions\/8829"}],"wp:attachment":[{"href":"https:\/\/www.reportedeprensa.utalca.cl\/index.php?rest_route=%2Fwp%2Fv2%2Fmedia&parent=8804"}],"wp:term":[{"taxonomy":"category","embeddable":true,"href":"https:\/\/www.reportedeprensa.utalca.cl\/index.php?rest_route=%2Fwp%2Fv2%2Fcategories&post=8804"},{"taxonomy":"post_tag","embeddable":true,"href":"https:\/\/www.reportedeprensa.utalca.cl\/index.php?rest_route=%2Fwp%2Fv2%2Ftags&post=8804"}],"curies":[{"name":"wp","href":"https:\/\/api.w.org\/{rel}","templated":true}]}}