{"id":8813,"date":"2023-12-19T11:47:53","date_gmt":"2023-12-19T14:47:53","guid":{"rendered":"https:\/\/www.reportedeprensa.utalca.cl\/?p=8813"},"modified":"2023-12-19T13:11:30","modified_gmt":"2023-12-19T16:11:30","slug":"17-de-diciembre-de-2023","status":"publish","type":"post","link":"https:\/\/www.reportedeprensa.utalca.cl\/?p=8813","title":{"rendered":"19 de diciembre de 2023"},"content":{"rendered":"\t\t<div data-elementor-type=\"wp-post\" data-elementor-id=\"8813\" class=\"elementor elementor-8813\" data-elementor-settings=\"[]\">\n\t\t\t\t\t\t\t<div class=\"elementor-section-wrap\">\n\t\t\t\t\t\t\t<section class=\"elementor-section elementor-top-section elementor-element elementor-element-bcea1a8 elementor-section-boxed elementor-section-height-default elementor-section-height-default\" data-id=\"bcea1a8\" data-element_type=\"section\">\n\t\t\t\t\t\t<div class=\"elementor-container elementor-column-gap-default\">\n\t\t\t\t\t<div class=\"elementor-column elementor-col-100 elementor-top-column elementor-element elementor-element-e7183bf\" data-id=\"e7183bf\" data-element_type=\"column\">\n\t\t\t<div class=\"elementor-widget-wrap elementor-element-populated\">\n\t\t\t\t\t\t\t\t<div class=\"elementor-element elementor-element-5ffbb87 elementor-widget elementor-widget-text-editor\" data-id=\"5ffbb87\" data-element_type=\"widget\" data-widget_type=\"text-editor.default\">\n\t\t\t\t<div class=\"elementor-widget-container\">\n\t\t\t\t\t\t\t\t<p><strong>EL MERCURIO<\/strong>\u00a0<\/p><p><a href=\"https:\/\/www.litoralpress.cl\/paginaconsultas\/Servicios_NClipSitioWeb\/Get_Imagen_Nota.aspx?LPKey=R4AMIE65TSNFXGUCCQS2CBTQNUVN5AV6JAXE2OJZM4AMT5P6BPZRXXUZI5JNNY5GVGQ7WJSWYV3B2\">Las personas mayores cada vez se sienten menos obligadas a cuidar de sus nietos. Se refiere Carolina Riveros, acad\u00e9mica Facultad de Ciencias Jur\u00eddicas y Sociales.\u00a0<\/a><\/p><p>\u00a0<\/p><p><strong>EL MERCURIO<\/strong>\u00a0<\/p><p><a href=\"https:\/\/www.litoralpress.cl\/sitio\/Prensa_Detalles.cshtml?LPKey=7T6NUGZNCOJXNQY22HCBPCA5DBSSXVXZXGSFMWS5QJMMJZJEBLQA\">Clima retrasa a los frutales y reduce estimaciones de producci\u00f3n. \u00c1lvaro Sep\u00falveda, investigador Centro de Pom\u00e1ceas de la Universidad de Talca.\u00a0<\/a><\/p><p>\u00a0<\/p><p><strong>EL TIP\u00d3GRAFO<\/strong>\u00a0<\/p><p><a href=\"https:\/\/eltipografo.cl\/2023\/12\/lina-meruane-recibio-premio-iberoamericano-de-letras-jose-donoso-2023\">Lina Meruane\u00a0recibi\u00f3 Premio Iberoamericano de Letras Jos\u00e9 Donoso 2023. Se refiere Claire Mercier, acad\u00e9mica Instituto de Estudios Human\u00edsticos. \u00a0<\/a><\/p><p>\u00a0<\/p><p><strong>HJCK.COM\u00a0<\/strong>\u00a0<\/p><p><a href=\"https:\/\/www.litoralpress.cl\/sitio\/Prensa_Detalles.cshtml?LPKey=DTHMGAEHTX3DJJ6WKRWUMHDJ5ZL2WK6RZ5UFZ5XSC2FUIQRB7UFQ\">La escritora Lina Meruane\u00a0recibe el Premio Jos\u00e9 Donoso en Chile. Claire Mercier, acad\u00e9mica Instituto de Estudios Human\u00edsticos.\u00a0<\/a><\/p><p>\u00a0<\/p><p><strong>PAGINASDEESPUMA.COM<\/strong>\u00a0<\/p><p><a href=\"https:\/\/www.litoralpress.cl\/sitio\/Prensa_Detalles.cshtml?LPKey=733XFMSTU6MVPGGPM2DXXBQO57WSMBK2TVLNT5OTYCG2Y6ZIDBKQ\">Lina Meruane\u00a0recibi\u00f3 el Premio Jos\u00e9 Donoso. Se menciona la Universidad de Talca. \u00a0<\/a><\/p><p>\u00a0<\/p><p><strong>CANAL 30 LINARES TV<\/strong>\u00a0<\/p><p><a href=\"https:\/\/www.litoralpress.cl\/sitio\/RadioTV_Detalles.cshtml?LPKey=S46CTIPKDUV7C2XTMG6YIKJQUR3TKKJ4KELXPZU7UKP2HP64RIONE64SXFODH7AZIYBDCNTJQ36DQ\">La escritora chilena Lina Meruane\u00a0se adjudic\u00f3 el Premio Iberoamericano de Letras \u201cJos\u00e9 Donoso\u201d en su vigesimosegunda versi\u00f3n. Se refiere Claire Mercier, acad\u00e9mica Instituto de Estudios Human\u00edsticos\u00a0<\/a><\/p><p>\u00a0<\/p><p><strong>MEDIA BANCO<\/strong>\u00a0<\/p><p><a href=\"https:\/\/www.mediabanco.com\/estudiante-de-arquitectura-convierte-una-ruina-en-un-jardin-para-la-ciudad-de-talca\/\">Estudiante de arquitectura convierte una ruina en un jard\u00edn para la ciudad de Talca. Se refiere Eduardo Aguirre, acad\u00e9mico de la Escuela de Arquitectura, Karin Saavedra, directora General de Vinculaci\u00f3n con el Medio y Karina Tarife\u00f1o, estudiante de arquitectura.\u00a0<\/a><\/p><p>\u00a0<\/p><p><strong>G5 NOTICIA<\/strong>\u00a0<\/p><p><a href=\"https:\/\/g5noticias.cl\/2023\/12\/18\/estudiante-de-arquitectura-convierte-una-ruina-en-un-jardin-para-la-ciudad-de-talca\/\">Estudiante de arquitectura convierte una ruina en un jard\u00edn para la ciudad de Talca. Se refiere Eduardo Aguirre, acad\u00e9mico de la Escuela de Arquitectura, Karin Saavedra, directora General de Vinculaci\u00f3n con el Medio y Karina Tarife\u00f1o, estudiante de arquitectura.\u00a0<\/a><\/p><p>\u00a0<\/p><p><strong>EL MAULE INFORMA<\/strong>\u00a0<\/p><p><a href=\"https:\/\/elmauleinforma.cl\/estudiante-de-arquitectura-convierte-una-ruina-en-un-jardin-para-la-ciudad-de-talca\/\">Estudiante de arquitectura convierte una ruina en un jard\u00edn para la ciudad de Talca. Se refiere Eduardo Aguirre, acad\u00e9mico de la Escuela de Arquitectura, Karin Saavedra, directora General de Vinculaci\u00f3n con el Medio y Karina Tarife\u00f1o, estudiante de arquitectura.\u00a0<\/a><\/p><p>\u00a0<\/p><p><strong>DIARIOS EN RED<\/strong><\/p><p><a href=\"https:\/\/diariosenred.com\/estudiante-de-arquitectura-convierte-una-ruina-en-un-jardin-para-la\">Estudiante de arquitectura convierte una ruina en un jard\u00edn para la ciudad de Talca. Se refiere Eduardo Aguirre, acad\u00e9mico de la Escuela de Arquitectura, Karin Saavedra, directora General de Vinculaci\u00f3n con el Medio y Karina Tarife\u00f1o, estudiante de arquitectura.\u00a0<\/a><\/p><p><strong>\u00a0<\/strong><\/p><p><strong>RED MAULE<\/strong><\/p><p><a href=\"https:\/\/www.redmaule.com\/estudiante-de-arquitectura-convierte-una-ruina-en-un-jardin-para-la\">Estudiante de arquitectura convierte una ruina en un jard\u00edn para la ciudad de Talca. Se refiere Eduardo Aguirre, acad\u00e9mico de la Escuela de Arquitectura, Karin Saavedra, directora General de Vinculaci\u00f3n con el Medio y Karina Tarife\u00f1o, estudiante de arquitectura.\u00a0<\/a><\/p><p>\u00a0<\/p><p><strong>RED COQUIMBO<\/strong>\u00a0<\/p><p><a href=\"https:\/\/redcoquimbo.com\/estudiante-de-arquitectura-convierte-una-ruina-en-un-jardin-para-la\">Estudiante de arquitectura convierte una ruina en un jard\u00edn para la ciudad de Talca. Se refiere Eduardo Aguirre, acad\u00e9mico de la Escuela de Arquitectura, Karin Saavedra, directora General de Vinculaci\u00f3n con el Medio y Karina Tarife\u00f1o, estudiante de arquitectura.\u00a0<\/a><\/p><p>\u00a0<\/p><p><strong>LA TERCERA ONLINE<\/strong>\u00a0<\/p><p><a href=\"https:\/\/www.latercera.com\/que-pasa\/noticia\/puede-deprimirte-lo-que-comes\/NTJWV542CFDJHAZKMTIEEZ4IRM\/\">\u00bfPuede deprimirte lo que comes? Se refiere Alonso Hern\u00e1ndez Melo, acad\u00e9mico Escuela Nutrici\u00f3n y Diet\u00e9tica.\u00a0<\/a><\/p><p><strong>\u00a0<\/strong><\/p><p><strong>LA TERCERA ONLINE<\/strong>\u00a0<\/p><p><a href=\"https:\/\/www.latercera.com\/paula\/mujeres-que-impactan-carolina-bravo-entendi-que-siendo-dentista-podia-cambiar-vidas\/\">Mujeres que impactan, Carolina Bravo: \u201cEntend\u00ed que siendo dentista pod\u00eda cambiar vidas\u201d. Se menciona a la Universidad de Talca. \u00a0<\/a><\/p><p>\u00a0<\/p><p><strong>UESTATALES<\/strong>\u00a0<\/p><p><a href=\"https:\/\/www.uestatales.cl\/?p=14177\">Personas mayores del Maule reciben certificaci\u00f3n por participaci\u00f3n en cursos. Se refiere Iv\u00e1n Palomo, acad\u00e9mico de la Facultad de Ciencias de la Salud.\u00a0<\/a><\/p><p>\u00a0<\/p><p><strong>CANAL MEGA<\/strong><\/p><p><a href=\"https:\/\/www.litoralpress.cl\/sitio\/RadioTV_Detalles.cshtml?LPKey=RK6OBXSMM2AICQE7MNSDHJBCGWD6YEWB5EGE7EAPVWDDWDLDB3TCJZU66UXOJ6VMPS2BD4YICAGMW\">An\u00e1lisis posterior al plebiscito. Se refiere Mauricio Morales, director del Centro de An\u00e1lisis Pol\u00edtico (CAP).<\/a><\/p><p><strong>\u00a0<\/strong><\/p><p><strong>CANAL MEGA<\/strong>\u00a0<\/p><p><a href=\"https:\/\/www.litoralpress.cl\/sitio\/RadioTV_Detalles.cshtml?LPKey=PIGFZT23WUD43X5G7GD6DBZEUKNTKHOX2OZSUKZUWAPKKF4TJNK2YQLDV57EQNS5ONQLC2MBP7H6A\">Reacciones del comando tras resultados. Se refiere Mauricio Morales, director del Centro de An\u00e1lisis Pol\u00edtico (CAP).<\/a><\/p><p>\u00a0<\/p><p><strong>EMOL<\/strong><strong>\u00a0<\/strong><\/p><p><a href=\"https:\/\/www.emol.com\/noticias\/Nacional\/2023\/12\/17\/1115866\/constitucion-actual-plebiscito-en-contra.html\">Del 80, reformada por Lagos y despreciada: C\u00f3mo cambia la valorizaci\u00f3n de la Constituci\u00f3n actual tras dos plebiscitos. Se refiere Mauricio Morales, director del Centro de An\u00e1lisis Pol\u00edtico (CAP).<\/a><\/p><p>\u00a0<\/p><p><strong>RADIO INFINITA<\/strong>\u00a0<\/p><p><a href=\".https:\/\/www.litoralpress.cl\/sitio\/RadioTV_Detalles.cshtml?LPKey=GBIISLJLSLE26T2CION62QTZDO4R6DSNX5OLQ3NYDBWOEPPFRSY24BDEHQZ67BIZEBV5PW47EU5FM\">Comentario de pol\u00edtica de Mauricio Morales, director del Centro de An\u00e1lisis Pol\u00edtico (CAP).<strong>\u00a0<\/strong><\/a><\/p><p>\u00a0<\/p><p><strong>RADIO INFINITA<\/strong>\u00a0<\/p><p><a href=\"https:\/\/www.infinita.cl\/programas\/lo-que-faltaba\/2023\/12\/18\/lo-que-faltaba-18-de-diciembre-2023.html\">Lo que faltaba 18 de diciembre 2023. Se refiere Mauricio Morales, director del Centro de An\u00e1lisis Pol\u00edtico (CAP).<\/a><\/p><p>\u00a0<\/p><p><strong>RADIO PALOMA <\/strong><\/p><p><a href=\"https:\/\/www.litoralpress.cl\/sitio\/RadioTV_Detalles.cshtml?LPKey=M2GHX4WKTBCTO4PGFVJ7PJF32QLEKOXZC3P7PCQQ3YCT2ZF3QZVV5FDBZ33QJKV7LBYZJXWPIIM2K\">An\u00e1lisis de los resultados del plebiscito. Se refiere Mario Herrera, acad\u00e9mico del Centro de An\u00e1lisis Pol\u00edtico (CAP).<\/a><\/p><p>\u00a0<\/p><p><strong>GUAYAC\u00c1N RADIO <\/strong><\/p><p><a href=\"https:\/\/www.litoralpress.cl\/sitio\/RadioTV_Detalles.cshtml?LPKey=ASOEPMIF2JMHZZV5T5EBMEE6LYEB3WGPJNWKSICK67QLMTKIRTFB7G2SL23BHJ4RL3VRHWVC6W2MS\">An\u00e1lisis de los resultados del plebiscito. Se refiere Fabi\u00e1n Belmar, acad\u00e9mico del Centro de An\u00e1lisis Pol\u00edtico (CAP).\u00a0<\/a><\/p><p>\u00a0<\/p><p><strong>DIARIO SUSTENTABLE<\/strong>\u00a0<\/p><p><a href=\"https:\/\/www.diariosustentable.com\/2023\/12\/vina-vik-anuncio-los-ganadores-de-la-primera-version-de-wine-lab-proyecto-que-busca-descubrir-y-potenciar-nuevos-talentos-en-enologia\/\">Vi\u00f1a VIK anunci\u00f3 los ganadores de la primera versi\u00f3n de Wine\u00a0LAB, proyecto que busca descubrir y potenciar nuevos talentos en enolog\u00eda. Se menciona a los estudiantes de la Universidad de Talca, Sebasti\u00e1n Far\u00edas y Katherine Cruz.\u00a0<\/a><\/p>\t\t\t\t\t\t<\/div>\n\t\t\t\t<\/div>\n\t\t\t\t\t<\/div>\n\t\t<\/div>\n\t\t\t\t\t\t\t<\/div>\n\t\t<\/section>\n\t\t\t\t\t\t<\/div>\n\t\t\t\t\t<\/div>\n\t\t","protected":false},"excerpt":{"rendered":"<p>EL MERCURIO\u00a0 Las personas mayores cada vez se sienten menos obligadas a cuidar de sus nietos. Se refiere Carolina Riveros, acad\u00e9mica Facultad de Ciencias Jur\u00eddicas y Sociales.\u00a0 \u00a0 EL MERCURIO\u00a0 Clima retrasa a los frutales y reduce estimaciones de producci\u00f3n. \u00c1lvaro Sep\u00falveda, investigador Centro de Pom\u00e1ceas de la Universidad de Talca.\u00a0 \u00a0 EL TIP\u00d3GRAFO\u00a0 Lina &hellip;<\/p>\n<p class=\"read-more\"> <a class=\"\" href=\"https:\/\/www.reportedeprensa.utalca.cl\/?p=8813\"> <span class=\"screen-reader-text\">19 de diciembre de 2023<\/span> Read More &raquo;<\/a><\/p>\n","protected":false},"author":1,"featured_media":0,"comment_status":"closed","ping_status":"open","sticky":false,"template":"","format":"standard","meta":{"_monsterinsights_skip_tracking":false,"_monsterinsights_sitenote_active":false,"_monsterinsights_sitenote_note":"","_monsterinsights_sitenote_category":0},"categories":[43],"tags":[],"_links":{"self":[{"href":"https:\/\/www.reportedeprensa.utalca.cl\/index.php?rest_route=\/wp\/v2\/posts\/8813"}],"collection":[{"href":"https:\/\/www.reportedeprensa.utalca.cl\/index.php?rest_route=\/wp\/v2\/posts"}],"about":[{"href":"https:\/\/www.reportedeprensa.utalca.cl\/index.php?rest_route=\/wp\/v2\/types\/post"}],"author":[{"embeddable":true,"href":"https:\/\/www.reportedeprensa.utalca.cl\/index.php?rest_route=\/wp\/v2\/users\/1"}],"replies":[{"embeddable":true,"href":"https:\/\/www.reportedeprensa.utalca.cl\/index.php?rest_route=%2Fwp%2Fv2%2Fcomments&post=8813"}],"version-history":[{"count":8,"href":"https:\/\/www.reportedeprensa.utalca.cl\/index.php?rest_route=\/wp\/v2\/posts\/8813\/revisions"}],"predecessor-version":[{"id":8828,"href":"https:\/\/www.reportedeprensa.utalca.cl\/index.php?rest_route=\/wp\/v2\/posts\/8813\/revisions\/8828"}],"wp:attachment":[{"href":"https:\/\/www.reportedeprensa.utalca.cl\/index.php?rest_route=%2Fwp%2Fv2%2Fmedia&parent=8813"}],"wp:term":[{"taxonomy":"category","embeddable":true,"href":"https:\/\/www.reportedeprensa.utalca.cl\/index.php?rest_route=%2Fwp%2Fv2%2Fcategories&post=8813"},{"taxonomy":"post_tag","embeddable":true,"href":"https:\/\/www.reportedeprensa.utalca.cl\/index.php?rest_route=%2Fwp%2Fv2%2Ftags&post=8813"}],"curies":[{"name":"wp","href":"https:\/\/api.w.org\/{rel}","templated":true}]}}