{"id":8839,"date":"2023-12-21T14:46:04","date_gmt":"2023-12-21T17:46:04","guid":{"rendered":"https:\/\/www.reportedeprensa.utalca.cl\/?p=8839"},"modified":"2023-12-21T15:18:05","modified_gmt":"2023-12-21T18:18:05","slug":"21-de-diciembre-de-2023","status":"publish","type":"post","link":"https:\/\/www.reportedeprensa.utalca.cl\/?p=8839","title":{"rendered":"21 de diciembre de 2023"},"content":{"rendered":"\t\t<div data-elementor-type=\"wp-post\" data-elementor-id=\"8839\" class=\"elementor elementor-8839\" data-elementor-settings=\"[]\">\n\t\t\t\t\t\t\t<div class=\"elementor-section-wrap\">\n\t\t\t\t\t\t\t<section class=\"elementor-section elementor-top-section elementor-element elementor-element-bcea1a8 elementor-section-boxed elementor-section-height-default elementor-section-height-default\" data-id=\"bcea1a8\" data-element_type=\"section\">\n\t\t\t\t\t\t<div class=\"elementor-container elementor-column-gap-default\">\n\t\t\t\t\t<div class=\"elementor-column elementor-col-100 elementor-top-column elementor-element elementor-element-e7183bf\" data-id=\"e7183bf\" data-element_type=\"column\">\n\t\t\t<div class=\"elementor-widget-wrap elementor-element-populated\">\n\t\t\t\t\t\t\t\t<div class=\"elementor-element elementor-element-5ffbb87 elementor-widget elementor-widget-text-editor\" data-id=\"5ffbb87\" data-element_type=\"widget\" data-widget_type=\"text-editor.default\">\n\t\t\t\t<div class=\"elementor-widget-container\">\n\t\t\t\t\t\t\t\t<div><div><p><b>MEDIA BANCO\u00a0<\/b><\/p><\/div><div><p><a href=\"https:\/\/www.mediabanco.com\/becas-para-pedagogias-utalca-despliega-beneficios-para-estudiantes-de-todo-el-pais\/\">Becas para Pedagog\u00edas: UTalca\u00a0despliega beneficios para estudiantes de todo el pa\u00eds. Se refiere Mauricio Veliz Campo, decano de esta Facultad de Ciencias de la Educaci\u00f3n.<\/a><\/p><\/div><div>\u00a0<\/div><div><p><b>EL MAULE INFORMA<\/b>\u00a0<\/p><\/div><div><p><a href=\"https:\/\/elmauleinforma.cl\/becas-para-pedagogias-utalca-despliega-beneficios-para-estudiantes-de-todo-el-pais\/\">Becas para Pedagog\u00edas: UTalca\u00a0despliega beneficios para estudiantes de todo el pa\u00eds. Se refiere Mauricio Veliz Campo, decano de esta Facultad de Ciencias de la Educaci\u00f3n.\u00a0<\/a><\/p><\/div><div>\u00a0<\/div><div><p><b>DIARIOTALCA.CL<\/b><\/p><\/div><div><p><a href=\"https:\/\/diariotalca.cl\/campeon-panamericano-lucas-nervi-lidero-clinica-deportiva-en-talca\/\">Campe\u00f3n Panamericano Lucas Nervi\u00a0lider\u00f3 cl\u00ednica deportiva en Talca. Se refiere, Paula Caballero Moyano, vicerrectora de Desarrollo Estudiantil.\u00a0<\/a><\/p><\/div><div>\u00a0<\/div><\/div><div><div><p><b>EL LECTOR<\/b>\u00a0<\/p><\/div><div><p><a href=\"https:\/\/www.litoralpress.cl\/paginaconsultas\/Servicios_NClipSitioWeb\/Get_Imagen_Nota.aspx?LPKey=EYAHIYUXC2XUU6LSH3JWBDZUGQQ3UGKJU52JVCLWH5HIUHH6O6QDRMJNRAQCG7DG4QJ4JOHO6EY5K\">Campe\u00f3n Panamericano Lucas Nervi lider\u00f3 cl\u00ednica deportiva en la UTalca. Se refiere, Paula Caballero Moyano, vicerrectora de Desarrollo Estudiantil.\u00a0<\/a><\/p><\/div><div>\u00a0<\/div><div><p><b style=\"font-style: inherit;\">EST\u00c1PASANDO.CL<\/b><span style=\"font-size: 16px;\">\u00a0<\/span><\/p><\/div><div><p><a href=\"https:\/\/estapasando.cl\/lucas-nervi-lidero-clinica-deportiva-en-la-utalca\/\">Lucas Nervi\u00a0lider\u00f3 cl\u00ednica deportiva en la UTalca. Se refiere, Paula Caballero Moyano, vicerrectora de Desarrollo Estudiantil.\u00a0<\/a><\/p><\/div><div><div><p><b>ELDIARIODESANTIAGO.CL<\/b><\/p><\/div><div><p><a href=\"https:\/\/eldiariosantiago.cl\/campeon-panamericano-lucas-nervi-lidero-clinica-deportiva-en-la-utalca\/\">Campe\u00f3n Panamericano Lucas Nervi\u00a0lider\u00f3 cl\u00ednica deportiva en la UTalca.\u00a0Se refiere, Paula Caballero Moyano, vicerrectora de Desarrollo Estudiantil.\u00a0<\/a><\/p><\/div><div>\u00a0<\/div><div><p><b>ELMAULEINFORMA.CL<\/b>\u00a0<\/p><\/div><div><p><a href=\"https:\/\/diariotalca.cl\/campeon-panamericano-lucas-nervi-lidero-clinica-deportiva-en-talca\/\">Campe\u00f3n Panamericano Lucas Nervi\u00a0lider\u00f3 cl\u00ednica deportiva en la UTalca. Se refiere, Paula Caballero Moyano, vicerrectora de Desarrollo Estudiantil.\u00a0<\/a><\/p><\/div><div>\u00a0<\/div><div><p><b>PUBLIMICRO<\/b>\u00a0<\/p><\/div><div><p><a href=\"https:\/\/publimicro.cl\/lucas-nervi-medallista-de-oro-de-los-panamericanos-santiago-2023-realizo-clinica-deportiva-en-universidad-de-talca\/\">Lucas Nervi, medallista de oro de los Panamericanos, Santiago 2023, realiz\u00f3 cl\u00ednica deportiva en Universidad de Talca. Se refiere, Paula Caballero Moyano, vicerrectora de Desarrollo Estudiantil.\u00a0<\/a><\/p><\/div><div><div><p><b>RADIO UNIVERSIDAD DE CHILE<\/b>\u00a0<\/p><\/div><div><p><a href=\"https:\/\/radio.uchile.cl\/2023\/12\/20\/lucas-nervi-y-su-objetivo-para-2024-la-principal-meta-es-cerrar-la-clasificacion-a-los-juegos-olimpicos\/\">Lucas Nervi\u00a0y su objetivo para 2024: \u201cLa principal meta es cerrar la clasificaci\u00f3n a los Juegos Ol\u00edmpicos\u201d. Se menciona\u00a0a la Universidad\u00a0de Talca. \u00a0<\/a><\/p><\/div><div><p><b>LA TERCERA\u00a0<\/b><\/p><p><a href=\"https:\/\/litoralpress.cl\/paginaconsultas\/Servicios_NClipSitioWeb\/Get_Imagen_Nota.aspx?LPKey=USJWM3SFGK7C7OPOY4XI3BRLO4NMBUFO4XVCQJFZM3FNHJTFKDGDSBSP2JFJFSD7DV6T4Z7DHKPSS\">Salud mental: los alimentos que pueden causar depresi\u00f3n.\u00a0Se refiere Alonso Hern\u00e1ndez, acad\u00e9mico de la Escuela de Nutrici\u00f3n y Diet\u00e9tica.\u00a0<\/a><\/p><\/div><div><b style=\"font-style: inherit;\">EL MERCURIO <\/b><span style=\"font-size: 16px;\">\u00a0<\/span><\/div><\/div><\/div><\/div><div><p><a href=\"https:\/\/www.litoralpress.cl\/paginaconsultas\/Servicios_NClipSitioWeb\/Get_Imagen_Nota.aspx?LPKey=JOSIDGFPYYPTSFEB4NQICI2P5WELSADFQMFEVE2FGDL32CD3L7OH6BY6VV7AEQKMUK6ASWBGZMV3W\">Psic\u00f3logos y nutricionistas recomiendan libros \u00fatiles para regalar en Navidad. Se refiere Alonso Hern\u00e1ndez, acad\u00e9mico de la Escuela de Nutrici\u00f3n y Diet\u00e9tica.\u00a0<\/a><\/p><p><b>CANAL CNN\u00a0<\/b><\/p><div><p><a href=\"https:\/\/www.litoralpress.cl\/sitio\/RadioTV_Detalles.cshtml?LPKey=MIHKPWKHUN5PS5BVYGKBRFXKSKPTYYBMUCGM4TSCPV6AJRQV756Z3DGL5ZVUCNTV3I32ZZARC2BVY\">Cr\u00edticas al uno por ciento de cotizaci\u00f3n extra que ir\u00eda a fomentar el empleo femenino. Se refiere Andrea Betancor, acad\u00e9mica Facultad de Econom\u00eda y Negocios.<\/a><\/p><\/div><div><b>CANAL 13 &#8211; TELE13 CENTRAL\u00a0<\/b><\/div><\/div><div><div><p><a href=\"https:\/\/www.litoralpress.cl\/sitio\/RadioTV_Detalles.cshtml?LPKey=N3MRIGY3FCOSXNJBWYX35UHZWG7TEF6UGSJMNWJA6REJD25XPI45KS6UGCV2U5TNCAR6FDZPEOVWU\">Extensa jornada de interrogatorios vive Nicol\u00e1s Zepeda por el caso Narumi. Se refiere Diego Palomo, acad\u00e9mico Facultad de Ciencias Jur\u00eddicas y Sociales.\u00a0<\/a><\/p><\/div><div>\u00a0<\/div><\/div><div><div><p><b>CANAL 30 MULTICOM\u00a0<\/b><\/p><\/div><div><p><a href=\"https:\/\/www.litoralpress.cl\/sitio\/RadioTV_Detalles.cshtml?LPKey=2GLTZ4AFIHUGN7XALKIM7LD2IL5JA3C7V3ILGDCWZ5ZVNLMRQ5LNYNSDG7BWHZPNEVN3F3277VUSG\">Entrega premio Jos\u00e9 Donoso. Se refiere Claire Mercier, acad\u00e9mica Instituto de Estudios Human\u00edsticos y Marcela Albornoz\u00a0Dachelet, directora de Extensi\u00f3n Cultural-Art\u00edstica.\u00a0<\/a><\/p><\/div><div>\u00a0<\/div><div><p><b>RADIO AMIGA<\/b>\u00a0<\/p><\/div><div><p><a href=\"https:\/\/www.litoralpress.cl\/sitio\/RadioTV_Detalles.cshtml?LPKey=BBB75B6AZBWEKWK5APC4MDV6SWLJIO4WBZ35A4Z6U7FRN44IBA7MYGX4HRP5EPCSJCBKFT6GL3QZK\">Escritora chilena Lina Meruane\u00a0recibi\u00f3 el reconocido Premio Iberoamericano de Letras Jos\u00e9 Donoso 2023. Se menciona la Universidad de Talca. \u00a0<\/a><\/p><\/div><div>\u00a0<\/div><div><p><b>EL DESCONCIERTO\u00a0<\/b><\/p><\/div><div><p><a href=\"https:\/\/www.eldesconcierto.cl\/bienes-comunes\/2023\/12\/19\/con-cascara-de-avellana-y-plastico-reciclado-investigadores-utalca-crean-vivienda-social-sustentable.html\">Con c\u00e1scara de avellana y pl\u00e1stico reciclado investigadores UTalca\u00a0crean vivienda social sustentable.\u00a0Se menciona la Universidad de Talca. \u00a0<\/a><\/p><\/div><div>\u00a0<\/div><div><p><b>EL MAULE INFORMA<\/b>\u00a0<\/p><\/div><div><p><a href=\"https:\/\/elmauleinforma.cl\/economista-recomienda-privilegiar-el-pago-en-efectivo-o-debito-en-fiestas-de-fin-de-ano\/\">Economista recomienda privilegiar el pago en efectivo o d\u00e9bito en fiestas de fin de a\u00f1o. Se refiere, Juan Andr\u00e9s Riquelme, acad\u00e9mico Facultad de Econom\u00eda y Negocios.\u00a0<\/a><\/p><\/div><div><div><p><b>G5 NOTICIA\u00a0<\/b><\/p><\/div><div><p><a href=\"https:\/\/g5noticias.cl\/2023\/12\/20\/economista-recomienda-privilegiar-el-pago-en-efectivo-o-debito-en-fiestas-de-fin-de-ano\/\">Economista recomienda privilegiar el pago en efectivo o d\u00e9bito en fiestas de fin de a\u00f1o. Se refiere Juan Andr\u00e9s Riquelme, acad\u00e9mico de la Facultad de Econom\u00eda y Negocios.\u00a0<\/a><\/p><\/div><div>\u00a0<\/div><div><p><b>EN L\u00cdNEA MAULE<\/b>\u00a0<\/p><\/div><div><p><a href=\"https:\/\/enlineamaule.cl\/archivo\/54132\">Una casa derrumbada se transform\u00f3 en un lugar de conexi\u00f3n con la naturaleza en Talca. Se menciona a Karina Tarife\u00f1o, estudiante de Aquitectura\u00a0<\/a><\/p><\/div><div>\u00a0<\/div><\/div><\/div><div><p><b>RADIO FUTURA<\/b>\u00a0<\/p><\/div><div><p><a href=\"https:\/\/www.litoralpress.cl\/sitio\/RadioTV_Detalles.cshtml?LPKey=DQOSTW6KO3C6PLZLBLIPC4WMCSQMUH5HN2IAMCQ54PRAPHBLKPGJH5VL5QQOPXWJBJO6SQEVS2KTI\">Entrevista a Fabio Dur\u00e1n, director de la Escuela de Ingenier\u00eda Civil en Bioinform\u00e1tica. \u00a0<\/a><\/p><\/div><div>\u00a0<\/div><div><p><b>RADIO AMIGA<\/b>\u00a0<\/p><\/div><div><p><a href=\"https:\/\/www.litoralpress.cl\/sitio\/RadioTV_Detalles.cshtml?LPKey=IY2XHYL6S242WDKSHZXMKLEM5KQX4CHNUWS7UNYO3S2UHFTHZU2G5XCV3JJWW7JQSLTKNLV27FIR2\">La Universidad de Talca realiza capacitaci\u00f3n sobre el tratamiento de aguas hervidas y la administraci\u00f3n de un servicio de agua potable.\u00a0<\/a><\/p><\/div><div><p><b style=\"font-style: inherit;\">EMOL TV\u00a0<\/b><\/p><\/div><div><a href=\"https:\/\/www.litoralpress.cl\/sitio\/RadioTV_Detalles.cshtml?LPKey=NNNQ32WWUK4APJ6DHX2ENHRFFYNGGAMBGVR43UJCIXYZJSVCL5AGHJEPCEJ6YM27NVD4LTCYKEN7S\">Morales y reformas tras triunfo del En Contra: &#8220;Es el camino que nunca debimos abandonar&#8221;. Se refiere Mauricio Morales, adirector del Centro de An\u00e1lisis Pol\u00edtico.\u00a0<\/a><\/div><div>\u00a0<\/div><div><p><b>EMOL<\/b>\u00a0<\/p><\/div><div><p><a href=\"https:\/\/www.emol.com\/noticias\/Nacional\/2023\/12\/18\/1116062\/programacion-emoltv-semana-18-diciembre.html\">Entrevista a Mauricio Morales,\u00a0director del Centro de An\u00e1lisis Pol\u00edtico.\u00a0<\/a><\/p><\/div><div><div><p><b>RADIO INFINITA\u00a0<\/b>\u00a0<\/p><\/div><div><p><a href=\"https:\/\/www.litoralpress.cl\/sitio\/RadioTV_Detalles.cshtml?LPKey=NX2WGUVZZGJPG5PBXBY4UYLAPKFYHRGYX3WCE2E4F6C77XX45CI6UOV7A7KZBCS6CHH5OJHMGNNGW\">Comentario de pol\u00edtica de Mauricio Morales, director del Centro de An\u00e1lisis Pol\u00edtico.\u00a0<\/a><\/p><\/div><div>\u00a0<\/div><div><p><b>TV5 LINARES<\/b><\/p><\/div><div><p><a href=\"https:\/\/www.litoralpress.cl\/sitio\/RadioTV_Detalles.cshtml?LPKey=BYYJHEFRSQYM6PXEZVLGX4VEZEVSHKUVTCGWOUEKZQMJK5SJSOCINVMQCSV3IVETBUDQJCH6G53SY\">Prioridades que dej\u00f3 la ciudadan\u00eda tras el plebiscito. Se refiere Mario Herrera, acad\u00e9mico\u00a0del Centro de An\u00e1lisis Pol\u00edtico.\u00a0<\/a><\/p><\/div><div>\u00a0<\/div><\/div><div><p><b>PODER Y LIDERAZGO<\/b>\u00a0<\/p><\/div><div><p><a href=\"https:\/\/www.poderyliderazgo.cl\/region-de-ohiggins-agro-trade-2023-reunio-a-microempresarios-apicolas-y-agricolas-de-cachapoal\/\">AGRO TRADE 2023 reuni\u00f3 a microempresarios ap\u00edcolas y agr\u00edcolas de Cachapoal. Se menciona la Universidad de Talca. \u00a0<\/a><\/p><\/div><div>\u00a0<\/div><div><p><b>DIARIOS EN RED<\/b><\/p><\/div><div><p><a href=\"https:\/\/diariosenred.com\/regional\/curso-de-formacion-sindical-inicia-con-exito-en-talca\">Curso de Formaci\u00f3n Sindical inicia con \u00e9xito en Talca. Se menciona a Roberto Padilla, abogado de la Universidad de Talca. \u00a0<\/a><\/p><\/div><div>\u00a0<\/div><div><p><b>RED MAULE<\/b>\u00a0<\/p><\/div><div><p><a href=\"https:\/\/diariosenred.com\/regional\/curso-de-formacion-sindical-inicia-con-exito-en-talca\">Curso de Formaci\u00f3n Sindical inicia con \u00e9xito en Talca. Se menciona a Roberto Padilla, abogado de la Universidad de Talca.\u00a0\u00a0<\/a><\/p><\/div><div><p><b>\u00d1UBLE ONLINE CHILL\u00c1N<\/b>\u00a0<\/p><\/div><div><p><a href=\"https:\/\/nubleonlinechillan.cl\/udec-ucsc-y-utalca-lideran-adjudicacion-para-la-consolidacion-de-otl-de-anid\/\">Udec, UCSC y UTalca lideran adjudicaci\u00f3n para la consolidaci\u00f3n de OTL de ANID. Se refiere Nadia Rojas, directora de Innovaci\u00f3n y Transferencia.\u00a0<\/a><\/p><\/div>\t\t\t\t\t\t<\/div>\n\t\t\t\t<\/div>\n\t\t\t\t\t<\/div>\n\t\t<\/div>\n\t\t\t\t\t\t\t<\/div>\n\t\t<\/section>\n\t\t\t\t\t\t<\/div>\n\t\t\t\t\t<\/div>\n\t\t","protected":false},"excerpt":{"rendered":"<p>MEDIA BANCO\u00a0 Becas para Pedagog\u00edas: UTalca\u00a0despliega beneficios para estudiantes de todo el pa\u00eds. Se refiere Mauricio Veliz Campo, decano de esta Facultad de Ciencias de la Educaci\u00f3n. \u00a0 EL MAULE INFORMA\u00a0 Becas para Pedagog\u00edas: UTalca\u00a0despliega beneficios para estudiantes de todo el pa\u00eds. Se refiere Mauricio Veliz Campo, decano de esta Facultad de Ciencias de la &hellip;<\/p>\n<p class=\"read-more\"> <a class=\"\" href=\"https:\/\/www.reportedeprensa.utalca.cl\/?p=8839\"> <span class=\"screen-reader-text\">21 de diciembre de 2023<\/span> Read More &raquo;<\/a><\/p>\n","protected":false},"author":1,"featured_media":0,"comment_status":"closed","ping_status":"open","sticky":false,"template":"","format":"standard","meta":{"_monsterinsights_skip_tracking":false,"_monsterinsights_sitenote_active":false,"_monsterinsights_sitenote_note":"","_monsterinsights_sitenote_category":0},"categories":[43],"tags":[],"_links":{"self":[{"href":"https:\/\/www.reportedeprensa.utalca.cl\/index.php?rest_route=\/wp\/v2\/posts\/8839"}],"collection":[{"href":"https:\/\/www.reportedeprensa.utalca.cl\/index.php?rest_route=\/wp\/v2\/posts"}],"about":[{"href":"https:\/\/www.reportedeprensa.utalca.cl\/index.php?rest_route=\/wp\/v2\/types\/post"}],"author":[{"embeddable":true,"href":"https:\/\/www.reportedeprensa.utalca.cl\/index.php?rest_route=\/wp\/v2\/users\/1"}],"replies":[{"embeddable":true,"href":"https:\/\/www.reportedeprensa.utalca.cl\/index.php?rest_route=%2Fwp%2Fv2%2Fcomments&post=8839"}],"version-history":[{"count":7,"href":"https:\/\/www.reportedeprensa.utalca.cl\/index.php?rest_route=\/wp\/v2\/posts\/8839\/revisions"}],"predecessor-version":[{"id":8852,"href":"https:\/\/www.reportedeprensa.utalca.cl\/index.php?rest_route=\/wp\/v2\/posts\/8839\/revisions\/8852"}],"wp:attachment":[{"href":"https:\/\/www.reportedeprensa.utalca.cl\/index.php?rest_route=%2Fwp%2Fv2%2Fmedia&parent=8839"}],"wp:term":[{"taxonomy":"category","embeddable":true,"href":"https:\/\/www.reportedeprensa.utalca.cl\/index.php?rest_route=%2Fwp%2Fv2%2Fcategories&post=8839"},{"taxonomy":"post_tag","embeddable":true,"href":"https:\/\/www.reportedeprensa.utalca.cl\/index.php?rest_route=%2Fwp%2Fv2%2Ftags&post=8839"}],"curies":[{"name":"wp","href":"https:\/\/api.w.org\/{rel}","templated":true}]}}