{"id":8853,"date":"2023-12-22T11:00:25","date_gmt":"2023-12-22T14:00:25","guid":{"rendered":"https:\/\/www.reportedeprensa.utalca.cl\/?p=8853"},"modified":"2023-12-22T12:14:53","modified_gmt":"2023-12-22T15:14:53","slug":"22-de-diciembre-de-2023","status":"publish","type":"post","link":"https:\/\/www.reportedeprensa.utalca.cl\/?p=8853","title":{"rendered":"22 de diciembre de 2023"},"content":{"rendered":"\t\t<div data-elementor-type=\"wp-post\" data-elementor-id=\"8853\" class=\"elementor elementor-8853\" data-elementor-settings=\"[]\">\n\t\t\t\t\t\t\t<div class=\"elementor-section-wrap\">\n\t\t\t\t\t\t\t<section class=\"elementor-section elementor-top-section elementor-element elementor-element-bcea1a8 elementor-section-boxed elementor-section-height-default elementor-section-height-default\" data-id=\"bcea1a8\" data-element_type=\"section\">\n\t\t\t\t\t\t<div class=\"elementor-container elementor-column-gap-default\">\n\t\t\t\t\t<div class=\"elementor-column elementor-col-100 elementor-top-column elementor-element elementor-element-e7183bf\" data-id=\"e7183bf\" data-element_type=\"column\">\n\t\t\t<div class=\"elementor-widget-wrap elementor-element-populated\">\n\t\t\t\t\t\t\t\t<div class=\"elementor-element elementor-element-5ffbb87 elementor-widget elementor-widget-text-editor\" data-id=\"5ffbb87\" data-element_type=\"widget\" data-widget_type=\"text-editor.default\">\n\t\t\t\t<div class=\"elementor-widget-container\">\n\t\t\t\t\t\t\t\t<div><p><b>DIARIO EL HERALDO\u00a0<\/b>\u00a0<\/p><\/div><div><p><a href=\"https:\/\/www.diarioelheraldo.cl\/noticia\/becas-para-pedagogias-utalca-despliega-beneficios-para-estudiantes-de-todo-el-pais-\">Becas para Pedagog\u00edas: UTalca\u00a0despliega beneficios para estudiantes de todo el pa\u00eds. Se refiere Mauricio V\u00e9liz, decano de la Facultad de Ciencias de la Educaci\u00f3n.\u00a0 \u00a0\u00a0<\/a><\/p><\/div><div><p>\u00a0<\/p><\/div><div><p><b>PUBLIMICRO\u00a0<\/b>\u00a0<\/p><\/div><div><p><a href=\"https:\/\/publimicro.cl\/becas-para-pedagogias-utalca-despliega-beneficios-para-estudiantes-de-todo-el-pais\/\">Becas para Pedagog\u00edas: UTalca\u00a0despliega beneficios para estudiantes de todo el pa\u00eds.\u00a0Se refiere Mauricio V\u00e9liz, decano de la Facultad de Ciencias de la Educaci\u00f3n.\u00a0 \u00a0\u00a0<\/a><\/p><\/div><div><p>\u00a0<\/p><p><b style=\"font-style: inherit;\">RADIO OLEAJES <\/b><span style=\"font-size: 16px;\">\u00a0<\/span><\/p><\/div><div><div><p><a href=\"https:\/\/www.litoralpress.cl\/sitio\/RadioTV_Detalles.cshtml?LPKey=V6VSXFFSGGBRZ5F5RZVUPRVHCXTJPBF5YF46WS7INU7J5UI3MT44NPNFF3J5VQIAL67WNJRS3ZBFA\">Entrevista a Daniel D\u00edaz, director de la Escuela de Ingenier\u00eda Civil Mecatr\u00f3nica.\u00a0<\/a><\/p><\/div><div><p>\u00a0<\/p><\/div><div><p><b>RADIO MAN\u00cdA FM<\/b>\u00a0<\/p><\/div><div><span style=\"font-size: 16px;\"><a href=\"https:\/\/www.litoralpress.cl\/sitio\/RadioTV_Detalles.cshtml?LPKey=7QQTCBJXKAFHJCWI2FHNUMR3KN4VN3ABFN6EARFKXWTZJYNV3R56GOCVXY5SZTBM2GS6Y3DHLEQEG\">Entrevista a Carlos Contreras, profesional de Admisi\u00f3n UTalca.\u00a0<\/a>\u00a0<\/span><\/div><div><p>\u00a0<\/p><\/div><p><b>LA PRENSA DE CURIC\u00d3\u00a0<\/b>\u00a0<\/p><\/div><div><p><a href=\"https:\/\/www.litoralpress.cl\/paginaconsultas\/Servicios_NClipSitioWeb\/Get_Imagen_Nota.aspx?LPKey=2BCRC7VLMUPGUZKFBFDN5MDQNIB4VFOX4FUDCJDTIMDLOAJOMCR3A2R2QA7KWOZYKDBBKCMBGTZ2G\">Campe\u00f3n panamericano Lucas Nervi lider\u00f3 cl\u00ednica deportiva. Se refiere Paula Caballero, vicerrectora de Desarrollo Estudiantil.\u00a0 \u00a0<\/a><\/p><p>\u00a0<\/p><\/div><div><p><b>DIARIO LA PRENSA\u00a0<\/b>\u00a0<\/p><\/div><div><p><a href=\"https:\/\/new.diariolaprensa.cl\/index.php\/2023\/12\/21\/campeon-panamericano-lidero-clinica-deportiva\/\">Campe\u00f3n panamericano lider\u00f3 cl\u00ednica deportiva.\u00a0Se refiere Paula Caballero, vicerrectora de Desarrollo Estudiantil. \u00a0\u00a0<\/a><\/p><\/div><div><p>\u00a0<\/p><p><b style=\"font-style: inherit;\">CANAL 30 MULTICOM \u00a0<\/b><span style=\"font-size: 16px;\">\u00a0<\/span><\/p><\/div><div><p><a href=\"https:\/\/www.litoralpress.cl\/sitio\/RadioTV_Detalles.cshtml?LPKey=SCYEPHTWLYILVGWNLOUW45BMVOGBEJ5JX6TLGTZXORBQ74Z6DUSQNBCSAI6P2EJ5TKQF7WKHWNP4E\">Cl\u00ednica deportiva desarrollada en la UTalca.\u00a0Se refiere Paula Caballero, vicerrectora de Desarrollo Estudiantil. \u00a0\u00a0<\/a><\/p><\/div><div><p>\u00a0<\/p><p><b style=\"font-style: inherit;\">DIARIOS EN RED<\/b><span style=\"font-size: 16px;\">\u00a0<\/span><\/p><\/div><div><p><a href=\"https:\/\/diariosenred.com\/regional\/tren-de-navidad-de-la-utalca-llevo-regalos-a-localidades-rurales-del-maule\">Tren de Navidad de la UTalca\u00a0llev\u00f3 regalos a localidades rurales del Maule. Se refiere Marcela Albornoz Dachelet, directora de Extensi\u00f3n Cultural-Art\u00edstica y Mar\u00eda Luisa del Campo, directora del Centro Tecnol\u00f3gico Kipus.\u00a0<\/a><\/p><\/div><div><p>\u00a0<\/p><p><b style=\"font-style: inherit;\">AD PRENSA<\/b><\/p><p><a href=\"https:\/\/www.adprensa.cl\/cronica\/tren-de-navidad-de-la-utalca-llevo-regalos-a-localidades-rurales-del-maule\/\"><span style=\"font-size: 16px;\">Tren de Navidad de la UTalca llev\u00f3 regalos a localidades rurales del Maule. Se refiere Marcela Albornoz Dachelet, directora de Extensi\u00f3n Cultural-Art\u00edstica y Mar\u00eda Luisa del Campo, directora del Centro Tecnol\u00f3gico Kipus.\u00a0\u00a0<\/span><\/a><\/p><p>\u00a0<\/p><p><b style=\"font-style: inherit;\">MEDIA BANCO<\/b><span style=\"font-size: 16px;\">\u00a0<\/span><\/p><\/div><div><div><p><a href=\"https:\/\/www.mediabanco.com\/tren-de-navidad-de-la-utalca-llevo-regalos-a-localidades-rurales-del-maule\/\">Tren de Navidad de la UTalca\u00a0llev\u00f3 regalos a localidades rurales del Maule. Se refiere Marcela Albornoz Dachelet, directora de Extensi\u00f3n Cultural-Art\u00edstica y Mar\u00eda Luisa del Campo, directora del Centro Tecnol\u00f3gico Kipus.\u00a0<\/a><\/p><\/div><div><p>\u00a0<\/p><\/div><p><b>RED MAULE<\/b>\u00a0<\/p><\/div><div><p><a href=\"https:\/\/www.redmaule.com\/regional\/tren-de-navidad-de-la-utalca-llevo-regalos-a-localidades-rurales-del-maule\">Tren de Navidad de la UTalca\u00a0llev\u00f3 regalos a localidades rurales del Maule. Se refiere Marcela Albornoz Dachelet, directora de Extensi\u00f3n Cultural-Art\u00edstica y Mar\u00eda Luisa del Campo, directora del Centro Tecnol\u00f3gico Kipus.\u00a0<\/a><\/p><\/div><div><p>\u00a0<\/p><\/div><div><p><b>RED BIOBIO<\/b>\u00a0<\/p><\/div><div><p><a href=\"https:\/\/redbiobio.com\/regional\/tren-de-navidad-de-la-utalca-llevo-regalos-a-localidades-rurales-del-maule\">Tren de Navidad de la UTalca\u00a0llev\u00f3 regalos a localidades rurales del Maule. Se refiere Marcela Albornoz Dachelet, directora de Extensi\u00f3n Cultural-Art\u00edstica y Mar\u00eda Luisa del Campo, directora del Centro Tecnol\u00f3gico Kipus.\u00a0<\/a><\/p><\/div><div><p>\u00a0<\/p><\/div><div><p><b>RED COQUIMBO<\/b>\u00a0<\/p><\/div><div><p><a href=\"https:\/\/redcoquimbo.com\/regional\/tren-de-navidad-de-la-utalca-llevo-regalos-a-localidades-rurales-del-maule\">Tren de Navidad de la UTalca\u00a0llev\u00f3 regalos a localidades rurales del Maule. Se refiere Marcela Albornoz Dachelet, directora de Extensi\u00f3n Cultural-Art\u00edstica y Mar\u00eda Luisa del Campo, directora del Centro Tecnol\u00f3gico Kipus.\u00a0<\/a><\/p><\/div><div><p><b><a id=\"OWAaae0e1fc-2f34-552b-fde2-5f1b4afab24b\" href=\"https:\/\/redcoquimbo.com\/regional\/tren-de-navidad-de-la-utalca-llevo-regalos-a-localidades-rurales-del-maule\" target=\"_blank\" rel=\"noopener noreferrer\" data-auth=\"NotApplicable\" data-loopstyle=\"linkonly\" data-linkindex=\"12\"><\/a><\/b><b>\u00a0<\/b>\u00a0<\/p><\/div><div><p><b>RADIO RTL<\/b>\u00a0<\/p><\/div><div><p><a href=\"https:\/\/radiortl.cl\/tren-de-navidad-de-la-utalca-lleva-alegria-y-regalos-a-las-localidades-rurales-del-maule\/\">Tren de Navidad de la UTalca\u00a0lleva alegr\u00eda y regalos a las localidades rurales del Maule. Se refiere Marcela Albornoz Dachelet, directora de Extensi\u00f3n Cultural-Art\u00edstica y Mar\u00eda Luisa del Campo, directora del Centro Tecnol\u00f3gico Kipus.\u00a0<\/a><\/p><\/div><div><p>\u00a0<\/p><\/div><div><p><b>G5 NOTICIA<\/b>\u00a0<\/p><\/div><div><p><a href=\"https:\/\/g5noticias.cl\/2023\/12\/21\/tren-de-navidad-de-la-utalca-llevo-regalos-a-localidades-rurales-del-maule\/\">Tren de Navidad de la UTalca\u00a0llev\u00f3 regalos a localidades rurales del Maule. Se refiere Marcela Albornoz Dachelet, directora de Extensi\u00f3n Cultural-Art\u00edstica y Mar\u00eda Luisa del Campo, directora del Centro Tecnol\u00f3gico Kipus.\u00a0<\/a><\/p><\/div><div><p>\u00a0<\/p><\/div><div><div><p><b>EL MERCURIO\u00a0<\/b>\u00a0<\/p><\/div><div><p><a href=\"https:\/\/www.litoralpress.cl\/paginaconsultas\/Servicios_NClipSitioWeb\/Get_Imagen_Nota.aspx?LPKey=DDXPDOAZFLMCZHA7CP7XBD5IW6MN7HPOF5AROAUAZTOAANHF7ST735YOZ6FFUTIMBMNOEHETZTR7C\">Las proptech\u00a0est\u00e1n redefiniendo el mercado inmobiliario. Se refiere Armando Dur\u00e1n, acad\u00e9mico dela\u00a0Facultad de Ingenier\u00eda.\u00a0<\/a><\/p><\/div><div><p>\u00a0<\/p><p><b style=\"font-style: inherit;\">CNN CHILE <\/b><span style=\"font-size: 16px;\">\u00a0<\/span><\/p><\/div><div><p><a href=\"https:\/\/www.litoralpress.cl\/sitio\/RadioTV_Detalles.cshtml?LPKey=KVYTDOYQ753MGWUSCADM3YKCLH4QDGAMGHUUQGZS6LREXFSMM6RFBN3JHRJHK2WI7DGXACRYRNGSU\">Anuncian altas temperaturas para este fin de semana. Se refiere Patricio Gonz\u00e1lez, agroclimat\u00f3logo CITRA UTalca.<\/a><\/p><p>\u00a0<\/p><p><strong style=\"font-size: 16px;\">TV5 LINARES\u00a0 \u00a0<\/strong><\/p><\/div><div><p><a href=\"https:\/\/www.litoralpress.cl\/sitio\/RadioTV_Detalles.cshtml?LPKey=GKFLZS6XTEDCHJWMFORCMCZZDVMRW5LUSKEZKHLL6QEMM4XJWOK4P5Q23OY3Z2BOUCKSD7ZWMEZ5I\">Altas temperaturas para navidad. Se refiere Patricio Gonz\u00e1lez, agroclimat\u00f3logo\u00a0Centro de Investigaci\u00f3n y Transferencia en Riego y Agroclimatolog\u00eda\u00a0(CITRA). \u00a0<\/a><\/p><\/div><div><p>\u00a0<\/p><\/div><p><b>RADIO AMIGA<\/b>\u00a0<\/p><\/div><div><p><a href=\"https:\/\/www.litoralpress.cl\/sitio\/RadioTV_Detalles.cshtml?LPKey=IY2XHYL6S242WDKSHZXMKLEM5KQX4CHNUWS7UNYO3S2UHFTHZU2G5XCV3JJWW7JQSLTKNLV27FIR2\">La Universidad de Talca realiza capacitaci\u00f3n sobre el tratamiento de aguas hervidas y la administraci\u00f3n de un servicio de agua potable. Se refiere Ana Peralta, directora del Centro de Inocuidad Alimentaria.\u00a0<\/a><\/p><\/div><div><p>\u00a0<\/p><\/div><div><p><b>RADIO LAUTARO\u00a0<\/b>\u00a0<\/p><\/div><div><p><a href=\"https:\/\/www.litoralpress.cl\/sitio\/RadioTV_Detalles.cshtml?LPKey=ERO6R6JJDVF5QPKGC7U6EQGS6WMGQVNYVKP7W62DSCD2PA7FIMXUCCVVVOTR4LMQOLB3XOEV2JKE6\">Entrevista a Paula Pino, especialista en Odontopediatr\u00eda de la Facultad de Odontolog\u00eda. \u00a0<\/a><\/p><\/div><div>\u00a0<\/div><div><p><b style=\"font-style: inherit;\">RADIO FM MAS<\/b><span style=\"font-size: 16px;\">\u00a0<\/span><\/p><\/div><div><p><a href=\"https:\/\/radiofmmas.cl\/economista-recomienda-privilegiar-el-pago-en-efectivo-o-debito-en-fiestas-de-fin-de-ano\/\">Economista recomienda privilegiar el pago en efectivo o d\u00e9bito en fiestas de fin de a\u00f1o. Se refiere Juan Andr\u00e9s Riquelme, acad\u00e9mico Facultad de Econom\u00eda y Negocios.\u00a0<\/a><\/p><p>\u00a0<\/p><\/div><div><p><b>S\u00c9PTIMA P\u00c1GINA NOTICIAS<\/b>\u00a0<\/p><\/div><div><p><a href=\"https:\/\/www.septimapaginanoticias.cl\/economista-recomienda-privilegiar-el-pago-en-efectivo-o-debito-en-fiestas-de-fin-de-ano\">Economista recomienda privilegiar el pago en efectivo o d\u00e9bito en fiestas de fin de a\u00f1o. Se refiere Juan Andr\u00e9s Riquelme, acad\u00e9mico Facultad de Econom\u00eda y Negocios.<\/a>\u00a0<\/p><\/div><div><p>\u00a0<\/p><\/div><div><p><b>INDUAMBIENTE.COM<\/b>\u00a0<\/p><p><a href=\"https:\/\/www.induambiente.com\/crean-centro-de-investigacion-para-descentralizar-iniciativas-de-energias-renovables\">Crean centro de investigaci\u00f3n para descentralizar iniciativas de energ\u00edas renovables. Se menciona a la Universidad de Talca.\u00a0<\/a><\/p><\/div><div>\u00a0<\/div><div><p><b>LAS \u00daLTIMAS NOTICIAS\u00a0<\/b>\u00a0<\/p><\/div><div><p><a href=\"https:\/\/www.litoralpress.cl\/paginaconsultas\/Servicios_NClipSitioWeb\/Get_Imagen_Nota.aspx?LPKey=3XDEDSQ3W4MEEJHVH4RGU7RFBMSJGAEHCP4EI55PXQDVN2XC72CUQUYBTELXEXZ4GLA5MKFMHZSI4\">Los profesionales mejor pagados en Chile, por carrera y universidad. Se menciona a la Universidad de Talca.\u00a0\u00a0<\/a><\/p><p>\u00a0<\/p><\/div><div><p><b>RED GOL<\/b>\u00a0<\/p><\/div><div><p><a href=\"https:\/\/redgol.cl\/tendencias\/cuales-son-las-carreras-mejor-pagadas-en-chile-en-cada-universidad-20231221-RDG-235111.html\">\u00bfQu\u00e9 estudiar en Chile? Las carreras mejor pagadas en el pa\u00eds seg\u00fan la universidad. Se menciona a la Universidad de Talca.\u00a0 \u00a0<\/a><\/p><\/div><div><p>\u00a0<\/p><\/div><div><p><b>EL MERCURIO\u00a0<\/b>\u00a0<\/p><\/div><div><p><a href=\"https:\/\/www.litoralpress.cl\/paginaconsultas\/Servicios_NClipSitioWeb\/Get_Imagen_Nota.aspx?LPKey=2NV6AZCGQB4KWVI3TDQBLO3KTMBNDLFOZ7I52LM4D7P7UCQ6WTTSJYZIKY73TT3SH22YLB6TPJPNG\">Ante llamado a reformar el sistema pol\u00edtico, Elizalde antepone &#8220;urgencias sociales&#8221;.\u00a0Se refiere Mauricio Morales,\u00a0director del Centro de An\u00e1lisis Pol\u00edtico (CAP).\u00a0<\/a><\/p><\/div><div><p>\u00a0<\/p><\/div><div><p><b>LA SEGUNDA\u00a0<\/b>\u00a0<\/p><\/div><div><p><a href=\"https:\/\/www.litoralpress.cl\/paginaconsultas\/Servicios_NClipSitioWeb\/Get_Imagen_Nota.aspx?LPKey=TABUZQNTJHSNYAMM7EQT57XPI2O4ILCLL4MVGQIL3XYTHV7ETMETKZBE35YQCJMPVGWJFHODOIORA\">Bachelet resurge como presidenciable, le habla a la izquierda y critica a la oposici\u00f3n. Se refiere Mauricio Morales, director del Centro de An\u00e1lisis Pol\u00edtico (CAP).\u00a0<\/a><\/p><\/div><div><p><b>\u00a0<\/b><\/p><div><p><b>RADIO INFINITA <\/b>\u00a0<\/p><\/div><div><p><a href=\"https:\/\/www.litoralpress.cl\/sitio\/RadioTV_Detalles.cshtml?LPKey=GWRYPQOQCFCLU5C475H6DWEMKHL2RWDWNSLO5RJ7AZUMJ6AXPXUTI3JFGKEEFFEG73LGTOUG3UBJG\">Comentario de pol\u00edtica de Mauricio Morales, acad\u00e9mico Facultad de Ciencias Jur\u00eddicas y Sociales.\u00a0<\/a><\/p><\/div><div><p>\u00a0<\/p><\/div><\/div><div><p><b>EMOL.COM<\/b><\/p><\/div><div><p><a href=\"https:\/\/www.emol.com\/noticias\/Nacional\/2023\/12\/18\/1116062\/programacion-emoltv-semana-18-diciembre.html\">Entrevista en vivo con el acad\u00e9mico de la Universidad de Talca, Mauricio Morales, director del Centro de An\u00e1lisis Pol\u00edtico (CAP).\u00a0<\/a><\/p><p>\u00a0<\/p><p><b style=\"font-style: inherit;\">DIARIO TALCA<\/b><span style=\"font-size: 16px;\">\u00a0<\/span><\/p><\/div><div><p><a href=\"https:\/\/diariotalca.cl\/unanime-apoyo-para-que-talca-sea-sededel-mundial-juvenil-de-2025\/\">Un\u00e1nime apoyo para que Talca sea sede del Mundial Juvenil de 2025. Se menciona la Universidad de Talca.\u00a0\u00a0<\/a><\/p><\/div>\t\t\t\t\t\t<\/div>\n\t\t\t\t<\/div>\n\t\t\t\t\t<\/div>\n\t\t<\/div>\n\t\t\t\t\t\t\t<\/div>\n\t\t<\/section>\n\t\t\t\t\t\t<\/div>\n\t\t\t\t\t<\/div>\n\t\t","protected":false},"excerpt":{"rendered":"<p>DIARIO EL HERALDO\u00a0\u00a0 Becas para Pedagog\u00edas: UTalca\u00a0despliega beneficios para estudiantes de todo el pa\u00eds. Se refiere Mauricio V\u00e9liz, decano de la Facultad de Ciencias de la Educaci\u00f3n.\u00a0 \u00a0\u00a0 \u00a0 PUBLIMICRO\u00a0\u00a0 Becas para Pedagog\u00edas: UTalca\u00a0despliega beneficios para estudiantes de todo el pa\u00eds.\u00a0Se refiere Mauricio V\u00e9liz, decano de la Facultad de Ciencias de la Educaci\u00f3n.\u00a0 \u00a0\u00a0 \u00a0 &hellip;<\/p>\n<p class=\"read-more\"> <a class=\"\" href=\"https:\/\/www.reportedeprensa.utalca.cl\/?p=8853\"> <span class=\"screen-reader-text\">22 de diciembre de 2023<\/span> Read More &raquo;<\/a><\/p>\n","protected":false},"author":1,"featured_media":0,"comment_status":"closed","ping_status":"open","sticky":false,"template":"","format":"standard","meta":{"_monsterinsights_skip_tracking":false,"_monsterinsights_sitenote_active":false,"_monsterinsights_sitenote_note":"","_monsterinsights_sitenote_category":0},"categories":[43],"tags":[],"_links":{"self":[{"href":"https:\/\/www.reportedeprensa.utalca.cl\/index.php?rest_route=\/wp\/v2\/posts\/8853"}],"collection":[{"href":"https:\/\/www.reportedeprensa.utalca.cl\/index.php?rest_route=\/wp\/v2\/posts"}],"about":[{"href":"https:\/\/www.reportedeprensa.utalca.cl\/index.php?rest_route=\/wp\/v2\/types\/post"}],"author":[{"embeddable":true,"href":"https:\/\/www.reportedeprensa.utalca.cl\/index.php?rest_route=\/wp\/v2\/users\/1"}],"replies":[{"embeddable":true,"href":"https:\/\/www.reportedeprensa.utalca.cl\/index.php?rest_route=%2Fwp%2Fv2%2Fcomments&post=8853"}],"version-history":[{"count":7,"href":"https:\/\/www.reportedeprensa.utalca.cl\/index.php?rest_route=\/wp\/v2\/posts\/8853\/revisions"}],"predecessor-version":[{"id":8867,"href":"https:\/\/www.reportedeprensa.utalca.cl\/index.php?rest_route=\/wp\/v2\/posts\/8853\/revisions\/8867"}],"wp:attachment":[{"href":"https:\/\/www.reportedeprensa.utalca.cl\/index.php?rest_route=%2Fwp%2Fv2%2Fmedia&parent=8853"}],"wp:term":[{"taxonomy":"category","embeddable":true,"href":"https:\/\/www.reportedeprensa.utalca.cl\/index.php?rest_route=%2Fwp%2Fv2%2Fcategories&post=8853"},{"taxonomy":"post_tag","embeddable":true,"href":"https:\/\/www.reportedeprensa.utalca.cl\/index.php?rest_route=%2Fwp%2Fv2%2Ftags&post=8853"}],"curies":[{"name":"wp","href":"https:\/\/api.w.org\/{rel}","templated":true}]}}