{"id":8868,"date":"2023-12-26T12:48:10","date_gmt":"2023-12-26T15:48:10","guid":{"rendered":"https:\/\/www.reportedeprensa.utalca.cl\/?p=8868"},"modified":"2023-12-26T12:58:28","modified_gmt":"2023-12-26T15:58:28","slug":"26-de-diciembre-de-2023","status":"publish","type":"post","link":"https:\/\/www.reportedeprensa.utalca.cl\/?p=8868","title":{"rendered":"26 de diciembre de 2023"},"content":{"rendered":"\t\t<div data-elementor-type=\"wp-post\" data-elementor-id=\"8868\" class=\"elementor elementor-8868\" data-elementor-settings=\"[]\">\n\t\t\t\t\t\t\t<div class=\"elementor-section-wrap\">\n\t\t\t\t\t\t\t<section class=\"elementor-section elementor-top-section elementor-element elementor-element-bcea1a8 elementor-section-boxed elementor-section-height-default elementor-section-height-default\" data-id=\"bcea1a8\" data-element_type=\"section\">\n\t\t\t\t\t\t<div class=\"elementor-container elementor-column-gap-default\">\n\t\t\t\t\t<div class=\"elementor-column elementor-col-100 elementor-top-column elementor-element elementor-element-e7183bf\" data-id=\"e7183bf\" data-element_type=\"column\">\n\t\t\t<div class=\"elementor-widget-wrap elementor-element-populated\">\n\t\t\t\t\t\t\t\t<div class=\"elementor-element elementor-element-5ffbb87 elementor-widget elementor-widget-text-editor\" data-id=\"5ffbb87\" data-element_type=\"widget\" data-widget_type=\"text-editor.default\">\n\t\t\t\t<div class=\"elementor-widget-container\">\n\t\t\t\t\t\t\t\t<div><div><p><b>EL MOSTRADOR\u00a0<\/b><\/p><\/div><div><p><a href=\"https:\/\/www.elmostrador.cl\/agenda-pais\/2023\/12\/22\/becas-para-pedagogias-universidad-otorga-beneficios-para-estudiantes-de-todo-el-pais\/\">Becas para Pedagog\u00edas: universidad otorga beneficios para estudiantes de todo el pa\u00eds. Se refiere Mauricio V\u00e9liz, decano de la Facultad de Ciencias de la Educaci\u00f3n.\u00a0<\/a><\/p><\/div><div><p>\u00a0<\/p><\/div><div><b>DIARIO LA PRENSA \u00a0<\/b><\/div><\/div><div><p><a href=\"https:\/\/www.litoralpress.cl\/paginaconsultas\/Servicios_NClipSitioWeb\/Get_Imagen_Nota.aspx?LPKey=SCXKQ7JVXAMGZKOEQHYPBQV7I525FKKU5VCFPEASYTRD26MDQZDR6Y6HBVXZ6ONAZ242YCVZ3T4DK\">UTalca\u00a0despliega beneficios de becas para estudiantes en todo el pa\u00eds. Se refiere Mauricio V\u00e9liz, decano de la Facultad de Ciencias de la Educaci\u00f3n.\u00a0\u00a0\u00a0 \u00a0<\/a><\/p><\/div><div><p>\u00a0<\/p><\/div><div><p><strong>G5 NOTICIA\u00a0<\/strong><\/p><\/div><div><p><a href=\"https:\/\/g5noticias.cl\/2023\/12\/24\/becas-para-pedagogias-utalca-despliega-beneficios-para-estudiantes-de-todo-el-pais\/\">Becas para Pedagog\u00edas: UTalca\u00a0despliega beneficios para estudiantes de todo el pa\u00eds. Se refiere Mauricio V\u00e9liz, decano de la Facultad de Ciencias de la Educaci\u00f3n.\u00a0\u00a0\u00a0\u00a0<\/a> \u00a0<\/p><\/div><div><p>\u00a0<\/p><\/div><div><p><b>NEWS.ESEURO.COM\u00a0<\/b><\/p><\/div><div><p><a href=\"https:\/\/www.litoralpress.cl\/sitio\/Prensa_PaginaCompleta.cshtml?LPKey=JKQD2AEDBETOOVON6JLTRMRZQSS76GUMTSC3MSXDIJ6PTBRWR5MQ\">El camino firme de Chile hacia la electromovilidad con el transporte p\u00fablico como s\u00edmbolo. Se refiere Cristian Garc\u00eda, acad\u00e9mico de la Facultad de Ingenier\u00eda. \u00a0<\/a><\/p><\/div><div><p>\u00a0<\/p><\/div><div><p><strong>SPANISH.CHINA.ORG.CN\u00a0<\/strong><\/p><\/div><div><p><a href=\"https:\/\/www.litoralpress.cl\/paginaconsultas\/Servicios_NClipSitioWeb\/Get_Imagen_Nota.aspx?LPKey=NM3WEGDPLJPCOWVA2PKWMNOZLW3M4ASVVWBBHWFTKDCNBQCZ62LU4UAXZ5YXY7ATLJ6YWMOSK3H3U\">El firme viaje de Chile a la electromovilidad con el transporte p\u00fablico como s\u00edmbolo. Se refiere Cristian Garc\u00eda, acad\u00e9mico de la Facultad de Ingenier\u00eda.<\/a>\u00a0<\/p><\/div><div><p>\u00a0<\/p><\/div><div><p><b>EL CIUDADANO\u00a0<\/b><\/p><\/div><div><p><a href=\"https:\/\/www.elciudadano.com\/chile\/crean-vivienda-sustentable-con-cascara-de-avellana-y-plastico-reciclado-sera-utilizada-como-sede-comunitaria-en-santa-cruz\/12\/24\/\">Crean vivienda sustentable con c\u00e1scara de avellana y pl\u00e1stico reciclado: Ser\u00e1 utilizada como sede comunitaria en Santa Cruz. Se refiere Crist\u00f3bal Montalba Weisse, acad\u00e9mico de la Facultad de Ingenier\u00eda.\u00a0<\/a><\/p><\/div><div><p>\u00a0<\/p><\/div><div><p><b>EL LECTOR<\/b>\u00a0<\/p><\/div><div><p><a href=\"https:\/\/www.litoralpress.cl\/paginaconsultas\/Servicios_NClipSitioWeb\/Get_Imagen_Nota.aspx?LPKey=BBCK452PFJVQPFKQERQNOSZEZJTW7IM364KUYNPTPUMLAQBVHTXNABF2K4WA266BWLYICQPQQ7CKC\">Crean vivienda social sustentable con c\u00e1scara de avellana y pl\u00e1stico reciclado. Se refiere Crist\u00f3bal Montalba Weisse, acad\u00e9mico de la Facultad de Ingenier\u00eda.\u00a0<\/a><\/p><\/div><div><p>\u00a0<\/p><\/div><div><p><b>PUBLIMICRO<\/b>\u00a0<\/p><\/div><div><p><a href=\"https:\/\/publimicro.cl\/proyecto-inedito-de-universidad-de-talca-crean-vivienda-social-sustentable-hecha-con-cascara-de-avellana-y-plastico-reciclado\/\">Proyecto in\u00e9dito de Universidad de Talca: Crean vivienda social sustentable, hecha con c\u00e1scara de avellana y pl\u00e1stico reciclado. Se refiere Crist\u00f3bal Montalba Weisse, acad\u00e9mico de la Facultad de Ingenier\u00eda.\u00a0<\/a><\/p><\/div><div><p>\u00a0<\/p><\/div><div><p><b>DIARIOS EN RED<\/b>\u00a0<\/p><\/div><div><p><a href=\"https:\/\/diariosenred.com\/regional\/estudiantes-crean-vivienda-social-sustentable-con-cascara-de-avellana-y\">Estudiantes crean vivienda social sustentable con c\u00e1scara de avellana y pl\u00e1stico reciclado. Se refiere Crist\u00f3bal Montalba Weisse, acad\u00e9mico de la Facultad de Ingenier\u00eda.\u00a0<\/a><\/p><\/div><div><p><b><a id=\"OWA730e424e-0514-7091-c682-46ae3433e307\" href=\"https:\/\/diariosenred.com\/regional\/estudiantes-crean-vivienda-social-sustentable-con-cascara-de-avellana-y\" target=\"_blank\" rel=\"noopener noreferrer\" data-auth=\"NotApplicable\" data-loopstyle=\"linkonly\" data-linkindex=\"8\"><\/a><\/b><b>\u00a0<\/b>\u00a0<\/p><\/div><div><p><b>RED LOS LAGOS<\/b>\u00a0<\/p><\/div><div><p><a href=\"https:\/\/redloslagos.com\/regional\/estudiantes-crean-vivienda-social-sustentable-con-cascara-de-avellana-y\">Estudiantes crean vivienda social sustentable con c\u00e1scara de avellana y pl\u00e1stico reciclado. Se refiere Crist\u00f3bal Montalba Weisse, acad\u00e9mico de la Facultad de Ingenier\u00eda.\u00a0<\/a><\/p><\/div><div><p><b><a id=\"OWAa1b1611d-2f0e-3b52-5d1d-42d4bd9bb43a\" href=\"https:\/\/redloslagos.com\/regional\/estudiantes-crean-vivienda-social-sustentable-con-cascara-de-avellana-y\" target=\"_blank\" rel=\"noopener noreferrer\" data-auth=\"NotApplicable\" data-loopstyle=\"linkonly\" data-linkindex=\"9\"><\/a><\/b><b>\u00a0<\/b>\u00a0<\/p><\/div><div><p><b>RED VALPARA\u00cdSO<\/b>\u00a0<\/p><\/div><div><p><a href=\"https:\/\/redvalparaiso.com\/regional\/estudiantes-crean-vivienda-social-sustentable-con-cascara-de-avellana-y\">Estudiantes crean vivienda social sustentable con c\u00e1scara de avellana y pl\u00e1stico reciclado. Se refiere Crist\u00f3bal Montalba Weisse, acad\u00e9mico de la Facultad de Ingenier\u00eda.\u00a0<\/a><\/p><\/div><div><p><b><a id=\"OWA305047d6-6640-c506-d615-2e36e131a09b\" href=\"https:\/\/redvalparaiso.com\/regional\/estudiantes-crean-vivienda-social-sustentable-con-cascara-de-avellana-y\" target=\"_blank\" rel=\"noopener noreferrer\" data-auth=\"NotApplicable\" data-loopstyle=\"linkonly\" data-linkindex=\"10\"><\/a><\/b><b>\u00a0<\/b>\u00a0<\/p><\/div><div><p><b>RED COQUIMBO<\/b>\u00a0<\/p><\/div><div><p><a href=\"https:\/\/redvalparaiso.com\/regional\/estudiantes-crean-vivienda-social-sustentable-con-cascara-de-avellana-y\">Estudiantes crean vivienda social sustentable con c\u00e1scara de avellana y pl\u00e1stico reciclado. Se refiere Crist\u00f3bal Montalba Weisse, acad\u00e9mico de la Facultad de Ingenier\u00eda.\u00a0<\/a><\/p><\/div><div><p>\u00a0<\/p><\/div><div><p><b>DIARIO EL HERALDO<\/b>\u00a0<\/p><\/div><div><p><a href=\"https:\/\/www.diarioelheraldo.cl\/noticia\/crean-vivienda-social-sustentable-con-cascara-de-avellana-y-plastico-reciclado\">Crean vivienda social sustentable con c\u00e1scara de avellana y pl\u00e1stico reciclado. Se refiere Crist\u00f3bal Montalba Weisse, acad\u00e9mico de la Facultad de Ingenier\u00eda.\u00a0<\/a><\/p><\/div><div>\u00a0<\/div><div><p><b>MEDIA BANCO<\/b>\u00a0<\/p><\/div><div><p><a href=\"https:\/\/www.mediabanco.com\/crean-vivienda-social-sustentable-con-cascara-de-avellana-y-plastico-reciclado\/\">Crean vivienda social sustentable con c\u00e1scara de avellana y pl\u00e1stico reciclado. Se refiere Crist\u00f3bal Montalba Weisse, acad\u00e9mico de la Facultad de Ingenier\u00eda. \u00a0<\/a><\/p><\/div><div><p>\u00a0<\/p><\/div><div><p><b>AD PRENSA<\/b>\u00a0<\/p><\/div><div><p><a href=\"https:\/\/www.adprensa.cl\/cronica\/crean-vivienda-social-sustentable-con-cascara-de-avellana-y-plastico-reciclado-2\/\">Crean vivienda social sustentable con c\u00e1scara de avellana y pl\u00e1stico reciclado. Se refiere Crist\u00f3bal Montalba Weisse, acad\u00e9mico de la Facultad de Ingenier\u00eda.\u00a0 \u00a0<\/a><\/p><\/div><div><p>\u00a0<\/p><\/div><div><p><b>G5\u00a0NOTICIAS<\/b>\u00a0<\/p><\/div><div><p><a href=\"https:\/\/g5noticias.cl\/2023\/12\/25\/crean-vivienda-social-sustentable-con-cascara-de-avellana-y-plastico-reciclado\/\">Crean vivienda social sustentable con c\u00e1scara de avellana y pl\u00e1stico reciclado. Se refiere Crist\u00f3bal Montalba Weisse, acad\u00e9mico de la Facultad de Ingenier\u00eda.\u00a0 \u00a0<\/a><\/p><\/div><div><p>\u00a0<\/p><\/div><div><p><b>LA REGI\u00d3N HOY<\/b>\u00a0<\/p><\/div><div><p><a href=\"https:\/\/laregionhoy.cl\/2023\/12\/24\/buscan-impulsar-emprendimientos-relacionados-con-la-agricultura-y-la-agroindustria\/\">Buscan impulsar emprendimientos relacionados con la agricultura y la agroindustria. Se refiere Carlos Sanhueza V\u00e1squez, jefe del \u00c1rea de Emprendimiento Vicerrector\u00eda de Innovaci\u00f3n.\u00a0<\/a><\/p><\/div><div><p>\u00a0<\/p><\/div><div><p><b>AD PRENSA\u00a0<\/b><\/p><\/div><div><p><a href=\"https:\/\/www.adprensa.cl\/cronica\/buscan-impulsar-emprendimientos-relacionados-con-la-agricultura-y-la-agroindustria\/\">Buscan impulsar emprendimientos relacionados con la agricultura y la agroindustria. Se refiere Carlos Sanhueza V\u00e1squez, jefe del \u00c1rea de Emprendimiento Vicerrector\u00eda de Innovaci\u00f3n. \u00a0<\/a><\/p><\/div><div><p>\u00a0<\/p><\/div><div><p><b>MEDIABANCO<\/b>\u00a0<\/p><\/div><div><p><a href=\"https:\/\/www.mediabanco.com\/buscan-impulsar-emprendimientos-relacionados-con-la-agricultura-y-la-agroindustria\/\">Buscan impulsar emprendimientos relacionados con la agricultura y la agroindustria. Se refiere Carlos Sanhueza V\u00e1squez, jefe del \u00c1rea de Emprendimiento Vicerrector\u00eda de Innovaci\u00f3n.\u00a0<\/a><\/p><\/div><div><p>\u00a0<\/p><\/div><div><p><b>CHILL\u00c1N ONLINE\u00a0<\/b>\u00a0<\/p><\/div><div><p><a href=\"https:\/\/www.chillanonline.cl\/V7\/2023\/12\/24\/buscan-impulsar-emprendimientos-relacionados-con-la-agricultura-y-la-agroindustria\/\">Buscan impulsar emprendimientos relacionados con la agricultura y la agroindustria. Se refiere Carlos Sanhueza V\u00e1squez, jefe del \u00c1rea de Emprendimiento Vicerrector\u00eda de Innovaci\u00f3n.\u00a0<\/a><\/p><\/div><div><p>\u00a0<\/p><\/div><div><p><b>LA PRENSA CURIC\u00d3 (PORTADA)\u00a0<\/b><\/p><\/div><div><p><a href=\"https:\/\/www.litoralpress.cl\/paginaconsultas\/Servicios_NClipSitioWeb\/Get_Imagen_Nota.aspx?LPKey=4CW6QJLGRAWKLJAPVRPFEARG36YUAGM7NVK3S2HYWOQGOC2KAJTMIGF3BB5HT4MTVMJF7A47S6IPY\">Tren de Navidad llev\u00f3 regalos a localidades rurales del Maule. Se refiere Marcela Albornoz Dachelet, directora de Extensi\u00f3n Cultural-Art\u00edstica.\u00a0<\/a><\/p><\/div><div><p>\u00a0<\/p><\/div><div><p><b>EN L\u00cdNEA MAULE<\/b>\u00a0<\/p><\/div><div><p><a href=\"https:\/\/enlineamaule.cl\/archivo\/54159\">Un centenar de ni\u00f1os de sectores rurales del Maule recibieron regalos mediante el recorrido del Tren de Navidad. Se refiere Marcela Albornoz Dachelet, directora de Extensi\u00f3n Cultural-Art\u00edstica.\u00a0<\/a><\/p><p>\u00a0<\/p><\/div><div><p><b>ADPRENSA\u00a0<\/b><\/p><\/div><div><p><a href=\"https:\/\/www.adprensa.cl\/cronica\/dirigentas-sociales-y-estudiantes-utalinas-bordaron-obra-alusiva-a-salud-comunitaria\/\">Dirigentas\u00a0sociales y estudiantes utalinas\u00a0bordaron obra alusiva a salud comunitaria. Se refiere Viviana Estrada, acad\u00e9mica Facultad de Ciencias de la Salud y Erika Retamal, directora Salud P\u00fablica UTalca. \u00a0<\/a><\/p><\/div><div><p>\u00a0<\/p><\/div><div><p><b>MEDIABANCO<\/b>\u00a0<\/p><\/div><div><p><a href=\"https:\/\/www.mediabanco.com\/dirigentas-sociales-y-estudiantes-utalinas-bordaron-obra-alusiva-a-salud-comunitaria\/\">Dirigentas\u00a0sociales y estudiantes utalinas\u00a0bordaron obra alusiva a salud comunitaria. Se refiere Viviana Estrada, acad\u00e9mica Facultad de Ciencias de la Salud y Erika Retamal, directora Salud P\u00fablica UTalca.\u00a0 \u00a0\u00a0<\/a><\/p><\/div><div><p>\u00a0<\/p><\/div><div><p><b>EL DIARIO SANTIAGO<\/b>\u00a0<\/p><\/div><div><p><a href=\"http:\/\/eldiariosantiago.cl\/dirigentas-sociales-y-estudiantes-utalinas-bordaron-obra-alusiva-a-salud-comunitaria\/\">Dirigentas\u00a0sociales y estudiantes utalinas\u00a0bordaron obra alusiva a salud comunitaria. Se refiere Viviana Estrada, acad\u00e9mica Facultad de Ciencias de la Salud y Erika Retamal, directora Salud P\u00fablica UTalca.\u00a0 \u00a0\u00a0<\/a><\/p><\/div><div><p>\u00a0<\/p><\/div><div><p><b>PUBLIMICRO<\/b>\u00a0<\/p><\/div><div><p><a href=\"https:\/\/publimicro.cl\/premian-las-mejores-etiquetas-realizadas-por-estudiantes-de-diseno-de-la-universidad-de-talca-para-vinos-de-la-comuna-de-san-javier\/\">Premian las mejores etiquetas realizadas por estudiantes de Dise\u00f1o de la Universidad de Talca, para vinos de la comuna de San Javier. Se menciona la Escuela de Dise\u00f1o de la Universidad de Talca.\u00a0<\/a><\/p><\/div><div><p>\u00a0<\/p><\/div><div><p><b>LA PRENSA DE CURIC\u00d3\u00a0<\/b><\/p><\/div><div><p><a href=\"https:\/\/www.litoralpress.cl\/paginaconsultas\/Servicios_NClipSitioWeb\/Get_Imagen_Nota.aspx?LPKey=V3ZBMS4NMVESTELLSRZI2B3ZTM7AORFCYJVKHJX2XUAAAF7U5JETIWVXHUIWLNJUXMYFOV5ZIBTRY\">Dise\u00f1an y presentan etiquetas para vinos. Se menciona la Escuela de Dise\u00f1o de la Universidad de Talca.\u00a0<\/a><\/p><\/div><div><p>\u00a0<\/p><\/div><div><p><b>DIARIO TALCA<\/b>\u00a0<\/p><\/div><div><p><a href=\"https:\/\/diariotalca.cl\/estudiantes-de-diseno-utalca-crean-etiquetas-para-vinos-sanjavierinos\/\">Estudiantes de Dise\u00f1o UTalca\u00a0crean etiquetas para vinos sanjavierinos. Se menciona la Escuela de Dise\u00f1o de la Universidad de Talca. \u00a0<\/a><\/p><\/div><div><p>\u00a0<\/p><\/div><div><p><b>EL MAULE INFORMA<\/b>\u00a0<\/p><\/div><div><p><a href=\"https:\/\/elmauleinforma.cl\/estudiantes-de-diseno-de-la-utalca-crean-etiquetas-para-vinos-de-san-javier\/\">Estudiantes de Dise\u00f1o de la UTalca\u00a0crean etiquetas para vinos de San Javier. Se menciona la Escuela de Dise\u00f1o de la Universidad de Talca.\u00a0<\/a><\/p><\/div><div><p>\u00a0<\/p><\/div><div><p><b>CAUQUENES.NET<\/b>\u00a0<\/p><\/div><div><p><a href=\"https:\/\/cauquenesnet.cl\/2023\/12\/24\/nutricionista-advierte-sobre-el-consumo-de-pan-de-pascua-y-cola-de-mono\/\">Nutricionista advierte sobre el consumo de pan de pascua y cola de mono. Se refiere Paula Contreras Rebolledo, acad\u00e9mica Escuela de Nutrici\u00f3n y Diet\u00e9tica.\u00a0<\/a><\/p><\/div><div><p>\u00a0<\/p><\/div><div><p><b>MEDIABANCO<\/b>\u00a0<\/p><\/div><div><p><a href=\"https:\/\/www.mediabanco.com\/nutricionista-advierte-sobre-el-consumo-de-pan-de-pascua-y-cola-de-mono\/\">Nutricionista advierte sobre el consumo de pan de pascua y cola de mono. Se refiere Paula Contreras Rebolledo, acad\u00e9mica Escuela de Nutrici\u00f3n y Diet\u00e9tica. \u00a0<\/a><\/p><\/div><div><p>\u00a0<\/p><\/div><div><p><b>AD PRENSA<\/b>\u00a0<\/p><\/div><div><p><a href=\"https:\/\/www.adprensa.cl\/cronica\/nutricionista-advierte-sobre-el-consumo-de-pan-de-pascua-y-cola-de-mono\/\">Nutricionista advierte sobre el consumo de pan de pascua y cola de mono. Se refiere Paula Contreras Rebolledo, acad\u00e9mica Escuela de Nutrici\u00f3n y Diet\u00e9tica.\u00a0<\/a><\/p><\/div><div><p>\u00a0<\/p><\/div><div><p><b>DIARIO TALCA\u00a0<\/b><\/p><\/div><div><p><a href=\"https:\/\/diariotalca.cl\/nutricionista-advierte-sobre-el-consumo-de-pan-de-pascua-y-cola-de-mono\/\">Nutricionista advierte sobre el consumo de pan de pascua y cola de mono. Se\u00a0refiere Paula Contreras Rebolledo, acad\u00e9mica Escuela de Nutrici\u00f3n y Diet\u00e9tica.\u00a0<\/a><\/p><\/div><div><p>\u00a0<\/p><\/div><div><p><b>CHILL\u00c1N ONLINE\u00a0<\/b>\u00a0<\/p><\/div><div><p><a href=\"https:\/\/www.adprensa.cl\/cronica\/nutricionista-advierte-sobre-el-consumo-de-pan-de-pascua-y-cola-de-mono\/\">Nutricionista advierte sobre el consumo de pan de pascua y cola de mono. Se refiere Paula Contreras Rebolledo, acad\u00e9mica Escuela de Nutrici\u00f3n y Diet\u00e9tica.\u00a0<\/a><\/p><\/div><div><p>\u00a0<\/p><\/div><div><p><b>PUBLIMICRO<\/b>\u00a0<\/p><\/div><div><p><a href=\"https:\/\/publimicro.cl\/ojo-hasta-4-mil-calorias-se-puede-llegar-a-ingerir-facilmente-en-las-cenas-de-fin-de-ano-senalan-expertas\/\">\u00a1Ojo!\u2026Hasta 4 mil calor\u00edas se puede llegar a ingerir f\u00e1cilmente en las cenas de fin de a\u00f1o, se\u00f1alan expertas. Se refiere Paula Contreras Rebolledo, acad\u00e9mica Escuela de Nutrici\u00f3n y Diet\u00e9tica.\u00a0<\/a><\/p><\/div><div><p>\u00a0<\/p><\/div><div><p><b>DIARIO TALCA<\/b>\u00a0<\/p><\/div><div><p><a href=\"https:\/\/diariotalca.cl\/recomiendan-pagos-en-efectivo-o-debito-en-fiestas-de-fin-de-ano\/\">Recomiendan pagos en efectivo o d\u00e9bito en fiestas de fin de a\u00f1o. Se refiere Juan Andr\u00e9s Riquelme, acad\u00e9mico de la Facultad de Econom\u00eda y Negocios. \u00a0<\/a><\/p><\/div><div><p>\u00a0<\/p><\/div><div><p><b>CANAL TVN RED MAULE<\/b>\u00a0<\/p><\/div><div><p><a href=\"https:\/\/www.litoralpress.cl\/sitio\/RadioTV_Detalles.cshtml?LPKey=J3UJZKXFYJUFJWKKKBYOAKEMKUM6PLP7OIQQE6NOBHFHPU5X7A3S5FSZ7JAB6IJQE5FZQAV2MRXLO\">Pescados y porciones peque\u00f1as: las claves para comer mejor estas fiestas de fin de a\u00f1o. Se refiere Mauricio Orellana, acad\u00e9mico Escuela de Nutrici\u00f3n y Diet\u00e9tica.\u00a0<\/a><\/p><\/div><div><p>\u00a0<\/p><div><p><b>LA TERCERA ONLINE\u00a0<\/b><\/p><\/div><div><p><a href=\"https:\/\/www.latercera.com\/nacional\/noticia\/que-es-el-fenomeno-de-la-nina-y-como-afectaria-a-chile\/CR7VXFKCXFCMJGQU7EUYSRKD5I\/\">Qu\u00e9 es el fen\u00f3meno de La Ni\u00f1a y c\u00f3mo afectar\u00eda a Chile. Se refiere Patricio Gonz\u00e1lez, agroclimat\u00f3logo\u00a0Citra UTalca.\u00a0<\/a><\/p><\/div><div><p>\u00a0<\/p><\/div><div><p><b>CANAL CNN CHILE<\/b>\u00a0<\/p><\/div><div><p><a href=\"https:\/\/www.litoralpress.cl\/sitio\/RadioTV_Detalles.cshtml?LPKey=GKGAKVBX2KECS4PWEPY4JVLOQFVINM27IV4NUFKDZD2VO63FQR4YGY7HPICBPEZGVFXRKSWWQNKJG\">Alerta por calor: se esperan hasta 38\u00ba para esta Navidad. Se refiere Patricio Gonz\u00e1lez, agroclimat\u00f3logo\u00a0Citra UTalca.\u00a0<\/a><\/p><\/div><div><p>\u00a0<\/p><\/div><div><p><b>EMOL<\/b>\u00a0<\/p><\/div><div><p><a href=\"https:\/\/www.emol.com\/noticias\/Nacional\/2023\/12\/23\/1116544\/constitucion-consolidada-bachelet-debate.html\">\u00bfUn debate que no cierra?: Bachelet descarta &#8216;consolidaci\u00f3n&#8217; de la Constituci\u00f3n y expertos difieren tras dos plebiscitos fallidos. Se refiere Mauricio Morales, acad\u00e9mico Facultad de Ciencias Jur\u00eddicas y Sociales.\u00a0<\/a><\/p><\/div><div><p>\u00a0<\/p><\/div><div><p><b>LA TERCERA ONLINE<\/b>\u00a0<\/p><\/div><div><p><a href=\"https:\/\/www.latercera.com\/la-tercera-sabado\/noticia\/columna-de-mauricio-morales-quien-paga-la-cuenta\/XA7T6WNEBNBQNLLEIIDGANW33Q\/\">Columna de Mauricio Morales: \u00bfQui\u00e9n paga la cuenta? Se refiere acad\u00e9mico Facultad de Ciencias Jur\u00eddicas y Sociales.\u00a0<\/a><\/p><\/div><div><p>\u00a0<\/p><\/div><div><p><b>EMOL<\/b>\u00a0<\/p><\/div><div><p><a href=\"https:\/\/www.emol.com\/noticias\/Nacional\/2023\/12\/24\/1116541\/politicos-chilenos-destacados-2023.html\">Convulsionado 2023: Quince expertos eligen a los tres personajes pol\u00edticos m\u00e1s destacados del a\u00f1o. Se refiere Mauricio Morales, acad\u00e9mico Facultad de Ciencias Jur\u00eddicas y Sociales.\u00a0<\/a><\/p><\/div><div><p>\u00a0<\/p><\/div><div><p><b>MEGANOTICIAS.CL<\/b>\u00a0<\/p><\/div><div><p><a href=\"https:\/\/www.meganoticias.cl\/nacional\/434723-columna-mauricio-morales-encuesta-cadem-fracaso-preceso-constitucional-constitucion-perpetua-24-12-20232023.html\">Columna de Mauricio Morales: &#8220;La Constituci\u00f3n perpetua&#8221;. Se refiere Mauricio Morales, acad\u00e9mico Facultad de Ciencias Jur\u00eddicas y Sociales.\u00a0<\/a><\/p><\/div><div><p>\u00a0<\/p><\/div><div><p><b>EL MERCURIO DE VALPARA\u00cdSO<\/b>\u00a0<\/p><\/div><div><p><a href=\"https:\/\/www.litoralpress.cl\/sitio\/Prensa_PaginaCompleta.cshtml?LPKey=DOG6LIM54BDDI5IAFPSRG5FKTVNX445YU4UMATZHRL6WTERAFKCA\">Partieron los aprontes para las elecciones locales y de gobiernos regionales de 2024. Se refiere Mario Herrera, acad\u00e9mico Facultad de Ciencias Jur\u00eddicas y Sociales.\u00a0 \u00a0<\/a><\/p><\/div><div><p>\u00a0<\/p><\/div><\/div>\t\t\t\t\t\t<\/div>\n\t\t\t\t<\/div>\n\t\t\t\t\t<\/div>\n\t\t<\/div>\n\t\t\t\t\t\t\t<\/div>\n\t\t<\/section>\n\t\t\t\t\t\t<\/div>\n\t\t\t\t\t<\/div>\n\t\t","protected":false},"excerpt":{"rendered":"<p>EL MOSTRADOR\u00a0 Becas para Pedagog\u00edas: universidad otorga beneficios para estudiantes de todo el pa\u00eds. Se refiere Mauricio V\u00e9liz, decano de la Facultad de Ciencias de la Educaci\u00f3n.\u00a0 \u00a0 DIARIO LA PRENSA \u00a0 UTalca\u00a0despliega beneficios de becas para estudiantes en todo el pa\u00eds. Se refiere Mauricio V\u00e9liz, decano de la Facultad de Ciencias de la Educaci\u00f3n.\u00a0\u00a0\u00a0 &hellip;<\/p>\n<p class=\"read-more\"> <a class=\"\" href=\"https:\/\/www.reportedeprensa.utalca.cl\/?p=8868\"> <span class=\"screen-reader-text\">26 de diciembre de 2023<\/span> Read More &raquo;<\/a><\/p>\n","protected":false},"author":1,"featured_media":0,"comment_status":"closed","ping_status":"open","sticky":false,"template":"","format":"standard","meta":{"_monsterinsights_skip_tracking":false,"_monsterinsights_sitenote_active":false,"_monsterinsights_sitenote_note":"","_monsterinsights_sitenote_category":0},"categories":[43],"tags":[],"_links":{"self":[{"href":"https:\/\/www.reportedeprensa.utalca.cl\/index.php?rest_route=\/wp\/v2\/posts\/8868"}],"collection":[{"href":"https:\/\/www.reportedeprensa.utalca.cl\/index.php?rest_route=\/wp\/v2\/posts"}],"about":[{"href":"https:\/\/www.reportedeprensa.utalca.cl\/index.php?rest_route=\/wp\/v2\/types\/post"}],"author":[{"embeddable":true,"href":"https:\/\/www.reportedeprensa.utalca.cl\/index.php?rest_route=\/wp\/v2\/users\/1"}],"replies":[{"embeddable":true,"href":"https:\/\/www.reportedeprensa.utalca.cl\/index.php?rest_route=%2Fwp%2Fv2%2Fcomments&post=8868"}],"version-history":[{"count":4,"href":"https:\/\/www.reportedeprensa.utalca.cl\/index.php?rest_route=\/wp\/v2\/posts\/8868\/revisions"}],"predecessor-version":[{"id":8872,"href":"https:\/\/www.reportedeprensa.utalca.cl\/index.php?rest_route=\/wp\/v2\/posts\/8868\/revisions\/8872"}],"wp:attachment":[{"href":"https:\/\/www.reportedeprensa.utalca.cl\/index.php?rest_route=%2Fwp%2Fv2%2Fmedia&parent=8868"}],"wp:term":[{"taxonomy":"category","embeddable":true,"href":"https:\/\/www.reportedeprensa.utalca.cl\/index.php?rest_route=%2Fwp%2Fv2%2Fcategories&post=8868"},{"taxonomy":"post_tag","embeddable":true,"href":"https:\/\/www.reportedeprensa.utalca.cl\/index.php?rest_route=%2Fwp%2Fv2%2Ftags&post=8868"}],"curies":[{"name":"wp","href":"https:\/\/api.w.org\/{rel}","templated":true}]}}