{"id":8884,"date":"2023-12-27T10:24:34","date_gmt":"2023-12-27T13:24:34","guid":{"rendered":"https:\/\/www.reportedeprensa.utalca.cl\/?p=8884"},"modified":"2023-12-27T10:33:13","modified_gmt":"2023-12-27T13:33:13","slug":"27-de-diciembre-de-2023","status":"publish","type":"post","link":"https:\/\/www.reportedeprensa.utalca.cl\/?p=8884","title":{"rendered":"27 de diciembre de 2023"},"content":{"rendered":"\t\t<div data-elementor-type=\"wp-post\" data-elementor-id=\"8884\" class=\"elementor elementor-8884\" data-elementor-settings=\"[]\">\n\t\t\t\t\t\t\t<div class=\"elementor-section-wrap\">\n\t\t\t\t\t\t\t<section class=\"elementor-section elementor-top-section elementor-element elementor-element-bcea1a8 elementor-section-boxed elementor-section-height-default elementor-section-height-default\" data-id=\"bcea1a8\" data-element_type=\"section\">\n\t\t\t\t\t\t<div class=\"elementor-container elementor-column-gap-default\">\n\t\t\t\t\t<div class=\"elementor-column elementor-col-100 elementor-top-column elementor-element elementor-element-e7183bf\" data-id=\"e7183bf\" data-element_type=\"column\">\n\t\t\t<div class=\"elementor-widget-wrap elementor-element-populated\">\n\t\t\t\t\t\t\t\t<div class=\"elementor-element elementor-element-5ffbb87 elementor-widget elementor-widget-text-editor\" data-id=\"5ffbb87\" data-element_type=\"widget\" data-widget_type=\"text-editor.default\">\n\t\t\t\t<div class=\"elementor-widget-container\">\n\t\t\t\t\t\t\t\t<div><p><b>EL HERALDO \u00a0<\/b><\/p><\/div><div><p><a href=\"https:\/\/www.litoralpress.cl\/paginaconsultas\/Servicios_NClipSitioWeb\/Get_Imagen_Nota.aspx?LPKey=4WBGVBANBZY4KOFJENARLDQ4PNRIAFSL6CXE43CE7VWNJLYG4GEACTP5HP7OFO6I7M4SOAX4DG36Q\">Crean vivienda social sustentable con c\u00e1scara de avellana y pl\u00e1stico reciclado. Se refiere Crist\u00f3bal Montalva Weisse, acad\u00e9mico de la Facultad de Ingenier\u00eda.<\/a><b><u><br aria-hidden=\"true\" \/><\/u><br \/><\/b><\/p><\/div><div><p><b>EL DIARIO SANTIAGO\u00a0<\/b>\u00a0<\/p><\/div><div><p><a href=\"http:\/\/eldiariosantiago.cl\/crean-vivienda-social-sustentable-con-cascara-de-avellana-y-plastico-reciclado\/\">Crean vivienda social sustentable con c\u00e1scara de avellana y pl\u00e1stico reciclado. Se refiere Crist\u00f3bal Montalva Weisse, acad\u00e9mico de la Facultad de Ingenier\u00eda.\u00a0<\/a><\/p><\/div><div><p>\u00a0<\/p><p><b>EL MAULE INFORMA\u00a0<\/b>\u00a0<\/p><\/div><div><p><a href=\"https:\/\/elmauleinforma.cl\/crean-vivienda-social-sustentable-con-cascara-de-avellana-y-plastico-reciclado\/\">Crean vivienda social sustentable con c\u00e1scara de avellana y pl\u00e1stico reciclado. Se refiere Crist\u00f3bal Montalva Weisse, acad\u00e9mico de la Facultad de Ingenier\u00eda. \u00a0<\/a><\/p><\/div><div><p>\u00a0<\/p><\/div><div><p><b>G5 NOTICIA<\/b>\u00a0<\/p><\/div><div><p><a href=\"https:\/\/g5noticias.cl\/2023\/12\/25\/crean-vivienda-social-sustentable-con-cascara-de-avellana-y-plastico-reciclado\/\">Crean vivienda social sustentable con c\u00e1scara de avellana y pl\u00e1stico reciclado. Se refiere Crist\u00f3bal Montalva Weisse, acad\u00e9mico de la Facultad de Ingenier\u00eda.\u00a0<\/a><\/p><\/div><div><p>\u00a0<\/p><div><p><b>SPANISH.NEWS.CN<\/b>\u00a0<\/p><\/div><div><p><a href=\"https:\/\/www.litoralpress.cl\/sitio\/Prensa_PaginaCompleta.cshtml?LPKey=7WMPT4EAPQYWCMVJ32H5YEPO3BPH3QAWARUINVQTWUFH6NGGVXGQ\">ESPECIAL FIN DE A\u00d1O: Chile logra equilibrar su econom\u00eda en 2023, revirtiendo tendencia negativa, afirman economistas. Se refiere Jorge Navarrete, acad\u00e9mico Facultad de Econom\u00eda y Negocios.\u00a0<\/a><\/p><\/div><div><p>\u00a0<\/p><\/div><div><p><b>SPANISH.PEOPLEDAILY.COM.CN<\/b>\u00a0<\/p><\/div><div><p><a href=\"https:\/\/www.litoralpress.cl\/sitio\/Prensa_PaginaCompleta.cshtml?LPKey=R3RVU72QBZSAHMLT3LRQIPIELLLICRNMJJNG4ELRTBQJY24BOG4Q\">Chile logra equilibrar su econom\u00eda en 2023, revirtiendo tendencia negativa, afirman economistas. Se refiere Jorge Navarrete, acad\u00e9mico Facultad de Econom\u00eda y Negocios.\u00a0<\/a><\/p><\/div><div><p>\u00a0<\/p><\/div><div><p><b>UYPRESS.NET\u00a0<\/b><\/p><\/div><div><p><a href=\"https:\/\/www.litoralpress.cl\/sitio\/Prensa_PaginaCompleta.cshtml?LPKey=4Z6FNSLTXGOTQ6SUNHPFI6R7HDYKY6QDP4ZEXKTPN4SZL7NEPJOA\">Chile logra equilibrar su econom\u00eda en 2023, revirtiendo tendencia negativa, afirman economistas. Se refiere Jorge Navarrete, acad\u00e9mico Facultad de Econom\u00eda y Negocios.\u00a0<\/a><\/p><\/div><div>\u00a0<\/div><p><b>EL DIARIO SANTIAGO\u00a0\u00a0<\/b><\/p><\/div><div><p><a href=\"https:\/\/eldiariosantiago.cl\/dirigentas-sociales-y-estudiantes-utalinas-bordaron-obra-alusiva-a-salud-comunitaria\/\">Dirigentas\u00a0sociales y estudiantes utalinas\u00a0bordaron obra alusiva a salud comunitaria. Se refiere Viviana Estrada, acad\u00e9mica Facultad de Ciencias de la Salud y Erika Retamal, directora Salud P\u00fablica UTalca.\u00a0<\/a><\/p><\/div><div><p>\u00a0<\/p><\/div><div><p><b>PUBLIMICRO<\/b>\u00a0<\/p><\/div><div><p><a href=\"https:\/\/publimicro.cl\/dirigentas-sociales-y-estudiantes-utalinas-bordaron-obra-alusiva-a-salud-comunitaria\/\">Dirigentas\u00a0sociales y estudiantes utalinas\u00a0bordaron obra alusiva a salud comunitaria. Se refiere Viviana Estrada, acad\u00e9mica Facultad de Ciencias de la Salud y Erika Retamal, directora Salud P\u00fablica UTalca.\u00a0<\/a><\/p><\/div><div><p>\u00a0<\/p><\/div><div><p><b>RADIO AMIGA \u00a0<\/b><\/p><\/div><div><p><a href=\"https:\/\/www.litoralpress.cl\/sitio\/RadioTV_Detalles.cshtml?LPKey=YBW32COVUL4NWZFGLL535WVQNPC2WGTWVKD6CWS3PCXPFGRHD36MIFRAG2LTRUDTRQ7EL24TAZRNS\">Se entregaron juguetes y dulces a ni\u00f1os que viven a lo largo del ramal Talca-Constituci\u00f3n. Se refiere Marcela Albornoz Dachelet, directora de Extensi\u00f3n Cultural-Art\u00edstica.<\/a><\/p><\/div><div><p>\u00a0<\/p><p><b>EL DIARIO SANTIAGO\u00a0<\/b>\u00a0<\/p><\/div><div><p><a href=\"https:\/\/eldiariosantiago.cl\/tren-de-navidad-de-la-utalca-llevo-regalos-a-localidades-rurales-del-maule\/\">Tren de Navidad llev\u00f3 regalos a localidades rurales del Maule. Se refiere Marcela Albornoz Dachelet, directora de Extensi\u00f3n Cultural-Art\u00edstica.\u00a0<\/a><\/p><\/div><div><p>\u00a0<\/p><p><b>DIARIO TALCA \u00a0<\/b><\/p><\/div><div><p><a href=\"https:\/\/diariotalca.cl\/69163-2\/\">Buscan impulsar emprendimientos de la agricultura y agroindustria. Se refiere Carlos Sanhueza, jefe del \u00c1rea de Emprendimiento de la Vicerrector\u00eda de Innovaci\u00f3n.<\/a><\/p><\/div><div><p>\u00a0<\/p><\/div><div><p><b>AD PRENSA \u00a0<\/b><\/p><\/div><div><p><a href=\"https:\/\/www.adprensa.cl\/cronica\/estudiantes-de-la-universidad-de-talca-ganan-concurso-nacional-de-creacion-de-vinos\/\">Estudiantes de la Universidad de Talca ganan concurso nacional de creaci\u00f3n de vinos. Se refiere Gonzalo D\u00edaz Ulloa, decano de la Facultad de Ciencias Agrarias.\u00a0<\/a><\/p><p>\u00a0<\/p><\/div><div><p><b>MEDIABANCO\u00a0<\/b>\u00a0<\/p><\/div><div><p><a href=\"https:\/\/www.mediabanco.com\/estudiantes-de-la-universidad-de-talca-ganan-concurso-nacional-de-creacion-de-vinos\/\">Estudiantes de la Universidad de Talca ganan concurso nacional de creaci\u00f3n de vinos. Se refiere Gonzalo D\u00edaz Ulloa, decano de la Facultad de Ciencias Agrarias.\u00a0<\/a><\/p><p>\u00a0<\/p><\/div><div><p><b>RED MAULE\u00a0<\/b>\u00a0<\/p><\/div><div><p><a href=\"https:\/\/www.redmaule.com\/nacional\/estudiantes-de-la-universidad-de-talca-ganan-concurso-nacional-de\">Estudiantes de la Universidad de Talca ganan concurso nacional de creaci\u00f3n de vinos. Se refiere Gonzalo D\u00edaz Ulloa, decano de la Facultad de Ciencias Agrarias.\u00a0<\/a><\/p><p>\u00a0<\/p><\/div><div><p><b>RED \u00d1UBLE\u00a0<\/b>\u00a0<\/p><\/div><div><p><a href=\"https:\/\/www.rednuble.com\/nacional\/estudiantes-de-la-universidad-de-talca-ganan-concurso-nacional-de\">Estudiantes de la Universidad de Talca ganan concurso nacional de creaci\u00f3n de vinos. Se refiere Gonzalo D\u00edaz Ulloa, decano de la Facultad de Ciencias Agrarias.\u00a0<\/a><\/p><p>\u00a0<\/p><\/div><div><p><b>RED ARICA\u00a0<\/b>\u00a0<\/p><\/div><div><p><a href=\"https:\/\/redarica.com\/nacional\/estudiantes-de-la-universidad-de-talca-ganan-concurso-nacional-de\">Estudiantes de la Universidad de Talca ganan concurso nacional de creaci\u00f3n de vinos. Se refiere Gonzalo D\u00edaz Ulloa, decano de la Facultad de Ciencias Agrarias.\u00a0<\/a><\/p><p>\u00a0<\/p><\/div><div><p><b>DIARIOS EN RED\u00a0<\/b>\u00a0<\/p><\/div><div><p><a href=\"https:\/\/diariosenred.com\/nacional\/estudiantes-de-la-universidad-de-talca-ganan-concurso-nacional-de\">Estudiantes de la Universidad de Talca ganan concurso nacional de creaci\u00f3n de vinos. Se refiere Gonzalo D\u00edaz Ulloa, decano de la Facultad de Ciencias Agrarias.\u00a0<\/a><\/p><p>\u00a0<\/p><\/div><div><p><b>PORTAL AGRO\u00a0<\/b>\u00a0<\/p><\/div><div><p><a href=\"https:\/\/www.portalagrochile.cl\/2023\/12\/26\/estudiantes-de-la-universidad-de-talca-ganan-concurso-nacional-de-creacion-de-vinos\/\">Estudiantes de la Universidad de Talca ganan concurso nacional de creaci\u00f3n de vinos. Se refiere Gonzalo D\u00edaz Ulloa, decano de la Facultad de Ciencias Agrarias.\u00a0<\/a><\/p><\/div><div><p>\u00a0<\/p><p><b>ENTREPRENERD\u00a0<\/b>\u00a0<\/p><\/div><div><p><a href=\"https:\/\/www.entnerd.com\/primera-version-del-wine-lab-estudiantes-crean-su-propia-mezcla-de-vinos\/\">Primera versi\u00f3n del Wine\u00a0LAB: Estudiantes crean su propia mezcla de vinos. Se refiere Gonzalo D\u00edaz Ulloa, decano de la Facultad de Ciencias Agrarias. \u00a0<\/a><\/p><\/div><div><p>\u00a0<\/p><\/div><div><p><b>EL DIARIO DE SANTIAGO\u00a0<\/b>\u00a0<\/p><\/div><div><p><a href=\"https:\/\/eldiariosantiago.cl\/estudiantes-de-la-universidad-de-talca-ganan-concurso-nacional-de-creacion-de-vinos\/\">Estudiantes de la Universidad de Talca ganan concurso nacional de creaci\u00f3n de vinos. Se refiere Gonzalo D\u00edaz Ulloa, decano de la Facultad de Ciencias Agrarias.\u00a0<\/a><\/p><p>\u00a0<\/p><\/div><div><p><b>AM\u00c9RICA RETAIL\u00a0<\/b>\u00a0<\/p><\/div><div><p><a href=\"https:\/\/www.america-retail.com\/retail-travel-leisure\/vik-anuncio-ganadores-de-la-1-version-de-wine-lab\/\">VIK anunci\u00f3 ganadores de la 1\u00b0 versi\u00f3n de Wine\u00a0Lab. Se menciona a Universidad de Talca.\u00a0<\/a><\/p><p>\u00a0<\/p><\/div><div><p><b>RADIO AMIGA<\/b>\u00a0\u00a0<\/p><\/div><div><p><a href=\"https:\/\/www.litoralpress.cl\/sitio\/RadioTV_Detalles.cshtml?LPKey=YK5DB7KGP6HEEWJ2JQSRNCK3K4K7YOSKY6HYQTX72VBGRDZ3TXG4L4IVLQCSMM2FRKZPTMMVQA7OY\">Programa de transformaci\u00f3n digital que se aplica en 30 comunas del Maule. Se menciona a la Universidad de Talca \u00a0<\/a><\/p><\/div><div><p>\u00a0<\/p><\/div><div><p><b>CANAL CNN\u00a0<\/b><\/p><\/div><div><p><a href=\"https:\/\/www.litoralpress.cl\/sitio\/RadioTV_Detalles.cshtml?LPKey=6JZNAUR6AJYTQNNVEEYTWX7AM65N3PUZNM3GTDMOD4IMCJDKLILEVRB3EPJGW3JUUMLUQQYEJ7DVI\">La navidad m\u00e1s calurosa de los \u00faltimos 50 a\u00f1os. Se refiere Patricio Gonz\u00e1lez, agroclimat\u00f3logo\u00a0Citra UTalca.\u00a0<\/a><\/p><\/div><div><p>\u00a0<\/p><\/div><div><p><b>EL DIARIO DE SANTIAGO\u00a0<\/b>\u00a0<\/p><\/div><div><p><a href=\"https:\/\/eldiariodesantiago.cl\/archivos\/19201\">Estos son los alimentos que pueden causarte depresi\u00f3n seg\u00fan los m\u00e9dicos. Se refiere Alonso Hern\u00e1ndez, acad\u00e9mico de la Escuela de Nutrici\u00f3n y Diet\u00e9tica.\u00a0<\/a><\/p><\/div><div>\u00a0<\/div><div><p><b>DIARIO EL CENTRO\u00a0\u00a0<\/b><\/p><\/div><div><p><a href=\"https:\/\/www.diarioelcentro.cl\/2023\/12\/26\/pensiones-ineficacia-de-la-clase-politica-y-referendos\/\">Pensiones, ineficacia de la clase pol\u00edtica, y referendos. Se refiere, Emilio Moyano D\u00edaz, acad\u00e9mico de la Facultad de Psicolog\u00eda\u00a0<\/a><\/p><\/div><div><p>\u00a0<\/p><\/div><div><p><b>DIARIO EL CENTRO\u00a0<\/b>\u00a0<\/p><\/div><div><p><a href=\"https:\/\/www.diarioelcentro.cl\/2023\/12\/26\/milei-nihil-novum-sub-sole\/\">Milei: Nihil Novum\u00a0Sub Sole. Se refiere Diego Palomo V\u00e9lez, acad\u00e9mico de la Facultad de Ciencias Jur\u00eddicas y Sociales.\u00a0<\/a><\/p><p>\u00a0<\/p><\/div><div><p><b>EL MERCURIO\u00a0<\/b><\/p><\/div><div><p><a href=\"https:\/\/www.litoralpress.cl\/paginaconsultas\/Servicios_NClipSitioWeb\/Get_Imagen_Nota.aspx?LPKey=22F5KJX3NF4X4WR4WHRLQZONW3UJ4OK57AZ46F2V4AIBNUUFOZK6RBTSHUNU7QASIZIAJHMGN32KS\">Analistas estiman que resultado del 17-D no bajar\u00e1 presi\u00f3n sobre Boric por un cambio de gabinete. Se refiere Mauricio Morales, acad\u00e9mico Facultad de Ciencias Jur\u00eddicas y Sociales.\u00a0<\/a><\/p><p>\u00a0<\/p><p><b>PUBLIMETRO \u00a0<\/b><\/p><div><p><a href=\"https:\/\/www.litoralpress.cl\/paginaconsultas\/Servicios_NClipSitioWeb\/Get_Imagen_Nota.aspx?LPKey=YTMZ3FADSSCRF6XSD6PWWV473KLY4OCMGPE4FPIU2WJ7YYOKXNR2MG72BJLIRZ23O733U6V474HDI\">Qu\u00e9 le\u00a0hizo el Plebiscito a los liderazgos de la derecha. Se refiere Mario Herrera, acad\u00e9mico Facultad de Ciencias Jur\u00eddicas y Sociales.<\/a><\/p><\/div><div>\u00a0<\/div><\/div><div><p><b>EL MOSTRADOR\u00a0<\/b>\u00a0<\/p><\/div><div><p class=\"x_elementToProof\"><a href=\"https:\/\/www.elmostrador.cl\/noticias\/pais\/2023\/12\/26\/pobreza-clientelismo-y-crimen-organizado-las-explicaciones-del-voto-a-favor-en-el-sur-y-norte\/\">Clientelismo, violencia y voto evang\u00e9lico: las claves del triunfo del \u201cA favor\u201d en comunas pobres. Se refiere Mario Herrera, acad\u00e9mico Facultad de Ciencias Jur\u00eddicas y Sociales.\u00a0<\/a><\/p><p>\u00a0<\/p><p class=\"x_elementToProof\"><b style=\"font-style: inherit;\">RADIO INFINITA<\/b><span style=\"font-size: 16px;\">\u00a0<\/span><\/p><\/div><div><p><a href=\"https:\/\/www.litoralpress.cl\/sitio\/RadioTV_Detalles.cshtml?LPKey=2L7SFZN7XFBPK3MUAVDTZEUSUX7XXDEBU7E2K2XR4K7IGBMSHQAL7YBYYQJA5X4Y36KMP5QFXFRIS\">Comentario de pol\u00edtica de Mauricio Morales, acad\u00e9mico Facultad de Ciencias Jur\u00eddicas y Sociales.\u00a0<\/a><\/p><\/div><div class=\"x_elementToProof\">\u00a0<\/div><div><div><b>CANAL MEGA\u00a0<\/b>\u00a0<\/div><div><p><a href=\"https:\/\/www.litoralpress.cl\/sitio\/RadioTV_Detalles.cshtml?LPKey=BN5G24JNLAG43FRAXUTWPO4ESDEQPH35RW6BZVFA6ENUYI4CGSQSXS45UJI723QBJ7KCWNYKL3KX4\">Boric\u00a0llama a la unidad. La Reforma de Pensiones. Se refiere Mauricio Morales, director del Centro de An\u00e1lisis Pol\u00edtico.\u00a0<\/a><\/p><p>\u00a0<\/p><\/div><div class=\"x_elementToProof\"><b>EL LIBERO\u00a0<\/b><\/div><\/div><div><p><a href=\"https:\/\/ellibero.cl\/actualidad\/carrera-presidencial-a-cuatro-bandas-el-escenario-que-se-abre-en-el-oficialismo-y-la-oposicion-tras-el-plebiscito\/\">Carrera presidencial a cuatro bandas: El escenario que se abre en el oficialismo y la oposici\u00f3n tras el plebiscito. Se refiere Mauricio Morales, acad\u00e9mico Facultad de Ciencias Jur\u00eddicas y Sociales. \u00a0<\/a><\/p><\/div><div><p>\u00a0<\/p><p><b>EL DIARIO DE SANTIAGO\u00a0<\/b>\u00a0<\/p><\/div><div><p><a href=\"https:\/\/eldiariodesantiago.cl\/archivos\/28147\">Carrera presidencial a cuatro bandas: El escenario que se abre en el oficialismo y la oposici\u00f3n tras el plebiscito. Se refiere Mauricio Morales, acad\u00e9mico Facultad de Ciencias Jur\u00eddicas y Sociales.\u00a0<\/a><\/p><\/div>\t\t\t\t\t\t<\/div>\n\t\t\t\t<\/div>\n\t\t\t\t\t<\/div>\n\t\t<\/div>\n\t\t\t\t\t\t\t<\/div>\n\t\t<\/section>\n\t\t\t\t\t\t<\/div>\n\t\t\t\t\t<\/div>\n\t\t","protected":false},"excerpt":{"rendered":"<p>EL HERALDO \u00a0 Crean vivienda social sustentable con c\u00e1scara de avellana y pl\u00e1stico reciclado. Se refiere Crist\u00f3bal Montalva Weisse, acad\u00e9mico de la Facultad de Ingenier\u00eda. EL DIARIO SANTIAGO\u00a0\u00a0 Crean vivienda social sustentable con c\u00e1scara de avellana y pl\u00e1stico reciclado. Se refiere Crist\u00f3bal Montalva Weisse, acad\u00e9mico de la Facultad de Ingenier\u00eda.\u00a0 \u00a0 EL MAULE INFORMA\u00a0\u00a0 Crean &hellip;<\/p>\n<p class=\"read-more\"> <a class=\"\" href=\"https:\/\/www.reportedeprensa.utalca.cl\/?p=8884\"> <span class=\"screen-reader-text\">27 de diciembre de 2023<\/span> Read More &raquo;<\/a><\/p>\n","protected":false},"author":1,"featured_media":0,"comment_status":"closed","ping_status":"open","sticky":false,"template":"","format":"standard","meta":{"_monsterinsights_skip_tracking":false,"_monsterinsights_sitenote_active":false,"_monsterinsights_sitenote_note":"","_monsterinsights_sitenote_category":0},"categories":[43],"tags":[],"_links":{"self":[{"href":"https:\/\/www.reportedeprensa.utalca.cl\/index.php?rest_route=\/wp\/v2\/posts\/8884"}],"collection":[{"href":"https:\/\/www.reportedeprensa.utalca.cl\/index.php?rest_route=\/wp\/v2\/posts"}],"about":[{"href":"https:\/\/www.reportedeprensa.utalca.cl\/index.php?rest_route=\/wp\/v2\/types\/post"}],"author":[{"embeddable":true,"href":"https:\/\/www.reportedeprensa.utalca.cl\/index.php?rest_route=\/wp\/v2\/users\/1"}],"replies":[{"embeddable":true,"href":"https:\/\/www.reportedeprensa.utalca.cl\/index.php?rest_route=%2Fwp%2Fv2%2Fcomments&post=8884"}],"version-history":[{"count":4,"href":"https:\/\/www.reportedeprensa.utalca.cl\/index.php?rest_route=\/wp\/v2\/posts\/8884\/revisions"}],"predecessor-version":[{"id":8888,"href":"https:\/\/www.reportedeprensa.utalca.cl\/index.php?rest_route=\/wp\/v2\/posts\/8884\/revisions\/8888"}],"wp:attachment":[{"href":"https:\/\/www.reportedeprensa.utalca.cl\/index.php?rest_route=%2Fwp%2Fv2%2Fmedia&parent=8884"}],"wp:term":[{"taxonomy":"category","embeddable":true,"href":"https:\/\/www.reportedeprensa.utalca.cl\/index.php?rest_route=%2Fwp%2Fv2%2Fcategories&post=8884"},{"taxonomy":"post_tag","embeddable":true,"href":"https:\/\/www.reportedeprensa.utalca.cl\/index.php?rest_route=%2Fwp%2Fv2%2Ftags&post=8884"}],"curies":[{"name":"wp","href":"https:\/\/api.w.org\/{rel}","templated":true}]}}