{"id":8895,"date":"2023-12-28T09:47:14","date_gmt":"2023-12-28T12:47:14","guid":{"rendered":"https:\/\/www.reportedeprensa.utalca.cl\/?p=8895"},"modified":"2023-12-28T10:05:13","modified_gmt":"2023-12-28T13:05:13","slug":"28-de-diciembre-de-2023","status":"publish","type":"post","link":"https:\/\/www.reportedeprensa.utalca.cl\/?p=8895","title":{"rendered":"28 de diciembre de 2023"},"content":{"rendered":"\t\t<div data-elementor-type=\"wp-post\" data-elementor-id=\"8895\" class=\"elementor elementor-8895\" data-elementor-settings=\"[]\">\n\t\t\t\t\t\t\t<div class=\"elementor-section-wrap\">\n\t\t\t\t\t\t\t<section class=\"elementor-section elementor-top-section elementor-element elementor-element-bcea1a8 elementor-section-boxed elementor-section-height-default elementor-section-height-default\" data-id=\"bcea1a8\" data-element_type=\"section\">\n\t\t\t\t\t\t<div class=\"elementor-container elementor-column-gap-default\">\n\t\t\t\t\t<div class=\"elementor-column elementor-col-100 elementor-top-column elementor-element elementor-element-e7183bf\" data-id=\"e7183bf\" data-element_type=\"column\">\n\t\t\t<div class=\"elementor-widget-wrap elementor-element-populated\">\n\t\t\t\t\t\t\t\t<div class=\"elementor-element elementor-element-5ffbb87 elementor-widget elementor-widget-text-editor\" data-id=\"5ffbb87\" data-element_type=\"widget\" data-widget_type=\"text-editor.default\">\n\t\t\t\t<div class=\"elementor-widget-container\">\n\t\t\t\t\t\t\t\t<div class=\"wnVEW\"><div class=\"Yy5or GNqVo yxtKT allowTextSelection OuGoX\" tabindex=\"-1\" role=\"document\" aria-label=\"Cuerpo del mensaje\"><div dir=\"ltr\"><div>\u00a0<\/div><div><p><b style=\"font-style: inherit;\">EL MERCURIO<\/b><span style=\"font-size: 16px;\">\u00a0<\/span><\/p><\/div><div><p><a href=\"https:\/\/www.litoralpress.cl\/paginaconsultas\/Servicios_NClipSitioWeb\/Get_Imagen_Nota.aspx?LPKey=FLUOLGFGFWFZY4RGA7JOXOQ6EU337KQRZIGGNESATEFDMSE2DGDQ2ZEC5ESPIXVY6COHY56GH3ADM\">El aroma y el sabor del vino tambi\u00e9n sufren los efectos del cambio clim\u00e1tico. Se refiere Yerko Moreno, acad\u00e9mico Facultad de Ciencias Agrarias.<\/a><\/p><p>\u00a0<\/p><\/div><div><p><b>RADIO PABLO NERUDA\u00a0<\/b>\u00a0<\/p><div><p><a href=\"https:\/\/www.litoralpress.cl\/sitio\/RadioTV_Detalles.cshtml?LPKey=F2TRI3N244X75IU5NPNN3XJSMIN5V44EPZMIYXWDSHAZB767322FOP253ATQFHM2AASHBF4UA6NGO\">Entrevista a Mauricio Veliz Campo, decano de la Facultad de Ciencias de la Educaci\u00f3n<\/a><\/p><p>\u00a0<\/p><\/div><div><p><b>RADIO CONDELL\u00a0<\/b>\u00a0<\/p><\/div><div><p><a href=\"https:\/\/www.litoralpress.cl\/sitio\/RadioTV_Detalles.cshtml?LPKey=MY4EZFG7LB6REY5SHM54Q7752YOFBVKKZFY5IAANZMJYBRZA2DQO6LQW6ZCB3F4OTVMVSHNSJBF4U\">Entrevista a Ruth Garrido Orrego, acad\u00e9mica Facultad de Ingenier\u00eda\u00a0<\/a><\/p><p>\u00a0<\/p><\/div><div><p><b>RADIO NOST\u00c1LGICA\u00a0<\/b>\u00a0<\/p><\/div><div><p><a href=\"https:\/\/www.litoralpress.cl\/sitio\/RadioTV_Detalles.cshtml?LPKey=BJIIDMYFSP2JNJDK4GVOHJEMDOOD4MJTLDBBLE2QOOIX2JOJU3NUO4PWBA734553IBCKHPKAFKQQA\">Entrevista a Mauricio Veliz Campo, decano de la Facultad de Ciencias de la Educaci\u00f3n\u00a0<\/a><\/p><p>\u00a0<\/p><\/div><div><b>EL LECTOR\u00a0<\/b>\u00a0<\/div><\/div><div><p><a href=\"https:\/\/www.litoralpress.cl\/paginaconsultas\/Servicios_NClipSitioWeb\/Get_Imagen_Nota.aspx?LPKey=HY7KLMKOERNM55X55WXGFS73KYMVMLCB7JMZNQTAUVC3KPEDYFH5IJZYFLKIGU34AJLZB2NNHI5GQ\">Buscan impulsar emprendimientos relacionados con la agricultura y la agroindustria. Se refiere Carlos Sanhueza, jefe del \u00c1rea de Emprendimiento de la Vicerrector\u00eda de Innovaci\u00f3n.\u00a0<\/a><\/p><\/div><div><p>\u00a0<\/p><p><b>EL TIP\u00d3GRAFO\u00a0<\/b>\u00a0<\/p><\/div><div><p><a href=\"https:\/\/eltipografo.cl\/2023\/12\/santa-cruz-crean-vivienda-social-sustentable-con-cascara-de-avellana-y-plastico-reciclado\">Santa Cruz: Crean vivienda social sustentable con c\u00e1scara de avellana y pl\u00e1stico reciclado Se refiere Crist\u00f3bal Montalva Weisse, acad\u00e9mico de la Facultad de Ingenier\u00eda.\u00a0<\/a><\/p><div><p>\u00a0<\/p><p><b>S\u00c9PTIMA P\u00c1GINA NOTICIAS\u00a0<\/b>\u00a0<\/p><\/div><div><p><a href=\"https:\/\/www.septimapaginanoticias.cl\/crean-vivienda-social-sustentable-con-cascara-de-avellana-y-plastico-reciclado\">Crean vivienda social sustentable con c\u00e1scara de avellana y pl\u00e1stico reciclado Se refiere Crist\u00f3bal Montalva Weisse, acad\u00e9mico de la Facultad de Ingenier\u00eda.\u00a0<\/a><\/p><\/div><div><p>\u00a0<\/p><\/div><\/div><div><p><b>NEGOCIO &amp; CONSTRUCCI\u00d3N (REVISTA)\u00a0<\/b>\u00a0<\/p><\/div><div><p><a href=\"https:\/\/www.litoralpress.cl\/paginaconsultas\/Servicios_NClipSitioWeb\/Get_Imagen_Nota.aspx?LPKey=F4BPKV3F5TJYTMFTKVRW65KPGZJRSVQIDWCQFGS5AELNLV6ZCJOJXX4UIQBQM3PFOCHQDXBOCIAXG\">La mirada y conclusiones de los principales referentes del a\u00f1o 2023 y expectativas para el 2024. Se refiere Jorge Andr\u00e9s Bravo Gonz\u00e1lez, acad\u00e9mico Facultad de Ingenier\u00eda.\u00a0<\/a><\/p><\/div><div><p>\u00a0<\/p><p><b>TVN RED MAULE\u00a0<\/b>\u00a0<\/p><\/div><div><p><a href=\"https:\/\/www.litoralpress.cl\/sitio\/RadioTV_Detalles.cshtml?LPKey=6IHJ3EFGBEGXAMCUUPCFGNA24KGZBEL6YF3S6GIYFDH3FCWCDKJKCAUJCO4CGRZHPULVJ4BBCHPOI\">Municipios del Maule no tendr\u00e1n shows pirot\u00e9cnicos en una medida que busca proteger a animales y personas sensibles. Se refiere Felipe Figueroa, psic\u00f3logo del Programa de Acceso Efectivo a la Educaci\u00f3n Superior (PACE).\u00a0<\/a><\/p><\/div><div><p>\u00a0<\/p><\/div><div><p><b>PORTALEDUCA\u00a0<\/b>\u00a0<\/p><\/div><div><p><a href=\"https:\/\/portaleduca.cl\/estudiantes-de-la-universidad-de-talca-ganan-concurso-nacional-de-creacion-de-vinos\/\">Estudiantes de la Universidad de Talca ganan concurso nacional de creaci\u00f3n de vinos. Se refiere Gonzalo D\u00edaz Ulloa, decano de la Facultad de Ciencias Agrarias.<\/a><\/p><p>\u00a0<\/p><\/div><div><p><b>G5 NOTICIA\u00a0<\/b>\u00a0<\/p><\/div><div><p><a href=\"https:\/\/g5noticias.cl\/2023\/12\/27\/estudiantes-de-la-universidad-de-talca-ganan-concurso-nacional-de-creacion-de-vinos\/\">Estudiantes de la Universidad de Talca ganan concurso nacional de creaci\u00f3n de vinos. Se refiere Gonzalo D\u00edaz Ulloa, decano de la Facultad de Ciencias Agrarias.\u00a0<\/a><\/p><\/div><div><p>\u00a0<\/p><p><b>EL MAULE INFORMA\u00a0<\/b>\u00a0<\/p><\/div><div><p><a href=\"https:\/\/elmauleinforma.cl\/estudiantes-de-la-universidad-de-talca-ganan-concurso-nacional-de-creacion-de-vinos\/\">Estudiantes de la Universidad de Talca ganan concurso nacional de creaci\u00f3n de vinos. Se refiere Gonzalo D\u00edaz Ulloa, decano de la Facultad de Ciencias Agrarias.\u00a0<\/a><\/p><\/div><div><p>\u00a0<\/p><p><b>BULB\u00a0<\/b>\u00a0<\/p><\/div><div><p><a href=\"https:\/\/bulb.cl\/vik-anuncio-los-ganadores-de-la-primera-version-de-wine-lab\/\">VIK anuncio\u0301 los ganadores de la primera versio\u0301n\u00a0de Wine\u00a0Lab. Se menciona a la Universidad de Talca.\u00a0<\/a><\/p><p>\u00a0<\/p><\/div><div><p><b>RADIO 13C\u00a0<\/b>\u00a0<\/p><\/div><div><p><a href=\"https:\/\/www.litoralpress.cl\/paginaconsultas\/Servicios_NClipSitioWeb\/Get_Imagen_Nota.aspx?LPKey=YTMZ3FADSSCRF6XSD6PWWV473KLY4OCMGPE4FPIU2WJ7YYOKXNR2MG72BJLIRZ23O733U6V474HDI\">Entrevista a Patricio Gonz\u00e1lez Colville, agroclimat\u00f3logo y acad\u00e9mico del Centro de Investigaci\u00f3n y Transferencia en Riego y Agroclimatolog\u00eda (CITRA).\u00a0<\/a><\/p><\/div><div><p>\u00a0<\/p><p><b>CNN CHILE\u00a0<\/b>\u00a0<\/p><\/div><div><p><a href=\"https:\/\/www.litoralpress.cl\/sitio\/RadioTV_Detalles.cshtml?LPKey=6JZNAUR6AJYTQNNVEEYTWX7AM65N3PUZNM3GTDMOD4IMCJDKLILEVRB3EPJGW3JUUMLUQQYEJ7DVI\">La navidad m\u00e1s calurosa de los \u00faltimos 50 a\u00f1os. Se refiere Patricio Gonz\u00e1lez Colville, agroclimat\u00f3logo\u00a0y acad\u00e9mico del Centro de Investigaci\u00f3n y Transferencia en Riego y Agroclimatolog\u00eda\u00a0(CITRA).\u00a0<\/a><\/p><p>\u00a0<\/p><\/div><div><p><b>ANTOFAGASTA TELEVISI\u00d3N\u00a0<\/b>\u00a0<\/p><\/div><div><p><a href=\"https:\/\/www.litoralpress.cl\/sitio\/RadioTV_Detalles.cshtml?LPKey=QBGR3IDTSHDDMRDIJGBJ4Q7D3XMNL6QTS5SKLXYAOM56SK3IQGEJMRFILKIICQMTZSRGURZPYE7HG\">Calor extremo en navidad. Se refiere Patricio Gonz\u00e1lez Colville, agroclimat\u00f3logo y acad\u00e9mico del Centro de Investigaci\u00f3n y Transferencia en Riego y Agroclimatolog\u00eda (CITRA).\u00a0<\/a><\/p><\/div><div>\u00a0<\/div><div><p><b>G5 NOTICIA\u00a0<\/b>\u00a0<\/p><\/div><div><p><a href=\"https:\/\/g5noticias.cl\/2023\/12\/27\/economista-estima-que-crecimiento-de-chile-el-2024-sera-relativamente-bajo\/\">Economista estima que crecimiento de Chile el 2024 ser\u00e1 relativamente bajo. Se refiere Juan Andr\u00e9s Riquelme Won, acad\u00e9mico de la Facultad de Econom\u00eda y Negocios.\u00a0<\/a><\/p><p>\u00a0<\/p><\/div><div><p><b>AD PRENSA\u00a0<\/b>\u00a0<\/p><\/div><div><p><a href=\"https:\/\/www.adprensa.cl\/cronica\/economista-estima-que-crecimiento-de-chile-el-2024-sera-relativamente-bajo\/\">Economista estima que crecimiento de Chile el 2024 ser\u00e1 relativamente bajo. Se refiere Juan Andr\u00e9s Riquelme Won, acad\u00e9mico de la Facultad de Econom\u00eda y Negocios.<\/a><\/p><p>\u00a0<\/p><\/div><div><p><b>RADIO ADN\u00a0<\/b>\u00a0<\/p><div><p><a href=\"https:\/\/www.adnradio.cl\/2023\/12\/27\/presidente-boric-firma-nuevos-estatutos-legales-de-13-universidades-estatales\/\">Presidente\u00a0Boric\u00a0firma nuevos estatutos legales de 13 universidades estatales. Se menciona la Universidad de Talca.\u00a0<\/a><\/p><p>\u00a0<\/p><\/div><div><b>RADIO BIO-BIO \u00a0<\/b><\/div><\/div><div><p><a href=\"https:\/\/www.biobiochile.cl\/noticias\/nacional\/chile\/2023\/12\/27\/nos-demoramos-pero-llegamos-boric-firma-decreto-para-que-universidades-estatales-cambien-estatutos.shtml\">&#8220;Nos demoramos, pero llegamos&#8221;: Boric firma decreto para que universidades estatales cambien estatutos. Se menciona la Universidad de Talca.<\/a><\/p><\/div><div><p>\u00a0<\/p><p><b>EL SIGLO<\/b>\u00a0<\/p><\/div><div><p><a href=\"https:\/\/elsiglo.cl\/trece-universidades-pasan-a-tener-estatutos-establecidos-en-democracia\/\">Trece universidades pasan a tener estatutos establecidos en democracia. Se menciona la Universidad de Talca.\u00a0<\/a><\/p><\/div><div><p>\u00a0<\/p><\/div><div><div><p><b>EL DESCONCIERTO\u00a0<\/b>\u00a0<\/p><\/div><div><p><a href=\"https:\/\/www.eldesconcierto.cl\/nacional\/2023\/12\/27\/presidente-boric-firmo-nuevos-estatutos-legales-para-13-universidades-estatales-revisalos-aqui.html\">Presidente\u00a0Boric\u00a0firm\u00f3 nuevos estatutos legales de universidades estatales: Rev\u00edsalos aqu\u00ed. Se menciona la Universidad de Talca.\u00a0<\/a><\/p><\/div><div><b>\u00a0<\/b><\/div><p><b>RADIO AMIGA\u00a0<\/b>\u00a0<\/p><\/div><div><p><a href=\"https:\/\/www.radioamigavallenar.cl\/?p=77854\">&#8220;Nos demoramos, pero llegamos&#8221;: Boric\u00a0firma decreto para que universidades estatales cambien estatutos. Se menciona la Universidad de Talca.\u00a0<\/a><\/p><\/div><div>\u00a0<\/div><div><p><b>PRENSA PRESIDENCIA<\/b>\u00a0\u00a0<\/p><\/div><div><p><a href=\"https:\/\/prensa.presidencia.cl\/comunicado.aspx?id=278568\">Presidente\u00a0de la Rep\u00fablica Gabriel Boric\u00a0Font firma estatutos de Universidades Estatales. Se menciona la Universidad de Talca.\u00a0<\/a><\/p><p>\u00a0<\/p><p><b style=\"font-style: inherit;\">EL QUELLONINO <\/b><span style=\"font-size: 16px;\">\u00a0<\/span><\/p><\/div><div><p><a href=\"https:\/\/www.elquellonino.cl\/categoria\/nacional\/presidente-boric-firma-decreto-universidades-estatales-cambien-estatutos\">Presidente\u00a0Boric\u00a0ordena cambio estatutos en universidades estatales. Se menciona la Universidad de Talca.\u00a0<\/a><\/p><\/div><div><p>\u00a0<\/p><p><b>THEMATELEVISION\u00a0<\/b>\u00a0<\/p><\/div><div><p><a href=\"https:\/\/www.thematelevision.cl\/nacional\/presidente-boric-firma-decreto-universidades-estatales-cambien-estatutos\">Presidente\u00a0Boric\u00a0firma decreto para que universidades estatales cambien estatutos. Se menciona la Universidad de Talca.\u00a0<\/a><\/p><p>\u00a0<\/p><\/div><div><p><b>RADIO PAULINA\u00a0<\/b>\u00a0<\/p><\/div><div><p><a href=\"https:\/\/radiopaulina.cl\/index.php\/2023\/12\/27\/presidente-gabriel-boric-firma-estatutos-de-universidades-estatales-para-fortalecer-la-educacion-superior-en-regiones\/\">Presidente Gabriel Boric firma estatutos de Universidades Estatales para fortalecer la educaci\u00f3n superior en regiones. Se menciona la Universidad de Talca.\u00a0<\/a><\/p><p>\u00a0<\/p><\/div><div><p><b>GOBIERNO DE CHILE<\/b>\u00a0<\/p><\/div><div><p><a href=\"https:\/\/www.gob.cl\/noticias\/presidente-firma-los-nuevos-estatutos-de-universidades-estatales\/\">Presidente firma los nuevos estatutos de universidades estatales. Se menciona la Universidad de Talca. <\/a><\/p><\/div><div>\u00a0<\/div><div><p><b>AD PRENSA\u00a0<\/b>\u00a0<\/p><\/div><div><p><a href=\"https:\/\/www.adprensa.cl\/gobierno\/presidente-de-la-republica-gabriel-boric-font-firma-estatutos-de-universidades-estatales\/\">Presidente\u00a0de la Rep\u00fablica Gabriel Boric\u00a0Font firma estatutos de Universidades Estatales. Se menciona la Universidad de Talca.\u00a0<\/a><\/p><p>\u00a0<\/p><\/div><div><p><b>RADIO ALLEN\u00a0<\/b>\u00a0<\/p><\/div><div><p><a href=\"https:\/\/radioallen.cl\/presidente-boric-firma-estatutos-de-universidades-estatales\/\">Presidente\u00a0Boric\u00a0firma estatutos de Universidades Estatales. Se menciona la Universidad de Talca. \u00a0<\/a><\/p><\/div><div><p>\u00a0<\/p><\/div><div><p><b>G5 NOTICIA<\/b>\u00a0<\/p><\/div><div><p><a href=\"https:\/\/g5noticias.cl\/2023\/12\/27\/presidente-de-la-republica-gabriel-boric-font-firma-estatutos-de-universidades-estatales\/\">Presidente de la Rep\u00fablica Gabriel Boric\u00a0Font firma estatutos de Universidades Estatales. Se menciona la Universidad de Talca.\u00a0<\/a><\/p><\/div><div><p>\u00a0<\/p><\/div><div><div><p><b>RADIO INFINITA\u00a0<\/b>\u00a0<\/p><\/div><div><p><a href=\"https:\/\/www.litoralpress.cl\/sitio\/RadioTV_Detalles.cshtml?LPKey=2L7SFZN7XFBPK3MUAVDTZEUSUX7XXDEBU7E2K2XR4K7IGBMSHQAL7YBYYQJA5X4Y36KMP5QFXFRIS\">Comentario de pol\u00edtica. Se refiere Mauricio Morales, acad\u00e9mico Facultad de Ciencias Jur\u00eddicas y Sociales.\u00a0\u00a0<\/a><\/p><\/div><\/div><\/div><\/div><\/div><div class=\"wnVEW\"><div class=\"DVtfe\">\u00a0<\/div><div class=\"T31hC GNqVo yxtKT allowTextSelection OuGoX\" tabindex=\"-1\" role=\"document\" aria-label=\"Cuerpo del mensaje\"><div dir=\"ltr\"><div><p><b>EMOL\u00a0<\/b>\u00a0<\/p><\/div><div><p><a href=\"https:\/\/www.mediabanco.com\/estudiantes-de-la-universidad-de-talca-ganan-concurso-nacional-de-creacion-de-vinos\/\">\u00bfEn contra de la capitalizaci\u00f3n individual?: La lectura pro reforma\u00a0que el oficialismo hace del 17-D y que enciende el debate. Se refiere Mario Herrera, acad\u00e9mico Facultad de Ciencias Jur\u00eddicas y Sociales.\u00a0<\/a><\/p><p>\u00a0<\/p><\/div><div><p><b>LA NOTICIA ONLINE\u00a0<\/b>\u00a0<\/p><\/div><div><p><a href=\"https:\/\/lanoticiaonline.cl\/agro-trade-2023-reunio-a-mas-de-50-microempresarios-apicolas-y-agricolas-de-cachapoal\/\">Agro Trade\u00a02023 reuni\u00f3 a m\u00e1s de 50 microempresarios ap\u00edcolas y agr\u00edcolas de Cachapoal. Se menciona la Universidad de Talca. \u00a0<\/a><\/p><\/div><div><p>\u00a0<\/p><\/div><div><p><b>IDEALEX<\/b>\u00a0<\/p><\/div><div><p><a href=\"https:\/\/idealex.press\/cuatrecasas-suma-a-nuevo-socio-para-su-area-laboral\/\">Cuatrecasas suma a nuevo socio para su \u00e1rea laboral en Chile. Se menciona la Universidad de Talca.\u00a0<\/a><\/p><\/div><div><p>\u00a0<\/p><\/div><\/div><\/div><\/div>\t\t\t\t\t\t<\/div>\n\t\t\t\t<\/div>\n\t\t\t\t\t<\/div>\n\t\t<\/div>\n\t\t\t\t\t\t\t<\/div>\n\t\t<\/section>\n\t\t\t\t\t\t<\/div>\n\t\t\t\t\t<\/div>\n\t\t","protected":false},"excerpt":{"rendered":"<p>\u00a0 EL MERCURIO\u00a0 El aroma y el sabor del vino tambi\u00e9n sufren los efectos del cambio clim\u00e1tico. Se refiere Yerko Moreno, acad\u00e9mico Facultad de Ciencias Agrarias. \u00a0 RADIO PABLO NERUDA\u00a0\u00a0 Entrevista a Mauricio Veliz Campo, decano de la Facultad de Ciencias de la Educaci\u00f3n \u00a0 RADIO CONDELL\u00a0\u00a0 Entrevista a Ruth Garrido Orrego, acad\u00e9mica Facultad de &hellip;<\/p>\n<p class=\"read-more\"> <a class=\"\" href=\"https:\/\/www.reportedeprensa.utalca.cl\/?p=8895\"> <span class=\"screen-reader-text\">28 de diciembre de 2023<\/span> Read More &raquo;<\/a><\/p>\n","protected":false},"author":1,"featured_media":0,"comment_status":"closed","ping_status":"open","sticky":false,"template":"","format":"standard","meta":{"_monsterinsights_skip_tracking":false,"_monsterinsights_sitenote_active":false,"_monsterinsights_sitenote_note":"","_monsterinsights_sitenote_category":0},"categories":[43],"tags":[],"_links":{"self":[{"href":"https:\/\/www.reportedeprensa.utalca.cl\/index.php?rest_route=\/wp\/v2\/posts\/8895"}],"collection":[{"href":"https:\/\/www.reportedeprensa.utalca.cl\/index.php?rest_route=\/wp\/v2\/posts"}],"about":[{"href":"https:\/\/www.reportedeprensa.utalca.cl\/index.php?rest_route=\/wp\/v2\/types\/post"}],"author":[{"embeddable":true,"href":"https:\/\/www.reportedeprensa.utalca.cl\/index.php?rest_route=\/wp\/v2\/users\/1"}],"replies":[{"embeddable":true,"href":"https:\/\/www.reportedeprensa.utalca.cl\/index.php?rest_route=%2Fwp%2Fv2%2Fcomments&post=8895"}],"version-history":[{"count":4,"href":"https:\/\/www.reportedeprensa.utalca.cl\/index.php?rest_route=\/wp\/v2\/posts\/8895\/revisions"}],"predecessor-version":[{"id":8899,"href":"https:\/\/www.reportedeprensa.utalca.cl\/index.php?rest_route=\/wp\/v2\/posts\/8895\/revisions\/8899"}],"wp:attachment":[{"href":"https:\/\/www.reportedeprensa.utalca.cl\/index.php?rest_route=%2Fwp%2Fv2%2Fmedia&parent=8895"}],"wp:term":[{"taxonomy":"category","embeddable":true,"href":"https:\/\/www.reportedeprensa.utalca.cl\/index.php?rest_route=%2Fwp%2Fv2%2Fcategories&post=8895"},{"taxonomy":"post_tag","embeddable":true,"href":"https:\/\/www.reportedeprensa.utalca.cl\/index.php?rest_route=%2Fwp%2Fv2%2Ftags&post=8895"}],"curies":[{"name":"wp","href":"https:\/\/api.w.org\/{rel}","templated":true}]}}