{"id":8910,"date":"2023-12-29T10:16:22","date_gmt":"2023-12-29T13:16:22","guid":{"rendered":"https:\/\/www.reportedeprensa.utalca.cl\/?p=8910"},"modified":"2023-12-29T10:29:52","modified_gmt":"2023-12-29T13:29:52","slug":"29-de-diciembre-de-2023","status":"publish","type":"post","link":"https:\/\/www.reportedeprensa.utalca.cl\/?p=8910","title":{"rendered":"29 de diciembre de 2023"},"content":{"rendered":"\t\t<div data-elementor-type=\"wp-post\" data-elementor-id=\"8910\" class=\"elementor elementor-8910\" data-elementor-settings=\"[]\">\n\t\t\t\t\t\t\t<div class=\"elementor-section-wrap\">\n\t\t\t\t\t\t\t<section class=\"elementor-section elementor-top-section elementor-element elementor-element-bcea1a8 elementor-section-boxed elementor-section-height-default elementor-section-height-default\" data-id=\"bcea1a8\" data-element_type=\"section\">\n\t\t\t\t\t\t<div class=\"elementor-container elementor-column-gap-default\">\n\t\t\t\t\t<div class=\"elementor-column elementor-col-100 elementor-top-column elementor-element elementor-element-e7183bf\" data-id=\"e7183bf\" data-element_type=\"column\">\n\t\t\t<div class=\"elementor-widget-wrap elementor-element-populated\">\n\t\t\t\t\t\t\t\t<div class=\"elementor-element elementor-element-5ffbb87 elementor-widget elementor-widget-text-editor\" data-id=\"5ffbb87\" data-element_type=\"widget\" data-widget_type=\"text-editor.default\">\n\t\t\t\t<div class=\"elementor-widget-container\">\n\t\t\t\t\t\t\t\t<div class=\"wnVEW\"><div class=\"Yy5or GNqVo yxtKT allowTextSelection OuGoX\" tabindex=\"-1\" role=\"document\" aria-label=\"Cuerpo del mensaje\"><div dir=\"ltr\">\u00a0<\/div><\/div><\/div><div class=\"wnVEW\"><div class=\"T31hC GNqVo yxtKT allowTextSelection OuGoX\" tabindex=\"-1\" role=\"document\" aria-label=\"Cuerpo del mensaje\"><div dir=\"ltr\"><div><div class=\"wnVEW\"><div class=\"Yy5or GNqVo yxtKT allowTextSelection OuGoX\" tabindex=\"-1\" role=\"document\" aria-label=\"Cuerpo del mensaje\"><div dir=\"ltr\"><div dir=\"ltr\"><div><p><strong><span lang=\"es-MX\" data-contrast=\"auto\">EL MERCURIO<\/span>\u00a0<\/strong><br aria-hidden=\"true\" \/><a href=\"https:\/\/www.litoralpress.cl\/paginaconsultas\/Servicios_NClipSitioWeb\/Get_Imagen_Nota.aspx?LPKey=U747Y5A4IIXOYEAEGUYROJ6DFPFZF34LYCHZ4N3YXIKDSKNS43F2TSOAPJ5W5UGCUVU4TDRFPP3AU\"><span lang=\"es-MX\" data-contrast=\"auto\">Fundaci\u00f3n\u00a0Collahuasi\u00a0apuesta por formaci\u00f3n de talento minero y suman m\u00e1s de 400 contratados.\u00a0Se refiere\u00a0Yerko\u00a0Cort\u00e9s, acad\u00e9mico de la Facultad de Econom\u00eda y Negocios.<\/span>\u00a0<\/a><br aria-hidden=\"true\" \/><br \/><\/p><\/div><div><p><strong><span lang=\"es-MX\" data-contrast=\"auto\">EL MOSTRADOR<\/span>\u00a0<\/strong><\/p><p><a href=\"https:\/\/www.elmostrador.cl\/revista-jengibre\/gastronomia\/2023\/12\/28\/estudiantes-universitarios-ganan-concurso-nacional-de-creacion-de-vinos\/\"><span lang=\"es-MX\" data-contrast=\"auto\">Estudiantes de la Universidad de Talca ganan concurso nacional de creaci\u00f3n de vinos. Se refiere Gonzalo D\u00edaz Ulloa, decano de la Facultad de Ciencias Agrarias.<\/span>\u00a0<\/a><\/p><p>\u00a0<\/p><\/div><div><p><span lang=\"es-MX\" data-contrast=\"auto\"><strong>EL TIP\u00d3GRAFO\u00a0<\/strong><br aria-hidden=\"true\" \/><a href=\"https:\/\/www.litoralpress.cl\/paginaconsultas\/Servicios_NClipSitioWeb\/Get_Imagen_Nota.aspx?LPKey=IR7IW5IJCDVNT3E2B25RCSADOD7ALHSVDX7PIMOIND2TLAUTN6H4ENHWAGTQCZBPWZCJOTLLK7QAE\">Crean vivienda social sustentable con c\u00e1scara de avellana y pl\u00e1stico reciclado Se refiere Crist\u00f3bal Montalva\u00a0Weisse, acad\u00e9mico de la Facultad de Ingenier\u00eda.\u00a0<\/a><br aria-hidden=\"true\" \/><\/span><\/p><p>\u00a0<\/p><div><p lang=\"es-ES\"><strong><span lang=\"es-MX\" data-contrast=\"auto\">24 HORAS\u00a0<\/span>\u00a0<\/strong><\/p><\/div><div><p lang=\"es-ES\"><a href=\"https:\/\/www.24horas.cl\/actualidad\/nacional\/preven-que-chile-siga-registrando-intenso-calor-este-verano-temperaturas-record\"><span lang=\"es-MX\" data-contrast=\"auto\">Prev\u00e9n que Chile siga registrando intenso calor este verano: &#8220;Superar\u00e1n r\u00e9cords hist\u00f3ricos que hemos tenido en la zona central&#8221;. Se refiere Patricio Gonz\u00e1lez\u00a0Colville,\u00a0agroclimat\u00f3logo\u00a0y acad\u00e9mico del Centro de Investigaci\u00f3n y Transferencia en Riego y\u00a0Agroclimatolog\u00eda\u00a0(CITRA).<\/span><span data-ccp-props=\"{&quot;201341983&quot;:0,&quot;335559739&quot;:160,&quot;335559740&quot;:259}\">\u00a0<\/span><\/a><\/p><\/div><div><p lang=\"es-ES\">\u00a0<\/p><\/div><div><div><p><strong><span lang=\"es-MX\" data-contrast=\"auto\">EL TIP\u00d3GRAFO<\/span>\u00a0<\/strong><br aria-hidden=\"true\" \/><a href=\"https:\/\/www.litoralpress.cl\/paginaconsultas\/Servicios_NClipSitioWeb\/Get_Imagen_Nota.aspx?LPKey=IR7IW5IJCDVNT3E2B25RCSADOD7ALHSVDX7PIMOIND2TLAUTN6H4ENHWAGTQCZBPWZCJOTLLK7QAE\"><span lang=\"es-MX\" data-contrast=\"auto\">Crean vivienda social sustentable con c\u00e1scara de avellana y pl\u00e1stico reciclado Se refiere Crist\u00f3bal Montalva\u00a0Weisse, acad\u00e9mico de la Facultad de Ingenier\u00eda.<\/span>\u00a0<\/a><br aria-hidden=\"true\" \/><br \/><\/p><\/div><div><div><p><strong><span lang=\"es-MX\" data-contrast=\"auto\">PUBLIMETRO<\/span>\u00a0<\/strong><br aria-hidden=\"true\" \/><a href=\"https:\/\/www.publimetro.cl\/noticias\/2023\/12\/28\/que-calor-de-locos-pronostican-temperaturas-historicas-record-para-ciudades-y-el-secano-costero-chileno\/\"><span lang=\"es-MX\" data-contrast=\"auto\">\u00a1Qu\u00e9 calor de locos! Pronostican temperaturas hist\u00f3ricas r\u00e9cord para ciudades y el secano costero. Se refiere Patricio Gonz\u00e1lez\u00a0Colville,\u00a0agroclimat\u00f3logo\u00a0y acad\u00e9mico del Centro de Investigaci\u00f3n y Transferencia en Riego y\u00a0Agroclimatolog\u00eda\u00a0(CITRA).<\/span>\u00a0<\/a><\/p><\/div><div><p><span data-ccp-props=\"{&quot;201341983&quot;:0,&quot;335559739&quot;:160,&quot;335559740&quot;:259}\">\u00a0<\/span><\/p><\/div><div><p><strong><span lang=\"es-MX\" data-contrast=\"auto\">DIARIOS EN RED<\/span>\u00a0<\/strong><br aria-hidden=\"true\" \/><a href=\"https:\/\/diariosenred.com\/regional\/pronostican-temperaturas-historicas-record-para-ciudades-y-el-secano\"><span lang=\"es-MX\" data-contrast=\"auto\">Pronostican temperaturas hist\u00f3ricas r\u00e9cord para ciudades y el secano costero. Se refiere Patricio Gonz\u00e1lez\u00a0Colville,\u00a0agroclimat\u00f3logo\u00a0y acad\u00e9mico del Centro de Investigaci\u00f3n y Transferencia en Riego y\u00a0Agroclimatolog\u00eda\u00a0(CITRA).<\/span>\u00a0<\/a><br aria-hidden=\"true\" \/><br \/><\/p><\/div><div><p><strong><span lang=\"es-MX\" data-contrast=\"auto\">MEDIABANCO<\/span>\u00a0<\/strong><\/p><\/div><div><p><a href=\"https:\/\/www.mediabanco.com\/pronostican-temperaturas-historicas-record-para-ciudades-y-el-secano-costero\/\"><span lang=\"es-MX\" data-contrast=\"auto\">Pronostican temperaturas hist\u00f3ricas r\u00e9cord para ciudades y el secano costero. Se refiere Patricio Gonz\u00e1lez\u00a0Colville,\u00a0agroclimat\u00f3logo\u00a0y acad\u00e9mico del Centro de Investigaci\u00f3n y Transferencia en Riego y\u00a0Agroclimatolog\u00eda\u00a0(CITRA).<\/span>\u00a0<\/a><\/p><\/div><div><p><span data-ccp-props=\"{&quot;201341983&quot;:0,&quot;335559739&quot;:160,&quot;335559740&quot;:259}\">\u00a0<\/span><\/p><\/div><div><p><strong><span lang=\"es-MX\" data-contrast=\"auto\">EL MAULE INFORMA<\/span>\u00a0<\/strong><br aria-hidden=\"true\" \/><a href=\"https:\/\/elmauleinforma.cl\/pronostican-temperaturas-historicas-record-para-ciudades-y-el-secano-costero\/\"><span lang=\"es-MX\" data-contrast=\"auto\">Pronostican temperaturas hist\u00f3ricas r\u00e9cord para ciudades y el secano costero. Se refiere Patricio Gonz\u00e1lez\u00a0Colville,\u00a0agroclimat\u00f3logo\u00a0y acad\u00e9mico del Centro de Investigaci\u00f3n y Transferencia en Riego y\u00a0Agroclimatolog\u00eda\u00a0(CITRA).<\/span>\u00a0<\/a><\/p><p>\u00a0<\/p><\/div><div><p lang=\"es-ES\"><strong><span lang=\"es-MX\" data-contrast=\"auto\">RADIOS REGIONALES<\/span>\u00a0<\/strong><\/p><\/div><div><p lang=\"es-ES\"><a href=\"https:\/\/radiosregionales.cl\/actualidad\/medio-ambiente\/verano-aseguran-que-capitales-regionales-en-zona-central-tendran-record-de\"><span lang=\"es-MX\" data-contrast=\"auto\">Verano: Aseguran que capitales regionales en zona central tendr\u00e1n r\u00e9cord de temperaturas. Se refiere Patricio Gonz\u00e1lez\u00a0Colville,\u00a0agroclimat\u00f3logo\u00a0y acad\u00e9mico del Centro de Investigaci\u00f3n y Transferencia en Riego y\u00a0Agroclimatolog\u00eda\u00a0(CITRA).<\/span>\u00a0<\/a><\/p><\/div><div><p lang=\"es-ES\">\u00a0<\/p><p lang=\"es-ES\"><strong><span lang=\"es-MX\" data-contrast=\"auto\">RADIO MARAY\u00a0<\/span>\u00a0<\/strong><\/p><\/div><div><p lang=\"es-ES\"><a href=\"https:\/\/www.maray.cl\/preven-intenso-calor-este-verano-en-chile-superaran-records-historicos\/\"><span lang=\"es-MX\" data-contrast=\"auto\">Prev\u00e9n intenso calor este verano en Chile: \u00abSuperar\u00e1n r\u00e9cords hist\u00f3ricos\u00bb. Se refiere Patricio Gonz\u00e1lez\u00a0Colville,\u00a0agroclimat\u00f3logo\u00a0y acad\u00e9mico del Centro de Investigaci\u00f3n y Transferencia en Riego y\u00a0Agroclimatolog\u00eda\u00a0(CITRA).<\/span><span data-ccp-props=\"{&quot;201341983&quot;:0,&quot;335559739&quot;:160,&quot;335559740&quot;:259}\">\u00a0<\/span><\/a><\/p><\/div><div><p lang=\"es-ES\">\u00a0<\/p><\/div><\/div><\/div><div><p><strong><span lang=\"es-MX\" data-contrast=\"auto\">S\u00c9PTIMA P\u00c1GINA NOTICIAS<\/span>\u00a0<\/strong><br aria-hidden=\"true\" \/><a href=\"https:\/\/www.septimapaginanoticias.cl\/pronostican-temperaturas-historicas-record-para-ciudades-y-el-secano-costero\"><span lang=\"es-MX\" data-contrast=\"auto\">Pronostican temperaturas hist\u00f3ricas r\u00e9cord para ciudades y el secano costero. Se refiere Patricio Gonz\u00e1lez\u00a0Colville,\u00a0agroclimat\u00f3logo\u00a0y acad\u00e9mico del Centro de Investigaci\u00f3n y Transferencia en Riego y\u00a0Agroclimatolog\u00eda\u00a0(CITRA).<\/span>\u00a0<\/a><br aria-hidden=\"true\" \/><br \/><\/p><\/div><div><div><p><strong><span lang=\"es-MX\" data-contrast=\"auto\">ARAUCAN\u00cdA NOTICIAS<\/span>\u00a0<\/strong><br aria-hidden=\"true\" \/><a href=\"https:\/\/araucanianoticias.cl\/2023\/48-profesionales-del-agro-fueron-beneficiados-con-beca-de-formacin-en-agricultura-sustentable\/1228250043\"><span lang=\"es-MX\" data-contrast=\"auto\">Pronostican temperaturas hist\u00f3ricas r\u00e9cord para ciudades y el secano costero. Se refiere Patricio Gonz\u00e1lez\u00a0Colville,\u00a0agroclimat\u00f3logo\u00a0y acad\u00e9mico del Centro de Investigaci\u00f3n y Transferencia en Riego y\u00a0Agroclimatolog\u00eda\u00a0(CITRA).<\/span>\u00a0<\/a><br aria-hidden=\"true\" \/><br \/><\/p><\/div><div><p><strong><span lang=\"es-MX\" data-contrast=\"auto\">TVO SAN VICENTE<\/span>\u00a0<\/strong><br aria-hidden=\"true\" \/><a href=\"https:\/\/www.tvosanvicente.cl\/2023\/12\/28\/encuentro-agro-trade-2023-reune-a-mas-de-50-microempresarios-apicolas-y-agricolas-en-cachapoal\/\"><span lang=\"es-MX\" data-contrast=\"auto\">Pronostican temperaturas hist\u00f3ricas r\u00e9cord para ciudades y el secano costero. Se refiere Patricio Gonz\u00e1lez\u00a0Colville,\u00a0agroclimat\u00f3logo\u00a0y acad\u00e9mico del Centro de Investigaci\u00f3n y Transferencia en Riego y\u00a0Agroclimatolog\u00eda\u00a0(CITRA).<\/span>\u00a0<\/a><br aria-hidden=\"true\" \/><br \/><\/p><\/div><div><p><strong><span lang=\"es-MX\" data-contrast=\"auto\">RED AYS\u00c9N<\/span>\u00a0<\/strong><\/p><\/div><p><a style=\"font-size: 16px; background-color: #ffffff;\" href=\"https:\/\/www.redaysen.com\/regional\/pronostican-temperaturas-historicas-record-para-ciudades-y-el-secano\"><span lang=\"es-MX\" data-contrast=\"auto\">Pronostican temperaturas hist\u00f3ricas r\u00e9cord para ciudades y el secano costero. Se refiere Patricio Gonz\u00e1lez\u00a0Colville,\u00a0agroclimat\u00f3logo\u00a0y acad\u00e9mico del Centro de Investigaci\u00f3n y Transferencia en Riego y\u00a0Agroclimatolog\u00eda\u00a0(CITRA).<\/span><\/a><span style=\"font-size: 16px;\">\u00a0<\/span><\/p><\/div><div><p>\u00a0<\/p><\/div><div><p><strong><span lang=\"es-MX\" data-contrast=\"auto\">RED \u00d1UBLE<\/span>\u00a0<\/strong><br aria-hidden=\"true\" \/><a href=\"https:\/\/www.rednuble.com\/regional\/pronostican-temperaturas-historicas-record-para-ciudades-y-el-secano\"><span lang=\"es-MX\" data-contrast=\"auto\">Pronostican temperaturas hist\u00f3ricas r\u00e9cord para ciudades y el secano costero. Se refiere Patricio Gonz\u00e1lez\u00a0Colville,\u00a0agroclimat\u00f3logo\u00a0y acad\u00e9mico del Centro de Investigaci\u00f3n y Transferencia en Riego y\u00a0Agroclimatolog\u00eda\u00a0(CITRA).<\/span>\u00a0<\/a><br aria-hidden=\"true\" \/><br \/><\/p><\/div><div><p><strong><span lang=\"es-MX\" data-contrast=\"auto\">RED LOS LAGOS<\/span>\u00a0<\/strong><br aria-hidden=\"true\" \/><a href=\"https:\/\/redloslagos.com\/regional\/pronostican-temperaturas-historicas-record-para-ciudades-y-el-secano\"><span lang=\"es-MX\" data-contrast=\"auto\">Pronostican temperaturas hist\u00f3ricas r\u00e9cord para ciudades y el secano costero. Se refiere Patricio Gonz\u00e1lez\u00a0Colville,\u00a0agroclimat\u00f3logo\u00a0y acad\u00e9mico del Centro de Investigaci\u00f3n y Transferencia en Riego y\u00a0Agroclimatolog\u00eda\u00a0(CITRA).\u00a0<\/span>\u00a0<\/a><br aria-hidden=\"true\" \/><br \/><\/p><\/div><div><p><strong><span lang=\"es-MX\" data-contrast=\"auto\">RED ANTOFAGASTA<\/span>\u00a0<\/strong><\/p><\/div><div><p><a href=\"https:\/\/redantofagasta.com\/regional\/pronostican-temperaturas-historicas-record-para-ciudades-y-el-secano\"><span lang=\"es-MX\" data-contrast=\"auto\">Pronostican temperaturas hist\u00f3ricas r\u00e9cord para ciudades y el secano costero. Se refiere Patricio Gonz\u00e1lez\u00a0Colville,\u00a0agroclimat\u00f3logo\u00a0y acad\u00e9mico del Centro de Investigaci\u00f3n y Transferencia en Riego y\u00a0Agroclimatolog\u00eda\u00a0(CITRA).<\/span>\u00a0<\/a><br aria-hidden=\"true\" \/><span style=\"font-size: 16px;\">\u00a0<\/span><\/p><\/div><div><p><strong><span lang=\"es-MX\" data-contrast=\"auto\">RED ATACAMA<\/span>\u00a0<\/strong><br aria-hidden=\"true\" \/><a href=\"https:\/\/www.redatacama.com\/regional\/pronostican-temperaturas-historicas-record-para-ciudades-y-el-secano\"><span lang=\"es-MX\" data-contrast=\"auto\">Pronostican temperaturas hist\u00f3ricas r\u00e9cord para ciudades y el secano costero. Se refiere Patricio Gonz\u00e1lez\u00a0Colville,\u00a0agroclimat\u00f3logo\u00a0y acad\u00e9mico del Centro de Investigaci\u00f3n y Transferencia en Riego y\u00a0Agroclimatolog\u00eda\u00a0(CITRA).<\/span>\u00a0<\/a><br aria-hidden=\"true\" \/><br \/><\/p><\/div><div><p><strong><span lang=\"es-MX\" data-contrast=\"auto\">RED ARICA<\/span>\u00a0<\/strong><br aria-hidden=\"true\" \/><a href=\"https:\/\/www.redarica.com\/regional\/pronostican-temperaturas-historicas-record-para-ciudades-y-el-secano\"><span lang=\"es-MX\" data-contrast=\"auto\">Pronostican temperaturas hist\u00f3ricas r\u00e9cord para ciudades y el secano costero. Se refiere Patricio Gonz\u00e1lez\u00a0Colville,\u00a0agroclimat\u00f3logo\u00a0y acad\u00e9mico del Centro de Investigaci\u00f3n y Transferencia en Riego y\u00a0Agroclimatolog\u00eda\u00a0(CITRA).<\/span>\u00a0<\/a><br aria-hidden=\"true\" \/><br \/><\/p><\/div><p><strong><span lang=\"es-MX\" data-contrast=\"auto\">G5 NOTICIAS<\/span>\u00a0<\/strong><\/p><p><a href=\"https:\/\/g5noticias.cl\/2023\/12\/28\/dirigentas-sociales-y-estudiantes-utalinas-bordaron-obra-alusiva-a-salud-comunitaria\/\"><span lang=\"es-MX\" data-contrast=\"none\"><span data-ccp-charstyle-defn=\"{&quot;ObjectId&quot;:&quot;4f170a40-5934-4d84-b268-a79b6250cf06|11&quot;,&quot;ClassId&quot;:1073872969,&quot;Properties&quot;:[469775450,&quot;markr6cjzc15a&quot;,201340122,&quot;1&quot;,134233614,&quot;true&quot;,469778129,&quot;markr6cjzc15a&quot;,335572020,&quot;1&quot;,469778324,&quot;Default Paragraph Font&quot;]}\" data-ccp-charstyle=\"markr6cjzc15a\">Dirigentas\u202fsociales\u202fy\u202festudiantes\u202f<\/span><span data-ccp-charstyle=\"markr6cjzc15a\">utalinas<\/span><span data-ccp-charstyle=\"markr6cjzc15a\">\u202fbordaron\u202fobra\u202falusiva\u202fa\u202fsalud\u202f<\/span><span data-ccp-charstyle=\"markr6cjzc15a\">comunit<\/span><span data-ccp-charstyle-defn=\"{&quot;ObjectId&quot;:&quot;4f170a40-5934-4d84-b268-a79b6250cf06|21&quot;,&quot;ClassId&quot;:1073872969,&quot;Properties&quot;:[469775450,&quot;markakgzkbsih&quot;,201340122,&quot;1&quot;,134233614,&quot;true&quot;,469778129,&quot;markakgzkbsih&quot;,335572020,&quot;1&quot;,469778324,&quot;Default Paragraph Font&quot;]}\" data-ccp-charstyle=\"markakgzkbsih\">aria.<\/span><\/span><span lang=\"es-MX\" data-contrast=\"auto\">Se\u00a0refiere Viviana Estrada, acad\u00e9mica Facultad de Ciencias de la Salud y Erika Retamal, directora Salud P\u00fablica\u00a0UTalca.<\/span>\u00a0<\/a><\/p><p>\u00a0<\/p><\/div><div><p lang=\"es-ES\"><strong><span lang=\"es-MX\" data-contrast=\"auto\">PORTAL AGRO CHILE<\/span>\u00a0<\/strong><\/p><\/div><div><p lang=\"es-ES\"><a href=\"https:\/\/www.portalagrochile.cl\/2023\/12\/28\/buscan-impulsar-emprendimientos-relacionados-con-la-agricultura-y-la-agroindustria\/\"><span lang=\"es-MX\" data-contrast=\"auto\">Buscan impulsar emprendimientos relacionados con la agricultura y la agroindustria. Se refiere Carlos Sanhueza, jefe del \u00c1rea de Emprendimiento de la Vicerrector\u00eda de Innovaci\u00f3n.<\/span><span data-ccp-props=\"{&quot;201341983&quot;:0,&quot;335559739&quot;:160,&quot;335559740&quot;:259}\">\u00a0<\/span><\/a><\/p><\/div><div><p lang=\"es-ES\"><span data-ccp-props=\"{&quot;201341983&quot;:0,&quot;335559739&quot;:160,&quot;335559740&quot;:259}\">\u00a0<\/span><\/p><\/div><div><p lang=\"es-ES\"><strong><span lang=\"es-MX\" data-contrast=\"auto\">TVN RED MAULE<\/span>\u00a0<\/strong><\/p><\/div><div><p lang=\"es-ES\"><a href=\"https:\/\/www.litoralpress.cl\/sitio\/RadioTV_Detalles.cshtml?LPKey=X4OIM447ZDXTI6HUJMSIESDJEQWSNJ47PYE2VQS2DHIUCWV7BIV4UXBLMK5AX6LUYOGIXQG6TCLPC\"><span lang=\"es-MX\" data-contrast=\"auto\">Complicada situaci\u00f3n est\u00e1n\u00a0viviendo los productores de trigo a ra\u00edz del bajo precio de venta o de compra. Se refiere Roberto Jara, acad\u00e9mico Facultad de Ciencias Agrarias.\u00a0<\/span><span data-ccp-props=\"{&quot;201341983&quot;:0,&quot;335559739&quot;:160,&quot;335559740&quot;:259}\">\u00a0<\/span><\/a><\/p><\/div><div><p lang=\"es-ES\">\u00a0<\/p><\/div><div><p lang=\"es-ES\"><strong><span lang=\"es-MX\" data-contrast=\"auto\">TVN RED MAULE<\/span>\u00a0<\/strong><\/p><\/div><div><p lang=\"es-ES\"><a href=\"https:\/\/www.litoralpress.cl\/sitio\/RadioTV_Detalles.cshtml?LPKey=J2MCMPXWDSDL5HTABEXTJH6YAGFL6EY6XMWCMO6YFAWLTUER4IKTXRC6RPB4KICNVFB5PTCEN653O\"><span lang=\"es-MX\" data-contrast=\"auto\">Informe econ\u00f3mico de la Universidad aut\u00f3noma revela menos empleo en la construcci\u00f3n y m\u00e1s comercio informal. Se refiere Rodrigo\u00a0Saens, acad\u00e9mico Facultad de Econom\u00eda y Negocios.<\/span><span data-ccp-props=\"{&quot;201341983&quot;:0,&quot;335559739&quot;:160,&quot;335559740&quot;:259}\">\u00a0<\/span><\/a><\/p><\/div><div><p lang=\"es-ES\">\u00a0<\/p><p lang=\"es-ES\"><span data-ccp-props=\"{&quot;201341983&quot;:0,&quot;335559739&quot;:160,&quot;335559740&quot;:259}\"><strong><span lang=\"es-MX\" data-contrast=\"auto\">EL MOSTRADOR<\/span>\u00a0<\/strong><br aria-hidden=\"true\" \/><a href=\"https:\/\/www.elmostrador.cl\/mercados\/2023\/12\/28\/economista-estima-que-crecimiento-de-chile-el-2024-sera-relativamente-bajo\/\"><span lang=\"es-MX\" data-contrast=\"auto\">Economista estima que crecimiento de Chile el 2024 ser\u00e1 relativamente bajo.<\/span><span lang=\"es-MX\" data-contrast=\"none\">\u00a0Se refiere Juan Andr\u00e9s Riquelme Won<\/span><span lang=\"es-MX\" data-contrast=\"auto\">, acad\u00e9mico de la Facultad de Econom\u00eda y Negocios.<\/span>\u00a0<\/a><br aria-hidden=\"true\" \/><\/span><\/p><p lang=\"es-ES\"><span data-ccp-props=\"{&quot;201341983&quot;:0,&quot;335559739&quot;:160,&quot;335559740&quot;:259}\">\u00a0<\/span><\/p><\/div><\/div><\/div><\/div><\/div><div class=\"wnVEW\"><div class=\"T31hC GNqVo yxtKT allowTextSelection OuGoX\" tabindex=\"-1\" role=\"document\" aria-label=\"Cuerpo del mensaje\"><div dir=\"ltr\"><div dir=\"ltr\"><div><p lang=\"es-ES\"><strong><span lang=\"es-MX\" data-contrast=\"auto\">EL TIP\u00d3GRAFO<\/span>\u00a0<\/strong><br aria-hidden=\"true\" \/><a href=\"https:\/\/www.litoralpress.cl\/paginaconsultas\/Servicios_NClipSitioWeb\/Get_Imagen_Nota.aspx?LPKey=JV3T6A2Y73P3OHJHRNHBCQRNOQ2N4T2M36CWPK7WOI6BNTRTNFMA4YXFGYQDRCTQKSZ7ADAHUDYJQ\"><span lang=\"es-MX\" data-contrast=\"none\">O\u2019Higgins con un PIB desastroso en tercer trimestre: Es el tercero m\u00e1s malo del pa\u00eds. Se refiere Juan Andr\u00e9s Riquelme Won<\/span><span lang=\"es-MX\" data-contrast=\"auto\">, acad\u00e9mico de la Facultad de Econom\u00eda y Negocios.<\/span>\u00a0<\/a><br aria-hidden=\"true\" \/><br \/><\/p><\/div><div><p><strong><span lang=\"es-MX\" data-contrast=\"auto\">LA PRENSA DE CURIC\u00d3<\/span><\/strong>\u00a0<br aria-hidden=\"true\" \/><a href=\"https:\/\/www.litoralpress.cl\/paginaconsultas\/Servicios_NClipSitioWeb\/Get_Imagen_Nota.aspx?LPKey=SO4FBVVRCGI7T2GTI3Y536ZY2MN5YD7LQRVAG6S25YXW4Y3QYX7YWPCQKFKNRTIFTLOGV3V7B664A\"><span lang=\"es-MX\" data-contrast=\"none\">Experto anticipa crecimiento econ\u00f3mico relativamente bajo.\u00a0Se refiere Juan Andr\u00e9s Riquelme Won<\/span><span lang=\"es-MX\" data-contrast=\"auto\">, acad\u00e9mico de la Facultad de Econom\u00eda y Negocios.<\/span>\u00a0<\/a><br aria-hidden=\"true\" \/><span style=\"font-size: 16px;\">\u00a0<\/span><\/p><\/div><div><p><strong><span lang=\"es-MX\" data-contrast=\"auto\">EL DIARIO DE SANTIAGO<\/span>\u00a0<\/strong><br aria-hidden=\"true\" \/><a href=\"http:\/\/eldiariosantiago.cl\/economista-estima-que-crecimiento-de-chile-el-2024-sera-relativamente-bajo\/\"><span lang=\"es-MX\" data-contrast=\"auto\">Economista estima que crecimiento de Chile el 2024 ser\u00e1 relativamente bajo.\u00a0<\/span><span lang=\"es-MX\" data-contrast=\"none\">Se refiere Juan\u00a0Andr\u00e9s Riquelme Won<\/span><span lang=\"es-MX\" data-contrast=\"auto\">, acad\u00e9mico de la Facultad de Econom\u00eda y Negocios.<\/span>\u00a0<\/a><\/p><\/div><div><p><span data-ccp-props=\"{&quot;201341983&quot;:0,&quot;335559739&quot;:160,&quot;335559740&quot;:259}\">\u00a0<\/span><\/p><\/div><div><p><strong><span lang=\"es-MX\" data-contrast=\"auto\">EL LECTOR<\/span>\u00a0<\/strong><br aria-hidden=\"true\" \/><a href=\"https:\/\/www.litoralpress.cl\/paginaconsultas\/Servicios_NClipSitioWeb\/Get_Imagen_Nota.aspx?LPKey=IZXKALXBCOFATFTT4XYBAUGCS7TOQZIRPAD2X6B37XO7APEFMLTURAOSKUPHZIVOW5FZJM3FGUJBE\"><span lang=\"es-MX\" data-contrast=\"auto\">Economista estima que crecimiento de Chile el 2024 ser\u00e1 relativamente bajo.<\/span><span lang=\"es-MX\" data-contrast=\"none\">\u00a0Se refiere Juan Andr\u00e9s Riquelme Won<\/span><span lang=\"es-MX\" data-contrast=\"auto\">, acad\u00e9mico de la Facultad de Econom\u00eda y Negocios.<\/span>\u00a0<\/a><br aria-hidden=\"true\" \/><br \/><\/p><\/div><div><p><strong><span lang=\"es-MX\" data-contrast=\"auto\">DIARIO TALCA<\/span>\u00a0<\/strong><br aria-hidden=\"true\" \/><a href=\"https:\/\/diariotalca.cl\/anticipan-que-crecimiento-de-chile-el-2024-sera-relativamente-bajo\/\"><span lang=\"es-MX\" data-contrast=\"auto\">Anticipan que crecimiento de Chile el 2024 ser\u00e1 relativamente bajo.<\/span><span lang=\"es-MX\" data-contrast=\"none\">\u00a0Se refiere Juan Andr\u00e9s Riquelme Won<\/span><span lang=\"es-MX\" data-contrast=\"auto\">, acad\u00e9mico de la Facultad de Econom\u00eda y Negocios.<\/span>\u00a0<\/a><br aria-hidden=\"true\" \/><span style=\"font-size: 16px;\">\u00a0<\/span><\/p><\/div><div><p><strong><span lang=\"es-MX\" data-contrast=\"auto\">EL MAULE INFORMA<\/span>\u00a0<\/strong><br aria-hidden=\"true\" \/><a href=\"https:\/\/elmauleinforma.cl\/economista-estima-que-crecimiento-de-chile-el-2024-sera-relativamente-bajo\/\"><span lang=\"es-MX\" data-contrast=\"none\"><span data-ccp-charstyle=\"Strong\">Economista estima que crecimiento de Chile el 2024 ser\u00e1 relativamente bajo<\/span><\/span><span lang=\"es-MX\" data-contrast=\"auto\">.\u00a0<\/span><span lang=\"es-MX\" data-contrast=\"none\">\u00a0Se refiere Juan Andr\u00e9s Riquelme Won<\/span><span lang=\"es-MX\" data-contrast=\"auto\">, acad\u00e9mico de la Facultad de Econom\u00eda y Negocios.<\/span>\u00a0<\/a><br aria-hidden=\"true\" \/><br \/><\/p><\/div><div><p><strong><span lang=\"es-MX\" data-contrast=\"auto\">DIARIO EL HERALDO<\/span>\u00a0<\/strong><br aria-hidden=\"true\" \/><a href=\"https:\/\/www.diarioelheraldo.cl\/noticia\/economista-estima-que-crecimiento-de-chile-el-2024-sera-relativamente-bajo\"><span lang=\"es-MX\" data-contrast=\"auto\">Economista estima que crecimiento de Chile el 2024 ser\u00e1 relativamente bajo.\u00a0<\/span><span lang=\"es-MX\" data-contrast=\"none\">Se refiere Juan Andr\u00e9s Riquelme Won<\/span><span lang=\"es-MX\" data-contrast=\"auto\">, acad\u00e9mico de la Facultad de Econom\u00eda y Negocios.<\/span>\u00a0<\/a><\/p><p>\u00a0<\/p><\/div><div><p><strong><span lang=\"es-MX\" data-contrast=\"auto\">PORTAL INNOVA\u00a0<\/span>\u00a0<\/strong><\/p><\/div><div><p lang=\"es-ES\"><a href=\"https:\/\/portalinnova.cl\/economista-estima-que-crecimiento-de-chile-el-2024-sera-relativamente-bajo\/\"><span lang=\"es-MX\" data-contrast=\"auto\">Economista estima que crecimiento de Chile el 2024 ser\u00e1 relativamente bajo.\u00a0<\/span><span lang=\"es-MX\" data-contrast=\"none\">Se refiere Juan Andr\u00e9s Riquelme Won<\/span><span lang=\"es-MX\" data-contrast=\"auto\">, acad\u00e9mico de la Facultad de Econom\u00eda y Negocios.<\/span>\u00a0<\/a><br aria-hidden=\"true\" \/><span style=\"font-size: 16px;\">\u00a0<\/span><\/p><\/div><div><p><strong><span lang=\"es-MX\" data-contrast=\"auto\">LA TRIBUNA<\/span>\u00a0<\/strong><br aria-hidden=\"true\" \/><a href=\"https:\/\/www.litoralpress.cl\/paginaconsultas\/Servicios_NClipSitioWeb\/Get_Imagen_Nota.aspx?LPKey=IUUQZTFK2I3JRDVZ6KRBVBFFKQ7XBNJMC7NL3XLYQ72SQBNCFHHEK5DESQLNETOBVTTYN6OCIA42O\"><span lang=\"es-MX\" data-contrast=\"auto\">Seguros primarios o secundarios \u00bfQu\u00e9 alternativas tienen los chilenos ante crisis de las\u00a0Isapres?\u00a0<\/span><span lang=\"es-MX\" data-contrast=\"none\">Se refiere Rodrigo\u00a0Saens,\u00a0<\/span><span lang=\"es-MX\" data-contrast=\"auto\">acad\u00e9mico de la Facultad de Econom\u00eda y Negocios.<\/span>\u00a0<\/a><\/p><\/div><div><p><span data-ccp-props=\"{&quot;201341983&quot;:0,&quot;335559739&quot;:160,&quot;335559740&quot;:259}\">\u00a0<\/span><\/p><\/div><div><p><strong><span lang=\"es-MX\" data-contrast=\"auto\">LA TRIBUNA<\/span>\u00a0<\/strong><br aria-hidden=\"true\" \/><a href=\"https:\/\/www.latribuna.cl\/salud\/2023\/12\/28\/seguros-primarios-o-secundarios-que-alternativas-tienen-los-chilenos-ante-crisis-de-las-isapres.html\"><span lang=\"es-MX\" data-contrast=\"auto\">Seguros primarios o secundarios \u00bfQu\u00e9 alternativas tienen los chilenos ante crisis de las\u00a0Isapres?\u00a0<\/span><span lang=\"es-MX\" data-contrast=\"none\">Se refiere Rodrigo\u00a0Saens,\u00a0<\/span><span lang=\"es-MX\" data-contrast=\"auto\">acad\u00e9mico de la Facultad de Econom\u00eda y Negocios.<\/span>\u00a0<\/a><br aria-hidden=\"true\" \/><br \/><\/p><\/div><div><p lang=\"es-ES\"><strong><span lang=\"es-MX\" data-contrast=\"auto\">TVO SAN VICENTE\u00a0<\/span>\u00a0<\/strong><\/p><\/div><div><p lang=\"es-ES\"><a href=\"https:\/\/www.tvosanvicente.cl\/2023\/12\/28\/encuentro-agro-trade-2023-reune-a-mas-de-50-microempresarios-apicolas-y-agricolas-en-cachapoal\/\"><span lang=\"es-MX\" data-contrast=\"auto\">Encuentro Agro\u00a0Trade\u00a02023 re\u00fane a m\u00e1s de 50 microempresarios ap\u00edcolas y agr\u00edcolas en Cachapoal.\u00a0Se menciona la Universidad de Talca.\u00a0<\/span><span data-ccp-props=\"{&quot;201341983&quot;:0,&quot;335559739&quot;:160,&quot;335559740&quot;:259}\">\u00a0<\/span><\/a><\/p><\/div><div><p lang=\"es-ES\">\u00a0<\/p><\/div><div><p lang=\"es-ES\"><strong><span lang=\"es-MX\" data-contrast=\"auto\">RADIO ANCOA\u00a0<\/span>\u00a0<\/strong><\/p><\/div><div><p lang=\"es-ES\"><a href=\"https:\/\/www.radioancoa.cl\/categoria\/regional\/ano-importante-envejecimiento-digno-activo-saludable-personas-mayores\"><span lang=\"es-MX\" data-contrast=\"auto\">2023: Un a\u00f1o importante en el envejecimiento digno, activo y saludable de las personas mayores. Se menciona la Universidad de Talca.\u00a0<\/span><span data-ccp-props=\"{&quot;201341983&quot;:0,&quot;335559739&quot;:160,&quot;335559740&quot;:259}\">\u00a0<\/span><\/a><\/p><\/div><div><p lang=\"es-ES\"><span data-ccp-props=\"{&quot;201341983&quot;:0,&quot;335559739&quot;:160,&quot;335559740&quot;:259}\">\u00a0<\/span><\/p><\/div><div><p lang=\"es-ES\"><strong><span lang=\"es-MX\" data-contrast=\"auto\">EL SIGLO\u00a0<\/span>\u00a0<\/strong><\/p><\/div><div><p lang=\"es-ES\"><a href=\"https:\/\/www.litoralpress.cl\/sitio\/MediosOnline_Detalles.cshtml?LPKey=I4PHIJZKPOUQK3SIK77H7HRWLEY5N45R5QHIGKOOSSPATPGIHKBITBOGNJGURO2KBMQVRC5H2FSZI\"><span lang=\"es-MX\" data-contrast=\"auto\">Trece universidades pasan a tener estatutos establecidos en democracia.\u00a0Se menciona a la Universidad de Talca.<\/span>\u00a0<\/a><\/p><p lang=\"es-ES\">\u00a0<\/p><\/div><div><p lang=\"es-ES\"><strong><span lang=\"es-MX\" data-contrast=\"auto\">ANTOFAGASTA TELEVISI\u00d3N\u00a0<\/span>\u00a0<\/strong><\/p><\/div><div><p lang=\"es-ES\"><a href=\"https:\/\/www.litoralpress.cl\/sitio\/RadioTV_Detalles.cshtml?LPKey=L5TLA5BV76V2EFE7NUSEWBH6WJM7QDGOUC542ERABLJHTEMZD52FOJKFON5LZKL7PI44GTSP6C4EM\"><span lang=\"es-MX\" data-contrast=\"auto\">Presidente Gabriel\u00a0Boric\u00a0firm\u00f3 el decreto para que las universidades estatales cambien sus estatutos.\u00a0<\/span><span lang=\"es-MX\" data-contrast=\"auto\">Se menciona a la Universidad de Talca.<\/span>\u00a0<\/a><\/p><p lang=\"es-ES\">\u00a0<\/p><\/div><div><p><strong><span lang=\"es-MX\" data-contrast=\"auto\">EL PORTAL DE AYS\u00c9N\u00a0<\/span>\u00a0<\/strong><br aria-hidden=\"true\" \/><a href=\"https:\/\/elportaldeaysen.cl\/nacional\/presidente-boric-firmo-estatutos-de-universidades-estatales\/\"><span lang=\"es-MX\" data-contrast=\"auto\">Presidente\u00a0Boric\u00a0firm\u00f3 estatutos de Universidades Estatales. Se menciona a la Universidad de Talca.<\/span>\u00a0<\/a><br aria-hidden=\"true\" \/><br \/><\/p><\/div><div><p><strong><span lang=\"es-MX\" data-contrast=\"auto\">LA REGI\u00d3N HOY<\/span>\u00a0<\/strong><br aria-hidden=\"true\" \/><a href=\"https:\/\/laregionhoy.cl\/2023\/12\/28\/presidente-gabriel-boric-promulgo-estatutos-de-universidades-estatales-elaborados-en-democracia\/\"><span lang=\"es-MX\" data-contrast=\"auto\">Presidente Gabriel\u00a0Boric\u00a0promulg\u00f3 estatutos de universidades estatales elaborados en democracia. Se menciona\u00a0la\u00a0Universidad de Talca.<\/span>\u00a0<\/a><br aria-hidden=\"true\" \/><br \/><\/p><\/div><div><p><strong><span lang=\"es-MX\" data-contrast=\"auto\">EL MARTUTINO<\/span>\u00a0<\/strong><br aria-hidden=\"true\" \/><a href=\"https:\/\/www.elmartutino.cl\/noticia\/educacion\/presidente-gabriel-boric-promulgo-estatutos-de-universidades-estatales-elaborados-\"><span lang=\"es-MX\" data-contrast=\"auto\">Presidente Gabriel\u00a0Boric\u00a0promulg\u00f3 estatutos de universidades estatales elaborados en democracia. Se menciona la Universidad de Talca.<\/span>\u00a0<\/a><\/p><p>\u00a0<\/p><\/div><div><p><strong><span lang=\"es-MX\" data-contrast=\"auto\">RADIO FESTIVAL\u00a0<\/span>\u00a0<\/strong><\/p><\/div><div><p lang=\"es-ES\"><a href=\"https:\/\/www.radiofestival.cl\/presidente-gabriel-boric-promulgo-estatutos-de-universidades-estatales-elaborados-en-democracia\/\"><span lang=\"es-MX\" data-contrast=\"auto\">Presidente Gabriel\u00a0Boric\u00a0promulg\u00f3 estatutos de universidades estatales elaborados en democracia.\u00a0Se menciona la Universidad de Talca.<\/span><span data-ccp-props=\"{&quot;201341983&quot;:0,&quot;335559739&quot;:160,&quot;335559740&quot;:259}\">\u00a0<\/span><\/a><\/p><\/div><div><p lang=\"es-ES\"><span lang=\"es-MX\" data-contrast=\"auto\">\u00a0<\/span><span data-ccp-props=\"{&quot;201341983&quot;:0,&quot;335559739&quot;:160,&quot;335559740&quot;:259}\">\u00a0<\/span><\/p><\/div><div><p lang=\"es-ES\"><strong><span lang=\"es-MX\" data-contrast=\"auto\">DIARIO LA QUINTA<\/span>\u00a0<\/strong><\/p><\/div><div><p lang=\"es-ES\"><a href=\"https:\/\/diariolaquinta.cl\/2023\/12\/28\/presidente-gabriel-boric-promulgo-estatutos-de-universidades-estatales-elaborados-en-democracia\/\"><span lang=\"es-MX\" data-contrast=\"auto\">Presidente Gabriel\u00a0Boric\u00a0promulg\u00f3 estatutos de universidades estatales elaborados en democracia. Se menciona la Universidad de Talca.<\/span><span data-ccp-props=\"{&quot;201341983&quot;:0,&quot;335559739&quot;:160,&quot;335559740&quot;:259}\">\u00a0<\/span><\/a><\/p><\/div><div><p lang=\"es-ES\">\u00a0<\/p><\/div><div><p><strong><span lang=\"es-MX\" data-contrast=\"auto\">EMOL<\/span>\u00a0<\/strong><br aria-hidden=\"true\" \/><a href=\"https:\/\/www.emol.com\/noticias\/Nacional\/2023\/12\/28\/1116998\/expertos-directora-comunicaciones-boric-medios.html\"><span lang=\"es-MX\" data-contrast=\"auto\">\u00bfCambio de tono?: Expertos aquilatan la salida de\u00a0Klima\u00a0y el presunto impacto de la relaci\u00f3n de\u00a0Boric\u00a0con los medios.\u00a0Se refiere Mauricio Morales, acad\u00e9mico Facultad de Ciencias Jur\u00eddicas y Sociales.<\/span>\u00a0<\/a><\/p><p>\u00a0<\/p><\/div><div><p lang=\"es-ES\"><strong><span lang=\"es-MX\" data-contrast=\"auto\">MEGANOTICIAS<\/span>\u00a0<\/strong><\/p><\/div><div><p lang=\"es-ES\"><a href=\"https:\/\/www.litoralpress.cl\/sitio\/RadioTV_Detalles.cshtml?LPKey=BIGX6PAUMN2FTR7SWUKPZCAON5S5FFM7ES4GXEEFEUI7Q34VJ55NFEXDXYVJW5EARSZ522WEE2BZ6\"><span lang=\"es-MX\" data-contrast=\"auto\">SERVEL pide disoluci\u00f3n del partido Comunes. Se refiere Mauricio Morales, acad\u00e9mico Facultad de Ciencias Jur\u00eddicas y Sociales.<\/span><span data-ccp-props=\"{&quot;201341983&quot;:0,&quot;335559739&quot;:160,&quot;335559740&quot;:259}\">\u00a0<\/span><\/a><\/p><\/div><div><p lang=\"es-ES\">\u00a0<\/p><\/div><div><p lang=\"es-ES\"><strong><span lang=\"es-MX\" data-contrast=\"auto\">EL D\u00cdNAMO\u00a0<\/span>\u00a0<\/strong><\/p><\/div><div><p lang=\"es-ES\"><a href=\"https:\/\/www.eldinamo.cl\/pais\/2023\/12\/28\/mirada-al-2023-cinco-personajes-influyentes-que-marcaron-el-ano\/\"><span lang=\"es-MX\" data-contrast=\"auto\">Mirada al 2023: Cinco personajes influyentes que marcaron el a\u00f1o. Se refiere Mauricio Morales, acad\u00e9mico Facultad de Ciencias Jur\u00eddicas y Sociales.<\/span><span data-ccp-props=\"{&quot;201341983&quot;:0,&quot;335559739&quot;:160,&quot;335559740&quot;:259}\">\u00a0<\/span><\/a><\/p><\/div><div><p lang=\"es-ES\">\u00a0<\/p><\/div><div><p lang=\"es-ES\"><strong><span lang=\"es-MX\" data-contrast=\"auto\">INSULAR FM<\/span>\u00a0<\/strong><\/p><\/div><div><p lang=\"es-ES\"><a href=\"https:\/\/www.insularfm.cl\/?p=31012\"><span lang=\"es-MX\" data-contrast=\"auto\">Cinco personajes influyentes que marcaron el a\u00f1o. Se refiere Mauricio Morales, acad\u00e9mico Facultad de Ciencias Jur\u00eddicas y Sociales.<\/span><span data-ccp-props=\"{&quot;201341983&quot;:0,&quot;335559739&quot;:160,&quot;335559740&quot;:259}\">\u00a0<\/span><\/a><\/p><\/div><div><p lang=\"es-ES\">\u00a0<\/p><\/div><div><p><strong><span lang=\"es-MX\" data-contrast=\"auto\">RADIO INFINITA\u00a0<\/span>\u00a0<\/strong><\/p><\/div><div><p><a href=\"https:\/\/www.litoralpress.cl\/sitio\/RadioTV_Detalles.cshtml?LPKey=KIQI4YXUTE7YKYRJP7SQZ2QL5RDZGMBFNGUJTQWGVG3BBEDTG2S5UMLCDVTGPZELWKDXBKY6V7M3A\"><span lang=\"en-US\" data-contrast=\"auto\">Comentario\u00a0de\u00a0pol\u00edtica\u00a0de Mauricio Morales,\u00a0<\/span><span lang=\"es-ES\" data-contrast=\"none\">acad\u00e9mico Facultad de Ciencias Jur\u00eddicas y Sociales.<\/span><span data-ccp-props=\"{&quot;201341983&quot;:0,&quot;335559739&quot;:160,&quot;335559740&quot;:259}\">\u00a0<\/span><\/a><\/p><\/div><div><p lang=\"es-ES\">\u00a0<\/p><\/div><\/div><\/div><\/div><\/div><\/div><div>\u00a0<\/div><\/div><\/div><\/div>\t\t\t\t\t\t<\/div>\n\t\t\t\t<\/div>\n\t\t\t\t\t<\/div>\n\t\t<\/div>\n\t\t\t\t\t\t\t<\/div>\n\t\t<\/section>\n\t\t\t\t\t\t<\/div>\n\t\t\t\t\t<\/div>\n\t\t","protected":false},"excerpt":{"rendered":"<p>\u00a0 EL MERCURIO\u00a0Fundaci\u00f3n\u00a0Collahuasi\u00a0apuesta por formaci\u00f3n de talento minero y suman m\u00e1s de 400 contratados.\u00a0Se refiere\u00a0Yerko\u00a0Cort\u00e9s, acad\u00e9mico de la Facultad de Econom\u00eda y Negocios.\u00a0 EL MOSTRADOR\u00a0 Estudiantes de la Universidad de Talca ganan concurso nacional de creaci\u00f3n de vinos. Se refiere Gonzalo D\u00edaz Ulloa, decano de la Facultad de Ciencias Agrarias.\u00a0 \u00a0 EL TIP\u00d3GRAFO\u00a0Crean vivienda social &hellip;<\/p>\n<p class=\"read-more\"> <a class=\"\" href=\"https:\/\/www.reportedeprensa.utalca.cl\/?p=8910\"> <span class=\"screen-reader-text\">29 de diciembre de 2023<\/span> Read More &raquo;<\/a><\/p>\n","protected":false},"author":1,"featured_media":0,"comment_status":"closed","ping_status":"open","sticky":false,"template":"","format":"standard","meta":{"_monsterinsights_skip_tracking":false,"_monsterinsights_sitenote_active":false,"_monsterinsights_sitenote_note":"","_monsterinsights_sitenote_category":0},"categories":[43],"tags":[],"_links":{"self":[{"href":"https:\/\/www.reportedeprensa.utalca.cl\/index.php?rest_route=\/wp\/v2\/posts\/8910"}],"collection":[{"href":"https:\/\/www.reportedeprensa.utalca.cl\/index.php?rest_route=\/wp\/v2\/posts"}],"about":[{"href":"https:\/\/www.reportedeprensa.utalca.cl\/index.php?rest_route=\/wp\/v2\/types\/post"}],"author":[{"embeddable":true,"href":"https:\/\/www.reportedeprensa.utalca.cl\/index.php?rest_route=\/wp\/v2\/users\/1"}],"replies":[{"embeddable":true,"href":"https:\/\/www.reportedeprensa.utalca.cl\/index.php?rest_route=%2Fwp%2Fv2%2Fcomments&post=8910"}],"version-history":[{"count":4,"href":"https:\/\/www.reportedeprensa.utalca.cl\/index.php?rest_route=\/wp\/v2\/posts\/8910\/revisions"}],"predecessor-version":[{"id":8914,"href":"https:\/\/www.reportedeprensa.utalca.cl\/index.php?rest_route=\/wp\/v2\/posts\/8910\/revisions\/8914"}],"wp:attachment":[{"href":"https:\/\/www.reportedeprensa.utalca.cl\/index.php?rest_route=%2Fwp%2Fv2%2Fmedia&parent=8910"}],"wp:term":[{"taxonomy":"category","embeddable":true,"href":"https:\/\/www.reportedeprensa.utalca.cl\/index.php?rest_route=%2Fwp%2Fv2%2Fcategories&post=8910"},{"taxonomy":"post_tag","embeddable":true,"href":"https:\/\/www.reportedeprensa.utalca.cl\/index.php?rest_route=%2Fwp%2Fv2%2Ftags&post=8910"}],"curies":[{"name":"wp","href":"https:\/\/api.w.org\/{rel}","templated":true}]}}