{"id":8923,"date":"2024-01-02T11:00:29","date_gmt":"2024-01-02T14:00:29","guid":{"rendered":"https:\/\/www.reportedeprensa.utalca.cl\/?p=8923"},"modified":"2024-01-02T11:29:28","modified_gmt":"2024-01-02T14:29:28","slug":"02-de-enero-de-2024","status":"publish","type":"post","link":"https:\/\/www.reportedeprensa.utalca.cl\/?p=8923","title":{"rendered":"02 de enero de 2024"},"content":{"rendered":"\t\t<div data-elementor-type=\"wp-post\" data-elementor-id=\"8923\" class=\"elementor elementor-8923\" data-elementor-settings=\"[]\">\n\t\t\t\t\t\t\t<div class=\"elementor-section-wrap\">\n\t\t\t\t\t\t\t<section class=\"elementor-section elementor-top-section elementor-element elementor-element-bcea1a8 elementor-section-boxed elementor-section-height-default elementor-section-height-default\" data-id=\"bcea1a8\" data-element_type=\"section\">\n\t\t\t\t\t\t<div class=\"elementor-container elementor-column-gap-default\">\n\t\t\t\t\t<div class=\"elementor-column elementor-col-100 elementor-top-column elementor-element elementor-element-e7183bf\" data-id=\"e7183bf\" data-element_type=\"column\">\n\t\t\t<div class=\"elementor-widget-wrap elementor-element-populated\">\n\t\t\t\t\t\t\t\t<div class=\"elementor-element elementor-element-5ffbb87 elementor-widget elementor-widget-text-editor\" data-id=\"5ffbb87\" data-element_type=\"widget\" data-widget_type=\"text-editor.default\">\n\t\t\t\t<div class=\"elementor-widget-container\">\n\t\t\t\t\t\t\t\t<div class=\"wnVEW\"><div class=\"Yy5or GNqVo yxtKT allowTextSelection OuGoX\" tabindex=\"-1\" role=\"document\" aria-label=\"Cuerpo del mensaje\">\u00a0<\/div><\/div><div class=\"wnVEW\"><div class=\"T31hC GNqVo yxtKT allowTextSelection OuGoX\" tabindex=\"-1\" role=\"document\" aria-label=\"Cuerpo del mensaje\"><div dir=\"ltr\"><div class=\"wnVEW\"><div class=\"T31hC GNqVo yxtKT allowTextSelection OuGoX\" tabindex=\"-1\" role=\"document\" aria-label=\"Cuerpo del mensaje\"><div dir=\"ltr\"><div dir=\"ltr\"><p><b><span lang=\"es\">EL MERCURIO\u00a0<\/span><\/b><\/p><p><a href=\"https:\/\/www.litoralpress.cl\/paginaconsultas\/Servicios_NClipSitioWeb\/Get_Imagen_Nota.aspx?LPKey=JUPDFWZNUPEYZXMQ5GJBPPSNG5WTFYTFFZ2RDFDIZARWNOTXESHUXOWCHEU44MY5272FXAHK4N52C\"><span lang=\"es\">En<\/span><span lang=\"es\"> qu\u00e9 pie est\u00e1 Chile para enfrentar las tendencias en sostenibilidad para 2024.\u00a0\u00a0Se refiere Crist\u00f3bal Montalba<\/span><\/a><b><span lang=\"es\"><br aria-hidden=\"true\" \/><\/span><\/b><\/p><p>\u00a0<\/p><p><b><span lang=\"es-MX\">EL MERCURIO<\/span><\/b><span lang=\"es-MX\">\u00a0<br aria-hidden=\"true\" \/><\/span><\/p><p><a href=\"https:\/\/www.litoralpress.cl\/paginaconsultas\/Servicios_NClipSitioWeb\/Get_Imagen_Nota.aspx?LPKey=U747Y5A4IIXOYEAEGUYROJ6DFPFZF34LYCHZ4N3YXIKDSKNS43F2TSOAPJ5W5UGCUVU4TDRFPP3AU\"><span lang=\"es-MX\">Fundaci\u00f3n\u00a0Collahuasi\u00a0apuesta por formaci\u00f3n de talento minero y suman m\u00e1s de 400 contratados.\u00a0Se refiere\u00a0Yerko\u00a0Cort\u00e9s, acad\u00e9mico de la Facultad de Econom\u00eda y Negocios.\u00a0<\/span><\/a><b><span lang=\"en-US\"><br aria-hidden=\"true\" \/><\/span><\/b><\/p><p>\u00a0<\/p><p><b><span lang=\"es-MX\">EL MOSTRADOR<\/span><\/b><span lang=\"es-MX\">\u00a0<\/span><span lang=\"es-MX\">\u00a0<\/span><\/p><p><a href=\"https:\/\/www.elmostrador.cl\/revista-jengibre\/gastronomia\/2023\/12\/28\/estudiantes-universitarios-ganan-concurso-nacional-de-creacion-de-vinos\/\"><span lang=\"es-MX\">Estudiantes de la Universidad de Talca ganan concurso nacional de creaci\u00f3n de vinos. Se refiere Gonzalo D\u00edaz Ulloa, decano de la Facultad de Ciencias Agrarias.\u00a0<\/span><\/a><b><span lang=\"en-US\"><br aria-hidden=\"true\" \/><\/span><\/b><\/p><p>\u00a0<\/p><p><b><span lang=\"es-MX\">EL TIP\u00d3GRAFO<\/span><\/b><span lang=\"es-MX\">\u00a0<br aria-hidden=\"true\" \/><\/span><\/p><p><a href=\"https:\/\/www.litoralpress.cl\/paginaconsultas\/Servicios_NClipSitioWeb\/Get_Imagen_Nota.aspx?LPKey=IR7IW5IJCDVNT3E2B25RCSADOD7ALHSVDX7PIMOIND2TLAUTN6H4ENHWAGTQCZBPWZCJOTLLK7QAE\"><span lang=\"es-MX\">Crean vivienda social sustentable con c\u00e1scara de avellana y pl\u00e1stico reciclado Se refiere Crist\u00f3bal Montalva\u00a0Weisse, acad\u00e9mico de la Facultad de Ingenier\u00eda.\u00a0<\/span><\/a><\/p><p>\u00a0<\/p><p><b><span lang=\"es-MX\">24 HORAS\u00a0<\/span><\/b><span lang=\"es\">\u00a0<\/span><span lang=\"es\">\u00a0<\/span><\/p><p><a href=\"https:\/\/www.24horas.cl\/actualidad\/nacional\/preven-que-chile-siga-registrando-intenso-calor-este-verano-temperaturas-record\"><span lang=\"es-MX\">Prev\u00e9n que Chile siga registrando intenso calor este verano: &#8220;Superar\u00e1n r\u00e9cords hist\u00f3ricos que hemos tenido en la zona central&#8221;. Se refiere Patricio Gonz\u00e1lez\u00a0Colville,\u00a0agroclimat\u00f3logo\u00a0y acad\u00e9mico del Centro de Investigaci\u00f3n y Transferencia en Riego y\u00a0Agroclimatolog\u00eda\u00a0(CITRA).<\/span><span lang=\"es\">\u00a0<\/span><span lang=\"es\">\u00a0<\/span><\/a><\/p><p><span lang=\"es\">\u00a0<\/span><span lang=\"en-US\">\u00a0<\/span><\/p><p><b><span lang=\"es-MX\">PUBLIMETRO<\/span><\/b><span lang=\"es-MX\">\u00a0<br aria-hidden=\"true\" \/><a href=\"https:\/\/www.publimetro.cl\/noticias\/2023\/12\/28\/que-calor-de-locos-pronostican-temperaturas-historicas-record-para-ciudades-y-el-secano-costero-chileno\/\">\u00a1Qu\u00e9 calor de locos! Pronostican temperaturas hist\u00f3ricas r\u00e9cord para ciudades y el secano costero. Se refiere Patricio Gonz\u00e1lez\u00a0Colville,\u00a0agroclimat\u00f3logo\u00a0y acad\u00e9mico del Centro de Investigaci\u00f3n y Transferencia en Riego y\u00a0Agroclimatolog\u00eda\u00a0(CITRA).\u00a0<\/a><\/span><span lang=\"en-US\"><br aria-hidden=\"true\" \/><\/span><span lang=\"en-US\">\u00a0<\/span><span lang=\"en-US\">\u00a0<\/span><\/p><p><b><span lang=\"es-MX\">DIARIOS EN RED<\/span><\/b><span lang=\"es-MX\">\u00a0<br aria-hidden=\"true\" \/><a href=\"https:\/\/diariosenred.com\/regional\/pronostican-temperaturas-historicas-record-para-ciudades-y-el-secano\">Pronostican temperaturas hist\u00f3ricas r\u00e9cord para ciudades y el secano costero. Se refiere Patricio Gonz\u00e1lez\u00a0Colville,\u00a0agroclimat\u00f3logo\u00a0y acad\u00e9mico del Centro de Investigaci\u00f3n y Transferencia en Riego y\u00a0Agroclimatolog\u00eda\u00a0(CITRA).\u00a0<\/a><\/span><span lang=\"en-US\"><br aria-hidden=\"true\" \/><\/span><\/p><p>\u00a0<\/p><p><b><span lang=\"es-MX\">MEDIABANCO<\/span><\/b><span lang=\"es-MX\">\u00a0<\/span><span lang=\"es-MX\">\u00a0<\/span><\/p><p><a href=\"https:\/\/www.mediabanco.com\/pronostican-temperaturas-historicas-record-para-ciudades-y-el-secano-costero\/\"><span lang=\"es-MX\">Pronostican temperaturas hist\u00f3ricas r\u00e9cord para ciudades y el secano costero. Se refiere Patricio Gonz\u00e1lez\u00a0Colville,\u00a0agroclimat\u00f3logo\u00a0y acad\u00e9mico del Centro de Investigaci\u00f3n y Transferencia en Riego y\u00a0Agroclimatolog\u00eda\u00a0(CITRA).\u00a0<\/span><\/a><span lang=\"en-US\"><br aria-hidden=\"true\" \/><\/span><\/p><p>\u00a0<\/p><p><b><span lang=\"es-MX\">EL MAULE INFORMA<\/span><\/b><span lang=\"es-MX\">\u00a0<br aria-hidden=\"true\" \/><\/span><\/p><p><a href=\"https:\/\/elmauleinforma.cl\/pronostican-temperaturas-historicas-record-para-ciudades-y-el-secano-costero\/\"><span lang=\"es-MX\">Pronostican temperaturas hist\u00f3ricas r\u00e9cord para ciudades y el secano costero. Se refiere Patricio Gonz\u00e1lez\u00a0Colville,\u00a0agroclimat\u00f3logo\u00a0y acad\u00e9mico del Centro de Investigaci\u00f3n y Transferencia en Riego y\u00a0Agroclimatolog\u00eda\u00a0(CITRA).\u00a0<\/span><\/a><span lang=\"en-US\"><br aria-hidden=\"true\" \/><\/span><\/p><p>\u00a0<\/p><p><b><span lang=\"es-MX\">RADIOS REGIONALES<\/span><\/b><span lang=\"es\">\u00a0<\/span><span lang=\"es\">\u00a0<\/span><\/p><p><a href=\"https:\/\/radiosregionales.cl\/actualidad\/medio-ambiente\/verano-aseguran-que-capitales-regionales-en-zona-central-tendran-record-de\"><span lang=\"es-MX\">Verano: Aseguran que capitales regionales en zona central tendr\u00e1n r\u00e9cord de temperaturas. Se refiere Patricio Gonz\u00e1lez\u00a0Colville,\u00a0agroclimat\u00f3logo\u00a0y acad\u00e9mico del Centro de Investigaci\u00f3n y Transferencia en Riego y\u00a0Agroclimatolog\u00eda\u00a0(CITRA).<\/span><span lang=\"es\">\u00a0<\/span><span lang=\"es\">\u00a0<\/span><\/a><\/p><p><span lang=\"es\">\u00a0<\/span><\/p><p><b><span lang=\"es-MX\">RADIO MARAY\u00a0<\/span><\/b><span lang=\"es\">\u00a0<\/span><span lang=\"es\">\u00a0<\/span><\/p><p><a href=\"https:\/\/www.maray.cl\/preven-intenso-calor-este-verano-en-chile-superaran-records-historicos\/\"><span lang=\"es-MX\">Prev\u00e9n intenso calor este verano en Chile: \u00abSuperar\u00e1n r\u00e9cords hist\u00f3ricos\u00bb. Se refiere Patricio Gonz\u00e1lez\u00a0Colville,\u00a0agroclimat\u00f3logo\u00a0y acad\u00e9mico del Centro de Investigaci\u00f3n y Transferencia en Riego y\u00a0Agroclimatolog\u00eda\u00a0(CITRA).<\/span><span lang=\"es\">\u00a0<\/span><span lang=\"es\">\u00a0<\/span><\/a><\/p><p><span lang=\"es\">\u00a0<\/span><\/p><p><b><span lang=\"es-MX\">S\u00c9PTIMA P\u00c1GINA NOTICIAS<\/span><\/b><span lang=\"es-MX\">\u00a0<br aria-hidden=\"true\" \/><a href=\"https:\/\/www.septimapaginanoticias.cl\/pronostican-temperaturas-historicas-record-para-ciudades-y-el-secano-costero\">Pronostican temperaturas hist\u00f3ricas r\u00e9cord para ciudades y el secano costero. Se refiere Patricio Gonz\u00e1lez\u00a0Colville,\u00a0agroclimat\u00f3logo\u00a0y acad\u00e9mico del Centro de Investigaci\u00f3n y Transferencia en Riego y\u00a0Agroclimatolog\u00eda\u00a0(CITRA).\u00a0<\/a><br aria-hidden=\"true\" \/><\/span><\/p><p><span lang=\"en-US\">\u00a0<\/span><span lang=\"en-US\">\u00a0<\/span><\/p><p><b><span lang=\"es-MX\">ARAUCAN\u00cdA NOTICIAS<\/span><\/b><span lang=\"es-MX\">\u00a0<br aria-hidden=\"true\" \/><a href=\"https:\/\/araucanianoticias.cl\/2023\/48-profesionales-del-agro-fueron-beneficiados-con-beca-de-formacin-en-agricultura-sustentable\/1228250043\">Pronostican temperaturas hist\u00f3ricas r\u00e9cord para ciudades y el secano costero. Se refiere Patricio Gonz\u00e1lez\u00a0Colville,\u00a0agroclimat\u00f3logo\u00a0y acad\u00e9mico del Centro de Investigaci\u00f3n y Transferencia en Riego y\u00a0Agroclimatolog\u00eda\u00a0(CITRA).\u00a0<\/a><br aria-hidden=\"true\" \/><\/span><span lang=\"en-US\"><br aria-hidden=\"true\" \/><\/span><\/p><p><b><span lang=\"es-MX\">RED \u00d1UBLE<\/span><\/b><span lang=\"es-MX\">\u00a0<br aria-hidden=\"true\" \/><a href=\"https:\/\/www.rednuble.com\/regional\/pronostican-temperaturas-historicas-record-para-ciudades-y-el-secano\">Pronostican temperaturas hist\u00f3ricas r\u00e9cord para ciudades y el secano costero. Se refiere Patricio Gonz\u00e1lez Colville, agroclimat\u00f3logo y acad\u00e9mico del Centro de Investigaci\u00f3n y Transferencia en Riego y Agroclimatolog\u00eda (CITRA).\u00a0<\/a><\/span><span lang=\"en-US\"><br aria-hidden=\"true\" \/><\/span><\/p><p>\u00a0<\/p><p><b><span lang=\"es-MX\">RED ATACAMA<\/span><\/b><span lang=\"es-MX\">\u00a0<br aria-hidden=\"true\" \/><a href=\"https:\/\/www.redatacama.com\/regional\/pronostican-temperaturas-historicas-record-para-ciudades-y-el-secano\">Pronostican temperaturas hist\u00f3ricas r\u00e9cord para ciudades y el secano costero. Se refiere Patricio Gonz\u00e1lez\u00a0Colville,\u00a0agroclimat\u00f3logo\u00a0y acad\u00e9mico del Centro de Investigaci\u00f3n y Transferencia en Riego y\u00a0Agroclimatolog\u00eda\u00a0(CITRA).\u00a0<\/a><br aria-hidden=\"true\" \/><\/span><span lang=\"en-US\"><br aria-hidden=\"true\" \/><\/span><\/p><p><b><span lang=\"es-MX\">RED ARICA<\/span><\/b><span lang=\"es-MX\">\u00a0<br aria-hidden=\"true\" \/><a href=\"https:\/\/www.redarica.com\/regional\/pronostican-temperaturas-historicas-record-para-ciudades-y-el-secano\">Pronostican temperaturas hist\u00f3ricas r\u00e9cord para ciudades y el secano costero. Se refiere Patricio Gonz\u00e1lez\u00a0Colville,\u00a0agroclimat\u00f3logo\u00a0y acad\u00e9mico del Centro de Investigaci\u00f3n y Transferencia en Riego y\u00a0Agroclimatolog\u00eda\u00a0(CITRA).\u00a0<\/a><br aria-hidden=\"true\" \/><\/span><\/p><p>\u00a0<\/p><p><b><span lang=\"es-MX\">G5 NOTICIAS<\/span><\/b><span lang=\"es-MX\">\u00a0<\/span><span lang=\"es-MX\">\u00a0<\/span><\/p><p><a href=\"https:\/\/g5noticias.cl\/2023\/12\/28\/dirigentas-sociales-y-estudiantes-utalinas-bordaron-obra-alusiva-a-salud-comunitaria\/\"><span lang=\"es-MX\">Dirigentas\u202fsociales\u202fy\u202festudiantes\u202futalinas\u202fbordaron\u202fobra\u202falusiva\u202fa\u202fsalud\u202fcomunitaria.\u00a0<\/span><span lang=\"es-MX\">Se\u00a0refiere Viviana Estrada, acad\u00e9mica Facultad de Ciencias de la Salud y Erika Retamal, directora Salud P\u00fablica.\u00a0<\/span><span lang=\"es-MX\">\u00a0<\/span><\/a><\/p><p><span lang=\"es-MX\">\u00a0<\/span><\/p><p><b><span lang=\"es-MX\">EL MOSTRADOR<\/span><\/b><b><span lang=\"es\">\u00a0<br aria-hidden=\"true\" \/><\/span><\/b><a href=\"https:\/\/www.elmostrador.cl\/mercados\/2023\/12\/28\/economista-estima-que-crecimiento-de-chile-el-2024-sera-relativamente-bajo\/\"><span lang=\"es-MX\">Economista estima que crecimiento de Chile el 2024 ser\u00e1 relativamente bajo.<\/span><span lang=\"es-MX\">\u00a0Se refiere Juan Andr\u00e9s Riquelme Won<\/span><span lang=\"es-MX\">, acad\u00e9mico de la Facultad de Econom\u00eda y Negocios.<\/span><\/a><span lang=\"es\"><a href=\"https:\/\/www.elmostrador.cl\/mercados\/2023\/12\/28\/economista-estima-que-crecimiento-de-chile-el-2024-sera-relativamente-bajo\/\">\u00a0<\/a><\/span><b><\/b><\/p><p>\u00a0<\/p><p><b><span lang=\"es-MX\">EL TIP\u00d3GRAFO<\/span><\/b><span lang=\"es\">\u00a0<br aria-hidden=\"true\" \/><\/span><a href=\"https:\/\/www.litoralpress.cl\/paginaconsultas\/Servicios_NClipSitioWeb\/Get_Imagen_Nota.aspx?LPKey=JV3T6A2Y73P3OHJHRNHBCQRNOQ2N4T2M36CWPK7WOI6BNTRTNFMA4YXFGYQDRCTQKSZ7ADAHUDYJQ\"><span lang=\"es-MX\">O\u2019Higgins con un PIB desastroso en tercer trimestre: Es el tercero m\u00e1s malo del pa\u00eds. Se refiere Juan Andr\u00e9s Riquelme Won<\/span><span lang=\"es-MX\">, acad\u00e9mico de la Facultad de Econom\u00eda y Negocios.<\/span><\/a><span lang=\"es\"><a href=\"https:\/\/www.litoralpress.cl\/paginaconsultas\/Servicios_NClipSitioWeb\/Get_Imagen_Nota.aspx?LPKey=JV3T6A2Y73P3OHJHRNHBCQRNOQ2N4T2M36CWPK7WOI6BNTRTNFMA4YXFGYQDRCTQKSZ7ADAHUDYJQ\">\u00a0<\/a><br aria-hidden=\"true\" \/><\/span><span lang=\"en-US\"><br aria-hidden=\"true\" \/><\/span><\/p><p><b><span lang=\"es-MX\">LA PRENSA DE CURIC\u00d3<\/span><\/b><span lang=\"es-MX\">\u00a0<br aria-hidden=\"true\" \/><\/span><a href=\"https:\/\/www.litoralpress.cl\/paginaconsultas\/Servicios_NClipSitioWeb\/Get_Imagen_Nota.aspx?LPKey=SO4FBVVRCGI7T2GTI3Y536ZY2MN5YD7LQRVAG6S25YXW4Y3QYX7YWPCQKFKNRTIFTLOGV3V7B664A\"><span lang=\"es-MX\">Experto anticipa crecimiento econ\u00f3mico relativamente bajo.\u00a0Se refiere Juan Andr\u00e9s Riquelme Won<\/span><\/a><span lang=\"es-MX\"><a href=\"https:\/\/www.litoralpress.cl\/paginaconsultas\/Servicios_NClipSitioWeb\/Get_Imagen_Nota.aspx?LPKey=SO4FBVVRCGI7T2GTI3Y536ZY2MN5YD7LQRVAG6S25YXW4Y3QYX7YWPCQKFKNRTIFTLOGV3V7B664A\">, acad\u00e9mico de la Facultad de Econom\u00eda y Negocios.\u00a0<\/a><br aria-hidden=\"true\" \/><\/span><\/p><p>\u00a0<\/p><p><b><span lang=\"es-MX\">EL DIARIO DE SANTIAGO<\/span><\/b><span lang=\"es-MX\">\u00a0<br aria-hidden=\"true\" \/><a href=\"http:\/\/eldiariosantiago.cl\/economista-estima-que-crecimiento-de-chile-el-2024-sera-relativamente-bajo\/\">Economista estima que crecimiento de Chile el 2024 ser\u00e1 relativamente bajo.\u00a0<\/a><\/span><a href=\"http:\/\/eldiariosantiago.cl\/economista-estima-que-crecimiento-de-chile-el-2024-sera-relativamente-bajo\/\"><span lang=\"es-MX\">Se refiere Juan\u00a0Andr\u00e9s Riquelme Won<\/span><span lang=\"es-MX\">, acad\u00e9mico de la Facultad de Econom\u00eda y Negocios.\u00a0<\/span><\/a><span lang=\"en-US\"><br aria-hidden=\"true\" \/><\/span><span lang=\"en-US\"><br aria-hidden=\"true\" \/><\/span><\/p><p><b><span lang=\"es-MX\">DIARIO TALCA<\/span><\/b><span lang=\"es-MX\">\u00a0<br aria-hidden=\"true\" \/><a href=\"https:\/\/diariotalca.cl\/anticipan-que-crecimiento-de-chile-el-2024-sera-relativamente-bajo\/\">Anticipan que crecimiento de Chile el 2024 ser\u00e1 relativamente bajo.<\/a><\/span><a href=\"https:\/\/diariotalca.cl\/anticipan-que-crecimiento-de-chile-el-2024-sera-relativamente-bajo\/\"><span lang=\"es-MX\">\u00a0Se refiere Juan Andr\u00e9s Riquelme Won<\/span><span lang=\"es-MX\">, acad\u00e9mico de la Facultad de Econom\u00eda y Negocios.\u00a0<\/span><\/a><span lang=\"en-US\"><br aria-hidden=\"true\" \/><a id=\"OWAbd82ee02-2b62-e886-6bce-5770dc387318\" href=\"https:\/\/diariotalca.cl\/anticipan-que-crecimiento-de-chile-el-2024-sera-relativamente-bajo\/\" target=\"_blank\" rel=\"noopener noreferrer\" data-auth=\"NotApplicable\" data-loopstyle=\"linkonly\" data-linkindex=\"21\"><\/a><\/span><span lang=\"en-US\">\u00a0<\/span><\/p><p><b><span lang=\"es-MX\">EL MAULE INFORMA<\/span><\/b><span lang=\"es-MX\">\u00a0<br aria-hidden=\"true\" \/><\/span><a href=\"https:\/\/elmauleinforma.cl\/economista-estima-que-crecimiento-de-chile-el-2024-sera-relativamente-bajo\/\"><span lang=\"es-MX\">Economista estima que crecimiento de Chile el 2024 ser\u00e1 relativamente bajo. Se refiere Juan Andr\u00e9s Riquelme Won, acad\u00e9mico de la Facultad de Econom\u00eda y Negocios.<\/span><\/a><span lang=\"en-US\"><br aria-hidden=\"true\" \/><br \/><\/span><\/p><p><span lang=\"es-MX\">\u00a0<\/span><b><span lang=\"es-MX\">PORTAL INNOVA\u00a0<\/span><\/b><span lang=\"es-MX\">\u00a0<\/span><span lang=\"es-MX\">\u00a0<\/span><\/p><p><a href=\"https:\/\/www.portalagrochile.cl\/2023\/12\/28\/buscan-impulsar-emprendimientos-relacionados-con-la-agricultura-y-la-agroindustria\/\"><span lang=\"es-MX\">Economista estima que crecimiento de Chile el 2024 ser\u00e1 relativamente bajo.\u00a0<\/span><span lang=\"es-MX\">Se refiere Juan Andr\u00e9s Riquelme Won<\/span><span lang=\"es-MX\">, acad\u00e9mico de la Facultad de Econom\u00eda y Negocios.<\/span><span lang=\"es\">\u00a0<\/span><\/a><span lang=\"es-MX\"><br aria-hidden=\"true\" \/><\/span><span lang=\"en-US\">\u00a0<\/span><\/p><p><b><span lang=\"es-MX\">PORTAL AGRO CHILE<\/span><\/b><b><span lang=\"es\">\u00a0<\/span><\/b><b><span lang=\"es\">\u00a0<\/span><\/b><\/p><p><a href=\"https:\/\/www.portalagrochile.cl\/2023\/12\/28\/buscan-impulsar-emprendimientos-relacionados-con-la-agricultura-y-la-agroindustria\/\"><span lang=\"es-MX\">Buscan impulsar emprendimientos relacionados con la agricultura y la agroindustria. Se refiere Carlos Sanhueza, jefe del \u00c1rea de Emprendimiento de la Vicerrector\u00eda de Innovaci\u00f3n.<\/span><span lang=\"es\">\u00a0<\/span><span lang=\"es\">\u00a0<\/span><\/a><\/p><p>\u00a0<\/p><p><b><span lang=\"es-MX\">TVN RED MAULE<\/span><\/b><b><span lang=\"es\">\u00a0<\/span><\/b><b><span lang=\"es\">\u00a0<\/span><\/b><\/p><p><a href=\"https:\/\/www.litoralpress.cl\/sitio\/RadioTV_Detalles.cshtml?LPKey=X4OIM447ZDXTI6HUJMSIESDJEQWSNJ47PYE2VQS2DHIUCWV7BIV4UXBLMK5AX6LUYOGIXQG6TCLPC\"><span lang=\"es-MX\">Complicada situaci\u00f3n est\u00e1n\u00a0viviendo los productores de trigo a ra\u00edz del bajo precio de venta o de compra. Se refiere Roberto Jara, acad\u00e9mico Facultad de Ciencias Agrarias.\u00a0<\/span><span lang=\"es\">\u00a0<\/span><span lang=\"es\">\u00a0<\/span><\/a><\/p><p>\u00a0<\/p><p><b><span lang=\"es-MX\">TVN RED MAULE<\/span><\/b><b><span lang=\"es\">\u00a0<\/span><\/b><b><span lang=\"es\">\u00a0<\/span><\/b><\/p><p><a href=\"https:\/\/www.litoralpress.cl\/sitio\/RadioTV_Detalles.cshtml?LPKey=J2MCMPXWDSDL5HTABEXTJH6YAGFL6EY6XMWCMO6YFAWLTUER4IKTXRC6RPB4KICNVFB5PTCEN653O\"><span lang=\"es-MX\">Informe econ\u00f3mico de la Universidad aut\u00f3noma revela menos empleo en la construcci\u00f3n y m\u00e1s comercio informal. Se refiere Rodrigo\u00a0Saens, acad\u00e9mico Facultad de Econom\u00eda y Negocios.<\/span><span lang=\"es\">\u00a0<\/span><span lang=\"es\">\u00a0<\/span><\/a><\/p><p><span lang=\"en-US\">\u00a0<\/span><\/p><p><b><span lang=\"es-MX\">LA TRIBUNA<\/span><\/b><span lang=\"es-MX\">\u00a0<br aria-hidden=\"true\" \/><a href=\"https:\/\/www.litoralpress.cl\/paginaconsultas\/Servicios_NClipSitioWeb\/Get_Imagen_Nota.aspx?LPKey=IUUQZTFK2I3JRDVZ6KRBVBFFKQ7XBNJMC7NL3XLYQ72SQBNCFHHEK5DESQLNETOBVTTYN6OCIA42O\">Seguros primarios o secundarios \u00bfQu\u00e9 alternativas tienen los chilenos ante crisis de las\u00a0Isapres?\u00a0<\/a><\/span><a href=\"https:\/\/www.litoralpress.cl\/paginaconsultas\/Servicios_NClipSitioWeb\/Get_Imagen_Nota.aspx?LPKey=IUUQZTFK2I3JRDVZ6KRBVBFFKQ7XBNJMC7NL3XLYQ72SQBNCFHHEK5DESQLNETOBVTTYN6OCIA42O\"><span lang=\"es-MX\">Se refiere Rodrigo\u00a0Saens,\u00a0<\/span><\/a><span lang=\"es-MX\"><a href=\"https:\/\/www.litoralpress.cl\/paginaconsultas\/Servicios_NClipSitioWeb\/Get_Imagen_Nota.aspx?LPKey=IUUQZTFK2I3JRDVZ6KRBVBFFKQ7XBNJMC7NL3XLYQ72SQBNCFHHEK5DESQLNETOBVTTYN6OCIA42O\">acad\u00e9mico de la Facultad de Econom\u00eda y Negocios.<\/a>\u00a0<\/span><span lang=\"en-US\"><br aria-hidden=\"true\" \/><\/span><\/p><p>\u00a0<\/p><p><b><span lang=\"es-MX\">TVO SAN VICENTE\u00a0<\/span><\/b><span lang=\"es\">\u00a0<\/span><span lang=\"es\">\u00a0<\/span><\/p><p><a href=\"https:\/\/www.tvosanvicente.cl\/2023\/12\/28\/encuentro-agro-trade-2023-reune-a-mas-de-50-microempresarios-apicolas-y-agricolas-en-cachapoal\/\"><span lang=\"es-MX\">Encuentro Agro\u00a0Trade\u00a02023 re\u00fane a m\u00e1s de 50 microempresarios ap\u00edcolas y agr\u00edcolas en Cachapoal.\u00a0Se menciona la Universidad de Talca.\u00a0<\/span><span lang=\"es\">\u00a0<\/span><span lang=\"es\">\u00a0<\/span><\/a><\/p><p>\u00a0<\/p><p><b><span lang=\"es-MX\">RADIO ANCOA\u00a0<\/span><\/b><span lang=\"es\">\u00a0<\/span><span lang=\"es\">\u00a0<\/span><\/p><p><a href=\"https:\/\/www.radioancoa.cl\/categoria\/regional\/ano-importante-envejecimiento-digno-activo-saludable-personas-mayores\"><span lang=\"es-MX\">2023: Un a\u00f1o importante en el envejecimiento digno, activo y saludable de las personas mayores. Se menciona la Universidad de Talca.\u00a0<\/span><span lang=\"es\">\u00a0<\/span><span lang=\"es\">\u00a0<\/span><\/a><\/p><p>\u00a0<\/p><p><b><span lang=\"es\">EL LECTOR\u00a0<\/span><\/b><\/p><p><a href=\"https:\/\/www.litoralpress.cl\/paginaconsultas\/Servicios_NClipSitioWeb\/Get_Imagen_Nota.aspx?LPKey=37VKSLAOXJGZEDQASF6PH7WWM3E72PQQZPE7JEMQSXGPIJJT4WUKSLLB325GC6YNNMUPQRKWL7OU2\"><span lang=\"es\">2023: un a\u00f1o importante en el envejecimiento digno, activo y saludable de las personas mayores. Se menciona Universidad de Talca\u00a0<\/span><\/a><\/p><p>\u00a0<\/p><p><b><span lang=\"es-MX\">EL SIGLO\u00a0<\/span><\/b><span lang=\"es\">\u00a0<\/span><span lang=\"es\">\u00a0<\/span><\/p><p><a href=\"https:\/\/www.litoralpress.cl\/sitio\/MediosOnline_Detalles.cshtml?LPKey=I4PHIJZKPOUQK3SIK77H7HRWLEY5N45R5QHIGKOOSSPATPGIHKBITBOGNJGURO2KBMQVRC5H2FSZI\"><span lang=\"es-MX\">Trece universidades pasan a tener estatutos establecidos en democracia.\u00a0Se menciona a la Universidad de Talca.<\/span><span lang=\"es\">\u00a0\u00a0<\/span><\/a><\/p><p>\u00a0<\/p><p><b><span lang=\"es-MX\">ANTOFAGASTA TELEVISI\u00d3N\u00a0<\/span><\/b><span lang=\"es\">\u00a0<\/span><span lang=\"es\">\u00a0<\/span><\/p><p><a href=\"https:\/\/www.litoralpress.cl\/sitio\/RadioTV_Detalles.cshtml?LPKey=L5TLA5BV76V2EFE7NUSEWBH6WJM7QDGOUC542ERABLJHTEMZD52FOJKFON5LZKL7PI44GTSP6C4EM\"><span lang=\"es-MX\">Presidente Gabriel\u00a0Boric\u00a0firm\u00f3 el decreto para que las universidades estatales cambien sus estatutos.\u00a0Se menciona a la Universidad de Talca.<\/span><span lang=\"es\">\u00a0<\/span><span lang=\"es\">\u00a0<\/span><\/a><\/p><p><span lang=\"es\">\u00a0<\/span><\/p><p><b><span lang=\"es-MX\">EL PORTAL DE AYS\u00c9N\u00a0<\/span><\/b><span lang=\"es-MX\">\u00a0<br aria-hidden=\"true\" \/><a href=\"https:\/\/elportaldeaysen.cl\/nacional\/presidente-boric-firmo-estatutos-de-universidades-estatales\/\">Presidente\u00a0Boric\u00a0firm\u00f3 estatutos de Universidades Estatales. Se menciona a la Universidad de Talca.\u00a0<\/a><\/span><span lang=\"es-MX\"><br aria-hidden=\"true\" \/><\/span><\/p><p>\u00a0<\/p><p><b><span lang=\"es-MX\">LA REGI\u00d3N HOY<\/span><\/b><span lang=\"es-MX\">\u00a0<br aria-hidden=\"true\" \/><a href=\"https:\/\/laregionhoy.cl\/2023\/12\/28\/presidente-gabriel-boric-promulgo-estatutos-de-universidades-estatales-elaborados-en-democracia\/\">Presidente Gabriel\u00a0Boric\u00a0promulg\u00f3 estatutos de universidades estatales elaborados en democracia. Se menciona\u00a0la\u00a0Universidad de Talca.\u00a0<\/a><\/span><span lang=\"es-MX\"><br aria-hidden=\"true\" \/><\/span><\/p><p>\u00a0<\/p><p><b><span lang=\"es-MX\">DIARIO LA QUINTA<\/span><span lang=\"es\">\u00a0<\/span><span lang=\"es\">\u00a0<\/span><\/b><\/p><p><a href=\"https:\/\/diariolaquinta.cl\/2023\/12\/28\/presidente-gabriel-boric-promulgo-estatutos-de-universidades-estatales-elaborados-en-democracia\/\"><span lang=\"es-MX\">Presidente Gabriel\u00a0Boric\u00a0promulg\u00f3 estatutos de universidades estatales elaborados en democracia. Se menciona la Universidad de Talca.<\/span><span lang=\"es\">\u00a0<\/span><span lang=\"es\">\u00a0<\/span><\/a><\/p><p>\u00a0<\/p><p><b><span lang=\"es-MX\">EMOL<\/span><\/b><span lang=\"es-MX\">\u00a0<br aria-hidden=\"true\" \/><a href=\"https:\/\/www.emol.com\/noticias\/Nacional\/2023\/12\/28\/1116998\/expertos-directora-comunicaciones-boric-medios.html\">\u00bfCambio de tono?: Expertos aquilatan la salida de\u00a0Klima\u00a0y el presunto impacto de la relaci\u00f3n de\u00a0Boric\u00a0con los medios.\u00a0Se refiere Mauricio Morales, acad\u00e9mico Facultad de Ciencias Jur\u00eddicas y Sociales.\u00a0<\/a><\/span><span lang=\"en-US\"><br aria-hidden=\"true\" \/><\/span><\/p><p>\u00a0<\/p><p><b><span lang=\"es-MX\">MEGANOTICIAS<\/span><\/b><span lang=\"es\">\u00a0<\/span><span lang=\"es\">\u00a0<\/span><\/p><p><a href=\"https:\/\/www.litoralpress.cl\/sitio\/RadioTV_Detalles.cshtml?LPKey=BIGX6PAUMN2FTR7SWUKPZCAON5S5FFM7ES4GXEEFEUI7Q34VJ55NFEXDXYVJW5EARSZ522WEE2BZ6\"><span lang=\"es-MX\">SERVEL pide disoluci\u00f3n del partido Comunes. Se refiere Mauricio Morales, acad\u00e9mico Facultad de Ciencias Jur\u00eddicas y Sociales.<\/span><span lang=\"es\">\u00a0<\/span><\/a><span lang=\"es-MX\"><br aria-hidden=\"true\" \/><\/span><\/p><p>\u00a0<\/p><p><strong><span lang=\"es-MX\">EL D\u00cdNAMO\u00a0<\/span><span lang=\"es\">\u00a0<\/span><span lang=\"es\">\u00a0<\/span><\/strong><\/p><p><a href=\"https:\/\/www.eldinamo.cl\/pais\/2023\/12\/28\/mirada-al-2023-cinco-personajes-influyentes-que-marcaron-el-ano\/\"><span lang=\"es-MX\">Mirada al 2023: Cinco personajes influyentes que marcaron el a\u00f1o. Se refiere Mauricio Morales, acad\u00e9mico Facultad de Ciencias Jur\u00eddicas y Sociales.<\/span><span lang=\"es\">\u00a0<\/span><span lang=\"es\">\u00a0<\/span><\/a><\/p><p><b><span lang=\"es-MX\">\u00a0<\/span><\/b><\/p><p><b><span lang=\"es-MX\">INSULAR FM<\/span><\/b><span lang=\"es\">\u00a0<\/span><span lang=\"es\">\u00a0<\/span><\/p><p><a href=\"https:\/\/www.insularfm.cl\/?p=31012\"><span lang=\"es-MX\">Cinco personajes influyentes que marcaron el a\u00f1o. Se refiere Mauricio Morales, acad\u00e9mico Facultad de Ciencias Jur\u00eddicas y Sociales.<\/span><span lang=\"es\">\u00a0<\/span><span lang=\"es\">\u00a0<\/span><\/a><\/p><p>\u00a0<\/p><p><b><span lang=\"es-MX\">RADIO INFINITA\u00a0<\/span><\/b><span lang=\"es-MX\">\u00a0<\/span><span lang=\"es-MX\">\u00a0<\/span><\/p><p><a href=\"https:\/\/www.litoralpress.cl\/sitio\/RadioTV_Detalles.cshtml?LPKey=KIQI4YXUTE7YKYRJP7SQZ2QL5RDZGMBFNGUJTQWGVG3BBEDTG2S5UMLCDVTGPZELWKDXBKY6V7M3A\"><span lang=\"es-MX\">Comentario\u00a0de\u00a0pol\u00edtica\u00a0de Mauricio Morales,\u00a0<\/span><span lang=\"es\">acad\u00e9mico Facultad de Ciencias Jur\u00eddicas y Sociales.<\/span><span lang=\"es-MX\">\u00a0<\/span><\/a><span lang=\"es-MX\">\u00a0<\/span><\/p><\/div><\/div><\/div><\/div><\/div><\/div><\/div>\t\t\t\t\t\t<\/div>\n\t\t\t\t<\/div>\n\t\t\t\t\t<\/div>\n\t\t<\/div>\n\t\t\t\t\t\t\t<\/div>\n\t\t<\/section>\n\t\t\t\t\t\t<\/div>\n\t\t\t\t\t<\/div>\n\t\t","protected":false},"excerpt":{"rendered":"<p>\u00a0 EL MERCURIO\u00a0 En qu\u00e9 pie est\u00e1 Chile para enfrentar las tendencias en sostenibilidad para 2024.\u00a0\u00a0Se refiere Crist\u00f3bal Montalba \u00a0 EL MERCURIO\u00a0 Fundaci\u00f3n\u00a0Collahuasi\u00a0apuesta por formaci\u00f3n de talento minero y suman m\u00e1s de 400 contratados.\u00a0Se refiere\u00a0Yerko\u00a0Cort\u00e9s, acad\u00e9mico de la Facultad de Econom\u00eda y Negocios.\u00a0 \u00a0 EL MOSTRADOR\u00a0\u00a0 Estudiantes de la Universidad de Talca ganan concurso nacional &hellip;<\/p>\n<p class=\"read-more\"> <a class=\"\" href=\"https:\/\/www.reportedeprensa.utalca.cl\/?p=8923\"> <span class=\"screen-reader-text\">02 de enero de 2024<\/span> Read More &raquo;<\/a><\/p>\n","protected":false},"author":1,"featured_media":0,"comment_status":"closed","ping_status":"open","sticky":false,"template":"","format":"standard","meta":{"_monsterinsights_skip_tracking":false,"_monsterinsights_sitenote_active":false,"_monsterinsights_sitenote_note":"","_monsterinsights_sitenote_category":0},"categories":[44],"tags":[],"_links":{"self":[{"href":"https:\/\/www.reportedeprensa.utalca.cl\/index.php?rest_route=\/wp\/v2\/posts\/8923"}],"collection":[{"href":"https:\/\/www.reportedeprensa.utalca.cl\/index.php?rest_route=\/wp\/v2\/posts"}],"about":[{"href":"https:\/\/www.reportedeprensa.utalca.cl\/index.php?rest_route=\/wp\/v2\/types\/post"}],"author":[{"embeddable":true,"href":"https:\/\/www.reportedeprensa.utalca.cl\/index.php?rest_route=\/wp\/v2\/users\/1"}],"replies":[{"embeddable":true,"href":"https:\/\/www.reportedeprensa.utalca.cl\/index.php?rest_route=%2Fwp%2Fv2%2Fcomments&post=8923"}],"version-history":[{"count":5,"href":"https:\/\/www.reportedeprensa.utalca.cl\/index.php?rest_route=\/wp\/v2\/posts\/8923\/revisions"}],"predecessor-version":[{"id":8928,"href":"https:\/\/www.reportedeprensa.utalca.cl\/index.php?rest_route=\/wp\/v2\/posts\/8923\/revisions\/8928"}],"wp:attachment":[{"href":"https:\/\/www.reportedeprensa.utalca.cl\/index.php?rest_route=%2Fwp%2Fv2%2Fmedia&parent=8923"}],"wp:term":[{"taxonomy":"category","embeddable":true,"href":"https:\/\/www.reportedeprensa.utalca.cl\/index.php?rest_route=%2Fwp%2Fv2%2Fcategories&post=8923"},{"taxonomy":"post_tag","embeddable":true,"href":"https:\/\/www.reportedeprensa.utalca.cl\/index.php?rest_route=%2Fwp%2Fv2%2Ftags&post=8923"}],"curies":[{"name":"wp","href":"https:\/\/api.w.org\/{rel}","templated":true}]}}