{"id":8935,"date":"2024-01-03T11:36:22","date_gmt":"2024-01-03T14:36:22","guid":{"rendered":"https:\/\/www.reportedeprensa.utalca.cl\/?p=8935"},"modified":"2024-01-03T11:49:52","modified_gmt":"2024-01-03T14:49:52","slug":"03-de-enero-de-2024","status":"publish","type":"post","link":"https:\/\/www.reportedeprensa.utalca.cl\/?p=8935","title":{"rendered":"03 de enero de 2024"},"content":{"rendered":"\t\t<div data-elementor-type=\"wp-post\" data-elementor-id=\"8935\" class=\"elementor elementor-8935\" data-elementor-settings=\"[]\">\n\t\t\t\t\t\t\t<div class=\"elementor-section-wrap\">\n\t\t\t\t\t\t\t<section class=\"elementor-section elementor-top-section elementor-element elementor-element-bcea1a8 elementor-section-boxed elementor-section-height-default elementor-section-height-default\" data-id=\"bcea1a8\" data-element_type=\"section\">\n\t\t\t\t\t\t<div class=\"elementor-container elementor-column-gap-default\">\n\t\t\t\t\t<div class=\"elementor-column elementor-col-100 elementor-top-column elementor-element elementor-element-e7183bf\" data-id=\"e7183bf\" data-element_type=\"column\">\n\t\t\t<div class=\"elementor-widget-wrap elementor-element-populated\">\n\t\t\t\t\t\t\t\t<div class=\"elementor-element elementor-element-5ffbb87 elementor-widget elementor-widget-text-editor\" data-id=\"5ffbb87\" data-element_type=\"widget\" data-widget_type=\"text-editor.default\">\n\t\t\t\t<div class=\"elementor-widget-container\">\n\t\t\t\t\t\t\t\t<p><b><span class=\"x_ContentPasted0\" lang=\"ES\">AD PRENSA<br class=\"x_ContentPasted0\" aria-hidden=\"true\" \/><\/span><\/b><a href=\"https:\/\/www.adprensa.cl\/cronica\/con-diversas-actividades-la-utalca-recibira-a-sus-futuros-estudiantes-universitarios\/\"><span class=\"x_ContentPasted0\" lang=\"ES\">Con diversas actividades la UTalca recibir\u00e1 a sus futuros estudiantes universitarios. Se refiere el\u00a0<\/span><span class=\"x_xcontentpasted0\"><span class=\"x_ContentPasted0\" lang=\"ES-TRAD\">responsable del \u00e1rea de Admisi\u00f3n,\u00a0<\/span><\/span><span class=\"x_mark2sty3nc9e\"><span class=\"x_ContentPasted0\" lang=\"ES-TRAD\">Carlos<\/span><\/span><span class=\"x_xcontentpasted0\"><span class=\"x_ContentPasted0\" lang=\"ES-TRAD\">\u00a0<\/span><\/span><span class=\"x_markl92ota9zz\"><span class=\"x_ContentPasted0\" lang=\"ES-TRAD\">Contreras<\/span><\/span><span class=\"x_xcontentpasted0\"><span class=\"x_ContentPasted0\" lang=\"ES-TRAD\">\u00a0<\/span><\/span><\/a><span class=\"x_markhlg8xg1rk\"><span class=\"x_ContentPasted0\" lang=\"ES-TRAD\"><a href=\"https:\/\/www.adprensa.cl\/cronica\/con-diversas-actividades-la-utalca-recibira-a-sus-futuros-estudiantes-universitarios\/\">Gajardo y el profesional de la Direcci\u00f3n de Acceso a la Educaci\u00f3n Superior (DAES).<\/a><b><br class=\"x_ContentPasted0\" aria-hidden=\"true\" \/><\/b><\/span><\/span><span class=\"x_xcontentpasted0\"><b><span class=\"x_ContentPasted0\" lang=\"ES-TRAD\">\u00a0<\/span><\/b><\/span><\/p><p><b><span class=\"x_ContentPasted0\" lang=\"ES\">MEDIABANCO<br class=\"x_ContentPasted0\" aria-hidden=\"true\" \/><\/span><\/b><a href=\"https:\/\/www.mediabanco.com\/con-diversas-actividades-la-utalca-recibira-a-sus-futuros-estudiantes-universitarios\/\"><span class=\"x_ContentPasted0\" lang=\"ES\">Con diversas actividades la UTalca recibir\u00e1 a sus futuros estudiantes universitarios.<\/span><span class=\"x_ContentPasted0\" lang=\"ES\">\u00a0Se refiere el\u00a0<\/span><span class=\"x_xcontentpasted0\"><span class=\"x_ContentPasted0\" lang=\"ES-TRAD\">responsable del \u00e1rea de Admisi\u00f3n,\u00a0<\/span><\/span><span class=\"x_mark2sty3nc9e\"><span class=\"x_ContentPasted0\" lang=\"ES-TRAD\">Carlos<\/span><\/span><span class=\"x_xcontentpasted0\"><span class=\"x_ContentPasted0\" lang=\"ES-TRAD\">\u00a0<\/span><\/span><span class=\"x_markl92ota9zz\"><span class=\"x_ContentPasted0\" lang=\"ES-TRAD\">Contreras<\/span><\/span><span class=\"x_xcontentpasted0\"><span class=\"x_ContentPasted0\" lang=\"ES-TRAD\">\u00a0<\/span><\/span><span class=\"x_markhlg8xg1rk\"><span class=\"x_ContentPasted0\" lang=\"ES-TRAD\">Gajardo y el profesional de la Direcci\u00f3n de Acceso a la Educaci\u00f3n Superior (DAES).<\/span><\/span><\/a><span lang=\"ES\"><br class=\"x_ContentPasted0\" aria-hidden=\"true\" \/><\/span><\/p><p>\u00a0<\/p><p><b><span class=\"x_ContentPasted0\" lang=\"ES-MX\">PORTAL EDUCA<br class=\"x_ContentPasted0\" aria-hidden=\"true\" \/><\/span><\/b><a href=\"https:\/\/portaleduca.cl\/con-diversas-actividades-la-utalca-recibira-a-sus-futuros-estudiantes-universitarios\/\"><span class=\"x_ContentPasted0\" lang=\"ES\">Con diversas actividades la UTalca recibir\u00e1 a sus futuros estudiantes universitarios. Se refiere el\u00a0<\/span><span class=\"x_xcontentpasted0\"><span class=\"x_ContentPasted0\" lang=\"ES-TRAD\">responsable del \u00e1rea de Admisi\u00f3n,\u00a0<\/span><\/span><span class=\"x_mark2sty3nc9e\"><span class=\"x_ContentPasted0\" lang=\"ES-TRAD\">Carlos<\/span><\/span><span class=\"x_xcontentpasted0\"><span class=\"x_ContentPasted0\" lang=\"ES-TRAD\">\u00a0<\/span><\/span><span class=\"x_markl92ota9zz\"><span class=\"x_ContentPasted0\" lang=\"ES-TRAD\">Contreras<\/span><\/span><span class=\"x_xcontentpasted0\"><span class=\"x_ContentPasted0\" lang=\"ES-TRAD\">\u00a0<\/span><\/span><span class=\"x_markhlg8xg1rk\"><span class=\"x_ContentPasted0\" lang=\"ES-TRAD\">Gajardo y el profesional de la Direcci\u00f3n de Acceso a la Educaci\u00f3n Superior (DAES).<\/span><\/span><\/a><b><span lang=\"ES\"><br class=\"x_ContentPasted0\" aria-hidden=\"true\" \/><\/span><\/b><b><\/b><\/p><p>\u00a0<\/p><p><b><span class=\"x_ContentPasted0\" lang=\"ES-MX\">EL MAULE INFORMA<\/span><\/b><span lang=\"ES-MX\"><br class=\"x_ContentPasted0\" aria-hidden=\"true\" \/><\/span><a href=\"https:\/\/elmauleinforma.cl\/con-diversas-actividades-la-utalca-recibira-a-sus-futuros-estudiantes-universitarios\/\"><span class=\"x_ContentPasted0\" lang=\"ES\">Con diversas actividades la UTalca recibir\u00e1 a sus futuros estudiantes universitarios. Se refiere el\u00a0<\/span><span class=\"x_xcontentpasted0\"><span class=\"x_ContentPasted0\" lang=\"ES-TRAD\">responsable del \u00e1rea de Admisi\u00f3n,\u00a0<\/span><\/span><span class=\"x_mark2sty3nc9e\"><span class=\"x_ContentPasted0\" lang=\"ES-TRAD\">Carlos<\/span><\/span><span class=\"x_xcontentpasted0\"><span class=\"x_ContentPasted0\" lang=\"ES-TRAD\">\u00a0<\/span><\/span><span class=\"x_markl92ota9zz\"><span class=\"x_ContentPasted0\" lang=\"ES-TRAD\">Contreras<\/span><\/span><span class=\"x_xcontentpasted0\"><span class=\"x_ContentPasted0\" lang=\"ES-TRAD\">\u00a0<\/span><\/span><span class=\"x_markhlg8xg1rk\"><span class=\"x_ContentPasted0\" lang=\"ES-TRAD\">Gajardo y el profesional de la Direcci\u00f3n de Acceso a la Educaci\u00f3n Superior (DAES).<\/span><\/span><\/a><span lang=\"ES\"><br class=\"x_ContentPasted0\" aria-hidden=\"true\" \/><\/span><\/p><p>\u00a0<\/p><p><b><span class=\"x_ContentPasted0\" lang=\"ES\">EL LECTOR<\/span><\/b><span lang=\"ES\"><br class=\"x_ContentPasted0\" aria-hidden=\"true\" \/><\/span><a href=\"https:\/\/www.litoralpress.cl\/paginaconsultas\/Servicios_NClipSitioWeb\/Get_Imagen_Nota.aspx?LPKey=F5BMHE37ZV6DM6ZA53QVT7TRESVYU7VHVEFW7KMWPGNIW2RIJEKGZPD3JIC2VPKX6I4RQEFHNSW5A\"><span class=\"x_ContentPasted0\" lang=\"ES\">Con diversas actividades la UTalca recibir\u00e1 a sus futuros estudiantes universitarios. Se refiere el\u00a0<\/span><span class=\"x_xcontentpasted0\"><span class=\"x_ContentPasted0\" lang=\"ES-TRAD\">responsable del \u00e1rea de Admisi\u00f3n,\u00a0<\/span><\/span><span class=\"x_mark2sty3nc9e\"><span class=\"x_ContentPasted0\" lang=\"ES-TRAD\">Carlos<\/span><\/span><span class=\"x_xcontentpasted0\"><span class=\"x_ContentPasted0\" lang=\"ES-TRAD\">\u00a0<\/span><\/span><span class=\"x_markl92ota9zz\"><span class=\"x_ContentPasted0\" lang=\"ES-TRAD\">Contreras<\/span><\/span><span class=\"x_xcontentpasted0\"><span class=\"x_ContentPasted0\" lang=\"ES-TRAD\">\u00a0<\/span><\/span><span class=\"x_markhlg8xg1rk\"><span class=\"x_ContentPasted0\" lang=\"ES-TRAD\">Gajardo y el profesional de la Direcci\u00f3n de Acceso a la Educaci\u00f3n Superior (DAES).<\/span><\/span><\/a><span lang=\"ES\"><br class=\"x_ContentPasted0\" aria-hidden=\"true\" \/><\/span><\/p><p><span class=\"x_MsoHyperlink\"><span lang=\"EN-US\">\u00a0<\/span><\/span><\/p><p class=\"x_MsoNormal\"><b><span class=\"x_ContentPasted0\" lang=\"ES-MX\">PORTAL METROPOLITANO<br class=\"x_ContentPasted0\" aria-hidden=\"true\" \/><\/span><\/b><a href=\"https:\/\/portalmetropolitano.cl\/con-diversas-actividades-la-utalca-recibira-a-sus-futuros-estudiantes-universitarios\/\"><span class=\"x_ContentPasted0\" lang=\"ES\">Con diversas actividades la UTalca recibir\u00e1 a sus futuros estudiantes universitarios. Se refiere el\u00a0<\/span><span class=\"x_xcontentpasted0\"><span class=\"x_ContentPasted0\" lang=\"ES-TRAD\">responsable del \u00e1rea de Admisi\u00f3n,\u00a0<\/span><\/span><span class=\"x_mark2sty3nc9e\"><span class=\"x_ContentPasted0\" lang=\"ES-TRAD\">Carlos<\/span><\/span><span class=\"x_xcontentpasted0\"><span class=\"x_ContentPasted0\" lang=\"ES-TRAD\">\u00a0<\/span><\/span><span class=\"x_markl92ota9zz\"><span class=\"x_ContentPasted0\" lang=\"ES-TRAD\">Contreras<\/span><\/span><span class=\"x_xcontentpasted0\"><span class=\"x_ContentPasted0\" lang=\"ES-TRAD\">\u00a0<\/span><\/span><span class=\"x_markhlg8xg1rk\"><span class=\"x_ContentPasted0\" lang=\"ES-TRAD\">Gajardo y el profesional de la Direcci\u00f3n de Acceso a la Educaci\u00f3n Superior (DAES).<\/span><\/span><\/a><span class=\"x_MsoHyperlink\"><span lang=\"EN-US\"><br class=\"x_ContentPasted0\" aria-hidden=\"true\" \/><\/span><\/span><\/p><p class=\"x_MsoNormal\">\u00a0<\/p><p><b><span class=\"x_ContentPasted0\" lang=\"ES-MX\">PUBLIMICRO<br class=\"x_ContentPasted0\" aria-hidden=\"true\" \/><\/span><\/b><a href=\"https:\/\/www.adprensa.cl\/cronica\/estudiantes-de-diseno-de-la-utalca-crean-etiquetas-para-vinas-de-san-javier\/\"><span class=\"x_ContentPasted0\" lang=\"ES-MX\">Estudiantes de Dise\u00f1o de la UTalca crean etiquetas para vi\u00f1as de San Javier Se refiere el\u00a0<\/span><\/a><span class=\"x_ContentPasted0\" lang=\"ES-MX\"><a href=\"https:\/\/www.adprensa.cl\/cronica\/estudiantes-de-diseno-de-la-utalca-crean-etiquetas-para-vinas-de-san-javier\/\">director de la Escuela de Dise\u00f1o de la UTalca,\u00a0<span class=\"x_markfvot3vn4e\"><span class=\"x_ContentPasted0\">Jorge<\/span><\/span>\u00a0<span class=\"x_markwaojtpe1v\"><span class=\"x_ContentPasted0\">Cartes<\/span><\/span>\u00a0<\/a><span class=\"x_markdlag799aq\"><span class=\"x_ContentPasted0\"><a href=\"https:\/\/www.adprensa.cl\/cronica\/estudiantes-de-diseno-de-la-utalca-crean-etiquetas-para-vinas-de-san-javier\/\">Sanhueza y la docente Luz Mar\u00eda Gonz\u00e1lez Donoso.<\/a><br class=\"x_ContentPasted0\" aria-hidden=\"true\" \/><\/span><\/span><\/span><\/p><p>\u00a0<\/p><p><b><span class=\"x_ContentPasted0\" lang=\"ES-MX\">ADPRENSA<br class=\"x_ContentPasted0\" aria-hidden=\"true\" \/><\/span><\/b><a href=\"https:\/\/www.adprensa.cl\/cronica\/estudiantes-de-diseno-de-la-utalca-crean-etiquetas-para-vinas-de-san-javier\/\"><span class=\"x_ContentPasted0\" lang=\"ES-MX\">Estudiantes de Dise\u00f1o de la UTalca crean etiquetas para vi\u00f1as de San Javier Se refiere el\u00a0<\/span><\/a><span class=\"x_ContentPasted0\" lang=\"ES-MX\"><a href=\"https:\/\/www.adprensa.cl\/cronica\/estudiantes-de-diseno-de-la-utalca-crean-etiquetas-para-vinas-de-san-javier\/\">director de la Escuela de Dise\u00f1o de la UTalca,\u00a0<span class=\"x_markfvot3vn4e\"><span class=\"x_ContentPasted0\">Jorge<\/span><\/span>\u00a0<span class=\"x_markwaojtpe1v\"><span class=\"x_ContentPasted0\">Cartes<\/span><\/span>\u00a0<\/a><span class=\"x_markdlag799aq\"><span class=\"x_ContentPasted0\"><a href=\"https:\/\/www.adprensa.cl\/cronica\/estudiantes-de-diseno-de-la-utalca-crean-etiquetas-para-vinas-de-san-javier\/\">Sanhueza y la docente Luz Mar\u00eda Gonz\u00e1lez Donoso.<\/a><br class=\"x_ContentPasted0\" aria-hidden=\"true\" \/><\/span><\/span><\/span><\/p><p>\u00a0<\/p><p><b><span class=\"x_ContentPasted0\" lang=\"ES-MX\">MEDIA BANCO<br class=\"x_ContentPasted0\" aria-hidden=\"true\" \/><\/span><\/b><\/p><p><a href=\"https:\/\/www.mediabanco.com\/estudiantes-de-diseno-de-la-utalca-crean-etiquetas-para-vinas-de-san-javier\/\"><span class=\"x_ContentPasted0\" lang=\"ES\">Estudiantes de Dise\u00f1o de la UTalca crean etiquetas para vi\u00f1as de San Javier.\u00a0<\/span><span class=\"x_ContentPasted0\" lang=\"ES-MX\">Estudiantes de Dise\u00f1o de la UTalca crean etiquetas para vi\u00f1as de San Javier Se refiere el\u00a0<\/span><span class=\"x_ContentPasted0\" lang=\"ES-MX\">director de la Escuela de Dise\u00f1o de la UTalca,\u00a0<span class=\"x_markfvot3vn4e\"><span class=\"x_ContentPasted0\">Jorge<\/span><\/span>\u00a0<span class=\"x_markwaojtpe1v\"><span class=\"x_ContentPasted0\">Cartes<\/span><\/span>\u00a0<span class=\"x_markdlag799aq\"><span class=\"x_ContentPasted0\">Sanhueza y la docente Luz Mar\u00eda Gonz\u00e1lez Donoso<\/span><\/span><\/span><\/a><\/p><p><span class=\"x_ContentPasted0\" lang=\"ES-MX\">\u00a0<\/span><\/p><p class=\"x_MsoNormal\"><b><span class=\"x_ContentPasted0\" lang=\"ES\">EL LECTOR<\/span><\/b><span lang=\"ES\"><br class=\"x_ContentPasted0\" aria-hidden=\"true\" \/><\/span><\/p><p class=\"x_MsoNormal\"><a href=\"https:\/\/www.litoralpress.cl\/paginaconsultas\/Servicios_NClipSitioWeb\/Get_Imagen_Nota.aspx?LPKey=3BCQZ5KGADPCHHSX2JAGRFQVTVUTZO7CPAG3WCM5E3RMKZ5JX22K4J4J6E4ZPUHS2FF2EBNTJ7OXI\"><span class=\"x_ContentPasted0\" lang=\"ES-MX\">Estudiantes de Dise\u00f1o de la UTalca crean etiquetas para vi\u00f1as de San Javier. Se refiere el\u00a0<\/span><span class=\"x_ContentPasted0\" lang=\"ES-MX\">director de la Escuela de Dise\u00f1o de la UTalca,\u00a0<span class=\"x_markfvot3vn4e\"><span class=\"x_ContentPasted0\">Jorge<\/span><\/span>\u00a0<span class=\"x_markwaojtpe1v\"><span class=\"x_ContentPasted0\">Cartes<\/span><\/span>\u00a0<span class=\"x_markdlag799aq\"><span class=\"x_ContentPasted0\">Sanhueza y la docente Luz Mar\u00eda Gonz\u00e1lez Donoso<\/span><\/span><\/span><\/a><\/p><p class=\"x_MsoNormal\">\u00a0<\/p><p class=\"x_MsoNormal\"><b><span class=\"x_ContentPasted0\" lang=\"ES-MX\">PUBLIMICRO<\/span><\/b><b><span class=\"x_ContentPasted0\" lang=\"ES-MX\"><br class=\"x_ContentPasted0\" aria-hidden=\"true\" \/><\/span><\/b><\/p><p class=\"x_MsoNormal\"><a href=\"https:\/\/publimicro.cl\/estudiantes-de-diseno-de-la-universidad-de-talca-crean-etiquetas-para-vinas-de-san-javier\/\"><span class=\"x_ContentPasted0\" lang=\"ES-MX\"><span class=\"x_ContentPasted0\">Estudiantes de Dise\u00f1o de la UTalca crean etiquetas para vi\u00f1as de San Javier. Se refiere el\u00a0<\/span><span class=\"x_ContentPasted0\">director de la Escuela de Dise\u00f1o de la UTalca,\u00a0<\/span><span class=\"x_ContentPasted0\"><span class=\"x_markfvot3vn4e\">Jorge<\/span><\/span><span class=\"x_ContentPasted0\">\u00a0<\/span><span class=\"x_ContentPasted0\"><span class=\"x_markwaojtpe1v\">Cartes<\/span><\/span><span class=\"x_ContentPasted0\">\u00a0<\/span><span class=\"x_ContentPasted0\"><span class=\"x_markdlag799aq\">Sanhueza y la docente Luz Mar\u00eda Gonz\u00e1lez Donoso.<\/span><\/span><\/span><\/a><span class=\"x_MsoHyperlink\"><b><span lang=\"EN-US\"><br class=\"x_ContentPasted0\" aria-hidden=\"true\" \/><\/span><\/b><\/span><\/p><p class=\"x_MsoNormal\">\u00a0<\/p><p><b><span class=\"x_ContentPasted0\" lang=\"ES\">CONSEJODERECTORES.CL<\/span><\/b><span lang=\"ES\"><br class=\"x_ContentPasted0\" aria-hidden=\"true\" \/><\/span><\/p><p><a href=\"https:\/\/www.consejoderectores.cl\/2023\/12\/29\/admision-2024-universidades-del-cruch-ofreceran-mas-de-69-mil-vacantes-y-1-266-carreras\/\"><span lang=\"ES\">Admisi\u00f3n 2024: Universidades del CRUCH ofrecer\u00e1n m\u00e1s de 69 mil vacantes y 1.266 carreras. Se menciona Universidad de Talca.<\/span><\/a><span class=\"x_MsoHyperlink\"><b><span lang=\"ES\"><br class=\"x_ContentPasted0\" aria-hidden=\"true\" \/><br \/><\/span><\/b><\/span><\/p><p class=\"x_MsoNormal\"><b><span class=\"x_ContentPasted0\" lang=\"ES-MX\">NINA FM\u00a0<\/span><\/b><\/p><p class=\"x_MsoNormal\"><span class=\"x_ContentPasted0\" lang=\"ES-MX\"><a href=\"https:\/\/ninafm.cl\/2023\/12\/31\/cuando-dan-los-resultados-de-la-paes-horario-y-donde-se-podra-consultar-online\/\">\u00bfCu\u00e1ndo dan los resultados de la PAES? Horario y d\u00f3nde se podr\u00e1 consultar online. Se menciona la Universidad de Talca<\/a><span class=\"x_MsoHyperlink\"><br class=\"x_ContentPasted0\" aria-hidden=\"true\" \/><\/span><\/span><\/p><p>\u00a0<\/p><p class=\"x_MsoNormal\"><b><span class=\"x_ContentPasted0\" lang=\"ES-MX\">EL MOSTRADOR\u00a0<\/span><\/b><\/p><p class=\"x_MsoNormal\"><a href=\"https:\/\/www.elmostrador.cl\/cultura\/ciencia-cultura\/2023\/12\/31\/el-cambio-climatico-se-hace-sentir-los-principales-eventos-extremos-de-2023\/\"><span class=\"x_ContentPasted0\" lang=\"ES-MX\">El cambio clim\u00e1tico se hace sentir: los principales eventos extremos de 2023. Se refiere Patricio Gonz\u00e1lez Colville, agroclimat\u00f3logo y acad\u00e9mico del Centro de Investigaci\u00f3n y Transferencia en Riego y Agroclimatolog\u00eda (CITRA).<\/span><\/a><span class=\"x_MsoHyperlink\"><span lang=\"EN-US\"><br class=\"x_ContentPasted0\" aria-hidden=\"true\" \/><\/span><\/span><\/p><p>\u00a0<\/p><p class=\"x_MsoNormal\"><b><span class=\"x_ContentPasted0\" lang=\"ES-MX\">LA PRENSA DE CURIC\u00d3<br class=\"x_ContentPasted0\" aria-hidden=\"true\" \/><\/span><\/b><a href=\"https:\/\/www.litoralpress.cl\/paginaconsultas\/Servicios_NClipSitioWeb\/Get_Imagen_Nota.aspx?LPKey=SGVEHWTOFLNJDZVXXU3P4UHL4KHIJ52QGTEQ6KFYKVYXA4WJ5LHFOTFPZSFGURABUCZRFCX3RBEZ4\"><span class=\"x_ContentPasted0\" lang=\"ES-MX\">Se espera que el calor siga rompiendo r\u00e9cords. Se refiere Patricio Gonz\u00e1lez Colville, agroclimat\u00f3logo y acad\u00e9mico del Centro de Investigaci\u00f3n y Transferencia en Riego y Agroclimatolog\u00eda (CITRA).<\/span><\/a><span class=\"x_MsoHyperlink\"><span lang=\"EN-US\"><br class=\"x_ContentPasted0\" aria-hidden=\"true\" \/><\/span><\/span><\/p><p class=\"x_MsoNormal\">\u00a0<\/p><p class=\"x_MsoNormal\"><b><span class=\"x_ContentPasted0\" lang=\"ES-MX\">RADIO ADN<br class=\"x_ContentPasted0\" aria-hidden=\"true\" \/><\/span><\/b><span class=\"x_ContentPasted0\" lang=\"ES-MX\"><a href=\"https:\/\/www.litoralpress.cl\/sitio\/RadioTV_Detalles.cshtml?LPKey=IIMS2TO7RCI5S3P5UMGP5AE5QWAVTOPWVSFSI2R6ENLCPLILP34JEXL4S7GWNPRPQXKYLJURAZA7Y\">Maule, \u00d1uble y Biob\u00edo comenzar\u00e1n el a\u00f1o con alt\u00edsimas temperaturas. Se refiere Patricio Gonz\u00e1lez Colville, agroclimat\u00f3logo y acad\u00e9mico del Centro de Investigaci\u00f3n y Transferencia en Riego y Agroclimatolog\u00eda (CITRA).<\/a><\/span><b><span class=\"x_ContentPasted0\" lang=\"ES-MX\"><br class=\"x_ContentPasted0\" aria-hidden=\"true\" \/><\/span><\/b><b><\/b><\/p><p>\u00a0<\/p><p><b><span class=\"x_ContentPasted0\" lang=\"ES-MX\">CHILLAN ONLINE<\/span><\/b><span lang=\"ES-MX\"><br class=\"x_ContentPasted0\" aria-hidden=\"true\" \/><\/span><a href=\"https:\/\/www.chillanonline.cl\/V7\/2023\/12\/29\/pronostican-temperaturas-historicas-record-para-ciudades-y-el-secano-costero\/\"><span class=\"x_ContentPasted0\" lang=\"ES-MX\">Pronostican temperaturas hist\u00f3ricas r\u00e9cord para ciudades y el secano costero. Se refiere Patricio Gonz\u00e1lez\u00a0Colville,\u00a0agroclimat\u00f3logo\u00a0y acad\u00e9mico del Centro de Investigaci\u00f3n y Transferencia en Riego y\u00a0Agroclimatolog\u00eda\u00a0(CITRA).<\/span><\/a><span class=\"x_ContentPasted0\" lang=\"ES\"><a href=\"https:\/\/www.chillanonline.cl\/V7\/2023\/12\/29\/pronostican-temperaturas-historicas-record-para-ciudades-y-el-secano-costero\/\">\u00a0<\/a><br class=\"x_ContentPasted0\" aria-hidden=\"true\" \/><\/span><\/p><p>\u00a0<\/p><p><b><span class=\"x_ContentPasted0\" lang=\"ES-MX\">G5 NOTICIAS<br class=\"x_ContentPasted0\" aria-hidden=\"true\" \/><\/span><\/b><a href=\"https:\/\/g5noticias.cl\/2023\/12\/30\/pronostican-temperaturas-historicas-record-para-ciudades-y-el-secano-costero\/\"><span class=\"x_ContentPasted0\" lang=\"ES-MX\">Pronostican temperaturas hist\u00f3ricas r\u00e9cord para ciudades y el secano costero. Se refiere Patricio Gonz\u00e1lez\u00a0Colville,\u00a0agroclimat\u00f3logo\u00a0y acad\u00e9mico del Centro de Investigaci\u00f3n y Transferencia en Riego y\u00a0Agroclimatolog\u00eda\u00a0(CITRA).<\/span><\/a><span class=\"x_ContentPasted0\" lang=\"ES\"><a href=\"https:\/\/g5noticias.cl\/2023\/12\/30\/pronostican-temperaturas-historicas-record-para-ciudades-y-el-secano-costero\/\">\u00a0<\/a><br class=\"x_ContentPasted0\" aria-hidden=\"true\" \/><\/span><\/p><p>\u00a0<\/p><p class=\"x_MsoNormal\"><b><span class=\"x_ContentPasted0\" lang=\"ES-MX\">EL ZORRO NORTINO<\/span><\/b><span class=\"x_ContentPasted0\" lang=\"ES-MX\"><br class=\"x_ContentPasted0\" aria-hidden=\"true\" \/><a href=\"https:\/\/www.elzorronortino.cl\/nacional\/preven-que-chile-siga-registrando-intenso-calor-este-verano\/\">Prev\u00e9n que Chile siga registrando intenso calor este verano. Se refiere Patricio Gonz\u00e1lez Colville, agroclimat\u00f3logo y acad\u00e9mico del Centro de Investigaci\u00f3n y Transferencia en Riego y Agroclimatolog\u00eda (CITRA).<\/a><br class=\"x_ContentPasted0\" aria-hidden=\"true\" \/><\/span><\/p><p>\u00a0<\/p><p><b><span class=\"x_ContentPasted0\" lang=\"ES\">LA ESTRELLA DE ARICA\u00a0<\/span><\/b><\/p><p><a href=\"https:\/\/www.litoralpress.cl\/paginaconsultas\/Servicios_NClipSitioWeb\/Get_Imagen_Nota.aspx?LPKey=F6466KJY7ZN3UYTJY4H5HL3DJN5VSRSH4JGO5IWI6MALQUGSNNKGIHJN3MXYAJVCI6UOVFZS6AM2K\"><span class=\"x_ContentPasted0\" lang=\"ES\">Experto advierte verano de calor extremo, sobre todo en el secano costero.<\/span><span class=\"x_ContentPasted0\" lang=\"ES-MX\">\u00a0Se refiere Patricio Gonz\u00e1lez\u00a0Colville,\u00a0agroclimat\u00f3logo\u00a0y acad\u00e9mico del Centro de Investigaci\u00f3n y Transferencia en Riego y\u00a0Agroclimatolog\u00eda\u00a0(CITRA).<\/span><\/a><span class=\"x_ContentPasted0\" lang=\"ES\"><a href=\"https:\/\/www.litoralpress.cl\/paginaconsultas\/Servicios_NClipSitioWeb\/Get_Imagen_Nota.aspx?LPKey=F6466KJY7ZN3UYTJY4H5HL3DJN5VSRSH4JGO5IWI6MALQUGSNNKGIHJN3MXYAJVCI6UOVFZS6AM2K\">\u00a0<\/a><br class=\"x_ContentPasted0\" aria-hidden=\"true\" \/><\/span><span class=\"x_MsoHyperlink\"><span lang=\"EN-US\"><br class=\"x_ContentPasted0\" aria-hidden=\"true\" \/><\/span><\/span><\/p><p><b><span class=\"x_ContentPasted0\" lang=\"ES\">LA ESTRELLA DE CONCEPCI\u00d3N<br class=\"x_ContentPasted0\" aria-hidden=\"true\" \/><\/span><\/b><a href=\"https:\/\/www.litoralpress.cl\/paginaconsultas\/Servicios_NClipSitioWeb\/Get_Imagen_Nota.aspx?LPKey=B5BN6IHPR2ACGSVWDNTI7DQVTYQ3UTYKNYEX4END67OFKOJZ66SIZMDSI6LOV22ACSB7RKK2KODQE\"><span class=\"x_ContentPasted0\" lang=\"ES\">Experto advierte verano de calor extremo, sobre todo en el secano costero.<\/span><span class=\"x_ContentPasted0\" lang=\"ES-MX\">\u00a0Se refiere Patricio Gonz\u00e1lez\u00a0Colville,\u00a0agroclimat\u00f3logo\u00a0y acad\u00e9mico del Centro de Investigaci\u00f3n y Transferencia en Riego y\u00a0Agroclimatolog\u00eda\u00a0(CITRA).<\/span><\/a><span class=\"x_ContentPasted0\" lang=\"ES\"><a href=\"https:\/\/www.litoralpress.cl\/paginaconsultas\/Servicios_NClipSitioWeb\/Get_Imagen_Nota.aspx?LPKey=B5BN6IHPR2ACGSVWDNTI7DQVTYQ3UTYKNYEX4END67OFKOJZ66SIZMDSI6LOV22ACSB7RKK2KODQE\">\u00a0<\/a><br class=\"x_ContentPasted0\" aria-hidden=\"true\" \/><\/span><\/p><p><b><span lang=\"ES\">\u00a0<\/span><\/b><\/p><p><b><span class=\"x_ContentPasted0\" lang=\"ES\">CR\u00d3NICA DIGITAL<br class=\"x_ContentPasted0\" aria-hidden=\"true\" \/><\/span><\/b><a href=\"https:\/\/www.cronicadigital.cl\/2023\/12\/29\/preven-que-chile-siga-registrando-temperaturas-record-este-verano-austral\/\"><span class=\"x_ContentPasted0\" lang=\"ES\">Prev\u00e9n que Chile siga registrando temperaturas r\u00e9cord este verano austral.\u00a0<\/span><span class=\"x_ContentPasted0\" lang=\"ES-MX\">Se refiere Patricio Gonz\u00e1lez\u00a0Colville,\u00a0agroclimat\u00f3logo\u00a0y acad\u00e9mico del Centro de Investigaci\u00f3n y Transferencia en Riego y\u00a0Agroclimatolog\u00eda\u00a0(CITRA).<\/span><span class=\"x_ContentPasted0\" lang=\"ES\">\u00a0<\/span><span lang=\"ES\">\u00a0<\/span><\/a><\/p><p>\u00a0<\/p><p><b><span class=\"x_ContentPasted0\" lang=\"ES\">BIOBIOCHILE.CL<\/span><\/b><span lang=\"ES\"><br class=\"x_ContentPasted0\" aria-hidden=\"true\" \/><\/span><a href=\"https:\/\/www.biobiochile.cl\/biobiotv\/programas\/entrevistas-biobiotv\/2023\/12\/29\/psiconutricionista-confiesa-cuales-son-los-alimentos-que-afectan-el-estado-de-animo-de-las-personas.shtml\"><span class=\"x_ContentPasted0\" lang=\"ES\">Psiconutricionista confiesa cu\u00e1les son los alimentos que afectan el estado de \u00e1nimo de las personas.\u00a0<\/span><span class=\"x_ContentPasted0\" lang=\"ES-MX\">Se refiere\u00a0<span class=\"x_markikkuuquy2\"><span class=\"x_ContentPasted0\">Alonso<\/span><\/span><\/span><span class=\"x_ContentPasted0\" lang=\"ES-MX\"> Hern\u00e1ndez, acad\u00e9mico de la Escuela de Nutrici\u00f3n y Diet\u00e9tica.\u00a0<\/span><\/a><span class=\"x_MsoHyperlink\"><b><span lang=\"EN-US\"><br class=\"x_ContentPasted0\" aria-hidden=\"true\" \/><\/span><\/b><\/span><\/p><p>\u00a0<\/p><p><b><span class=\"x_ContentPasted0\" lang=\"ES\">S\u00c9PTIMA P\u00c1GINA NOTICIAS<\/span><\/b><span lang=\"ES\"><br class=\"x_ContentPasted0\" aria-hidden=\"true\" \/><a href=\"https:\/\/www.septimapaginanoticias.cl\/economista-estima-que-crecimiento-de-chile-el-2024-sera-relativamente-bajo\">Economista estima que crecimiento de Chile el 2024 ser\u00e1 relativamente bajo. Se refiere Juan Andr\u00e9s Riquelme Won, acad\u00e9mico de la Facultad de Econom\u00eda y Negocios.<\/a><\/span><b><\/b><\/p><p><span class=\"x_MsoHyperlink\"><b><span lang=\"EN-US\"><br class=\"x_ContentPasted0\" aria-hidden=\"true\" \/><\/span><\/b><\/span><b><\/b><b><span class=\"x_ContentPasted0\" lang=\"ES\">DIARIO ESTRATEGIA<br class=\"x_ContentPasted0\" aria-hidden=\"true\" \/><\/span><\/b><span class=\"x_ContentPasted0\" lang=\"ES\"><a href=\"https:\/\/www.diarioestrategia.cl\/texto-diario\/mostrar\/4664764\/30-mil-alumnos-participaron-curso-insercion-laboral-emprendimiento-durante-2023\">M\u00e1s de 30 mil alumnos participaron del curso de inserci\u00f3n laboral y emprendimiento durante 2023. Se menciona la Universidad de Talca.<\/a><br class=\"x_ContentPasted0\" aria-hidden=\"true\" \/><\/span><\/p><p>\u00a0<\/p><p><b><span class=\"x_ContentPasted0\" lang=\"ES\">CANAL MEGA<br class=\"x_ContentPasted0\" aria-hidden=\"true\" \/><\/span><\/b><span class=\"x_ContentPasted0\" lang=\"ES\"><a href=\"https:\/\/www.litoralpress.cl\/sitio\/RadioTV_Detalles.cshtml?LPKey=DWPC7OYGAMJ2BIRZCBWRG3F2RRYOVZ5EDIIDCVF4EVRFMVSGDV62NAMUZVDAHLR2DPYWPBZZKMUQO\">Comienza la carrera presidencial tras el plebiscito.\u00a0<\/a><\/span><span class=\"x_ContentPasted0\" lang=\"ES-MX\"><a href=\"https:\/\/www.litoralpress.cl\/sitio\/RadioTV_Detalles.cshtml?LPKey=DWPC7OYGAMJ2BIRZCBWRG3F2RRYOVZ5EDIIDCVF4EVRFMVSGDV62NAMUZVDAHLR2DPYWPBZZKMUQO\">Se refiere Mauricio Morales, acad\u00e9mico Facultad de Ciencias Jur\u00eddicas y Sociales.\u00a0<\/a><\/span><b><span class=\"x_ContentPasted0\" lang=\"ES-MX\"><br class=\"x_ContentPasted0\" aria-hidden=\"true\" \/><\/span><\/b><b><\/b><\/p><p>\u00a0<\/p><p><b><span class=\"x_ContentPasted0\" lang=\"ES-MX\">CANAL MEGA<\/span><\/b><span class=\"x_ContentPasted0\" lang=\"ES-MX\"><br class=\"x_ContentPasted0\" aria-hidden=\"true\" \/><a href=\"https:\/\/www.litoralpress.cl\/sitio\/RadioTV_Detalles.cshtml?LPKey=YFEIAJ7SQ2K3VVV27GOWWPHFVL2NTSIHLPN2ZJYFN5TK5Q6W5YNEMT7Y5OLGZBJQ63B4AS3NV3SDM\">Gobierno a un a\u00f1o de los indultos: pol\u00e9micas y cuestionamientos. Se refiere Mauricio Morales, acad\u00e9mico Facultad de Ciencias Jur\u00eddicas y Sociales.\u00a0<\/a><\/span><span class=\"x_MsoHyperlink\"><span lang=\"ES-MX\"><br class=\"x_ContentPasted0\" aria-hidden=\"true\" \/><\/span><\/span><b><span lang=\"ES-MX\">\u00a0<\/span><\/b><\/p><p class=\"x_MsoNormal\"><b><span class=\"x_ContentPasted0\" lang=\"EN-US\">CANAL MEGA \u00a0<\/span><\/b><\/p><p class=\"x_MsoNormal\"><a href=\"https:\/\/www.meganoticias.cl\/nacional\/435304-columna-mauricio-morales-encuesta-cadem-boric-el-restaurador-constitucion-carabineros-litio-31-12-2023.html\"><span class=\"x_ContentPasted0\" lang=\"EN-US\">&#8220;Boric, el restaurador&#8221;. Se refiere Mauricio Morales, acad\u00e9mico Facultad de Ciencias Jur\u00eddicas y Sociales.\u00a0<\/span><\/a><span lang=\"EN-US\"><br class=\"x_ContentPasted0\" aria-hidden=\"true\" \/><\/span><\/p><p>\u00a0<\/p><p><b><span class=\"x_ContentPasted0\" lang=\"ES\">CANAL MEGA\u00a0<\/span><\/b><\/p><p><a href=\"https:\/\/www.litoralpress.cl\/sitio\/RadioTV_Detalles.cshtml?LPKey=BIGX6PAUMN2FTR7SWUKPZCAON5S5FFM7ES4GXEEFEUI7Q34VJ55NFEXDXYVJW5EARSZ522WEE2BZ6\"><span class=\"x_ContentPasted0\" lang=\"ES\">SERVEL pide disoluci\u00f3n del partido Comunes. Se refiere Mauricio Morales,<\/span><\/a><span class=\"x_ContentPasted0\" lang=\"ES-MX\"><a href=\"https:\/\/www.litoralpress.cl\/sitio\/RadioTV_Detalles.cshtml?LPKey=BIGX6PAUMN2FTR7SWUKPZCAON5S5FFM7ES4GXEEFEUI7Q34VJ55NFEXDXYVJW5EARSZ522WEE2BZ6\">\u00a0Se refiere Mauricio Morales, acad\u00e9mico Facultad de Ciencias Jur\u00eddicas y Sociales.\u00a0<\/a><br class=\"x_ContentPasted0\" aria-hidden=\"true\" \/><\/span><\/p><p class=\"x_MsoNormal\"><span lang=\"EN-US\">\u00a0<\/span><\/p><p class=\"x_MsoNormal\"><b><span class=\"x_ContentPasted0\" lang=\"ES-MX\">EMOL<\/span><\/b><span lang=\"ES-MX\"><br class=\"x_ContentPasted0\" aria-hidden=\"true\" \/><\/span><a href=\"https:\/\/www.emol.com\/noticias\/Nacional\/2023\/12\/31\/1117304\/balance-gobierno-2023-desafios-2024.html\"><span class=\"x_ContentPasted0\" lang=\"ES-MX\">Expertos analizan c\u00f3mo fue el 2023 del Gobierno y advierten retos para 2024.. Se refiere Mario Herrera, acad\u00e9mico Facultad de Ciencias Jur\u00eddicas y Sociales.<\/span><\/a><span class=\"x_MsoHyperlink\"><b><span lang=\"ES-MX\"><br class=\"x_ContentPasted0\" aria-hidden=\"true\" \/><\/span><\/b><\/span><\/p><p class=\"x_MsoNormal\">\u00a0<\/p><p><b><span class=\"x_ContentPasted0\" lang=\"ES\">PAUTA.CL<br class=\"x_ContentPasted0\" aria-hidden=\"true\" \/><\/span><\/b><a href=\"https:\/\/www.pauta.cl\/ciudad\/2023\/12\/29\/cheaf-app-una-aplicacion-que-llega-desde-mexico-a-chile-a-combatir-el-desperdicio-de-alimentos.html\"><span class=\"x_ContentPasted0\" lang=\"ES\">Cheaf App: una aplicaci\u00f3n que llega desde M\u00e9xico a Chile para combatir el desperdicio de alimentos. Se menciona la Universidad de Talca.<\/span><\/a><span class=\"x_MsoHyperlink\"><span lang=\"ES\"><br class=\"x_ContentPasted0\" aria-hidden=\"true\" \/><\/span><\/span><\/p><p>\u00a0<\/p><p><b><span class=\"x_ContentPasted0\" lang=\"ES\">LA PRENSA DE CURIC\u00d3<\/span><\/b><span lang=\"ES\"><br class=\"x_ContentPasted0\" aria-hidden=\"true\" \/><a href=\"https:\/\/www.litoralpress.cl\/paginaconsultas\/Servicios_NClipSitioWeb\/Get_Imagen_Nota.aspx?LPKey=Z44UNTJNQQAH74BQKKJJ37LKPS6SS33VBPBBH4WFBFUE64UCP6GP6CZJSBQTQUX57GZEFFV76DXFE\">Gerenta de Thinkagro-UTalca recibi\u00f3 premio regional. Se refiere Javier Mu\u00f1oz Vidal, decano de la Facultad de Ingenier\u00eda.<\/a><\/span><span class=\"x_MsoHyperlink\"><b><span lang=\"EN-US\"><br class=\"x_ContentPasted0\" aria-hidden=\"true\" \/><\/span><\/b><\/span><\/p><p><span lang=\"EN-US\">\u00a0<\/span><\/p><p class=\"x_MsoNormal\"><b><span class=\"x_ContentPasted0\" lang=\"ES-MX\">MEDIA BANCO<br class=\"x_ContentPasted0\" aria-hidden=\"true\" \/><\/span><\/b><span class=\"x_ContentPasted0\" lang=\"ES-MX\"><a href=\"https:\/\/www.mediabanco.com\/docentes-del-maule-exploran-nuevas-metodologias-en-campamento-cientifico\/\">Docentes del Maule exploran nuevas metodolog\u00edas en campamento cient\u00edfico.<span class=\"x_ContentPasted0\">\u00a0\u00a0<\/span>Se refiere Leonardo Leottau, director de Explora Maule.<\/a><\/span><\/p><p class=\"x_MsoNormal\">\u00a0<\/p><p class=\"x_MsoNormal\"><b><span class=\"x_ContentPasted0\" lang=\"ES-MX\">TV MAULE<br class=\"x_ContentPasted0\" aria-hidden=\"true\" \/><\/span><\/b><a href=\"https:\/\/www.tvmaule.cl\/juntas-de-vecinos-los-manantiales-y-villa-los-jardines-de-rauquen-contaran-con-renovada-area-verde\/\"><span class=\"x_ContentPasted0\" lang=\"ES-MX\">Docentes del Maule exploran nuevas metodolog\u00edas en campamento cient\u00edfico.<span class=\"x_ContentPasted0\">\u00a0\u00a0<\/span>Se refiere Leonardo Leottau, director de Explora Maule.<\/span><\/a><span class=\"x_MsoHyperlink\"><span lang=\"ES-MX\"><br class=\"x_ContentPasted0\" aria-hidden=\"true\" \/><br \/><\/span><\/span><\/p>\t\t\t\t\t\t<\/div>\n\t\t\t\t<\/div>\n\t\t\t\t\t<\/div>\n\t\t<\/div>\n\t\t\t\t\t\t\t<\/div>\n\t\t<\/section>\n\t\t\t\t\t\t<\/div>\n\t\t\t\t\t<\/div>\n\t\t","protected":false},"excerpt":{"rendered":"<p>AD PRENSACon diversas actividades la UTalca recibir\u00e1 a sus futuros estudiantes universitarios. Se refiere el\u00a0responsable del \u00e1rea de Admisi\u00f3n,\u00a0Carlos\u00a0Contreras\u00a0Gajardo y el profesional de la Direcci\u00f3n de Acceso a la Educaci\u00f3n Superior (DAES).\u00a0 MEDIABANCOCon diversas actividades la UTalca recibir\u00e1 a sus futuros estudiantes universitarios.\u00a0Se refiere el\u00a0responsable del \u00e1rea de Admisi\u00f3n,\u00a0Carlos\u00a0Contreras\u00a0Gajardo y el profesional de la Direcci\u00f3n &hellip;<\/p>\n<p class=\"read-more\"> <a class=\"\" href=\"https:\/\/www.reportedeprensa.utalca.cl\/?p=8935\"> <span class=\"screen-reader-text\">03 de enero de 2024<\/span> Read More &raquo;<\/a><\/p>\n","protected":false},"author":1,"featured_media":0,"comment_status":"closed","ping_status":"open","sticky":false,"template":"","format":"standard","meta":{"_monsterinsights_skip_tracking":false,"_monsterinsights_sitenote_active":false,"_monsterinsights_sitenote_note":"","_monsterinsights_sitenote_category":0},"categories":[44],"tags":[],"_links":{"self":[{"href":"https:\/\/www.reportedeprensa.utalca.cl\/index.php?rest_route=\/wp\/v2\/posts\/8935"}],"collection":[{"href":"https:\/\/www.reportedeprensa.utalca.cl\/index.php?rest_route=\/wp\/v2\/posts"}],"about":[{"href":"https:\/\/www.reportedeprensa.utalca.cl\/index.php?rest_route=\/wp\/v2\/types\/post"}],"author":[{"embeddable":true,"href":"https:\/\/www.reportedeprensa.utalca.cl\/index.php?rest_route=\/wp\/v2\/users\/1"}],"replies":[{"embeddable":true,"href":"https:\/\/www.reportedeprensa.utalca.cl\/index.php?rest_route=%2Fwp%2Fv2%2Fcomments&post=8935"}],"version-history":[{"count":4,"href":"https:\/\/www.reportedeprensa.utalca.cl\/index.php?rest_route=\/wp\/v2\/posts\/8935\/revisions"}],"predecessor-version":[{"id":8939,"href":"https:\/\/www.reportedeprensa.utalca.cl\/index.php?rest_route=\/wp\/v2\/posts\/8935\/revisions\/8939"}],"wp:attachment":[{"href":"https:\/\/www.reportedeprensa.utalca.cl\/index.php?rest_route=%2Fwp%2Fv2%2Fmedia&parent=8935"}],"wp:term":[{"taxonomy":"category","embeddable":true,"href":"https:\/\/www.reportedeprensa.utalca.cl\/index.php?rest_route=%2Fwp%2Fv2%2Fcategories&post=8935"},{"taxonomy":"post_tag","embeddable":true,"href":"https:\/\/www.reportedeprensa.utalca.cl\/index.php?rest_route=%2Fwp%2Fv2%2Ftags&post=8935"}],"curies":[{"name":"wp","href":"https:\/\/api.w.org\/{rel}","templated":true}]}}