{"id":8943,"date":"2024-01-04T15:32:29","date_gmt":"2024-01-04T18:32:29","guid":{"rendered":"https:\/\/www.reportedeprensa.utalca.cl\/?p=8943"},"modified":"2024-01-04T15:42:33","modified_gmt":"2024-01-04T18:42:33","slug":"04-de-enero-de-2024","status":"publish","type":"post","link":"https:\/\/www.reportedeprensa.utalca.cl\/?p=8943","title":{"rendered":"04 de enero de 2024"},"content":{"rendered":"\t\t<div data-elementor-type=\"wp-post\" data-elementor-id=\"8943\" class=\"elementor elementor-8943\" data-elementor-settings=\"[]\">\n\t\t\t\t\t\t\t<div class=\"elementor-section-wrap\">\n\t\t\t\t\t\t\t<section class=\"elementor-section elementor-top-section elementor-element elementor-element-bcea1a8 elementor-section-boxed elementor-section-height-default elementor-section-height-default\" data-id=\"bcea1a8\" data-element_type=\"section\">\n\t\t\t\t\t\t<div class=\"elementor-container elementor-column-gap-default\">\n\t\t\t\t\t<div class=\"elementor-column elementor-col-100 elementor-top-column elementor-element elementor-element-e7183bf\" data-id=\"e7183bf\" data-element_type=\"column\">\n\t\t\t<div class=\"elementor-widget-wrap elementor-element-populated\">\n\t\t\t\t\t\t\t\t<div class=\"elementor-element elementor-element-5ffbb87 elementor-widget elementor-widget-text-editor\" data-id=\"5ffbb87\" data-element_type=\"widget\" data-widget_type=\"text-editor.default\">\n\t\t\t\t<div class=\"elementor-widget-container\">\n\t\t\t\t\t\t\t\t<p class=\"x_MsoNormal\"><b><span class=\"x_ContentPasted0\" lang=\"ES-MX\">DIARIO TALCA<\/span><\/b><span lang=\"ES-MX\"><br class=\"x_ContentPasted0\" aria-hidden=\"true\" \/><\/span><span class=\"x_ContentPasted0\" lang=\"ES-MX\"><a href=\"https:\/\/diariotalca.cl\/pronostican-temperaturas-historicas-record-para-ciudades-y-el-secano-costero\/\">Pronostican temperaturas hist\u00f3ricas r\u00e9cord para ciudades y el secano costero. Se refiere Patricio Gonz\u00e1lez\u00a0Colville,\u00a0agroclimat\u00f3logo\u00a0y acad\u00e9mico del Centro de Investigaci\u00f3n y Transferencia en Riego y\u00a0Agroclimatolog\u00eda\u00a0(CITRA).\u00a0<\/a><br class=\"x_ContentPasted0\" aria-hidden=\"true\" \/><\/span><\/p><p class=\"x_MsoNormal\"><span lang=\"EN-US\">\u00a0<\/span><\/p><p class=\"x_MsoNormal\"><b><span class=\"x_ContentPasted0\" lang=\"ES-MX\">EL MERCURIO<br class=\"x_ContentPasted0\" aria-hidden=\"true\" \/><\/span><\/b><span class=\"x_ContentPasted0\" lang=\"ES-MX\"><a href=\"https:\/\/www.litoralpress.cl\/paginaconsultas\/Servicios_NClipSitioWeb\/Get_Imagen_Nota.aspx?LPKey=WPB3RA2KMM5PUNTFCVB3PXT5YVO5PEXRBXESN36MAAHF3IL3R4KSSTOK2NTW4L5T3KPLXLXOHK73W\">Hoy se conocen los resultados de la PAES e inician las postulaciones. Se menciona la Universidad de Talca.<\/a><br class=\"x_ContentPasted0\" aria-hidden=\"true\" \/><\/span><span class=\"x_MsoHyperlink\"><span lang=\"ES-MX\"><br class=\"x_ContentPasted0\" aria-hidden=\"true\" \/><\/span><\/span><\/p><p class=\"x_MsoNormal\"><b><span class=\"x_ContentPasted0\" lang=\"ES-MX\">TOUR INNOVACI\u00d3N<br class=\"x_ContentPasted0\" aria-hidden=\"true\" \/><\/span><\/b><span class=\"x_ContentPasted0\" lang=\"ES-MX\"><a href=\"https:\/\/www.tourinnovacion.cl\/sustentabilidad\/crean-vivienda-sustentable-con-cascara-de-avellana-y-plastico-reciclado\/\">Crean vivienda social sustentable con c\u00e1scara de avellana y pl\u00e1stico reciclado Se refiere Crist\u00f3bal Montalva\u00a0Weisse, acad\u00e9mico de la Facultad de Ingenier\u00eda.\u00a0<\/a><br class=\"x_ContentPasted0\" aria-hidden=\"true\" \/><\/span><\/p><p>\u00a0<\/p><p class=\"x_MsoNormal\"><b><span class=\"x_ContentPasted0\" lang=\"ES-MX\">ADPRENSA\u00a0<\/span><\/b><\/p><p class=\"x_MsoNormal\"><span class=\"x_ContentPasted0\" lang=\"ES-MX\"><a href=\"https:\/\/www.adprensa.cl\/cronica\/covid-19-estudio-internacional-arrojo-que-el-buen-funcionamiento-de-los-rinones-se-asocia-con-bajo-riesgo-de-enfermar-severamente\/\">COVID-19: estudio internacional arroj\u00f3 que el buen funcionamiento de los ri\u00f1ones se asocia con bajo riesgo de enfermar severamente. Se menciona la Universidad de Talca.<\/a><br class=\"x_ContentPasted0\" aria-hidden=\"true\" \/><\/span><span class=\"x_MsoHyperlink\"><span lang=\"ES-MX\"><br class=\"x_ContentPasted0\" aria-hidden=\"true\" \/><\/span><\/span><\/p><p class=\"x_MsoNormal\"><b><span class=\"x_ContentPasted0\" lang=\"ES-MX\">FRONTERANORTE<br class=\"x_ContentPasted0\" aria-hidden=\"true\" \/><\/span><\/b><span class=\"x_ContentPasted0\" lang=\"ES-MX\"><a href=\"https:\/\/www.fronteranorte.cl\/2024\/01\/02\/covid-19-estudio-internacional-arrojo-que-el-buen-funcionamiento-de-los-rinones-se-asocia-con-bajo-riesgo-de-enfermar-severamente\/\">COVID-19: estudio internacional arroj\u00f3 que el buen funcionamiento de los ri\u00f1ones se asocia con bajo riesgo de enfermar severamente. Se menciona la Universidad de Talca.<\/a><\/span><span class=\"x_MsoHyperlink\"><span lang=\"ES-MX\"><br class=\"x_ContentPasted0\" aria-hidden=\"true\" \/><\/span><\/span><span lang=\"ES-MX\">\u00a0<\/span><\/p><p class=\"x_MsoNormal\"><b><span class=\"x_ContentPasted0\" lang=\"ES-MX\">EL MAULE INFORMA\u00a0<\/span><\/b><\/p><p class=\"x_MsoNormal\"><span class=\"x_ContentPasted0\" lang=\"ES-MX\"><a href=\"https:\/\/elmauleinforma.cl\/covid-19-estudio-internacional-arrojo-que-el-buen-funcionamiento-de-los-rinones-se-asocia-con-bajo-riesgo-de-enfermar-severamente\/\">COVID-19: estudio internacional arroj\u00f3 que el buen funcionamiento de los ri\u00f1ones se asocia con bajo riesgo de enfermar severamente. Se menciona la Universidad de Talca.<\/a><\/span><\/p><p class=\"x_MsoNormal\"><span lang=\"ES-MX\">\u00a0<\/span><\/p><p class=\"x_MsoNormal\"><b><span class=\"x_ContentPasted0\" lang=\"ES-MX\">EL DIARIO DE MAULE<\/span><\/b><span class=\"x_ContentPasted0\" lang=\"ES-MX\"><br class=\"x_ContentPasted0\" aria-hidden=\"true\" \/><a href=\"https:\/\/eldiariodemaule.cl\/covid-19-estudio-internacional-arrojo-buen-funcionamiento-de-los-rinones\/\">COVID-19: estudio internacional arroj\u00f3 que el buen funcionamiento de los ri\u00f1ones se asocia con bajo riesgo de enfermar severamente. Se menciona la Universidad de Talca.<\/a><\/span><\/p><p class=\"x_MsoNormal\"><span class=\"x_ContentPasted0\" lang=\"ES-MX\"><br class=\"x_ContentPasted0\" aria-hidden=\"true\" \/><\/span><b><span class=\"x_ContentPasted0\" lang=\"ES-MX\">RADIO POLAR<br class=\"x_ContentPasted0\" aria-hidden=\"true\" \/><\/span><\/b><a href=\"https:\/\/radiopolar.com\/economista-estima-que-crecimiento-de-chile-el-2024-sera-relativamente-bajo\/\"><span class=\"x_ContentPasted0\" lang=\"ES-MX\">Economista estima que crecimiento de Chile el 2024 ser\u00e1 relativamente bajo.<\/span><span class=\"x_ContentPasted0\" lang=\"ES-MX\">\u00a0Se refiere Juan Andr\u00e9s Riquelme Won<\/span><span class=\"x_ContentPasted0\" lang=\"ES-MX\">, acad\u00e9mico de la Facultad de Econom\u00eda y Negocios.<\/span><\/a><span class=\"x_ContentPasted0\" lang=\"ES\"><a href=\"https:\/\/radiopolar.com\/economista-estima-que-crecimiento-de-chile-el-2024-sera-relativamente-bajo\/\">\u00a0<\/a><br class=\"x_ContentPasted0\" aria-hidden=\"true\" \/><\/span><\/p><p class=\"x_MsoNormal\">\u00a0<\/p><p class=\"x_MsoNormal\"><b><span class=\"x_ContentPasted0\" lang=\"ES-MX\">MEDIABANCO\u00a0<\/span><\/b><\/p><p class=\"x_MsoNormal\"><span class=\"x_ContentPasted0\" lang=\"ES-MX\"><a href=\"https:\/\/www.mediabanco.com\/estudiantes-utalinos-se-certificaron-como-monitores-en-lactancia-materna\/\">Estudiantes utalinos se certificaron como monitores en lactancia materna. Se refiere Glenda Skinner, acad\u00e9mica de la Facultad de Ciencias de la Salud.<\/a><br class=\"x_ContentPasted0\" aria-hidden=\"true\" \/><\/span><span class=\"x_MsoHyperlink\"><span lang=\"EN-US\"><br class=\"x_ContentPasted0\" aria-hidden=\"true\" \/><\/span><\/span><\/p><p class=\"x_MsoNormal\"><b><span class=\"x_ContentPasted0\" lang=\"ES-MX\">PUBLIMICRO<br class=\"x_ContentPasted0\" aria-hidden=\"true\" \/><\/span><\/b><span class=\"x_ContentPasted0\" lang=\"ES-MX\"><a href=\"https:\/\/publimicro.cl\/docentes-del-maule-exploran-nuevas-metodologias-en-campamento-cientifico-explora-va\/\">Docentes del Maule exploran nuevas metodolog\u00edas en campamento cient\u00edfico.<span class=\"x_ContentPasted0\">\u00a0\u00a0<\/span>Se refiere Leonardo Leottau, director de Explora Maule.<\/a><br class=\"x_ContentPasted0\" aria-hidden=\"true\" \/><\/span><span class=\"x_MsoHyperlink\"><span lang=\"ES-MX\"><br class=\"x_ContentPasted0\" aria-hidden=\"true\" \/><\/span><\/span><\/p><p class=\"x_MsoNormal\"><b><span class=\"x_ContentPasted0\" lang=\"ES-MX\">CHILL\u00c1N ONLINE<\/span><\/b><span class=\"x_ContentPasted0\" lang=\"ES-MX\"><br class=\"x_ContentPasted0\" aria-hidden=\"true\" \/><a href=\"https:\/\/www.chillanonline.cl\/V7\/2023\/12\/31\/docentes-del-maule-exploran-nuevas-metodologias-en-campamento-cientifico\/\">Docentes del Maule exploran nuevas metodolog\u00edas en campamento cient\u00edfico.<span class=\"x_ContentPasted0\">\u00a0\u00a0<\/span>Se refiere Leonardo Leottau, director de Explora Maule.<\/a><br class=\"x_ContentPasted0\" aria-hidden=\"true\" \/><\/span><\/p><p>\u00a0<\/p><p class=\"x_MsoNormal\"><b><span class=\"x_ContentPasted0\" lang=\"ES-MX\">RADIO AGRICULTURA<br class=\"x_ContentPasted0\" aria-hidden=\"true\" \/><\/span><\/b><span class=\"x_ContentPasted0\" lang=\"ES-MX\"><a href=\"https:\/\/www.radioagricultura.cl\/nacional\/2024\/01\/01\/cuando-entregan-los-resultados-de-la-paes-todo-lo-que-debes-saber-del-proceso-de-admision-a-las-universidades\/\">\u00bfCu\u00e1ndo entregan los resultados de la PAES? Todo lo que debes saber del proceso de admisi\u00f3n a las universidades. Se menciona la Universidad de Talca.<\/a><br class=\"x_ContentPasted0\" aria-hidden=\"true\" \/><\/span><span class=\"x_MsoHyperlink\"><span lang=\"ES-MX\"><br class=\"x_ContentPasted0\" aria-hidden=\"true\" \/><\/span><\/span><\/p><p class=\"x_MsoNormal\"><b><span class=\"x_ContentPasted0\" lang=\"ES-MX\">REDGOL<\/span><\/b><span class=\"x_ContentPasted0\" lang=\"ES-MX\"><br class=\"x_ContentPasted0\" aria-hidden=\"true\" \/><a href=\"https:\/\/redgol.cl\/tendencias\/proceso-admision-2024-a-que-hora-como-y-donde-postular-a-la-universidad-en-el-demre-20240102-RDG-246594.html\">Proceso Admisi\u00f3n 2024: Conoce d\u00f3nde postular a la universidad en el Demre y los plazos. Se menciona la Universidad de Talca.<\/a><br class=\"x_ContentPasted0\" aria-hidden=\"true\" \/><\/span><span class=\"x_MsoHyperlink\"><span lang=\"ES-MX\"><br class=\"x_ContentPasted0\" aria-hidden=\"true\" \/><\/span><\/span><\/p><p class=\"x_MsoNormal\"><b><span class=\"x_ContentPasted0\" lang=\"ES-MX\">G5 NOTICIAS<\/span><\/b><span lang=\"ES-MX\"><br class=\"x_ContentPasted0\" aria-hidden=\"true\" \/><\/span><a href=\"https:\/\/g5noticias.cl\/2024\/01\/01\/con-diversas-actividades-la-utalca-recibira-a-sus-futuros-estudiantes-universitarios\/\"><span class=\"x_ContentPasted0\" lang=\"ES\">Con diversas actividades la UTalca recibir\u00e1 a sus futuros estudiantes universitarios. Se refiere el\u00a0<\/span><span class=\"x_xcontentpasted0\"><span class=\"x_ContentPasted0\" lang=\"ES-TRAD\">responsable del \u00e1rea de Admisi\u00f3n,\u00a0<\/span><\/span><span class=\"x_mark2sty3nc9e\"><span class=\"x_ContentPasted0\" lang=\"ES-TRAD\">Carlos<\/span><\/span><span class=\"x_xcontentpasted0\"><span class=\"x_ContentPasted0\" lang=\"ES-TRAD\">\u00a0<\/span><\/span><span class=\"x_markl92ota9zz\"><span class=\"x_ContentPasted0\" lang=\"ES-TRAD\">Contreras<\/span><\/span><span class=\"x_xcontentpasted0\"><span class=\"x_ContentPasted0\" lang=\"ES-TRAD\">\u00a0<\/span><\/span><\/a><span class=\"x_markhlg8xg1rk\"><span class=\"x_ContentPasted0\" lang=\"ES-TRAD\"><a href=\"https:\/\/g5noticias.cl\/2024\/01\/01\/con-diversas-actividades-la-utalca-recibira-a-sus-futuros-estudiantes-universitarios\/\">Gajardo y el profesional de la Direcci\u00f3n de Acceso a la Educaci\u00f3n Superior (DAES).<\/a><br class=\"x_ContentPasted0\" aria-hidden=\"true\" \/><\/span><\/span><\/p><p>\u00a0<\/p><p class=\"x_MsoNormal\"><b><span class=\"x_ContentPasted0\" lang=\"ES-MX\">EL MERCURIO<br class=\"x_ContentPasted0\" aria-hidden=\"true\" \/><\/span><\/b><a href=\"https:\/\/www.litoralpress.cl\/paginaconsultas\/Servicios_NClipSitioWeb\/Get_Imagen_Nota.aspx?LPKey=GSJFSMELFPBE37AO6NUNSXJPZIHXFWF5AWYDQOEPHQFHSRPFZD4FZLJ2GQRS76M2OTSXU4PDZWANU\"><span class=\"x_ContentPasted0\" lang=\"ES-MX\">Votantes extranjeros ser\u00e1n casi un tercio en algunas comunas para las municipales 2024.\u00a0<\/span><\/a><span class=\"x_ContentPasted0\" lang=\"ES-MX\"><a href=\"https:\/\/www.litoralpress.cl\/paginaconsultas\/Servicios_NClipSitioWeb\/Get_Imagen_Nota.aspx?LPKey=GSJFSMELFPBE37AO6NUNSXJPZIHXFWF5AWYDQOEPHQFHSRPFZD4FZLJ2GQRS76M2OTSXU4PDZWANU\">Se refiere Mauricio Morales, acad\u00e9mico Facultad de Ciencias Jur\u00eddicas y Sociales.\u00a0<\/a><br class=\"x_ContentPasted0\" aria-hidden=\"true\" \/><\/span><span class=\"x_MsoHyperlink\"><span lang=\"EN-US\"><br class=\"x_ContentPasted0\" aria-hidden=\"true\" \/><\/span><\/span><\/p><p class=\"x_MsoNormal\"><b><span class=\"x_ContentPasted0\" lang=\"ES-MX\">EMOL<\/span><\/b><span class=\"x_ContentPasted0\" lang=\"ES-MX\"><br class=\"x_ContentPasted0\" aria-hidden=\"true\" \/><a href=\"https:\/\/www.emol.com\/noticias\/Nacional\/2024\/01\/02\/1117355\/votantes-extranjeros-elecciones-municipales.html\">Votantes extranjeros ser\u00e1n casi un tercio en algunas comunas para las municipales 2024.\u00a0<\/a><\/span><span class=\"x_ContentPasted0\" lang=\"ES-MX\"><a href=\"https:\/\/www.emol.com\/noticias\/Nacional\/2024\/01\/02\/1117355\/votantes-extranjeros-elecciones-municipales.html\">Se refiere Mauricio Morales, acad\u00e9mico Facultad de Ciencias Jur\u00eddicas y Sociales.\u00a0<\/a><br class=\"x_ContentPasted0\" aria-hidden=\"true\" \/><\/span><\/p><p>\u00a0<\/p><p class=\"x_MsoNormal\"><b><span class=\"x_ContentPasted0\" lang=\"ES-MX\">DIARIO EL CENTRO<br class=\"x_ContentPasted0\" aria-hidden=\"true\" \/><\/span><\/b><a href=\"https:\/\/www.diarioelcentro.cl\/2024\/01\/01\/queda-mucho-por-hacer-por-y-junto-a-las-personas-mayores\/\"><span class=\"x_ContentPasted0\" lang=\"ES-MX\">Queda mucho por hacer por y junto a las personas mayores. Se refiere Iv\u00e1n Palomo, Facultad de Ciencias de la Salud UTalca.<span class=\"x_ContentPasted0\">\u00a0<\/span><\/span><\/a><span class=\"x_MsoHyperlink\"><span lang=\"EN-US\"><br class=\"x_ContentPasted0\" aria-hidden=\"true\" \/><\/span><\/span><\/p><p>\u00a0<\/p><p class=\"x_MsoNormal\"><b><span class=\"x_ContentPasted0\" lang=\"ES-MX\">DIARIO TALCA<\/span><\/b><span class=\"x_ContentPasted0\" lang=\"ES-MX\"><br class=\"x_ContentPasted0\" aria-hidden=\"true\" \/><a href=\"https:\/\/diariotalca.cl\/de-dulce-y-de-agraz-por-rodrigo-biel-melgarejo\/\">De dulce y agraz. Se refiere\u00a0<span class=\"x_markgj5xhog8m\"><span class=\"x_ContentPasted0\">Rodrigo<\/span><\/span>\u00a0<span class=\"x_marktmgo0pi2r\"><span class=\"x_ContentPasted0\">Biel<\/span><\/span>\u00a0<span class=\"x_markh6wv1zy6y\"><span class=\"x_ContentPasted0\">Melgarejo<\/span><\/span>, acad\u00e9mico de la Facultad de Ciencias Jur\u00eddicas y Sociales.\u00a0<\/a><br class=\"x_ContentPasted0\" aria-hidden=\"true\" \/><\/span><span class=\"x_MsoHyperlink\"><span lang=\"EN-US\"><br class=\"x_ContentPasted0\" aria-hidden=\"true\" \/><\/span><\/span><\/p><p class=\"x_MsoNormal\"><b><span class=\"x_ContentPasted0\" lang=\"ES-MX\">LAS \u00daLTIMAS NOTICIAS<\/span><\/b><span class=\"x_ContentPasted0\" lang=\"ES-MX\"><br class=\"x_ContentPasted0\" aria-hidden=\"true\" \/><a href=\"https:\/\/www.litoralpress.cl\/paginaconsultas\/Servicios_NClipSitioWeb\/Get_Imagen_Nota.aspx?LPKey=EHC6SRUTBWYC7QK752MZRHZXAENCDUY4Z7FWFM57OYURZDJEWWRXOSZUTVIJSEACCZPMHONRDWUUO\">Ingenier\u00eda comercial: sueldos y empleabilidad seg\u00fan universidad. Se menciona la Universidad de Talca.<\/a><\/span><span class=\"x_MsoHyperlink\"><span lang=\"ES-MX\"><br class=\"x_ContentPasted0\" aria-hidden=\"true\" \/><\/span><\/span><span lang=\"ES-MX\">\u00a0<\/span><\/p><p class=\"x_MsoNormal\"><b><span class=\"x_ContentPasted0\" lang=\"ES-MX\">NINA FM<\/span><\/b><span class=\"x_ContentPasted0\" lang=\"ES-MX\"><br class=\"x_ContentPasted0\" aria-hidden=\"true\" \/><a href=\"https:\/\/ninafm.cl\/2024\/01\/02\/proceso-admision-2024-a-que-hora-como-y-donde-postular-a-la-universidad-en-el-demre\/\">Proceso Admisi\u00f3n 2024: a qu\u00e9 hora, c\u00f3mo y d\u00f3nde postular a la universidad en el. Se menciona la Universidad de Talca.<\/a><br class=\"x_ContentPasted0\" aria-hidden=\"true\" \/><\/span><\/p><p>\u00a0<\/p><p class=\"x_MsoNormal\"><b><span class=\"x_ContentPasted0\" lang=\"ES-MX\">RADIO AGRICULTURA<br class=\"x_ContentPasted0\" aria-hidden=\"true\" \/><\/span><\/b><span class=\"x_ContentPasted0\" lang=\"ES-MX\"><a href=\"https:\/\/www.radioagricultura.cl\/dato-practico\/2024\/01\/02\/paes-2023-este-martes-se-conocen-los-puntajes-e-inicia-el-periodo-de-postulaciones-a-las-universidades\/\">PAES 2023: Este martes se conocen los puntajes e inicia el periodo de postulaciones a las universidades. Se menciona la Universidad de Talca.<\/a><br class=\"x_ContentPasted0\" aria-hidden=\"true\" \/><\/span><span class=\"x_MsoHyperlink\"><span lang=\"ES-MX\"><br class=\"x_ContentPasted0\" aria-hidden=\"true\" \/><\/span><\/span><\/p><p class=\"x_MsoNormal\"><b><span class=\"x_ContentPasted0\" lang=\"ES-MX\">DIARIO LA PRENSA CURIC\u00d3<\/span><\/b><span class=\"x_ContentPasted0\" lang=\"ES-MX\"><br class=\"x_ContentPasted0\" aria-hidden=\"true\" \/><a href=\"https:\/\/new.diariolaprensa.cl\/index.php\/2024\/01\/02\/homenaje-en-vida-al-maestro-patricio-cobos\/\">Homenaje en vida al maestro Patricio Cobos.\u00a0<\/a><\/span><a href=\"https:\/\/new.diariolaprensa.cl\/index.php\/2024\/01\/02\/homenaje-en-vida-al-maestro-patricio-cobos\/\"><span class=\"x_ContentPasted0\" lang=\"ES-MX\">Se menciona a\u00a0<span class=\"x_marknwssnihv4 x_ContentPasted0\">Patricio<\/span>\u00a0<span class=\"x_mark6w078mh4x x_ContentPasted0\">Cobos<\/span>, docente Escuela de M\u00fasica. \u00a0<\/span><\/a><span class=\"x_ContentPasted0\" lang=\"ES-MX\"><a href=\"https:\/\/new.diariolaprensa.cl\/index.php\/2024\/01\/02\/homenaje-en-vida-al-maestro-patricio-cobos\/\">\u00a0<\/a><br class=\"x_ContentPasted0\" aria-hidden=\"true\" \/><\/span><\/p>\t\t\t\t\t\t<\/div>\n\t\t\t\t<\/div>\n\t\t\t\t\t<\/div>\n\t\t<\/div>\n\t\t\t\t\t\t\t<\/div>\n\t\t<\/section>\n\t\t\t\t\t\t<\/div>\n\t\t\t\t\t<\/div>\n\t\t","protected":false},"excerpt":{"rendered":"<p>DIARIO TALCAPronostican temperaturas hist\u00f3ricas r\u00e9cord para ciudades y el secano costero. Se refiere Patricio Gonz\u00e1lez\u00a0Colville,\u00a0agroclimat\u00f3logo\u00a0y acad\u00e9mico del Centro de Investigaci\u00f3n y Transferencia en Riego y\u00a0Agroclimatolog\u00eda\u00a0(CITRA).\u00a0 \u00a0 EL MERCURIOHoy se conocen los resultados de la PAES e inician las postulaciones. Se menciona la Universidad de Talca. TOUR INNOVACI\u00d3NCrean vivienda social sustentable con c\u00e1scara de avellana y &hellip;<\/p>\n<p class=\"read-more\"> <a class=\"\" href=\"https:\/\/www.reportedeprensa.utalca.cl\/?p=8943\"> <span class=\"screen-reader-text\">04 de enero de 2024<\/span> Read More &raquo;<\/a><\/p>\n","protected":false},"author":1,"featured_media":0,"comment_status":"closed","ping_status":"open","sticky":false,"template":"","format":"standard","meta":{"_monsterinsights_skip_tracking":false,"_monsterinsights_sitenote_active":false,"_monsterinsights_sitenote_note":"","_monsterinsights_sitenote_category":0},"categories":[44],"tags":[],"_links":{"self":[{"href":"https:\/\/www.reportedeprensa.utalca.cl\/index.php?rest_route=\/wp\/v2\/posts\/8943"}],"collection":[{"href":"https:\/\/www.reportedeprensa.utalca.cl\/index.php?rest_route=\/wp\/v2\/posts"}],"about":[{"href":"https:\/\/www.reportedeprensa.utalca.cl\/index.php?rest_route=\/wp\/v2\/types\/post"}],"author":[{"embeddable":true,"href":"https:\/\/www.reportedeprensa.utalca.cl\/index.php?rest_route=\/wp\/v2\/users\/1"}],"replies":[{"embeddable":true,"href":"https:\/\/www.reportedeprensa.utalca.cl\/index.php?rest_route=%2Fwp%2Fv2%2Fcomments&post=8943"}],"version-history":[{"count":4,"href":"https:\/\/www.reportedeprensa.utalca.cl\/index.php?rest_route=\/wp\/v2\/posts\/8943\/revisions"}],"predecessor-version":[{"id":8947,"href":"https:\/\/www.reportedeprensa.utalca.cl\/index.php?rest_route=\/wp\/v2\/posts\/8943\/revisions\/8947"}],"wp:attachment":[{"href":"https:\/\/www.reportedeprensa.utalca.cl\/index.php?rest_route=%2Fwp%2Fv2%2Fmedia&parent=8943"}],"wp:term":[{"taxonomy":"category","embeddable":true,"href":"https:\/\/www.reportedeprensa.utalca.cl\/index.php?rest_route=%2Fwp%2Fv2%2Fcategories&post=8943"},{"taxonomy":"post_tag","embeddable":true,"href":"https:\/\/www.reportedeprensa.utalca.cl\/index.php?rest_route=%2Fwp%2Fv2%2Ftags&post=8943"}],"curies":[{"name":"wp","href":"https:\/\/api.w.org\/{rel}","templated":true}]}}